{"id":33020,"date":"2026-02-17T08:10:10","date_gmt":"2026-02-17T07:10:10","guid":{"rendered":"https:\/\/veritasinfo.org\/?p=33020"},"modified":"2026-02-17T08:10:10","modified_gmt":"2026-02-17T07:10:10","slug":"18-vjet-shtet","status":"publish","type":"post","link":"https:\/\/veritasinfo.org\/?p=33020","title":{"rendered":"18 vjet shtet"},"content":{"rendered":"<p>Prishtin\u00eb 17 Shkurt 2026 08:08<\/p>\n<p>Shpallja e Pavar\u00ebsis\u00eb s\u00eb Kosov\u00ebs \u00ebsht\u00eb b\u00ebr\u00eb m\u00eb 17 shkurt t\u00eb vitit 2008 n\u00eb ora 15:39 n\u00eb Kuvendin e Republik\u00ebs s\u00eb Kosov\u00ebs n\u00eb Prishtin\u00eb. N\u00eb nj\u00eb mbledhje t\u00eb<br \/>\njasht\u00ebzakonshme ku merrnin pjes\u00eb 109 nga gjithsej 120 deputet\u00eb, Kuvendi i Kosov\u00ebs nj\u00ebz\u00ebri shpalli Kosov\u00ebn shtet t\u00eb pavarur, sovran dhe demokratik.<\/p>\n<p>Ligjshm\u00ebria e Shpalljes s\u00eb Pavar\u00ebsis\u00eb s\u00eb Kosov\u00ebs p\u00ebr nj\u00eb koh\u00eb ka qen\u00eb tem\u00eb e diskutueshme. Serbia duke kund\u00ebrshtuar Deklarat\u00ebn e Pavar\u00ebsis\u00eb s\u00eb Kosov\u00ebs k\u00ebrkonte vler\u00ebsimin e vlefshm\u00ebris\u00eb nd\u00ebrkomb\u00ebtare dhe mb\u00ebshtetje p\u00ebr pozicionin e saj, gjoja se Deklarata e Pavar\u00ebsis\u00eb s\u00eb Kosov\u00ebs ishte e paligjshme.<\/p>\n<p>N\u00eb vazhd\u00ebn e k\u00ebsaj ecurie, n\u00eb tetor t\u00eb vitit 2008, Serbia k\u00ebrkoi nj\u00eb opinion k\u00ebshillues nga Gjykata Nd\u00ebrkomb\u00ebtare e Drejt\u00ebsis\u00eb. M\u00eb 22 korrik t\u00eb vitit 2010, Gjykata<\/p>\n<p>Nd\u00ebrkomb\u00ebtare e Drejt\u00ebsis\u00eb p\u00ebrmes nj\u00eb Vendimi K\u00ebshill\u00ebdh\u00ebn\u00ebs rikonfirmoi se Deklarata e Pavar\u00ebsis\u00eb s\u00eb Kosov\u00ebs nuk ka shkelur asnj\u00eb nen t\u00eb Ligjit Nd\u00ebrkomb\u00ebtar.<\/p>\n<p>Shpallja e Pavar\u00ebsis\u00eb s\u00eb Kosov\u00ebs m\u00eb 17 shkurt 2008, ishte kuror\u00ebzim i nj\u00eb rrug\u00ebtimi t\u00eb gjat\u00eb e t\u00eb v\u00ebshtir\u00eb p\u00ebr qytetar\u00ebt e Kosov\u00ebs. P\u00ebr vite me radh\u00eb qytetar\u00ebt e<\/p>\n<p>Kosov\u00ebs vuajt\u00ebn pasojat e spastrimit etnik nga regjimi serb i Sllobodan Millosheviqit, gj\u00eb e cila rezultoi m\u00eb nj\u00eb Luft\u00eb \u00c7lirimtare (1997-99). Pas p\u00ebrfundimit t\u00eb Luft\u00ebs<\/p>\n<p>\u00c7lirimtare t\u00eb Kosov\u00ebs u b\u00eb edhe vendosja e trupave paqeruajt\u00ebse nd\u00ebrkomb\u00ebtare n\u00eb Kosov\u00eb.<\/p>\n<p>Prej 13 qershorit t\u00eb vitit 1999, kur forcat serbe u detyruan t\u00eb largoheshin nga Kosova, ky vend administrohej nga Misioni i Organizat\u00ebs s\u00eb Kombeve t\u00eb Bashkuara \u2013 UNMIK dhe Institucionet Vet\u00ebqeveris\u00ebse t\u00eb Kosov\u00ebs: Kuvendi, Presidenti dhe Qeveria.<\/p>\n<p>Edhe pse Serbia nuk kishte kontroll mbi Kosov\u00ebn, n\u00eb rezolut\u00ebn 12 44 t\u00eb K\u00ebshillit t\u00eb Sigurimit, disa her\u00eb p\u00ebrmendej se Kosova \u00ebsht\u00eb protektorat i OKB-s\u00eb, por juridikisht pjes\u00eb e Republik\u00ebs Federale t\u00eb Jugosllavis\u00eb.<\/p>\n<p>N\u00eb n\u00ebntor t\u00eb vitit 2005 nisi zyrtarisht procesi p\u00ebr statusin p\u00ebrfundimtar t\u00eb Kosov\u00ebs. Pas konsultimeve gjith\u00ebp\u00ebrfshir\u00ebse, m\u00eb 2 shkurt t\u00eb vitit 2007 i d\u00ebrguari special nd\u00ebrkomb\u00ebtar p\u00ebr statusin e Kosov\u00ebs, Martti Ahtisaari, dor\u00ebzoi propozimin e tij n\u00eb Prishtin\u00eb dhe Beograd, p\u00ebr pavar\u00ebsin\u00eb e kusht\u00ebzuar t\u00eb Kosov\u00ebs, hap q\u00eb \u00e7oi drejt krijimit t\u00eb shtetit te pavarur. Pasi u mbajt\u00ebn disa raunde bisedimesh, Kosova u shpall e pavarur m\u00eb 17 shkurt t\u00eb vitit 2008.<\/p>\n<p>Shpallja e Pavar\u00ebsis\u00eb s\u00eb Kosov\u00ebs ishte b\u00ebr\u00eb nga kryeministri i at\u00ebhersh\u00ebm i Kosov\u00ebs, Hashim Tha\u00e7i, deputet\u00ebt e Kuvendit t\u00eb Kosov\u00ebs, dhe Presidenti i Kosov\u00ebs, n\u00eb mbledhjen e mbajtur n\u00eb Prishtin\u00eb, m\u00eb 17 shkurt t\u00eb vitit 2008.<\/p>\n<p>\u201cNe, udh\u00ebheq\u00ebsit e popullit ton\u00eb, t\u00eb zgjedhur n\u00eb m\u00ebnyr\u00eb demokratike, n\u00ebp\u00ebrmjet k\u00ebsaj Deklarate shpallim Kosov\u00ebn shtet t\u00eb pavarur dhe sovran. Kjo shpallje pasqyron vullnetin e popullit ton\u00eb dhe \u00ebsht\u00eb n\u00eb pajtueshm\u00ebri t\u00eb plot\u00eb me rekomandimet e t\u00eb D\u00ebrguarit Special t\u00eb Kombeve t\u00eb Bashkuara, Martti Ahtisaari, dhe Propozimin e tij Gjith\u00ebp\u00ebrfshir\u00ebs p\u00ebr Zgjidhjen e Statusit t\u00eb Kosov\u00ebs\u201d, thuhej n\u00eb deklarat\u00ebn e n\u00ebnshkruar nga deputet\u00ebt pjes\u00ebmarr\u00ebs.<\/p>\n<p>Deklarata e Pavar\u00ebsis\u00eb s\u00eb Kosov\u00ebs u miratua n\u00eb m\u00ebnyr\u00eb unanime prej 109 deputet\u00ebsh t\u00eb pranish\u00ebm n\u00eb sall\u00ebn e Kuvendit t\u00eb Kosov\u00ebs. Nj\u00ebmb\u00ebdhjet\u00eb deputet\u00eb p\u00ebrfaq\u00ebsues t\u00eb pakic\u00ebs serbe bojkotuan procedur\u00ebn e votimit. N\u00ebnt\u00eb p\u00ebrfaq\u00ebsues t\u00eb pakicave tjera etnike ishin pjes\u00eb e kuorumit.<\/p>\n","protected":false},"excerpt":{"rendered":"<p>Prishtin\u00eb 17 Shkurt 2026 08:08 Shpallja e Pavar\u00ebsis\u00eb s\u00eb Kosov\u00ebs \u00ebsht\u00eb b\u00ebr\u00eb m\u00eb 17 shkurt t\u00eb vitit 2008 n\u00eb ora 15:39 n\u00eb Kuvendin e Republik\u00ebs<\/p>\n","protected":false},"author":6,"featured_media":33021,"comment_status":"open","ping_status":"open","sticky":false,"template":"","format":"standard","meta":{"footnotes":""},"categories":[60],"tags":[],"class_list":["post-33020","post","type-post","status-publish","format-standard","has-post-thumbnail","hentry","category-shoqerore-sq"],"yoast_head":"<!-- This site is optimized with the Yoast SEO plugin v25.3.1 - https:\/\/yoast.com\/wordpress\/plugins\/seo\/ -->\n<title>18 vjet shtet -<\/title>\n<meta name=\"robots\" content=\"index, follow, max-snippet:-1, max-image-preview:large, max-video-preview:-1\" \/>\n<link rel=\"canonical\" href=\"https:\/\/veritasinfo.org\/?p=33020\" \/>\n<meta property=\"og:locale\" content=\"en_US\" \/>\n<meta property=\"og:type\" content=\"article\" \/>\n<meta property=\"og:title\" content=\"18 vjet shtet -\" \/>\n<meta property=\"og:description\" content=\"Prishtin\u00eb 17 Shkurt 2026 08:08 Shpallja e Pavar\u00ebsis\u00eb s\u00eb Kosov\u00ebs \u00ebsht\u00eb b\u00ebr\u00eb m\u00eb 17 shkurt t\u00eb vitit 2008 n\u00eb ora 15:39 n\u00eb Kuvendin e Republik\u00ebs\" \/>\n<meta property=\"og:url\" content=\"https:\/\/veritasinfo.org\/?p=33020\" \/>\n<meta property=\"article:published_time\" content=\"2026-02-17T07:10:10+00:00\" \/>\n<meta property=\"og:image\" content=\"https:\/\/veritasinfo.org\/wp-content\/uploads\/2026\/02\/IMG-20260217-WA0000.jpg\" \/>\n\t<meta property=\"og:image:width\" content=\"750\" \/>\n\t<meta property=\"og:image:height\" content=\"375\" \/>\n\t<meta property=\"og:image:type\" content=\"image\/jpeg\" \/>\n<meta name=\"author\" content=\"US5\" \/>\n<meta name=\"twitter:card\" content=\"summary_large_image\" \/>\n<meta name=\"twitter:label1\" content=\"Written by\" \/>\n\t<meta name=\"twitter:data1\" content=\"US5\" \/>\n\t<meta name=\"twitter:label2\" content=\"Est. reading time\" \/>\n\t<meta name=\"twitter:data2\" content=\"1 minute\" \/>\n<script type=\"application\/ld+json\" class=\"yoast-schema-graph\">{\"@context\":\"https:\/\/schema.org\",\"@graph\":[{\"@type\":\"WebPage\",\"@id\":\"https:\/\/veritasinfo.org\/?p=33020\",\"url\":\"https:\/\/veritasinfo.org\/?p=33020\",\"name\":\"18 vjet shtet -\",\"isPartOf\":{\"@id\":\"https:\/\/veritasinfo.org\/#website\"},\"primaryImageOfPage\":{\"@id\":\"https:\/\/veritasinfo.org\/?p=33020#primaryimage\"},\"image\":{\"@id\":\"https:\/\/veritasinfo.org\/?p=33020#primaryimage\"},\"thumbnailUrl\":\"https:\/\/veritasinfo.org\/wp-content\/uploads\/2026\/02\/IMG-20260217-WA0000.jpg\",\"datePublished\":\"2026-02-17T07:10:10+00:00\",\"author\":{\"@id\":\"https:\/\/veritasinfo.org\/#\/schema\/person\/bc442336e35414d04494ab8fb45db4c6\"},\"breadcrumb\":{\"@id\":\"https:\/\/veritasinfo.org\/?p=33020#breadcrumb\"},\"inLanguage\":\"en-US\",\"potentialAction\":[{\"@type\":\"ReadAction\",\"target\":[\"https:\/\/veritasinfo.org\/?p=33020\"]}]},{\"@type\":\"ImageObject\",\"inLanguage\":\"en-US\",\"@id\":\"https:\/\/veritasinfo.org\/?p=33020#primaryimage\",\"url\":\"https:\/\/veritasinfo.org\/wp-content\/uploads\/2026\/02\/IMG-20260217-WA0000.jpg\",\"contentUrl\":\"https:\/\/veritasinfo.org\/wp-content\/uploads\/2026\/02\/IMG-20260217-WA0000.jpg\",\"width\":750,\"height\":375},{\"@type\":\"BreadcrumbList\",\"@id\":\"https:\/\/veritasinfo.org\/?p=33020#breadcrumb\",\"itemListElement\":[{\"@type\":\"ListItem\",\"position\":1,\"name\":\"Home\",\"item\":\"https:\/\/veritasinfo.org\/\"},{\"@type\":\"ListItem\",\"position\":2,\"name\":\"18 vjet shtet\"}]},{\"@type\":\"WebSite\",\"@id\":\"https:\/\/veritasinfo.org\/#website\",\"url\":\"https:\/\/veritasinfo.org\/\",\"name\":\"\",\"description\":\"\",\"potentialAction\":[{\"@type\":\"SearchAction\",\"target\":{\"@type\":\"EntryPoint\",\"urlTemplate\":\"https:\/\/veritasinfo.org\/?s={search_term_string}\"},\"query-input\":{\"@type\":\"PropertyValueSpecification\",\"valueRequired\":true,\"valueName\":\"search_term_string\"}}],\"inLanguage\":\"en-US\"},{\"@type\":\"Person\",\"@id\":\"https:\/\/veritasinfo.org\/#\/schema\/person\/bc442336e35414d04494ab8fb45db4c6\",\"name\":\"US5\",\"image\":{\"@type\":\"ImageObject\",\"inLanguage\":\"en-US\",\"@id\":\"https:\/\/veritasinfo.org\/#\/schema\/person\/image\/\",\"url\":\"https:\/\/secure.gravatar.com\/avatar\/16a61e7272a0c5d001121ebb9e60e925d5816e4ac1e443ed3e640d9a6ae55d0c?s=96&d=mm&r=g\",\"contentUrl\":\"https:\/\/secure.gravatar.com\/avatar\/16a61e7272a0c5d001121ebb9e60e925d5816e4ac1e443ed3e640d9a6ae55d0c?s=96&d=mm&r=g\",\"caption\":\"US5\"},\"url\":\"https:\/\/veritasinfo.org\/?author=6\"}]}<\/script>\n<!-- \/ Yoast SEO plugin. -->","yoast_head_json":{"title":"18 vjet shtet -","robots":{"index":"index","follow":"follow","max-snippet":"max-snippet:-1","max-image-preview":"max-image-preview:large","max-video-preview":"max-video-preview:-1"},"canonical":"https:\/\/veritasinfo.org\/?p=33020","og_locale":"en_US","og_type":"article","og_title":"18 vjet shtet -","og_description":"Prishtin\u00eb 17 Shkurt 2026 08:08 Shpallja e Pavar\u00ebsis\u00eb s\u00eb Kosov\u00ebs \u00ebsht\u00eb b\u00ebr\u00eb m\u00eb 17 shkurt t\u00eb vitit 2008 n\u00eb ora 15:39 n\u00eb Kuvendin e Republik\u00ebs","og_url":"https:\/\/veritasinfo.org\/?p=33020","article_published_time":"2026-02-17T07:10:10+00:00","og_image":[{"width":750,"height":375,"url":"https:\/\/veritasinfo.org\/wp-content\/uploads\/2026\/02\/IMG-20260217-WA0000.jpg","type":"image\/jpeg"}],"author":"US5","twitter_card":"summary_large_image","twitter_misc":{"Written by":"US5","Est. reading time":"1 minute"},"schema":{"@context":"https:\/\/schema.org","@graph":[{"@type":"WebPage","@id":"https:\/\/veritasinfo.org\/?p=33020","url":"https:\/\/veritasinfo.org\/?p=33020","name":"18 vjet shtet -","isPartOf":{"@id":"https:\/\/veritasinfo.org\/#website"},"primaryImageOfPage":{"@id":"https:\/\/veritasinfo.org\/?p=33020#primaryimage"},"image":{"@id":"https:\/\/veritasinfo.org\/?p=33020#primaryimage"},"thumbnailUrl":"https:\/\/veritasinfo.org\/wp-content\/uploads\/2026\/02\/IMG-20260217-WA0000.jpg","datePublished":"2026-02-17T07:10:10+00:00","author":{"@id":"https:\/\/veritasinfo.org\/#\/schema\/person\/bc442336e35414d04494ab8fb45db4c6"},"breadcrumb":{"@id":"https:\/\/veritasinfo.org\/?p=33020#breadcrumb"},"inLanguage":"en-US","potentialAction":[{"@type":"ReadAction","target":["https:\/\/veritasinfo.org\/?p=33020"]}]},{"@type":"ImageObject","inLanguage":"en-US","@id":"https:\/\/veritasinfo.org\/?p=33020#primaryimage","url":"https:\/\/veritasinfo.org\/wp-content\/uploads\/2026\/02\/IMG-20260217-WA0000.jpg","contentUrl":"https:\/\/veritasinfo.org\/wp-content\/uploads\/2026\/02\/IMG-20260217-WA0000.jpg","width":750,"height":375},{"@type":"BreadcrumbList","@id":"https:\/\/veritasinfo.org\/?p=33020#breadcrumb","itemListElement":[{"@type":"ListItem","position":1,"name":"Home","item":"https:\/\/veritasinfo.org\/"},{"@type":"ListItem","position":2,"name":"18 vjet shtet"}]},{"@type":"WebSite","@id":"https:\/\/veritasinfo.org\/#website","url":"https:\/\/veritasinfo.org\/","name":"","description":"","potentialAction":[{"@type":"SearchAction","target":{"@type":"EntryPoint","urlTemplate":"https:\/\/veritasinfo.org\/?s={search_term_string}"},"query-input":{"@type":"PropertyValueSpecification","valueRequired":true,"valueName":"search_term_string"}}],"inLanguage":"en-US"},{"@type":"Person","@id":"https:\/\/veritasinfo.org\/#\/schema\/person\/bc442336e35414d04494ab8fb45db4c6","name":"US5","image":{"@type":"ImageObject","inLanguage":"en-US","@id":"https:\/\/veritasinfo.org\/#\/schema\/person\/image\/","url":"https:\/\/secure.gravatar.com\/avatar\/16a61e7272a0c5d001121ebb9e60e925d5816e4ac1e443ed3e640d9a6ae55d0c?s=96&d=mm&r=g","contentUrl":"https:\/\/secure.gravatar.com\/avatar\/16a61e7272a0c5d001121ebb9e60e925d5816e4ac1e443ed3e640d9a6ae55d0c?s=96&d=mm&r=g","caption":"US5"},"url":"https:\/\/veritasinfo.org\/?author=6"}]}},"featured_image_urls":{"full":["https:\/\/veritasinfo.org\/wp-content\/uploads\/2026\/02\/IMG-20260217-WA0000.jpg",750,375,false],"thumbnail":["https:\/\/veritasinfo.org\/wp-content\/uploads\/2026\/02\/IMG-20260217-WA0000-150x150.jpg",150,150,true],"medium":["https:\/\/veritasinfo.org\/wp-content\/uploads\/2026\/02\/IMG-20260217-WA0000-300x150.jpg",300,150,true],"medium_large":["https:\/\/veritasinfo.org\/wp-content\/uploads\/2026\/02\/IMG-20260217-WA0000.jpg",640,320,false],"large":["https:\/\/veritasinfo.org\/wp-content\/uploads\/2026\/02\/IMG-20260217-WA0000.jpg",640,320,false],"1536x1536":["https:\/\/veritasinfo.org\/wp-content\/uploads\/2026\/02\/IMG-20260217-WA0000.jpg",750,375,false],"2048x2048":["https:\/\/veritasinfo.org\/wp-content\/uploads\/2026\/02\/IMG-20260217-WA0000.jpg",750,375,false],"kreeti-slider-full":["https:\/\/veritasinfo.org\/wp-content\/uploads\/2026\/02\/IMG-20260217-WA0000.jpg",750,375,false],"kreeti-featured":["https:\/\/veritasinfo.org\/wp-content\/uploads\/2026\/02\/IMG-20260217-WA0000.jpg",750,375,false],"kreeti-medium":["https:\/\/veritasinfo.org\/wp-content\/uploads\/2026\/02\/IMG-20260217-WA0000.jpg",720,360,false],"kreeti-medium-square":["https:\/\/veritasinfo.org\/wp-content\/uploads\/2026\/02\/IMG-20260217-WA0000.jpg",350,175,false]},"author_info":{"info":["US5"]},"category_info":"<a href=\"https:\/\/veritasinfo.org\/?cat=60\" rel=\"category\">Shoq\u00ebrore<\/a>","tag_info":"Shoq\u00ebrore","comment_count":"0","_links":{"self":[{"href":"https:\/\/veritasinfo.org\/index.php?rest_route=\/wp\/v2\/posts\/33020","targetHints":{"allow":["GET"]}}],"collection":[{"href":"https:\/\/veritasinfo.org\/index.php?rest_route=\/wp\/v2\/posts"}],"about":[{"href":"https:\/\/veritasinfo.org\/index.php?rest_route=\/wp\/v2\/types\/post"}],"author":[{"embeddable":true,"href":"https:\/\/veritasinfo.org\/index.php?rest_route=\/wp\/v2\/users\/6"}],"replies":[{"embeddable":true,"href":"https:\/\/veritasinfo.org\/index.php?rest_route=%2Fwp%2Fv2%2Fcomments&post=33020"}],"version-history":[{"count":1,"href":"https:\/\/veritasinfo.org\/index.php?rest_route=\/wp\/v2\/posts\/33020\/revisions"}],"predecessor-version":[{"id":33022,"href":"https:\/\/veritasinfo.org\/index.php?rest_route=\/wp\/v2\/posts\/33020\/revisions\/33022"}],"wp:featuredmedia":[{"embeddable":true,"href":"https:\/\/veritasinfo.org\/index.php?rest_route=\/wp\/v2\/media\/33021"}],"wp:attachment":[{"href":"https:\/\/veritasinfo.org\/index.php?rest_route=%2Fwp%2Fv2%2Fmedia&parent=33020"}],"wp:term":[{"taxonomy":"category","embeddable":true,"href":"https:\/\/veritasinfo.org\/index.php?rest_route=%2Fwp%2Fv2%2Fcategories&post=33020"},{"taxonomy":"post_tag","embeddable":true,"href":"https:\/\/veritasinfo.org\/index.php?rest_route=%2Fwp%2Fv2%2Ftags&post=33020"}],"curies":[{"name":"wp","href":"https:\/\/api.w.org\/{rel}","templated":true}]}}