{"id":33014,"date":"2026-02-17T07:58:20","date_gmt":"2026-02-17T06:58:20","guid":{"rendered":"https:\/\/veritasinfo.org\/?p=33014"},"modified":"2026-02-17T07:59:19","modified_gmt":"2026-02-17T06:59:19","slug":"urime-18-vjetori-i-pavaresise-se-kosoves","status":"publish","type":"post","link":"https:\/\/veritasinfo.org\/?p=33014","title":{"rendered":"URIME 18-VJETORI I PAVAR\u00cbSIS\u00cb S\u00cb KOSOV\u00cbS!"},"content":{"rendered":"<p>Prishtin\u00eb, 17 shkurt 2026 07:56<\/p>\n<p>Sot sh\u00ebnojm\u00eb 18 vjet nga dita historike kur Kosova shpalli pavar\u00ebsin\u00eb e saj, duke hapur nj\u00eb kapitull t\u00eb ri p\u00ebr shtetin dhe qytetar\u00ebt e saj.<\/p>\n<p>M\u00eb 17 shkurt 2008, n\u00eb Prishtin\u00eb, u vulos vullneti i popullit p\u00ebr liri, sovranitet dhe nd\u00ebrtim t\u00eb nj\u00eb shteti demokratik, t\u00eb barabart\u00eb p\u00ebr t\u00eb gjith\u00eb.<\/p>\n<p>N\u00eb k\u00ebt\u00eb p\u00ebrvjetor, kujtojm\u00eb me mir\u00ebnjohje sakrific\u00ebn e t\u00eb gjith\u00eb atyre q\u00eb kontribuuan p\u00ebr lirin\u00eb dhe pavar\u00ebsin\u00eb, si dhe riafirmojm\u00eb p\u00ebrkushtimin p\u00ebr zhvillim, paqe dhe perspektiv\u00eb evropiane.<\/p>\n<p>G\u00ebzuar 18-vjetorin e Pavar\u00ebsis\u00eb!<\/p>\n","protected":false},"excerpt":{"rendered":"<p>Prishtin\u00eb, 17 shkurt 2026 07:56 Sot sh\u00ebnojm\u00eb 18 vjet nga dita historike kur Kosova shpalli pavar\u00ebsin\u00eb e saj, duke hapur nj\u00eb kapitull t\u00eb ri p\u00ebr<\/p>\n","protected":false},"author":7,"featured_media":33015,"comment_status":"open","ping_status":"open","sticky":false,"template":"","format":"standard","meta":{"footnotes":""},"categories":[60],"tags":[],"class_list":["post-33014","post","type-post","status-publish","format-standard","has-post-thumbnail","hentry","category-shoqerore-sq"],"yoast_head":"<!-- This site is optimized with the Yoast SEO plugin v25.3.1 - https:\/\/yoast.com\/wordpress\/plugins\/seo\/ -->\n<title>URIME 18-VJETORI I PAVAR\u00cbSIS\u00cb S\u00cb KOSOV\u00cbS! -<\/title>\n<meta name=\"robots\" content=\"index, follow, max-snippet:-1, max-image-preview:large, max-video-preview:-1\" \/>\n<link rel=\"canonical\" href=\"https:\/\/veritasinfo.org\/?p=33014\" \/>\n<meta property=\"og:locale\" content=\"en_US\" \/>\n<meta property=\"og:type\" content=\"article\" \/>\n<meta property=\"og:title\" content=\"URIME 18-VJETORI I PAVAR\u00cbSIS\u00cb S\u00cb KOSOV\u00cbS! -\" \/>\n<meta property=\"og:description\" content=\"Prishtin\u00eb, 17 shkurt 2026 07:56 Sot sh\u00ebnojm\u00eb 18 vjet nga dita historike kur Kosova shpalli pavar\u00ebsin\u00eb e saj, duke hapur nj\u00eb kapitull t\u00eb ri p\u00ebr\" \/>\n<meta property=\"og:url\" content=\"https:\/\/veritasinfo.org\/?p=33014\" \/>\n<meta property=\"article:published_time\" content=\"2026-02-17T06:58:20+00:00\" \/>\n<meta property=\"article:modified_time\" content=\"2026-02-17T06:59:19+00:00\" \/>\n<meta property=\"og:image\" content=\"https:\/\/veritasinfo.org\/wp-content\/uploads\/2026\/02\/FB_IMG_1771311303766.jpg\" \/>\n\t<meta property=\"og:image:width\" content=\"960\" \/>\n\t<meta property=\"og:image:height\" content=\"584\" \/>\n\t<meta property=\"og:image:type\" content=\"image\/jpeg\" \/>\n<meta name=\"author\" content=\"US6\" \/>\n<meta name=\"twitter:card\" content=\"summary_large_image\" \/>\n<meta name=\"twitter:label1\" content=\"Written by\" \/>\n\t<meta name=\"twitter:data1\" content=\"US6\" \/>\n\t<meta name=\"twitter:label2\" content=\"Est. reading time\" \/>\n\t<meta name=\"twitter:data2\" content=\"1 minute\" \/>\n<script type=\"application\/ld+json\" class=\"yoast-schema-graph\">{\"@context\":\"https:\/\/schema.org\",\"@graph\":[{\"@type\":\"WebPage\",\"@id\":\"https:\/\/veritasinfo.org\/?p=33014\",\"url\":\"https:\/\/veritasinfo.org\/?p=33014\",\"name\":\"URIME 18-VJETORI I PAVAR\u00cbSIS\u00cb S\u00cb KOSOV\u00cbS! -\",\"isPartOf\":{\"@id\":\"https:\/\/veritasinfo.org\/#website\"},\"primaryImageOfPage\":{\"@id\":\"https:\/\/veritasinfo.org\/?p=33014#primaryimage\"},\"image\":{\"@id\":\"https:\/\/veritasinfo.org\/?p=33014#primaryimage\"},\"thumbnailUrl\":\"https:\/\/veritasinfo.org\/wp-content\/uploads\/2026\/02\/FB_IMG_1771311303766.jpg\",\"datePublished\":\"2026-02-17T06:58:20+00:00\",\"dateModified\":\"2026-02-17T06:59:19+00:00\",\"author\":{\"@id\":\"https:\/\/veritasinfo.org\/#\/schema\/person\/fe199eede04c3937362892b7444747cc\"},\"breadcrumb\":{\"@id\":\"https:\/\/veritasinfo.org\/?p=33014#breadcrumb\"},\"inLanguage\":\"en-US\",\"potentialAction\":[{\"@type\":\"ReadAction\",\"target\":[\"https:\/\/veritasinfo.org\/?p=33014\"]}]},{\"@type\":\"ImageObject\",\"inLanguage\":\"en-US\",\"@id\":\"https:\/\/veritasinfo.org\/?p=33014#primaryimage\",\"url\":\"https:\/\/veritasinfo.org\/wp-content\/uploads\/2026\/02\/FB_IMG_1771311303766.jpg\",\"contentUrl\":\"https:\/\/veritasinfo.org\/wp-content\/uploads\/2026\/02\/FB_IMG_1771311303766.jpg\",\"width\":960,\"height\":584},{\"@type\":\"BreadcrumbList\",\"@id\":\"https:\/\/veritasinfo.org\/?p=33014#breadcrumb\",\"itemListElement\":[{\"@type\":\"ListItem\",\"position\":1,\"name\":\"Home\",\"item\":\"https:\/\/veritasinfo.org\/\"},{\"@type\":\"ListItem\",\"position\":2,\"name\":\"URIME 18-VJETORI I PAVAR\u00cbSIS\u00cb S\u00cb KOSOV\u00cbS!\"}]},{\"@type\":\"WebSite\",\"@id\":\"https:\/\/veritasinfo.org\/#website\",\"url\":\"https:\/\/veritasinfo.org\/\",\"name\":\"\",\"description\":\"\",\"potentialAction\":[{\"@type\":\"SearchAction\",\"target\":{\"@type\":\"EntryPoint\",\"urlTemplate\":\"https:\/\/veritasinfo.org\/?s={search_term_string}\"},\"query-input\":{\"@type\":\"PropertyValueSpecification\",\"valueRequired\":true,\"valueName\":\"search_term_string\"}}],\"inLanguage\":\"en-US\"},{\"@type\":\"Person\",\"@id\":\"https:\/\/veritasinfo.org\/#\/schema\/person\/fe199eede04c3937362892b7444747cc\",\"name\":\"US6\",\"image\":{\"@type\":\"ImageObject\",\"inLanguage\":\"en-US\",\"@id\":\"https:\/\/veritasinfo.org\/#\/schema\/person\/image\/\",\"url\":\"https:\/\/secure.gravatar.com\/avatar\/cb16c3c31c9d23b9b8c705964598220b3014e42ff51eb540ff23cefa3ae8c15f?s=96&d=mm&r=g\",\"contentUrl\":\"https:\/\/secure.gravatar.com\/avatar\/cb16c3c31c9d23b9b8c705964598220b3014e42ff51eb540ff23cefa3ae8c15f?s=96&d=mm&r=g\",\"caption\":\"US6\"},\"url\":\"https:\/\/veritasinfo.org\/?author=7\"}]}<\/script>\n<!-- \/ Yoast SEO plugin. -->","yoast_head_json":{"title":"URIME 18-VJETORI I PAVAR\u00cbSIS\u00cb S\u00cb KOSOV\u00cbS! -","robots":{"index":"index","follow":"follow","max-snippet":"max-snippet:-1","max-image-preview":"max-image-preview:large","max-video-preview":"max-video-preview:-1"},"canonical":"https:\/\/veritasinfo.org\/?p=33014","og_locale":"en_US","og_type":"article","og_title":"URIME 18-VJETORI I PAVAR\u00cbSIS\u00cb S\u00cb KOSOV\u00cbS! -","og_description":"Prishtin\u00eb, 17 shkurt 2026 07:56 Sot sh\u00ebnojm\u00eb 18 vjet nga dita historike kur Kosova shpalli pavar\u00ebsin\u00eb e saj, duke hapur nj\u00eb kapitull t\u00eb ri p\u00ebr","og_url":"https:\/\/veritasinfo.org\/?p=33014","article_published_time":"2026-02-17T06:58:20+00:00","article_modified_time":"2026-02-17T06:59:19+00:00","og_image":[{"width":960,"height":584,"url":"https:\/\/veritasinfo.org\/wp-content\/uploads\/2026\/02\/FB_IMG_1771311303766.jpg","type":"image\/jpeg"}],"author":"US6","twitter_card":"summary_large_image","twitter_misc":{"Written by":"US6","Est. reading time":"1 minute"},"schema":{"@context":"https:\/\/schema.org","@graph":[{"@type":"WebPage","@id":"https:\/\/veritasinfo.org\/?p=33014","url":"https:\/\/veritasinfo.org\/?p=33014","name":"URIME 18-VJETORI I PAVAR\u00cbSIS\u00cb S\u00cb KOSOV\u00cbS! -","isPartOf":{"@id":"https:\/\/veritasinfo.org\/#website"},"primaryImageOfPage":{"@id":"https:\/\/veritasinfo.org\/?p=33014#primaryimage"},"image":{"@id":"https:\/\/veritasinfo.org\/?p=33014#primaryimage"},"thumbnailUrl":"https:\/\/veritasinfo.org\/wp-content\/uploads\/2026\/02\/FB_IMG_1771311303766.jpg","datePublished":"2026-02-17T06:58:20+00:00","dateModified":"2026-02-17T06:59:19+00:00","author":{"@id":"https:\/\/veritasinfo.org\/#\/schema\/person\/fe199eede04c3937362892b7444747cc"},"breadcrumb":{"@id":"https:\/\/veritasinfo.org\/?p=33014#breadcrumb"},"inLanguage":"en-US","potentialAction":[{"@type":"ReadAction","target":["https:\/\/veritasinfo.org\/?p=33014"]}]},{"@type":"ImageObject","inLanguage":"en-US","@id":"https:\/\/veritasinfo.org\/?p=33014#primaryimage","url":"https:\/\/veritasinfo.org\/wp-content\/uploads\/2026\/02\/FB_IMG_1771311303766.jpg","contentUrl":"https:\/\/veritasinfo.org\/wp-content\/uploads\/2026\/02\/FB_IMG_1771311303766.jpg","width":960,"height":584},{"@type":"BreadcrumbList","@id":"https:\/\/veritasinfo.org\/?p=33014#breadcrumb","itemListElement":[{"@type":"ListItem","position":1,"name":"Home","item":"https:\/\/veritasinfo.org\/"},{"@type":"ListItem","position":2,"name":"URIME 18-VJETORI I PAVAR\u00cbSIS\u00cb S\u00cb KOSOV\u00cbS!"}]},{"@type":"WebSite","@id":"https:\/\/veritasinfo.org\/#website","url":"https:\/\/veritasinfo.org\/","name":"","description":"","potentialAction":[{"@type":"SearchAction","target":{"@type":"EntryPoint","urlTemplate":"https:\/\/veritasinfo.org\/?s={search_term_string}"},"query-input":{"@type":"PropertyValueSpecification","valueRequired":true,"valueName":"search_term_string"}}],"inLanguage":"en-US"},{"@type":"Person","@id":"https:\/\/veritasinfo.org\/#\/schema\/person\/fe199eede04c3937362892b7444747cc","name":"US6","image":{"@type":"ImageObject","inLanguage":"en-US","@id":"https:\/\/veritasinfo.org\/#\/schema\/person\/image\/","url":"https:\/\/secure.gravatar.com\/avatar\/cb16c3c31c9d23b9b8c705964598220b3014e42ff51eb540ff23cefa3ae8c15f?s=96&d=mm&r=g","contentUrl":"https:\/\/secure.gravatar.com\/avatar\/cb16c3c31c9d23b9b8c705964598220b3014e42ff51eb540ff23cefa3ae8c15f?s=96&d=mm&r=g","caption":"US6"},"url":"https:\/\/veritasinfo.org\/?author=7"}]}},"featured_image_urls":{"full":["https:\/\/veritasinfo.org\/wp-content\/uploads\/2026\/02\/FB_IMG_1771311303766.jpg",960,584,false],"thumbnail":["https:\/\/veritasinfo.org\/wp-content\/uploads\/2026\/02\/FB_IMG_1771311303766-150x150.jpg",150,150,true],"medium":["https:\/\/veritasinfo.org\/wp-content\/uploads\/2026\/02\/FB_IMG_1771311303766-300x183.jpg",300,183,true],"medium_large":["https:\/\/veritasinfo.org\/wp-content\/uploads\/2026\/02\/FB_IMG_1771311303766-768x467.jpg",640,389,true],"large":["https:\/\/veritasinfo.org\/wp-content\/uploads\/2026\/02\/FB_IMG_1771311303766.jpg",640,389,false],"1536x1536":["https:\/\/veritasinfo.org\/wp-content\/uploads\/2026\/02\/FB_IMG_1771311303766.jpg",960,584,false],"2048x2048":["https:\/\/veritasinfo.org\/wp-content\/uploads\/2026\/02\/FB_IMG_1771311303766.jpg",960,584,false],"kreeti-slider-full":["https:\/\/veritasinfo.org\/wp-content\/uploads\/2026\/02\/FB_IMG_1771311303766.jpg",960,584,false],"kreeti-featured":["https:\/\/veritasinfo.org\/wp-content\/uploads\/2026\/02\/FB_IMG_1771311303766.jpg",960,584,false],"kreeti-medium":["https:\/\/veritasinfo.org\/wp-content\/uploads\/2026\/02\/FB_IMG_1771311303766.jpg",720,438,false],"kreeti-medium-square":["https:\/\/veritasinfo.org\/wp-content\/uploads\/2026\/02\/FB_IMG_1771311303766.jpg",350,213,false]},"author_info":{"info":["US6"]},"category_info":"<a href=\"https:\/\/veritasinfo.org\/?cat=60\" rel=\"category\">Shoq\u00ebrore<\/a>","tag_info":"Shoq\u00ebrore","comment_count":"0","_links":{"self":[{"href":"https:\/\/veritasinfo.org\/index.php?rest_route=\/wp\/v2\/posts\/33014","targetHints":{"allow":["GET"]}}],"collection":[{"href":"https:\/\/veritasinfo.org\/index.php?rest_route=\/wp\/v2\/posts"}],"about":[{"href":"https:\/\/veritasinfo.org\/index.php?rest_route=\/wp\/v2\/types\/post"}],"author":[{"embeddable":true,"href":"https:\/\/veritasinfo.org\/index.php?rest_route=\/wp\/v2\/users\/7"}],"replies":[{"embeddable":true,"href":"https:\/\/veritasinfo.org\/index.php?rest_route=%2Fwp%2Fv2%2Fcomments&post=33014"}],"version-history":[{"count":2,"href":"https:\/\/veritasinfo.org\/index.php?rest_route=\/wp\/v2\/posts\/33014\/revisions"}],"predecessor-version":[{"id":33017,"href":"https:\/\/veritasinfo.org\/index.php?rest_route=\/wp\/v2\/posts\/33014\/revisions\/33017"}],"wp:featuredmedia":[{"embeddable":true,"href":"https:\/\/veritasinfo.org\/index.php?rest_route=\/wp\/v2\/media\/33015"}],"wp:attachment":[{"href":"https:\/\/veritasinfo.org\/index.php?rest_route=%2Fwp%2Fv2%2Fmedia&parent=33014"}],"wp:term":[{"taxonomy":"category","embeddable":true,"href":"https:\/\/veritasinfo.org\/index.php?rest_route=%2Fwp%2Fv2%2Fcategories&post=33014"},{"taxonomy":"post_tag","embeddable":true,"href":"https:\/\/veritasinfo.org\/index.php?rest_route=%2Fwp%2Fv2%2Ftags&post=33014"}],"curies":[{"name":"wp","href":"https:\/\/api.w.org\/{rel}","templated":true}]}}