{"id":33003,"date":"2026-02-16T20:48:27","date_gmt":"2026-02-16T19:48:27","guid":{"rendered":"https:\/\/veritasinfo.org\/?p=33003"},"modified":"2026-02-16T20:48:27","modified_gmt":"2026-02-16T19:48:27","slug":"new-bornit-i-vendosen-rrethojat-e-burgut-te-speciales","status":"publish","type":"post","link":"https:\/\/veritasinfo.org\/?p=33003","title":{"rendered":"New Bornit i vendosen \u201crrethojat\u201d e burgut t\u00eb Speciales"},"content":{"rendered":"<p>Prishtin\u00eb, 16 shkurt 2026 20:48<\/p>\n<p style=\"font-weight: 400;\">Monumentit \u201cNew Born\u201d q\u00eb simbolizon 17 shkurtin, shpalljen e pavar\u00ebsis\u00eb s\u00eb Kosov\u00ebs, aktivist\u00ebt e platform\u00ebs \u201cLiria ka em\u00ebr\u201d, i kan\u00eb vendosur rrethoja hekuri t\u00eb cilat aludojn\u00eb n\u00eb burgun e Gjykat\u00ebs Speciale.<\/p>\n<p style=\"font-weight: 400;\">Aktivist\u00ebt e platform\u00ebs \u201cLiria ka em\u00ebr\u201d, e kan\u00eb rrethuar simbolikisht k\u00ebt\u00eb monument me rrethoja t\u00eb hekurit, duke e kthyer k\u00ebt\u00eb ikon\u00eb t\u00eb liris\u00eb dhe pavar\u00ebsis\u00eb son\u00eb n\u00eb nj\u00eb imazh burgu. N\u00eb k\u00ebto rrethoja \u00ebsht\u00eb vendosur edhe tabela me logon e Dhomave t\u00eb Specializuara, me mbishkrimin: Kosova e burgosur!<\/p>\n<p style=\"font-weight: 400;\">Eliza Hoxha nga organizata \u201cLiria ka em\u00ebr\u201d, ka th\u00ebn\u00eb se ky reagim qytetar \u00ebsht\u00eb ndaj nj\u00eb padrejt\u00ebsie q\u00eb e konsiderojn\u00eb historike dhe prek themelet e shtetit ton\u00eb.<\/p>\n<p style=\"font-weight: 400;\">New Borni simboli i 17 shkurtit dhe i lindjes s\u00eb Republik\u00ebs son\u00eb, si\u00e7 ka th\u00ebn\u00eb ajo, po burgoset simbolikisht p\u00ebr t\u00eb pasqyruar ndjenj\u00ebn e padrejt\u00ebsis\u00eb q\u00eb qytetar\u00ebt dhe Kosova po e p\u00ebrjetojn\u00eb p\u00ebrball\u00eb proceseve gjyq\u00ebsore q\u00eb po zhvillohen n\u00eb Dhomat e Specializuara t\u00eb Kosov\u00ebs n\u00eb Hag\u00eb.<\/p>\n<p>\u201cSi t\u00eb paraburgosur n\u00eb Hag\u00eb, q\u00eb pes\u00eb vjet po mbahet Hashim Tha\u00e7i, ish-presidenti dhe kryeministri q\u00eb lexoi Deklarat\u00ebn e Pavar\u00ebsis\u00eb s\u00eb Kosov\u00ebs dhe udh\u00ebhoqi procesin e shtetnd\u00ebrtimit, po mbahen ish-kryeparlamentar\u00ebt Jakup Krasniqi dhe Kadri Veseli, si dhe ish-deputeti Rexhep Selimi, figurat ky\u00e7e t\u00eb rezistenc\u00ebs, liris\u00eb dhe pavar\u00ebsis\u00eb s\u00eb shtetit t\u00eb Kosov\u00ebs\u201d, \u00ebsht\u00eb th\u00ebn\u00eb mes tjerash n\u00eb njoftimin e k\u00ebtij aksioni simbolik.<\/p>\n","protected":false},"excerpt":{"rendered":"<p>Prishtin\u00eb, 16 shkurt 2026 20:48 Monumentit \u201cNew Born\u201d q\u00eb simbolizon 17 shkurtin, shpalljen e pavar\u00ebsis\u00eb s\u00eb Kosov\u00ebs, aktivist\u00ebt e platform\u00ebs \u201cLiria ka em\u00ebr\u201d, i kan\u00eb<\/p>\n","protected":false},"author":7,"featured_media":33004,"comment_status":"open","ping_status":"open","sticky":false,"template":"","format":"standard","meta":{"footnotes":""},"categories":[60],"tags":[],"class_list":["post-33003","post","type-post","status-publish","format-standard","has-post-thumbnail","hentry","category-shoqerore-sq"],"yoast_head":"<!-- This site is optimized with the Yoast SEO plugin v25.3.1 - https:\/\/yoast.com\/wordpress\/plugins\/seo\/ -->\n<title>New Bornit i vendosen \u201crrethojat\u201d e burgut t\u00eb Speciales -<\/title>\n<meta name=\"robots\" content=\"index, follow, max-snippet:-1, max-image-preview:large, max-video-preview:-1\" \/>\n<link rel=\"canonical\" href=\"https:\/\/veritasinfo.org\/?p=33003\" \/>\n<meta property=\"og:locale\" content=\"en_US\" \/>\n<meta property=\"og:type\" content=\"article\" \/>\n<meta property=\"og:title\" content=\"New Bornit i vendosen \u201crrethojat\u201d e burgut t\u00eb Speciales -\" \/>\n<meta property=\"og:description\" content=\"Prishtin\u00eb, 16 shkurt 2026 20:48 Monumentit \u201cNew Born\u201d q\u00eb simbolizon 17 shkurtin, shpalljen e pavar\u00ebsis\u00eb s\u00eb Kosov\u00ebs, aktivist\u00ebt e platform\u00ebs \u201cLiria ka em\u00ebr\u201d, i kan\u00eb\" \/>\n<meta property=\"og:url\" content=\"https:\/\/veritasinfo.org\/?p=33003\" \/>\n<meta property=\"article:published_time\" content=\"2026-02-16T19:48:27+00:00\" \/>\n<meta property=\"og:image\" content=\"https:\/\/veritasinfo.org\/wp-content\/uploads\/2026\/02\/1-70.jpg\" \/>\n\t<meta property=\"og:image:width\" content=\"1600\" \/>\n\t<meta property=\"og:image:height\" content=\"1066\" \/>\n\t<meta property=\"og:image:type\" content=\"image\/jpeg\" \/>\n<meta name=\"author\" content=\"US6\" \/>\n<meta name=\"twitter:card\" content=\"summary_large_image\" \/>\n<meta name=\"twitter:label1\" content=\"Written by\" \/>\n\t<meta name=\"twitter:data1\" content=\"US6\" \/>\n\t<meta name=\"twitter:label2\" content=\"Est. reading time\" \/>\n\t<meta name=\"twitter:data2\" content=\"2 minutes\" \/>\n<script type=\"application\/ld+json\" class=\"yoast-schema-graph\">{\"@context\":\"https:\/\/schema.org\",\"@graph\":[{\"@type\":\"WebPage\",\"@id\":\"https:\/\/veritasinfo.org\/?p=33003\",\"url\":\"https:\/\/veritasinfo.org\/?p=33003\",\"name\":\"New Bornit i vendosen \u201crrethojat\u201d e burgut t\u00eb Speciales -\",\"isPartOf\":{\"@id\":\"https:\/\/veritasinfo.org\/#website\"},\"primaryImageOfPage\":{\"@id\":\"https:\/\/veritasinfo.org\/?p=33003#primaryimage\"},\"image\":{\"@id\":\"https:\/\/veritasinfo.org\/?p=33003#primaryimage\"},\"thumbnailUrl\":\"https:\/\/veritasinfo.org\/wp-content\/uploads\/2026\/02\/1-70.jpg\",\"datePublished\":\"2026-02-16T19:48:27+00:00\",\"author\":{\"@id\":\"https:\/\/veritasinfo.org\/#\/schema\/person\/fe199eede04c3937362892b7444747cc\"},\"breadcrumb\":{\"@id\":\"https:\/\/veritasinfo.org\/?p=33003#breadcrumb\"},\"inLanguage\":\"en-US\",\"potentialAction\":[{\"@type\":\"ReadAction\",\"target\":[\"https:\/\/veritasinfo.org\/?p=33003\"]}]},{\"@type\":\"ImageObject\",\"inLanguage\":\"en-US\",\"@id\":\"https:\/\/veritasinfo.org\/?p=33003#primaryimage\",\"url\":\"https:\/\/veritasinfo.org\/wp-content\/uploads\/2026\/02\/1-70.jpg\",\"contentUrl\":\"https:\/\/veritasinfo.org\/wp-content\/uploads\/2026\/02\/1-70.jpg\",\"width\":1600,\"height\":1066},{\"@type\":\"BreadcrumbList\",\"@id\":\"https:\/\/veritasinfo.org\/?p=33003#breadcrumb\",\"itemListElement\":[{\"@type\":\"ListItem\",\"position\":1,\"name\":\"Home\",\"item\":\"https:\/\/veritasinfo.org\/\"},{\"@type\":\"ListItem\",\"position\":2,\"name\":\"New Bornit i vendosen \u201crrethojat\u201d e burgut t\u00eb Speciales\"}]},{\"@type\":\"WebSite\",\"@id\":\"https:\/\/veritasinfo.org\/#website\",\"url\":\"https:\/\/veritasinfo.org\/\",\"name\":\"\",\"description\":\"\",\"potentialAction\":[{\"@type\":\"SearchAction\",\"target\":{\"@type\":\"EntryPoint\",\"urlTemplate\":\"https:\/\/veritasinfo.org\/?s={search_term_string}\"},\"query-input\":{\"@type\":\"PropertyValueSpecification\",\"valueRequired\":true,\"valueName\":\"search_term_string\"}}],\"inLanguage\":\"en-US\"},{\"@type\":\"Person\",\"@id\":\"https:\/\/veritasinfo.org\/#\/schema\/person\/fe199eede04c3937362892b7444747cc\",\"name\":\"US6\",\"image\":{\"@type\":\"ImageObject\",\"inLanguage\":\"en-US\",\"@id\":\"https:\/\/veritasinfo.org\/#\/schema\/person\/image\/\",\"url\":\"https:\/\/secure.gravatar.com\/avatar\/cb16c3c31c9d23b9b8c705964598220b3014e42ff51eb540ff23cefa3ae8c15f?s=96&d=mm&r=g\",\"contentUrl\":\"https:\/\/secure.gravatar.com\/avatar\/cb16c3c31c9d23b9b8c705964598220b3014e42ff51eb540ff23cefa3ae8c15f?s=96&d=mm&r=g\",\"caption\":\"US6\"},\"url\":\"https:\/\/veritasinfo.org\/?author=7\"}]}<\/script>\n<!-- \/ Yoast SEO plugin. -->","yoast_head_json":{"title":"New Bornit i vendosen \u201crrethojat\u201d e burgut t\u00eb Speciales -","robots":{"index":"index","follow":"follow","max-snippet":"max-snippet:-1","max-image-preview":"max-image-preview:large","max-video-preview":"max-video-preview:-1"},"canonical":"https:\/\/veritasinfo.org\/?p=33003","og_locale":"en_US","og_type":"article","og_title":"New Bornit i vendosen \u201crrethojat\u201d e burgut t\u00eb Speciales -","og_description":"Prishtin\u00eb, 16 shkurt 2026 20:48 Monumentit \u201cNew Born\u201d q\u00eb simbolizon 17 shkurtin, shpalljen e pavar\u00ebsis\u00eb s\u00eb Kosov\u00ebs, aktivist\u00ebt e platform\u00ebs \u201cLiria ka em\u00ebr\u201d, i kan\u00eb","og_url":"https:\/\/veritasinfo.org\/?p=33003","article_published_time":"2026-02-16T19:48:27+00:00","og_image":[{"width":1600,"height":1066,"url":"https:\/\/veritasinfo.org\/wp-content\/uploads\/2026\/02\/1-70.jpg","type":"image\/jpeg"}],"author":"US6","twitter_card":"summary_large_image","twitter_misc":{"Written by":"US6","Est. reading time":"2 minutes"},"schema":{"@context":"https:\/\/schema.org","@graph":[{"@type":"WebPage","@id":"https:\/\/veritasinfo.org\/?p=33003","url":"https:\/\/veritasinfo.org\/?p=33003","name":"New Bornit i vendosen \u201crrethojat\u201d e burgut t\u00eb Speciales -","isPartOf":{"@id":"https:\/\/veritasinfo.org\/#website"},"primaryImageOfPage":{"@id":"https:\/\/veritasinfo.org\/?p=33003#primaryimage"},"image":{"@id":"https:\/\/veritasinfo.org\/?p=33003#primaryimage"},"thumbnailUrl":"https:\/\/veritasinfo.org\/wp-content\/uploads\/2026\/02\/1-70.jpg","datePublished":"2026-02-16T19:48:27+00:00","author":{"@id":"https:\/\/veritasinfo.org\/#\/schema\/person\/fe199eede04c3937362892b7444747cc"},"breadcrumb":{"@id":"https:\/\/veritasinfo.org\/?p=33003#breadcrumb"},"inLanguage":"en-US","potentialAction":[{"@type":"ReadAction","target":["https:\/\/veritasinfo.org\/?p=33003"]}]},{"@type":"ImageObject","inLanguage":"en-US","@id":"https:\/\/veritasinfo.org\/?p=33003#primaryimage","url":"https:\/\/veritasinfo.org\/wp-content\/uploads\/2026\/02\/1-70.jpg","contentUrl":"https:\/\/veritasinfo.org\/wp-content\/uploads\/2026\/02\/1-70.jpg","width":1600,"height":1066},{"@type":"BreadcrumbList","@id":"https:\/\/veritasinfo.org\/?p=33003#breadcrumb","itemListElement":[{"@type":"ListItem","position":1,"name":"Home","item":"https:\/\/veritasinfo.org\/"},{"@type":"ListItem","position":2,"name":"New Bornit i vendosen \u201crrethojat\u201d e burgut t\u00eb Speciales"}]},{"@type":"WebSite","@id":"https:\/\/veritasinfo.org\/#website","url":"https:\/\/veritasinfo.org\/","name":"","description":"","potentialAction":[{"@type":"SearchAction","target":{"@type":"EntryPoint","urlTemplate":"https:\/\/veritasinfo.org\/?s={search_term_string}"},"query-input":{"@type":"PropertyValueSpecification","valueRequired":true,"valueName":"search_term_string"}}],"inLanguage":"en-US"},{"@type":"Person","@id":"https:\/\/veritasinfo.org\/#\/schema\/person\/fe199eede04c3937362892b7444747cc","name":"US6","image":{"@type":"ImageObject","inLanguage":"en-US","@id":"https:\/\/veritasinfo.org\/#\/schema\/person\/image\/","url":"https:\/\/secure.gravatar.com\/avatar\/cb16c3c31c9d23b9b8c705964598220b3014e42ff51eb540ff23cefa3ae8c15f?s=96&d=mm&r=g","contentUrl":"https:\/\/secure.gravatar.com\/avatar\/cb16c3c31c9d23b9b8c705964598220b3014e42ff51eb540ff23cefa3ae8c15f?s=96&d=mm&r=g","caption":"US6"},"url":"https:\/\/veritasinfo.org\/?author=7"}]}},"featured_image_urls":{"full":["https:\/\/veritasinfo.org\/wp-content\/uploads\/2026\/02\/1-70.jpg",1600,1066,false],"thumbnail":["https:\/\/veritasinfo.org\/wp-content\/uploads\/2026\/02\/1-70-150x150.jpg",150,150,true],"medium":["https:\/\/veritasinfo.org\/wp-content\/uploads\/2026\/02\/1-70-300x200.jpg",300,200,true],"medium_large":["https:\/\/veritasinfo.org\/wp-content\/uploads\/2026\/02\/1-70-768x512.jpg",640,427,true],"large":["https:\/\/veritasinfo.org\/wp-content\/uploads\/2026\/02\/1-70-1024x682.jpg",640,426,true],"1536x1536":["https:\/\/veritasinfo.org\/wp-content\/uploads\/2026\/02\/1-70-1536x1023.jpg",1536,1023,true],"2048x2048":["https:\/\/veritasinfo.org\/wp-content\/uploads\/2026\/02\/1-70.jpg",1600,1066,false],"kreeti-slider-full":["https:\/\/veritasinfo.org\/wp-content\/uploads\/2026\/02\/1-70.jpg",1081,720,false],"kreeti-featured":["https:\/\/veritasinfo.org\/wp-content\/uploads\/2026\/02\/1-70.jpg",1024,682,false],"kreeti-medium":["https:\/\/veritasinfo.org\/wp-content\/uploads\/2026\/02\/1-70.jpg",720,480,false],"kreeti-medium-square":["https:\/\/veritasinfo.org\/wp-content\/uploads\/2026\/02\/1-70.jpg",350,233,false]},"author_info":{"info":["US6"]},"category_info":"<a href=\"https:\/\/veritasinfo.org\/?cat=60\" rel=\"category\">Shoq\u00ebrore<\/a>","tag_info":"Shoq\u00ebrore","comment_count":"0","_links":{"self":[{"href":"https:\/\/veritasinfo.org\/index.php?rest_route=\/wp\/v2\/posts\/33003","targetHints":{"allow":["GET"]}}],"collection":[{"href":"https:\/\/veritasinfo.org\/index.php?rest_route=\/wp\/v2\/posts"}],"about":[{"href":"https:\/\/veritasinfo.org\/index.php?rest_route=\/wp\/v2\/types\/post"}],"author":[{"embeddable":true,"href":"https:\/\/veritasinfo.org\/index.php?rest_route=\/wp\/v2\/users\/7"}],"replies":[{"embeddable":true,"href":"https:\/\/veritasinfo.org\/index.php?rest_route=%2Fwp%2Fv2%2Fcomments&post=33003"}],"version-history":[{"count":1,"href":"https:\/\/veritasinfo.org\/index.php?rest_route=\/wp\/v2\/posts\/33003\/revisions"}],"predecessor-version":[{"id":33005,"href":"https:\/\/veritasinfo.org\/index.php?rest_route=\/wp\/v2\/posts\/33003\/revisions\/33005"}],"wp:featuredmedia":[{"embeddable":true,"href":"https:\/\/veritasinfo.org\/index.php?rest_route=\/wp\/v2\/media\/33004"}],"wp:attachment":[{"href":"https:\/\/veritasinfo.org\/index.php?rest_route=%2Fwp%2Fv2%2Fmedia&parent=33003"}],"wp:term":[{"taxonomy":"category","embeddable":true,"href":"https:\/\/veritasinfo.org\/index.php?rest_route=%2Fwp%2Fv2%2Fcategories&post=33003"},{"taxonomy":"post_tag","embeddable":true,"href":"https:\/\/veritasinfo.org\/index.php?rest_route=%2Fwp%2Fv2%2Ftags&post=33003"}],"curies":[{"name":"wp","href":"https:\/\/api.w.org\/{rel}","templated":true}]}}