{"id":32997,"date":"2026-02-16T19:34:48","date_gmt":"2026-02-16T18:34:48","guid":{"rendered":"https:\/\/veritasinfo.org\/?p=32997"},"modified":"2026-02-16T19:34:48","modified_gmt":"2026-02-16T18:34:48","slug":"pervjetori-i-18-te-i-pavaresise-ben-bashke-ne-prishtine-lideret-e-kosoves-e-shqiperise","status":"publish","type":"post","link":"https:\/\/veritasinfo.org\/?p=32997","title":{"rendered":"P\u00ebrvjetori i 18-t\u00eb i Pavar\u00ebsis\u00eb b\u00ebn bashk\u00eb n\u00eb Prishtin\u00eb lider\u00ebt e Kosov\u00ebs e Shqip\u00ebris\u00eb"},"content":{"rendered":"<p>Prishtin\u00eb, 16 shkurt 2026 19:32<\/p>\n<p style=\"font-weight: 400;\">Presidenti i Shqip\u00ebris\u00eb, Bajram Begaj, e kryeministri Edi Rama kan\u00eb q\u00ebndruar t\u00eb h\u00ebn\u00ebn n\u00eb Kosov\u00eb, nj\u00eb dit\u00eb para sh\u00ebnimit t\u00eb p\u00ebrvjetorit t\u00eb 18-t\u00eb t\u00eb Pavar\u00ebsis\u00eb. Kryeministri Rama, q\u00eb vizit\u00ebn n\u00eb Prishtin\u00eb e nisi m\u00eb her\u00ebt, u prit nga presidentja Vjosa Osmani e kryeministri Albin Kurti. Mes krer\u00ebve t\u00eb Kosov\u00ebs e Shqip\u00ebris\u00eb u diskutua p\u00ebr marr\u00ebdh\u00ebniet nd\u00ebrshtet\u00ebrore.<\/p>\n<p style=\"font-weight: 400;\">Lider\u00ebt e Kosov\u00ebs e t\u00eb Shqip\u00ebris\u00eb jan\u00eb b\u00ebr\u00eb bashk\u00eb n\u00eb prag t\u00eb sh\u00ebnimit t\u00eb p\u00ebrvjetorit t\u00eb 18-t\u00eb t\u00eb Pavar\u00ebsis\u00eb.<\/p>\n<p>Kryeministri i Shqip\u00ebris\u00eb, Edi Rama, \u00ebsht\u00eb pritur t\u00eb h\u00ebn\u00ebn nga presidentja Vjosa Osmani e kryeministri Albin Kurti.<\/p>\n<p style=\"font-weight: 400;\">Marr\u00ebdh\u00ebniet nd\u00ebrshtet\u00ebrore \u00ebsht\u00eb th\u00ebn\u00eb se kan\u00eb qen\u00eb kryefjala e takimeve t\u00eb lider\u00ebve shtet\u00ebror\u00eb me kryeministrin Rama.<\/p>\n<p style=\"font-weight: 400;\">Sipas njoftimit nga Zyra e Presidentes, n\u00eb takimin Osmani-Rama \u00ebsht\u00eb diskutuar edhe p\u00ebr intensifikimin e bashk\u00ebpunimit n\u00eb politik\u00ebn e jashtme.<\/p>\n<p>\u201cT\u00eb dy lider\u00ebt theksuan r\u00ebnd\u00ebsin\u00eb e koordinimit t\u00eb vazhduesh\u00ebm Kosov\u00eb\u2013Shqip\u00ebri si faktor paqeje dhe stabiliteti n\u00eb rajon, si dhe rolin konstruktiv t\u00eb t\u00eb dyja shteteve n\u00eb nisma nd\u00ebrkomb\u00ebtare q\u00eb promovojn\u00eb paqen dhe bashk\u00ebpunimin. Gjat\u00eb takimit u diskutua edhe p\u00ebr bashk\u00ebpunimin n\u00eb kuad\u00ebr t\u00eb Bordit t\u00eb Paqes, duke u theksuar r\u00ebnd\u00ebsia e angazhimit t\u00eb p\u00ebrbashk\u00ebt n\u00eb iniciativa globale q\u00eb promovojn\u00eb dialogun, sigurin\u00eb dhe vlerat demokratike\u201d, u tha n\u00eb njoftimin e Zyr\u00ebs s\u00eb Presidenc\u00ebs.<\/p>\n<p style=\"font-weight: 400;\">Homologun e tij nga Shqip\u00ebria me ceremoni shtet\u00ebrore e priti kryeministri Kurti.<\/p>\n<p style=\"font-weight: 400;\">Konferenc\u00eb nga ta nuk pati, por p\u00ebr takimin nga Zyra e Kryeministrit u tha se marr\u00ebdh\u00ebniet nd\u00ebrshtet\u00ebrore, marr\u00ebveshjet nd\u00ebrqeveritare e projektet infrastrukturore ishin nd\u00ebr temat kryesore t\u00eb diskutimit.<\/p>\n<p style=\"font-weight: 400;\">\u201cKryeministri Rama uroi kryeministrin Kurti p\u00ebr fitoren n\u00eb zgjedhjet e 28 dhjetorit dhe p\u00ebr formimin e Qeveris\u00eb, p\u00ebr \u00e7ka kryeministri Kurti shprehu fal\u00ebnderimin e tij dhe vullnetin e Qeveris\u00eb q\u00eb drejton p\u00ebr forcimin dhe zgjerimin e marr\u00ebdh\u00ebnieve nd\u00ebrmjet Kosov\u00ebs dhe Shqip\u00ebris\u00eb n\u00eb sh\u00ebrbim t\u00eb qytetar\u00ebve dhe mbar\u00eb kombit\u201d, u tha n\u00eb njoftimin e Zyr\u00ebs s\u00eb Kryeministrit.<\/p>\n<p style=\"font-weight: 400;\">P\u00ebrve\u00e7 Ram\u00ebs, p\u00ebr p\u00ebrvjetorin e 18-t\u00eb t\u00eb Pavar\u00ebsis\u00eb s\u00eb Kosov\u00ebs, n\u00eb Prishtin\u00eb do t\u00eb q\u00ebndroj\u00eb edhe presidenti i Shqip\u00ebris\u00eb, Bajram Begaj.<\/p>\n","protected":false},"excerpt":{"rendered":"<p>Prishtin\u00eb, 16 shkurt 2026 19:32 Presidenti i Shqip\u00ebris\u00eb, Bajram Begaj, e kryeministri Edi Rama kan\u00eb q\u00ebndruar t\u00eb h\u00ebn\u00ebn n\u00eb Kosov\u00eb, nj\u00eb dit\u00eb para sh\u00ebnimit t\u00eb<\/p>\n","protected":false},"author":7,"featured_media":32998,"comment_status":"open","ping_status":"open","sticky":false,"template":"","format":"standard","meta":{"footnotes":""},"categories":[60],"tags":[],"class_list":["post-32997","post","type-post","status-publish","format-standard","has-post-thumbnail","hentry","category-shoqerore-sq"],"yoast_head":"<!-- This site is optimized with the Yoast SEO plugin v25.3.1 - https:\/\/yoast.com\/wordpress\/plugins\/seo\/ -->\n<title>P\u00ebrvjetori i 18-t\u00eb i Pavar\u00ebsis\u00eb b\u00ebn bashk\u00eb n\u00eb Prishtin\u00eb lider\u00ebt e Kosov\u00ebs e Shqip\u00ebris\u00eb -<\/title>\n<meta name=\"robots\" content=\"index, follow, max-snippet:-1, max-image-preview:large, max-video-preview:-1\" \/>\n<link rel=\"canonical\" href=\"https:\/\/veritasinfo.org\/?p=32997\" \/>\n<meta property=\"og:locale\" content=\"en_US\" \/>\n<meta property=\"og:type\" content=\"article\" \/>\n<meta property=\"og:title\" content=\"P\u00ebrvjetori i 18-t\u00eb i Pavar\u00ebsis\u00eb b\u00ebn bashk\u00eb n\u00eb Prishtin\u00eb lider\u00ebt e Kosov\u00ebs e Shqip\u00ebris\u00eb -\" \/>\n<meta property=\"og:description\" content=\"Prishtin\u00eb, 16 shkurt 2026 19:32 Presidenti i Shqip\u00ebris\u00eb, Bajram Begaj, e kryeministri Edi Rama kan\u00eb q\u00ebndruar t\u00eb h\u00ebn\u00ebn n\u00eb Kosov\u00eb, nj\u00eb dit\u00eb para sh\u00ebnimit t\u00eb\" \/>\n<meta property=\"og:url\" content=\"https:\/\/veritasinfo.org\/?p=32997\" \/>\n<meta property=\"article:published_time\" content=\"2026-02-16T18:34:48+00:00\" \/>\n<meta property=\"og:image\" content=\"https:\/\/veritasinfo.org\/wp-content\/uploads\/2026\/02\/1-68.jpg\" \/>\n\t<meta property=\"og:image:width\" content=\"640\" \/>\n\t<meta property=\"og:image:height\" content=\"420\" \/>\n\t<meta property=\"og:image:type\" content=\"image\/jpeg\" \/>\n<meta name=\"author\" content=\"US6\" \/>\n<meta name=\"twitter:card\" content=\"summary_large_image\" \/>\n<meta name=\"twitter:label1\" content=\"Written by\" \/>\n\t<meta name=\"twitter:data1\" content=\"US6\" \/>\n\t<meta name=\"twitter:label2\" content=\"Est. reading time\" \/>\n\t<meta name=\"twitter:data2\" content=\"2 minutes\" \/>\n<script type=\"application\/ld+json\" class=\"yoast-schema-graph\">{\"@context\":\"https:\/\/schema.org\",\"@graph\":[{\"@type\":\"WebPage\",\"@id\":\"https:\/\/veritasinfo.org\/?p=32997\",\"url\":\"https:\/\/veritasinfo.org\/?p=32997\",\"name\":\"P\u00ebrvjetori i 18-t\u00eb i Pavar\u00ebsis\u00eb b\u00ebn bashk\u00eb n\u00eb Prishtin\u00eb lider\u00ebt e Kosov\u00ebs e Shqip\u00ebris\u00eb -\",\"isPartOf\":{\"@id\":\"https:\/\/veritasinfo.org\/#website\"},\"primaryImageOfPage\":{\"@id\":\"https:\/\/veritasinfo.org\/?p=32997#primaryimage\"},\"image\":{\"@id\":\"https:\/\/veritasinfo.org\/?p=32997#primaryimage\"},\"thumbnailUrl\":\"https:\/\/veritasinfo.org\/wp-content\/uploads\/2026\/02\/1-68.jpg\",\"datePublished\":\"2026-02-16T18:34:48+00:00\",\"author\":{\"@id\":\"https:\/\/veritasinfo.org\/#\/schema\/person\/fe199eede04c3937362892b7444747cc\"},\"breadcrumb\":{\"@id\":\"https:\/\/veritasinfo.org\/?p=32997#breadcrumb\"},\"inLanguage\":\"en-US\",\"potentialAction\":[{\"@type\":\"ReadAction\",\"target\":[\"https:\/\/veritasinfo.org\/?p=32997\"]}]},{\"@type\":\"ImageObject\",\"inLanguage\":\"en-US\",\"@id\":\"https:\/\/veritasinfo.org\/?p=32997#primaryimage\",\"url\":\"https:\/\/veritasinfo.org\/wp-content\/uploads\/2026\/02\/1-68.jpg\",\"contentUrl\":\"https:\/\/veritasinfo.org\/wp-content\/uploads\/2026\/02\/1-68.jpg\",\"width\":640,\"height\":420},{\"@type\":\"BreadcrumbList\",\"@id\":\"https:\/\/veritasinfo.org\/?p=32997#breadcrumb\",\"itemListElement\":[{\"@type\":\"ListItem\",\"position\":1,\"name\":\"Home\",\"item\":\"https:\/\/veritasinfo.org\/\"},{\"@type\":\"ListItem\",\"position\":2,\"name\":\"P\u00ebrvjetori i 18-t\u00eb i Pavar\u00ebsis\u00eb b\u00ebn bashk\u00eb n\u00eb Prishtin\u00eb lider\u00ebt e Kosov\u00ebs e Shqip\u00ebris\u00eb\"}]},{\"@type\":\"WebSite\",\"@id\":\"https:\/\/veritasinfo.org\/#website\",\"url\":\"https:\/\/veritasinfo.org\/\",\"name\":\"\",\"description\":\"\",\"potentialAction\":[{\"@type\":\"SearchAction\",\"target\":{\"@type\":\"EntryPoint\",\"urlTemplate\":\"https:\/\/veritasinfo.org\/?s={search_term_string}\"},\"query-input\":{\"@type\":\"PropertyValueSpecification\",\"valueRequired\":true,\"valueName\":\"search_term_string\"}}],\"inLanguage\":\"en-US\"},{\"@type\":\"Person\",\"@id\":\"https:\/\/veritasinfo.org\/#\/schema\/person\/fe199eede04c3937362892b7444747cc\",\"name\":\"US6\",\"image\":{\"@type\":\"ImageObject\",\"inLanguage\":\"en-US\",\"@id\":\"https:\/\/veritasinfo.org\/#\/schema\/person\/image\/\",\"url\":\"https:\/\/secure.gravatar.com\/avatar\/cb16c3c31c9d23b9b8c705964598220b3014e42ff51eb540ff23cefa3ae8c15f?s=96&d=mm&r=g\",\"contentUrl\":\"https:\/\/secure.gravatar.com\/avatar\/cb16c3c31c9d23b9b8c705964598220b3014e42ff51eb540ff23cefa3ae8c15f?s=96&d=mm&r=g\",\"caption\":\"US6\"},\"url\":\"https:\/\/veritasinfo.org\/?author=7\"}]}<\/script>\n<!-- \/ Yoast SEO plugin. -->","yoast_head_json":{"title":"P\u00ebrvjetori i 18-t\u00eb i Pavar\u00ebsis\u00eb b\u00ebn bashk\u00eb n\u00eb Prishtin\u00eb lider\u00ebt e Kosov\u00ebs e Shqip\u00ebris\u00eb -","robots":{"index":"index","follow":"follow","max-snippet":"max-snippet:-1","max-image-preview":"max-image-preview:large","max-video-preview":"max-video-preview:-1"},"canonical":"https:\/\/veritasinfo.org\/?p=32997","og_locale":"en_US","og_type":"article","og_title":"P\u00ebrvjetori i 18-t\u00eb i Pavar\u00ebsis\u00eb b\u00ebn bashk\u00eb n\u00eb Prishtin\u00eb lider\u00ebt e Kosov\u00ebs e Shqip\u00ebris\u00eb -","og_description":"Prishtin\u00eb, 16 shkurt 2026 19:32 Presidenti i Shqip\u00ebris\u00eb, Bajram Begaj, e kryeministri Edi Rama kan\u00eb q\u00ebndruar t\u00eb h\u00ebn\u00ebn n\u00eb Kosov\u00eb, nj\u00eb dit\u00eb para sh\u00ebnimit t\u00eb","og_url":"https:\/\/veritasinfo.org\/?p=32997","article_published_time":"2026-02-16T18:34:48+00:00","og_image":[{"width":640,"height":420,"url":"https:\/\/veritasinfo.org\/wp-content\/uploads\/2026\/02\/1-68.jpg","type":"image\/jpeg"}],"author":"US6","twitter_card":"summary_large_image","twitter_misc":{"Written by":"US6","Est. reading time":"2 minutes"},"schema":{"@context":"https:\/\/schema.org","@graph":[{"@type":"WebPage","@id":"https:\/\/veritasinfo.org\/?p=32997","url":"https:\/\/veritasinfo.org\/?p=32997","name":"P\u00ebrvjetori i 18-t\u00eb i Pavar\u00ebsis\u00eb b\u00ebn bashk\u00eb n\u00eb Prishtin\u00eb lider\u00ebt e Kosov\u00ebs e Shqip\u00ebris\u00eb -","isPartOf":{"@id":"https:\/\/veritasinfo.org\/#website"},"primaryImageOfPage":{"@id":"https:\/\/veritasinfo.org\/?p=32997#primaryimage"},"image":{"@id":"https:\/\/veritasinfo.org\/?p=32997#primaryimage"},"thumbnailUrl":"https:\/\/veritasinfo.org\/wp-content\/uploads\/2026\/02\/1-68.jpg","datePublished":"2026-02-16T18:34:48+00:00","author":{"@id":"https:\/\/veritasinfo.org\/#\/schema\/person\/fe199eede04c3937362892b7444747cc"},"breadcrumb":{"@id":"https:\/\/veritasinfo.org\/?p=32997#breadcrumb"},"inLanguage":"en-US","potentialAction":[{"@type":"ReadAction","target":["https:\/\/veritasinfo.org\/?p=32997"]}]},{"@type":"ImageObject","inLanguage":"en-US","@id":"https:\/\/veritasinfo.org\/?p=32997#primaryimage","url":"https:\/\/veritasinfo.org\/wp-content\/uploads\/2026\/02\/1-68.jpg","contentUrl":"https:\/\/veritasinfo.org\/wp-content\/uploads\/2026\/02\/1-68.jpg","width":640,"height":420},{"@type":"BreadcrumbList","@id":"https:\/\/veritasinfo.org\/?p=32997#breadcrumb","itemListElement":[{"@type":"ListItem","position":1,"name":"Home","item":"https:\/\/veritasinfo.org\/"},{"@type":"ListItem","position":2,"name":"P\u00ebrvjetori i 18-t\u00eb i Pavar\u00ebsis\u00eb b\u00ebn bashk\u00eb n\u00eb Prishtin\u00eb lider\u00ebt e Kosov\u00ebs e Shqip\u00ebris\u00eb"}]},{"@type":"WebSite","@id":"https:\/\/veritasinfo.org\/#website","url":"https:\/\/veritasinfo.org\/","name":"","description":"","potentialAction":[{"@type":"SearchAction","target":{"@type":"EntryPoint","urlTemplate":"https:\/\/veritasinfo.org\/?s={search_term_string}"},"query-input":{"@type":"PropertyValueSpecification","valueRequired":true,"valueName":"search_term_string"}}],"inLanguage":"en-US"},{"@type":"Person","@id":"https:\/\/veritasinfo.org\/#\/schema\/person\/fe199eede04c3937362892b7444747cc","name":"US6","image":{"@type":"ImageObject","inLanguage":"en-US","@id":"https:\/\/veritasinfo.org\/#\/schema\/person\/image\/","url":"https:\/\/secure.gravatar.com\/avatar\/cb16c3c31c9d23b9b8c705964598220b3014e42ff51eb540ff23cefa3ae8c15f?s=96&d=mm&r=g","contentUrl":"https:\/\/secure.gravatar.com\/avatar\/cb16c3c31c9d23b9b8c705964598220b3014e42ff51eb540ff23cefa3ae8c15f?s=96&d=mm&r=g","caption":"US6"},"url":"https:\/\/veritasinfo.org\/?author=7"}]}},"featured_image_urls":{"full":["https:\/\/veritasinfo.org\/wp-content\/uploads\/2026\/02\/1-68.jpg",640,420,false],"thumbnail":["https:\/\/veritasinfo.org\/wp-content\/uploads\/2026\/02\/1-68-150x150.jpg",150,150,true],"medium":["https:\/\/veritasinfo.org\/wp-content\/uploads\/2026\/02\/1-68-300x197.jpg",300,197,true],"medium_large":["https:\/\/veritasinfo.org\/wp-content\/uploads\/2026\/02\/1-68.jpg",640,420,false],"large":["https:\/\/veritasinfo.org\/wp-content\/uploads\/2026\/02\/1-68.jpg",640,420,false],"1536x1536":["https:\/\/veritasinfo.org\/wp-content\/uploads\/2026\/02\/1-68.jpg",640,420,false],"2048x2048":["https:\/\/veritasinfo.org\/wp-content\/uploads\/2026\/02\/1-68.jpg",640,420,false],"kreeti-slider-full":["https:\/\/veritasinfo.org\/wp-content\/uploads\/2026\/02\/1-68.jpg",640,420,false],"kreeti-featured":["https:\/\/veritasinfo.org\/wp-content\/uploads\/2026\/02\/1-68.jpg",640,420,false],"kreeti-medium":["https:\/\/veritasinfo.org\/wp-content\/uploads\/2026\/02\/1-68.jpg",640,420,false],"kreeti-medium-square":["https:\/\/veritasinfo.org\/wp-content\/uploads\/2026\/02\/1-68.jpg",350,230,false]},"author_info":{"info":["US6"]},"category_info":"<a href=\"https:\/\/veritasinfo.org\/?cat=60\" rel=\"category\">Shoq\u00ebrore<\/a>","tag_info":"Shoq\u00ebrore","comment_count":"0","_links":{"self":[{"href":"https:\/\/veritasinfo.org\/index.php?rest_route=\/wp\/v2\/posts\/32997","targetHints":{"allow":["GET"]}}],"collection":[{"href":"https:\/\/veritasinfo.org\/index.php?rest_route=\/wp\/v2\/posts"}],"about":[{"href":"https:\/\/veritasinfo.org\/index.php?rest_route=\/wp\/v2\/types\/post"}],"author":[{"embeddable":true,"href":"https:\/\/veritasinfo.org\/index.php?rest_route=\/wp\/v2\/users\/7"}],"replies":[{"embeddable":true,"href":"https:\/\/veritasinfo.org\/index.php?rest_route=%2Fwp%2Fv2%2Fcomments&post=32997"}],"version-history":[{"count":1,"href":"https:\/\/veritasinfo.org\/index.php?rest_route=\/wp\/v2\/posts\/32997\/revisions"}],"predecessor-version":[{"id":32999,"href":"https:\/\/veritasinfo.org\/index.php?rest_route=\/wp\/v2\/posts\/32997\/revisions\/32999"}],"wp:featuredmedia":[{"embeddable":true,"href":"https:\/\/veritasinfo.org\/index.php?rest_route=\/wp\/v2\/media\/32998"}],"wp:attachment":[{"href":"https:\/\/veritasinfo.org\/index.php?rest_route=%2Fwp%2Fv2%2Fmedia&parent=32997"}],"wp:term":[{"taxonomy":"category","embeddable":true,"href":"https:\/\/veritasinfo.org\/index.php?rest_route=%2Fwp%2Fv2%2Fcategories&post=32997"},{"taxonomy":"post_tag","embeddable":true,"href":"https:\/\/veritasinfo.org\/index.php?rest_route=%2Fwp%2Fv2%2Ftags&post=32997"}],"curies":[{"name":"wp","href":"https:\/\/api.w.org\/{rel}","templated":true}]}}