{"id":3298,"date":"2025-07-10T14:13:35","date_gmt":"2025-07-10T12:13:35","guid":{"rendered":"https:\/\/veritasinfo.org\/?p=3298"},"modified":"2025-07-10T14:13:35","modified_gmt":"2025-07-10T12:13:35","slug":"svecla-per-zevendesimet-e-komandanteve-te-policise-cdo-veprim-qe-ngre-gatishmerine-ne-e-perkrahim","status":"publish","type":"post","link":"https:\/\/veritasinfo.org\/?p=3298","title":{"rendered":"Sve\u00e7la p\u00ebr z\u00ebvend\u00ebsimet e komandant\u00ebve t\u00eb policis\u00eb: \u00c7do veprim q\u00eb ngre gatishm\u00ebrin\u00eb, ne e p\u00ebrkrahim"},"content":{"rendered":"<p>Prishtin\u00eb, 10 Korrik 2025<\/p>\n<p>Ministri n\u00eb detyr\u00eb i Pun\u00ebve t\u00eb Brendshme, Xhelal Sve\u00e7la, ka komentuar sot raportimet p\u00ebr z\u00ebvend\u00ebsime t\u00eb ndryshme t\u00eb kapiten\u00ebve t\u00eb Policis\u00eb s\u00eb Kosov\u00ebs n\u00eb disa komuna, si n\u00eb Lipjan, Suharek\u00eb dhe Klin\u00eb.<\/p>\n<div class=\"code-block code-block-8\">\n<div id=\"futureads_d773fe1afb07405e8d2f0e46933877d3_zone_104122_sect_47401_site_41437\" data-sender=\"futureads\"><\/div>\n<\/div>\n<div class=\"code-block code-block-5\"><ins id=\"revive-0-1\" data-revive-zoneid=\"217\" data-revive-id=\"6d10792d7a3e9a00328e01545b0215e5\" data-revive-seq=\"1\" data-revive-loaded=\"1\"><\/p>\n<div id=\"beacon_adeed19b5f\"><img decoding=\"async\" src=\"https:\/\/ads2.indeksonline.net\/www\/delivery\/lg.php?bannerid=0&amp;campaignid=0&amp;zoneid=217&amp;loc=https%3A%2F%2Findeksonline.net%2Fsvecla-per-zevendesimet-e-komandanteve-te-policise-cdo-veprim-qe-ngre-gatishmerine-ne-e-perkrahim%2F&amp;cb=adeed19b5f\" alt=\"\" width=\"0\" height=\"0\" \/><\/div>\n<p><\/ins><ins id=\"revive-0-2\" data-revive-zoneid=\"196\" data-revive-id=\"6d10792d7a3e9a00328e01545b0215e5\" data-revive-seq=\"2\" data-revive-loaded=\"1\"><\/p>\n<div id=\"beacon_a928380f5f\"><img decoding=\"async\" src=\"https:\/\/ads2.indeksonline.net\/www\/delivery\/lg.php?bannerid=0&amp;campaignid=0&amp;zoneid=196&amp;loc=https%3A%2F%2Findeksonline.net%2Fsvecla-per-zevendesimet-e-komandanteve-te-policise-cdo-veprim-qe-ngre-gatishmerine-ne-e-perkrahim%2F&amp;cb=a928380f5f\" alt=\"\" width=\"0\" height=\"0\" \/><\/div>\n<p><\/ins><\/div>\n<p>\u201cPolicia e Kosov\u00ebs \u00ebsht\u00eb udh\u00ebrr\u00ebfyes m\u00eb kredibil n\u00eb Republik\u00ebn e Kosov\u00ebs dhe kjo \u00ebsht\u00eb fal\u00eb pun\u00ebs s\u00eb palodhshme t\u00eb gjith\u00eb pjes\u00ebve t\u00eb t\u00eb gjith\u00ebve, jan\u00eb edhe ata q\u00eb jan\u00eb t\u00eb lir\u00eb. Ajo \u00ebsht\u00eb e suksesshme po ashtu edhe p\u00ebr shkak t\u00eb vetp\u00ebrmir\u00ebsimit t\u00eb tyre q\u00eb b\u00ebn. K\u00ebshtu q\u00eb \u00e7do veprim i Kosov\u00ebs q\u00eb shkon n\u00eb ngritjen e kualitetit, ngritjen e gatishm\u00ebris\u00eb, por edhe shtimin e suksesit t\u00eb Kosov\u00ebs, ne e p\u00ebrkrahim\u201d, deklaroi Sve\u00e7la p\u00ebr Dukagjinin.<\/p>\n<p>I pyetur n\u00ebse mund t\u00eb ket\u00eb edhe veprime nga ana e Ministris\u00eb s\u00eb Pun\u00ebve t\u00eb Brendshme, ai theksoi se \u00ebsht\u00eb e nevojshme p\u00ebr t\u00eb vepruar brenda kompetencave ligjore.<\/p>\n<p>\u201cPatjet\u00ebr. Ne e vler\u00ebsojm\u00eb t\u00eb nevojshme t\u00eb veprojm\u00eb, gjithmon\u00eb brenda kompetencave tona ligjore, n\u00eb luft\u00ebn kund\u00ebr\u201d, u shpreh ai.<\/p>\n","protected":false},"excerpt":{"rendered":"<p>Prishtin\u00eb, 10 Korrik 2025 Ministri n\u00eb detyr\u00eb i Pun\u00ebve t\u00eb Brendshme, Xhelal Sve\u00e7la, ka komentuar sot raportimet p\u00ebr z\u00ebvend\u00ebsime t\u00eb ndryshme t\u00eb kapiten\u00ebve t\u00eb Policis\u00eb<\/p>\n","protected":false},"author":1,"featured_media":3085,"comment_status":"open","ping_status":"open","sticky":false,"template":"","format":"standard","meta":{"footnotes":""},"categories":[60],"tags":[],"class_list":["post-3298","post","type-post","status-publish","format-standard","has-post-thumbnail","hentry","category-shoqerore-sq"],"yoast_head":"<!-- This site is optimized with the Yoast SEO plugin v25.3.1 - https:\/\/yoast.com\/wordpress\/plugins\/seo\/ -->\n<title>Sve\u00e7la p\u00ebr z\u00ebvend\u00ebsimet e komandant\u00ebve t\u00eb policis\u00eb: \u00c7do veprim q\u00eb ngre gatishm\u00ebrin\u00eb, ne e p\u00ebrkrahim -<\/title>\n<meta name=\"robots\" content=\"index, follow, max-snippet:-1, max-image-preview:large, max-video-preview:-1\" \/>\n<link rel=\"canonical\" href=\"https:\/\/veritasinfo.org\/?p=3298\" \/>\n<meta property=\"og:locale\" content=\"en_US\" \/>\n<meta property=\"og:type\" content=\"article\" \/>\n<meta property=\"og:title\" content=\"Sve\u00e7la p\u00ebr z\u00ebvend\u00ebsimet e komandant\u00ebve t\u00eb policis\u00eb: \u00c7do veprim q\u00eb ngre gatishm\u00ebrin\u00eb, ne e p\u00ebrkrahim -\" \/>\n<meta property=\"og:description\" content=\"Prishtin\u00eb, 10 Korrik 2025 Ministri n\u00eb detyr\u00eb i Pun\u00ebve t\u00eb Brendshme, Xhelal Sve\u00e7la, ka komentuar sot raportimet p\u00ebr z\u00ebvend\u00ebsime t\u00eb ndryshme t\u00eb kapiten\u00ebve t\u00eb Policis\u00eb\" \/>\n<meta property=\"og:url\" content=\"https:\/\/veritasinfo.org\/?p=3298\" \/>\n<meta property=\"article:published_time\" content=\"2025-07-10T12:13:35+00:00\" \/>\n<meta property=\"og:image\" content=\"https:\/\/veritasinfo.org\/wp-content\/uploads\/2025\/07\/IMG_1791.png\" \/>\n\t<meta property=\"og:image:width\" content=\"600\" \/>\n\t<meta property=\"og:image:height\" content=\"360\" \/>\n\t<meta property=\"og:image:type\" content=\"image\/png\" \/>\n<meta name=\"author\" content=\"admin\" \/>\n<meta name=\"twitter:card\" content=\"summary_large_image\" \/>\n<meta name=\"twitter:label1\" content=\"Written by\" \/>\n\t<meta name=\"twitter:data1\" content=\"admin\" \/>\n\t<meta name=\"twitter:label2\" content=\"Est. reading time\" \/>\n\t<meta name=\"twitter:data2\" content=\"2 minutes\" \/>\n<script type=\"application\/ld+json\" class=\"yoast-schema-graph\">{\"@context\":\"https:\/\/schema.org\",\"@graph\":[{\"@type\":\"WebPage\",\"@id\":\"https:\/\/veritasinfo.org\/?p=3298\",\"url\":\"https:\/\/veritasinfo.org\/?p=3298\",\"name\":\"Sve\u00e7la p\u00ebr z\u00ebvend\u00ebsimet e komandant\u00ebve t\u00eb policis\u00eb: \u00c7do veprim q\u00eb ngre gatishm\u00ebrin\u00eb, ne e p\u00ebrkrahim -\",\"isPartOf\":{\"@id\":\"https:\/\/veritasinfo.org\/#website\"},\"primaryImageOfPage\":{\"@id\":\"https:\/\/veritasinfo.org\/?p=3298#primaryimage\"},\"image\":{\"@id\":\"https:\/\/veritasinfo.org\/?p=3298#primaryimage\"},\"thumbnailUrl\":\"https:\/\/veritasinfo.org\/wp-content\/uploads\/2025\/07\/IMG_1791.png\",\"datePublished\":\"2025-07-10T12:13:35+00:00\",\"author\":{\"@id\":\"https:\/\/veritasinfo.org\/#\/schema\/person\/7701f8c088bece422266b100a712374f\"},\"breadcrumb\":{\"@id\":\"https:\/\/veritasinfo.org\/?p=3298#breadcrumb\"},\"inLanguage\":\"en-US\",\"potentialAction\":[{\"@type\":\"ReadAction\",\"target\":[\"https:\/\/veritasinfo.org\/?p=3298\"]}]},{\"@type\":\"ImageObject\",\"inLanguage\":\"en-US\",\"@id\":\"https:\/\/veritasinfo.org\/?p=3298#primaryimage\",\"url\":\"https:\/\/veritasinfo.org\/wp-content\/uploads\/2025\/07\/IMG_1791.png\",\"contentUrl\":\"https:\/\/veritasinfo.org\/wp-content\/uploads\/2025\/07\/IMG_1791.png\",\"width\":600,\"height\":360},{\"@type\":\"BreadcrumbList\",\"@id\":\"https:\/\/veritasinfo.org\/?p=3298#breadcrumb\",\"itemListElement\":[{\"@type\":\"ListItem\",\"position\":1,\"name\":\"Home\",\"item\":\"https:\/\/veritasinfo.org\/\"},{\"@type\":\"ListItem\",\"position\":2,\"name\":\"Sve\u00e7la p\u00ebr z\u00ebvend\u00ebsimet e komandant\u00ebve t\u00eb policis\u00eb: \u00c7do veprim q\u00eb ngre gatishm\u00ebrin\u00eb, ne e p\u00ebrkrahim\"}]},{\"@type\":\"WebSite\",\"@id\":\"https:\/\/veritasinfo.org\/#website\",\"url\":\"https:\/\/veritasinfo.org\/\",\"name\":\"\",\"description\":\"\",\"potentialAction\":[{\"@type\":\"SearchAction\",\"target\":{\"@type\":\"EntryPoint\",\"urlTemplate\":\"https:\/\/veritasinfo.org\/?s={search_term_string}\"},\"query-input\":{\"@type\":\"PropertyValueSpecification\",\"valueRequired\":true,\"valueName\":\"search_term_string\"}}],\"inLanguage\":\"en-US\"},{\"@type\":\"Person\",\"@id\":\"https:\/\/veritasinfo.org\/#\/schema\/person\/7701f8c088bece422266b100a712374f\",\"name\":\"admin\",\"image\":{\"@type\":\"ImageObject\",\"inLanguage\":\"en-US\",\"@id\":\"https:\/\/veritasinfo.org\/#\/schema\/person\/image\/\",\"url\":\"https:\/\/secure.gravatar.com\/avatar\/ea53aa3bf6c9a12d5fde8ce4deff43fef3885ae33cf60184161a50d6987cfd2f?s=96&d=mm&r=g\",\"contentUrl\":\"https:\/\/secure.gravatar.com\/avatar\/ea53aa3bf6c9a12d5fde8ce4deff43fef3885ae33cf60184161a50d6987cfd2f?s=96&d=mm&r=g\",\"caption\":\"admin\"},\"sameAs\":[\"https:\/\/veritasinfo.org\"],\"url\":\"https:\/\/veritasinfo.org\/?author=1\"}]}<\/script>\n<!-- \/ Yoast SEO plugin. -->","yoast_head_json":{"title":"Sve\u00e7la p\u00ebr z\u00ebvend\u00ebsimet e komandant\u00ebve t\u00eb policis\u00eb: \u00c7do veprim q\u00eb ngre gatishm\u00ebrin\u00eb, ne e p\u00ebrkrahim -","robots":{"index":"index","follow":"follow","max-snippet":"max-snippet:-1","max-image-preview":"max-image-preview:large","max-video-preview":"max-video-preview:-1"},"canonical":"https:\/\/veritasinfo.org\/?p=3298","og_locale":"en_US","og_type":"article","og_title":"Sve\u00e7la p\u00ebr z\u00ebvend\u00ebsimet e komandant\u00ebve t\u00eb policis\u00eb: \u00c7do veprim q\u00eb ngre gatishm\u00ebrin\u00eb, ne e p\u00ebrkrahim -","og_description":"Prishtin\u00eb, 10 Korrik 2025 Ministri n\u00eb detyr\u00eb i Pun\u00ebve t\u00eb Brendshme, Xhelal Sve\u00e7la, ka komentuar sot raportimet p\u00ebr z\u00ebvend\u00ebsime t\u00eb ndryshme t\u00eb kapiten\u00ebve t\u00eb Policis\u00eb","og_url":"https:\/\/veritasinfo.org\/?p=3298","article_published_time":"2025-07-10T12:13:35+00:00","og_image":[{"width":600,"height":360,"url":"https:\/\/veritasinfo.org\/wp-content\/uploads\/2025\/07\/IMG_1791.png","type":"image\/png"}],"author":"admin","twitter_card":"summary_large_image","twitter_misc":{"Written by":"admin","Est. reading time":"2 minutes"},"schema":{"@context":"https:\/\/schema.org","@graph":[{"@type":"WebPage","@id":"https:\/\/veritasinfo.org\/?p=3298","url":"https:\/\/veritasinfo.org\/?p=3298","name":"Sve\u00e7la p\u00ebr z\u00ebvend\u00ebsimet e komandant\u00ebve t\u00eb policis\u00eb: \u00c7do veprim q\u00eb ngre gatishm\u00ebrin\u00eb, ne e p\u00ebrkrahim -","isPartOf":{"@id":"https:\/\/veritasinfo.org\/#website"},"primaryImageOfPage":{"@id":"https:\/\/veritasinfo.org\/?p=3298#primaryimage"},"image":{"@id":"https:\/\/veritasinfo.org\/?p=3298#primaryimage"},"thumbnailUrl":"https:\/\/veritasinfo.org\/wp-content\/uploads\/2025\/07\/IMG_1791.png","datePublished":"2025-07-10T12:13:35+00:00","author":{"@id":"https:\/\/veritasinfo.org\/#\/schema\/person\/7701f8c088bece422266b100a712374f"},"breadcrumb":{"@id":"https:\/\/veritasinfo.org\/?p=3298#breadcrumb"},"inLanguage":"en-US","potentialAction":[{"@type":"ReadAction","target":["https:\/\/veritasinfo.org\/?p=3298"]}]},{"@type":"ImageObject","inLanguage":"en-US","@id":"https:\/\/veritasinfo.org\/?p=3298#primaryimage","url":"https:\/\/veritasinfo.org\/wp-content\/uploads\/2025\/07\/IMG_1791.png","contentUrl":"https:\/\/veritasinfo.org\/wp-content\/uploads\/2025\/07\/IMG_1791.png","width":600,"height":360},{"@type":"BreadcrumbList","@id":"https:\/\/veritasinfo.org\/?p=3298#breadcrumb","itemListElement":[{"@type":"ListItem","position":1,"name":"Home","item":"https:\/\/veritasinfo.org\/"},{"@type":"ListItem","position":2,"name":"Sve\u00e7la p\u00ebr z\u00ebvend\u00ebsimet e komandant\u00ebve t\u00eb policis\u00eb: \u00c7do veprim q\u00eb ngre gatishm\u00ebrin\u00eb, ne e p\u00ebrkrahim"}]},{"@type":"WebSite","@id":"https:\/\/veritasinfo.org\/#website","url":"https:\/\/veritasinfo.org\/","name":"","description":"","potentialAction":[{"@type":"SearchAction","target":{"@type":"EntryPoint","urlTemplate":"https:\/\/veritasinfo.org\/?s={search_term_string}"},"query-input":{"@type":"PropertyValueSpecification","valueRequired":true,"valueName":"search_term_string"}}],"inLanguage":"en-US"},{"@type":"Person","@id":"https:\/\/veritasinfo.org\/#\/schema\/person\/7701f8c088bece422266b100a712374f","name":"admin","image":{"@type":"ImageObject","inLanguage":"en-US","@id":"https:\/\/veritasinfo.org\/#\/schema\/person\/image\/","url":"https:\/\/secure.gravatar.com\/avatar\/ea53aa3bf6c9a12d5fde8ce4deff43fef3885ae33cf60184161a50d6987cfd2f?s=96&d=mm&r=g","contentUrl":"https:\/\/secure.gravatar.com\/avatar\/ea53aa3bf6c9a12d5fde8ce4deff43fef3885ae33cf60184161a50d6987cfd2f?s=96&d=mm&r=g","caption":"admin"},"sameAs":["https:\/\/veritasinfo.org"],"url":"https:\/\/veritasinfo.org\/?author=1"}]}},"featured_image_urls":{"full":["https:\/\/veritasinfo.org\/wp-content\/uploads\/2025\/07\/IMG_1791.png",600,360,false],"thumbnail":["https:\/\/veritasinfo.org\/wp-content\/uploads\/2025\/07\/IMG_1791-150x150.png",150,150,true],"medium":["https:\/\/veritasinfo.org\/wp-content\/uploads\/2025\/07\/IMG_1791-300x180.png",300,180,true],"medium_large":["https:\/\/veritasinfo.org\/wp-content\/uploads\/2025\/07\/IMG_1791.png",600,360,false],"large":["https:\/\/veritasinfo.org\/wp-content\/uploads\/2025\/07\/IMG_1791.png",600,360,false],"1536x1536":["https:\/\/veritasinfo.org\/wp-content\/uploads\/2025\/07\/IMG_1791.png",600,360,false],"2048x2048":["https:\/\/veritasinfo.org\/wp-content\/uploads\/2025\/07\/IMG_1791.png",600,360,false],"kreeti-slider-full":["https:\/\/veritasinfo.org\/wp-content\/uploads\/2025\/07\/IMG_1791.png",600,360,false],"kreeti-featured":["https:\/\/veritasinfo.org\/wp-content\/uploads\/2025\/07\/IMG_1791.png",600,360,false],"kreeti-medium":["https:\/\/veritasinfo.org\/wp-content\/uploads\/2025\/07\/IMG_1791.png",600,360,false],"kreeti-medium-square":["https:\/\/veritasinfo.org\/wp-content\/uploads\/2025\/07\/IMG_1791.png",350,210,false]},"author_info":{"info":["admin"]},"category_info":"<a href=\"https:\/\/veritasinfo.org\/?cat=60\" rel=\"category\">Shoq\u00ebrore<\/a>","tag_info":"Shoq\u00ebrore","comment_count":"0","_links":{"self":[{"href":"https:\/\/veritasinfo.org\/index.php?rest_route=\/wp\/v2\/posts\/3298","targetHints":{"allow":["GET"]}}],"collection":[{"href":"https:\/\/veritasinfo.org\/index.php?rest_route=\/wp\/v2\/posts"}],"about":[{"href":"https:\/\/veritasinfo.org\/index.php?rest_route=\/wp\/v2\/types\/post"}],"author":[{"embeddable":true,"href":"https:\/\/veritasinfo.org\/index.php?rest_route=\/wp\/v2\/users\/1"}],"replies":[{"embeddable":true,"href":"https:\/\/veritasinfo.org\/index.php?rest_route=%2Fwp%2Fv2%2Fcomments&post=3298"}],"version-history":[{"count":1,"href":"https:\/\/veritasinfo.org\/index.php?rest_route=\/wp\/v2\/posts\/3298\/revisions"}],"predecessor-version":[{"id":3299,"href":"https:\/\/veritasinfo.org\/index.php?rest_route=\/wp\/v2\/posts\/3298\/revisions\/3299"}],"wp:featuredmedia":[{"embeddable":true,"href":"https:\/\/veritasinfo.org\/index.php?rest_route=\/wp\/v2\/media\/3085"}],"wp:attachment":[{"href":"https:\/\/veritasinfo.org\/index.php?rest_route=%2Fwp%2Fv2%2Fmedia&parent=3298"}],"wp:term":[{"taxonomy":"category","embeddable":true,"href":"https:\/\/veritasinfo.org\/index.php?rest_route=%2Fwp%2Fv2%2Fcategories&post=3298"},{"taxonomy":"post_tag","embeddable":true,"href":"https:\/\/veritasinfo.org\/index.php?rest_route=%2Fwp%2Fv2%2Ftags&post=3298"}],"curies":[{"name":"wp","href":"https:\/\/api.w.org\/{rel}","templated":true}]}}