{"id":32964,"date":"2026-02-16T17:01:35","date_gmt":"2026-02-16T16:01:35","guid":{"rendered":"https:\/\/veritasinfo.org\/?p=32964"},"modified":"2026-02-16T17:01:35","modified_gmt":"2026-02-16T16:01:35","slug":"policia-me-plan-te-vecante-operativ-per-18-vjetorin-e-pavaresise-disa-rruge-do-te-mbyllen","status":"publish","type":"post","link":"https:\/\/veritasinfo.org\/?p=32964","title":{"rendered":"Policia me plan t\u00eb ve\u00e7ant\u00eb operativ p\u00ebr 18-vjetorin e Pavar\u00ebsis\u00eb, disa rrug\u00eb do t\u00eb mbyllen"},"content":{"rendered":"<p>Prishtin\u00eb 16 shtator 2026 16:59<\/p>\n<p><strong>Me rastin e 18-vjetorit t\u00eb shpalljes s\u00eb Pavar\u00ebsis\u00eb s\u00eb Kosov\u00ebs, Policia e Kosov\u00ebs ka nd\u00ebrmarr\u00eb masa t\u00eb ve\u00e7anta operative dhe parandaluese p\u00ebr t\u00eb garantuar mbar\u00ebvajtjen e qet\u00eb dhe festive t\u00eb aktiviteteve q\u00eb sh\u00ebnojn\u00eb k\u00ebt\u00eb dit\u00eb t\u00eb r\u00ebnd\u00ebsishme shtet\u00ebrore.<\/strong><\/p>\n<p>Sipas planit t\u00eb ve\u00e7ant\u00eb operativ, aktivitetet p\u00ebr Dit\u00ebn e Pavar\u00ebsis\u00eb do t\u00eb zhvillohen nga data 16.02.2026 deri m\u00eb 17 shkurt, n\u00eb p\u00ebrputhje me agjend\u00ebn shtet\u00ebrore.<\/p>\n<p>Nd\u00ebr ngjarjet kryesore p\u00ebrfshihet edhe parakalimi i Forca e Siguris\u00eb s\u00eb Kosov\u00ebs dhe i Policis\u00eb s\u00eb Kosov\u00ebs.<\/p>\n<p>Q\u00ebllimet kryesore t\u00eb planifikimit operativ policor: Mbajtja e rendit dhe qet\u00ebsis\u00eb publike si dhe zbatimi i ligjit; Shtimi i masave t\u00eb siguris\u00eb p\u00ebr garantimin e rendit dhe siguris\u00eb publike; Ofrimi i siguris\u00eb s\u00eb shtuar para, gjat\u00eb dhe pas aktiviteteve zyrtare; Rritja e nivelit t\u00eb p\u00ebrgjegj\u00ebsis\u00eb policore n\u00eb monitorim dhe reagim, n\u00eb p\u00ebrputhje me zhvillimet n\u00eb terren.<\/p>\n<p>Nd\u00ebrprerje t\u00eb p\u00ebrkohshme t\u00eb trafikut n\u00eb Prishtin\u00eb<\/p>\n<p>Bazuar n\u00eb agjend\u00ebn shtet\u00ebrore dhe organizimin e parakalimit, nga ora 07:00 do t\u00eb ket\u00eb nd\u00ebrprerje t\u00eb p\u00ebrkohshme t\u00eb qarkullimit n\u00eb disa segmente rrugore t\u00eb Prishtina, konkretisht n\u00eb: Rruga \u201cFehmi Agani\u201d, Rruga \u201cLuan Haradinaj\u201d, Rruga \u201cKostra Novakoviq\u201d, Rruga \u201cTiran\u00ebs\u201d \u2013 segmenti te hekurudha (nj\u00eb korsi n\u00eb kthim)<\/p>\n<p>Rruga \u201cRobert Doll\u201d (nj\u00eb korsi p\u00ebr parkimin e autobus\u00ebve dhe kamion\u00ebve t\u00eb PK-s\u00eb dhe FSK-s\u00eb)<\/p>\n<p>Policia apelon te qytetar\u00ebt dhe pjes\u00ebmarr\u00ebsit n\u00eb trafik q\u00eb t\u00eb shmangin k\u00ebto rrug\u00eb gjat\u00eb koh\u00ebs s\u00eb aktiviteteve dhe t\u00eb shfryt\u00ebzojn\u00eb rrug\u00eb alternative.<\/p>\n","protected":false},"excerpt":{"rendered":"<p>Prishtin\u00eb 16 shtator 2026 16:59 Me rastin e 18-vjetorit t\u00eb shpalljes s\u00eb Pavar\u00ebsis\u00eb s\u00eb Kosov\u00ebs, Policia e Kosov\u00ebs ka nd\u00ebrmarr\u00eb masa t\u00eb ve\u00e7anta operative dhe<\/p>\n","protected":false},"author":6,"featured_media":32965,"comment_status":"open","ping_status":"open","sticky":false,"template":"","format":"standard","meta":{"footnotes":""},"categories":[60],"tags":[],"class_list":["post-32964","post","type-post","status-publish","format-standard","has-post-thumbnail","hentry","category-shoqerore-sq"],"yoast_head":"<!-- This site is optimized with the Yoast SEO plugin v25.3.1 - https:\/\/yoast.com\/wordpress\/plugins\/seo\/ -->\n<title>Policia me plan t\u00eb ve\u00e7ant\u00eb operativ p\u00ebr 18-vjetorin e Pavar\u00ebsis\u00eb, disa rrug\u00eb do t\u00eb mbyllen -<\/title>\n<meta name=\"robots\" content=\"index, follow, max-snippet:-1, max-image-preview:large, max-video-preview:-1\" \/>\n<link rel=\"canonical\" href=\"https:\/\/veritasinfo.org\/?p=32964\" \/>\n<meta property=\"og:locale\" content=\"en_US\" \/>\n<meta property=\"og:type\" content=\"article\" \/>\n<meta property=\"og:title\" content=\"Policia me plan t\u00eb ve\u00e7ant\u00eb operativ p\u00ebr 18-vjetorin e Pavar\u00ebsis\u00eb, disa rrug\u00eb do t\u00eb mbyllen -\" \/>\n<meta property=\"og:description\" content=\"Prishtin\u00eb 16 shtator 2026 16:59 Me rastin e 18-vjetorit t\u00eb shpalljes s\u00eb Pavar\u00ebsis\u00eb s\u00eb Kosov\u00ebs, Policia e Kosov\u00ebs ka nd\u00ebrmarr\u00eb masa t\u00eb ve\u00e7anta operative dhe\" \/>\n<meta property=\"og:url\" content=\"https:\/\/veritasinfo.org\/?p=32964\" \/>\n<meta property=\"article:published_time\" content=\"2026-02-16T16:01:35+00:00\" \/>\n<meta property=\"og:image\" content=\"https:\/\/veritasinfo.org\/wp-content\/uploads\/2026\/02\/IMG_1271.png\" \/>\n\t<meta property=\"og:image:width\" content=\"428\" \/>\n\t<meta property=\"og:image:height\" content=\"285\" \/>\n\t<meta property=\"og:image:type\" content=\"image\/png\" \/>\n<meta name=\"author\" content=\"US5\" \/>\n<meta name=\"twitter:card\" content=\"summary_large_image\" \/>\n<meta name=\"twitter:label1\" content=\"Written by\" \/>\n\t<meta name=\"twitter:data1\" content=\"US5\" \/>\n\t<meta name=\"twitter:label2\" content=\"Est. reading time\" \/>\n\t<meta name=\"twitter:data2\" content=\"2 minutes\" \/>\n<script type=\"application\/ld+json\" class=\"yoast-schema-graph\">{\"@context\":\"https:\/\/schema.org\",\"@graph\":[{\"@type\":\"WebPage\",\"@id\":\"https:\/\/veritasinfo.org\/?p=32964\",\"url\":\"https:\/\/veritasinfo.org\/?p=32964\",\"name\":\"Policia me plan t\u00eb ve\u00e7ant\u00eb operativ p\u00ebr 18-vjetorin e Pavar\u00ebsis\u00eb, disa rrug\u00eb do t\u00eb mbyllen -\",\"isPartOf\":{\"@id\":\"https:\/\/veritasinfo.org\/#website\"},\"primaryImageOfPage\":{\"@id\":\"https:\/\/veritasinfo.org\/?p=32964#primaryimage\"},\"image\":{\"@id\":\"https:\/\/veritasinfo.org\/?p=32964#primaryimage\"},\"thumbnailUrl\":\"https:\/\/veritasinfo.org\/wp-content\/uploads\/2026\/02\/IMG_1271.png\",\"datePublished\":\"2026-02-16T16:01:35+00:00\",\"author\":{\"@id\":\"https:\/\/veritasinfo.org\/#\/schema\/person\/bc442336e35414d04494ab8fb45db4c6\"},\"breadcrumb\":{\"@id\":\"https:\/\/veritasinfo.org\/?p=32964#breadcrumb\"},\"inLanguage\":\"en-US\",\"potentialAction\":[{\"@type\":\"ReadAction\",\"target\":[\"https:\/\/veritasinfo.org\/?p=32964\"]}]},{\"@type\":\"ImageObject\",\"inLanguage\":\"en-US\",\"@id\":\"https:\/\/veritasinfo.org\/?p=32964#primaryimage\",\"url\":\"https:\/\/veritasinfo.org\/wp-content\/uploads\/2026\/02\/IMG_1271.png\",\"contentUrl\":\"https:\/\/veritasinfo.org\/wp-content\/uploads\/2026\/02\/IMG_1271.png\",\"width\":428,\"height\":285},{\"@type\":\"BreadcrumbList\",\"@id\":\"https:\/\/veritasinfo.org\/?p=32964#breadcrumb\",\"itemListElement\":[{\"@type\":\"ListItem\",\"position\":1,\"name\":\"Home\",\"item\":\"https:\/\/veritasinfo.org\/\"},{\"@type\":\"ListItem\",\"position\":2,\"name\":\"Policia me plan t\u00eb ve\u00e7ant\u00eb operativ p\u00ebr 18-vjetorin e Pavar\u00ebsis\u00eb, disa rrug\u00eb do t\u00eb mbyllen\"}]},{\"@type\":\"WebSite\",\"@id\":\"https:\/\/veritasinfo.org\/#website\",\"url\":\"https:\/\/veritasinfo.org\/\",\"name\":\"\",\"description\":\"\",\"potentialAction\":[{\"@type\":\"SearchAction\",\"target\":{\"@type\":\"EntryPoint\",\"urlTemplate\":\"https:\/\/veritasinfo.org\/?s={search_term_string}\"},\"query-input\":{\"@type\":\"PropertyValueSpecification\",\"valueRequired\":true,\"valueName\":\"search_term_string\"}}],\"inLanguage\":\"en-US\"},{\"@type\":\"Person\",\"@id\":\"https:\/\/veritasinfo.org\/#\/schema\/person\/bc442336e35414d04494ab8fb45db4c6\",\"name\":\"US5\",\"image\":{\"@type\":\"ImageObject\",\"inLanguage\":\"en-US\",\"@id\":\"https:\/\/veritasinfo.org\/#\/schema\/person\/image\/\",\"url\":\"https:\/\/secure.gravatar.com\/avatar\/16a61e7272a0c5d001121ebb9e60e925d5816e4ac1e443ed3e640d9a6ae55d0c?s=96&d=mm&r=g\",\"contentUrl\":\"https:\/\/secure.gravatar.com\/avatar\/16a61e7272a0c5d001121ebb9e60e925d5816e4ac1e443ed3e640d9a6ae55d0c?s=96&d=mm&r=g\",\"caption\":\"US5\"},\"url\":\"https:\/\/veritasinfo.org\/?author=6\"}]}<\/script>\n<!-- \/ Yoast SEO plugin. -->","yoast_head_json":{"title":"Policia me plan t\u00eb ve\u00e7ant\u00eb operativ p\u00ebr 18-vjetorin e Pavar\u00ebsis\u00eb, disa rrug\u00eb do t\u00eb mbyllen -","robots":{"index":"index","follow":"follow","max-snippet":"max-snippet:-1","max-image-preview":"max-image-preview:large","max-video-preview":"max-video-preview:-1"},"canonical":"https:\/\/veritasinfo.org\/?p=32964","og_locale":"en_US","og_type":"article","og_title":"Policia me plan t\u00eb ve\u00e7ant\u00eb operativ p\u00ebr 18-vjetorin e Pavar\u00ebsis\u00eb, disa rrug\u00eb do t\u00eb mbyllen -","og_description":"Prishtin\u00eb 16 shtator 2026 16:59 Me rastin e 18-vjetorit t\u00eb shpalljes s\u00eb Pavar\u00ebsis\u00eb s\u00eb Kosov\u00ebs, Policia e Kosov\u00ebs ka nd\u00ebrmarr\u00eb masa t\u00eb ve\u00e7anta operative dhe","og_url":"https:\/\/veritasinfo.org\/?p=32964","article_published_time":"2026-02-16T16:01:35+00:00","og_image":[{"width":428,"height":285,"url":"https:\/\/veritasinfo.org\/wp-content\/uploads\/2026\/02\/IMG_1271.png","type":"image\/png"}],"author":"US5","twitter_card":"summary_large_image","twitter_misc":{"Written by":"US5","Est. reading time":"2 minutes"},"schema":{"@context":"https:\/\/schema.org","@graph":[{"@type":"WebPage","@id":"https:\/\/veritasinfo.org\/?p=32964","url":"https:\/\/veritasinfo.org\/?p=32964","name":"Policia me plan t\u00eb ve\u00e7ant\u00eb operativ p\u00ebr 18-vjetorin e Pavar\u00ebsis\u00eb, disa rrug\u00eb do t\u00eb mbyllen -","isPartOf":{"@id":"https:\/\/veritasinfo.org\/#website"},"primaryImageOfPage":{"@id":"https:\/\/veritasinfo.org\/?p=32964#primaryimage"},"image":{"@id":"https:\/\/veritasinfo.org\/?p=32964#primaryimage"},"thumbnailUrl":"https:\/\/veritasinfo.org\/wp-content\/uploads\/2026\/02\/IMG_1271.png","datePublished":"2026-02-16T16:01:35+00:00","author":{"@id":"https:\/\/veritasinfo.org\/#\/schema\/person\/bc442336e35414d04494ab8fb45db4c6"},"breadcrumb":{"@id":"https:\/\/veritasinfo.org\/?p=32964#breadcrumb"},"inLanguage":"en-US","potentialAction":[{"@type":"ReadAction","target":["https:\/\/veritasinfo.org\/?p=32964"]}]},{"@type":"ImageObject","inLanguage":"en-US","@id":"https:\/\/veritasinfo.org\/?p=32964#primaryimage","url":"https:\/\/veritasinfo.org\/wp-content\/uploads\/2026\/02\/IMG_1271.png","contentUrl":"https:\/\/veritasinfo.org\/wp-content\/uploads\/2026\/02\/IMG_1271.png","width":428,"height":285},{"@type":"BreadcrumbList","@id":"https:\/\/veritasinfo.org\/?p=32964#breadcrumb","itemListElement":[{"@type":"ListItem","position":1,"name":"Home","item":"https:\/\/veritasinfo.org\/"},{"@type":"ListItem","position":2,"name":"Policia me plan t\u00eb ve\u00e7ant\u00eb operativ p\u00ebr 18-vjetorin e Pavar\u00ebsis\u00eb, disa rrug\u00eb do t\u00eb mbyllen"}]},{"@type":"WebSite","@id":"https:\/\/veritasinfo.org\/#website","url":"https:\/\/veritasinfo.org\/","name":"","description":"","potentialAction":[{"@type":"SearchAction","target":{"@type":"EntryPoint","urlTemplate":"https:\/\/veritasinfo.org\/?s={search_term_string}"},"query-input":{"@type":"PropertyValueSpecification","valueRequired":true,"valueName":"search_term_string"}}],"inLanguage":"en-US"},{"@type":"Person","@id":"https:\/\/veritasinfo.org\/#\/schema\/person\/bc442336e35414d04494ab8fb45db4c6","name":"US5","image":{"@type":"ImageObject","inLanguage":"en-US","@id":"https:\/\/veritasinfo.org\/#\/schema\/person\/image\/","url":"https:\/\/secure.gravatar.com\/avatar\/16a61e7272a0c5d001121ebb9e60e925d5816e4ac1e443ed3e640d9a6ae55d0c?s=96&d=mm&r=g","contentUrl":"https:\/\/secure.gravatar.com\/avatar\/16a61e7272a0c5d001121ebb9e60e925d5816e4ac1e443ed3e640d9a6ae55d0c?s=96&d=mm&r=g","caption":"US5"},"url":"https:\/\/veritasinfo.org\/?author=6"}]}},"featured_image_urls":{"full":["https:\/\/veritasinfo.org\/wp-content\/uploads\/2026\/02\/IMG_1271.png",428,285,false],"thumbnail":["https:\/\/veritasinfo.org\/wp-content\/uploads\/2026\/02\/IMG_1271-150x150.png",150,150,true],"medium":["https:\/\/veritasinfo.org\/wp-content\/uploads\/2026\/02\/IMG_1271-300x200.png",300,200,true],"medium_large":["https:\/\/veritasinfo.org\/wp-content\/uploads\/2026\/02\/IMG_1271.png",428,285,false],"large":["https:\/\/veritasinfo.org\/wp-content\/uploads\/2026\/02\/IMG_1271.png",428,285,false],"1536x1536":["https:\/\/veritasinfo.org\/wp-content\/uploads\/2026\/02\/IMG_1271.png",428,285,false],"2048x2048":["https:\/\/veritasinfo.org\/wp-content\/uploads\/2026\/02\/IMG_1271.png",428,285,false],"kreeti-slider-full":["https:\/\/veritasinfo.org\/wp-content\/uploads\/2026\/02\/IMG_1271.png",428,285,false],"kreeti-featured":["https:\/\/veritasinfo.org\/wp-content\/uploads\/2026\/02\/IMG_1271.png",428,285,false],"kreeti-medium":["https:\/\/veritasinfo.org\/wp-content\/uploads\/2026\/02\/IMG_1271.png",428,285,false],"kreeti-medium-square":["https:\/\/veritasinfo.org\/wp-content\/uploads\/2026\/02\/IMG_1271.png",350,233,false]},"author_info":{"info":["US5"]},"category_info":"<a href=\"https:\/\/veritasinfo.org\/?cat=60\" rel=\"category\">Shoq\u00ebrore<\/a>","tag_info":"Shoq\u00ebrore","comment_count":"0","_links":{"self":[{"href":"https:\/\/veritasinfo.org\/index.php?rest_route=\/wp\/v2\/posts\/32964","targetHints":{"allow":["GET"]}}],"collection":[{"href":"https:\/\/veritasinfo.org\/index.php?rest_route=\/wp\/v2\/posts"}],"about":[{"href":"https:\/\/veritasinfo.org\/index.php?rest_route=\/wp\/v2\/types\/post"}],"author":[{"embeddable":true,"href":"https:\/\/veritasinfo.org\/index.php?rest_route=\/wp\/v2\/users\/6"}],"replies":[{"embeddable":true,"href":"https:\/\/veritasinfo.org\/index.php?rest_route=%2Fwp%2Fv2%2Fcomments&post=32964"}],"version-history":[{"count":1,"href":"https:\/\/veritasinfo.org\/index.php?rest_route=\/wp\/v2\/posts\/32964\/revisions"}],"predecessor-version":[{"id":32966,"href":"https:\/\/veritasinfo.org\/index.php?rest_route=\/wp\/v2\/posts\/32964\/revisions\/32966"}],"wp:featuredmedia":[{"embeddable":true,"href":"https:\/\/veritasinfo.org\/index.php?rest_route=\/wp\/v2\/media\/32965"}],"wp:attachment":[{"href":"https:\/\/veritasinfo.org\/index.php?rest_route=%2Fwp%2Fv2%2Fmedia&parent=32964"}],"wp:term":[{"taxonomy":"category","embeddable":true,"href":"https:\/\/veritasinfo.org\/index.php?rest_route=%2Fwp%2Fv2%2Fcategories&post=32964"},{"taxonomy":"post_tag","embeddable":true,"href":"https:\/\/veritasinfo.org\/index.php?rest_route=%2Fwp%2Fv2%2Ftags&post=32964"}],"curies":[{"name":"wp","href":"https:\/\/api.w.org\/{rel}","templated":true}]}}