{"id":32939,"date":"2026-02-16T14:59:18","date_gmt":"2026-02-16T13:59:18","guid":{"rendered":"https:\/\/veritasinfo.org\/?p=32939"},"modified":"2026-02-16T14:59:18","modified_gmt":"2026-02-16T13:59:18","slug":"prattipati-uron-18-vjetorin-kosova-vazhdon-te-ndertoje-te-ardhme-te-sigurt","status":"publish","type":"post","link":"https:\/\/veritasinfo.org\/?p=32939","title":{"rendered":"Prattipati uron 18-vjetorin: Kosova vazhdon t\u00eb nd\u00ebrtoj\u00eb t\u00eb ardhme t\u00eb sigurt"},"content":{"rendered":"<p>Prishtin\u00eb 16 shtator 2026 14:52<\/p>\n<p>Anu Prattipati, e ngarkuara me pun\u00eb e Shtetet e Bashkuara t\u00eb Amerik\u00ebs n\u00eb Kosov\u00eb, ka uruar Kosov\u00ebn me rastin e Dit\u00ebs s\u00eb Pavar\u00ebsis\u00eb.<\/p>\n<p>\u201cK\u00ebt\u00eb vit, nd\u00ebrsa Kosova sh\u00ebnon 18-vjetorin e pavar\u00ebsis\u00eb dhe Shtetet e Bashkuara festojn\u00eb 250-vjetorin e tyre, ne q\u00ebndrojm\u00eb s\u00eb bashku teksa Kosova vazhdon t\u00eb nd\u00ebrtoj\u00eb nj\u00eb t\u00eb ardhme t\u00eb sigurt dhe t\u00eb begat\u00eb\u201d, tha ajo p\u00ebrmes nj\u00eb mesazhi t\u00eb publikuar n\u00eb Instagram.<\/p>\n<p>Sipas saj, partneriteti i SHBA-s\u00eb me Kosov\u00ebn filloi edhe para pavar\u00ebsis\u00eb, n\u00eb vitin 1996, kur Shtetet e Bashkuara hap\u00ebn zyr\u00ebn e tyre t\u00eb par\u00eb n\u00eb Prishtin\u00eb.<\/p>\n<p>\u201cQ\u00eb at\u00ebher\u00eb, ne kemi q\u00ebndruar pran\u00eb Kosov\u00ebs, duke mb\u00ebshtetur rrug\u00ebtimin e saj demokratik, i cili hedh themelet p\u00ebr t\u00eb ardhmen. Ne presim me padurim zgjerimin e bashk\u00ebpunimit ton\u00eb n\u00eb tregti, investime dhe forcimin e lidhjeve t\u00eb siguris\u00eb, n\u00eb dobi t\u00eb t\u00eb dy vendeve tona. Ne mir\u00ebpresim p\u00ebrkushtimin e Kosov\u00ebs ndaj paqes nd\u00ebrkomb\u00ebtare dhe vazhdojm\u00eb t\u00eb inkurajojm\u00eb nj\u00eb t\u00eb ardhme shumetnike dhe demokratike p\u00ebr t\u00eb gjith\u00eb qytetar\u00ebt e saj\u201d, tha ajo.<\/p>\n","protected":false},"excerpt":{"rendered":"<p>Prishtin\u00eb 16 shtator 2026 14:52 Anu Prattipati, e ngarkuara me pun\u00eb e Shtetet e Bashkuara t\u00eb Amerik\u00ebs n\u00eb Kosov\u00eb, ka uruar Kosov\u00ebn me rastin e<\/p>\n","protected":false},"author":6,"featured_media":32940,"comment_status":"open","ping_status":"open","sticky":false,"template":"","format":"standard","meta":{"footnotes":""},"categories":[60],"tags":[],"class_list":["post-32939","post","type-post","status-publish","format-standard","has-post-thumbnail","hentry","category-shoqerore-sq"],"yoast_head":"<!-- This site is optimized with the Yoast SEO plugin v25.3.1 - https:\/\/yoast.com\/wordpress\/plugins\/seo\/ -->\n<title>Prattipati uron 18-vjetorin: Kosova vazhdon t\u00eb nd\u00ebrtoj\u00eb t\u00eb ardhme t\u00eb sigurt -<\/title>\n<meta name=\"robots\" content=\"index, follow, max-snippet:-1, max-image-preview:large, max-video-preview:-1\" \/>\n<link rel=\"canonical\" href=\"https:\/\/veritasinfo.org\/?p=32939\" \/>\n<meta property=\"og:locale\" content=\"en_US\" \/>\n<meta property=\"og:type\" content=\"article\" \/>\n<meta property=\"og:title\" content=\"Prattipati uron 18-vjetorin: Kosova vazhdon t\u00eb nd\u00ebrtoj\u00eb t\u00eb ardhme t\u00eb sigurt -\" \/>\n<meta property=\"og:description\" content=\"Prishtin\u00eb 16 shtator 2026 14:52 Anu Prattipati, e ngarkuara me pun\u00eb e Shtetet e Bashkuara t\u00eb Amerik\u00ebs n\u00eb Kosov\u00eb, ka uruar Kosov\u00ebn me rastin e\" \/>\n<meta property=\"og:url\" content=\"https:\/\/veritasinfo.org\/?p=32939\" \/>\n<meta property=\"article:published_time\" content=\"2026-02-16T13:59:18+00:00\" \/>\n<meta property=\"og:image\" content=\"https:\/\/veritasinfo.org\/wp-content\/uploads\/2026\/02\/717344-jo5WdR8PuK.jpg\" \/>\n\t<meta property=\"og:image:width\" content=\"780\" \/>\n\t<meta property=\"og:image:height\" content=\"500\" \/>\n\t<meta property=\"og:image:type\" content=\"image\/jpeg\" \/>\n<meta name=\"author\" content=\"US5\" \/>\n<meta name=\"twitter:card\" content=\"summary_large_image\" \/>\n<meta name=\"twitter:label1\" content=\"Written by\" \/>\n\t<meta name=\"twitter:data1\" content=\"US5\" \/>\n\t<meta name=\"twitter:label2\" content=\"Est. reading time\" \/>\n\t<meta name=\"twitter:data2\" content=\"1 minute\" \/>\n<script type=\"application\/ld+json\" class=\"yoast-schema-graph\">{\"@context\":\"https:\/\/schema.org\",\"@graph\":[{\"@type\":\"WebPage\",\"@id\":\"https:\/\/veritasinfo.org\/?p=32939\",\"url\":\"https:\/\/veritasinfo.org\/?p=32939\",\"name\":\"Prattipati uron 18-vjetorin: Kosova vazhdon t\u00eb nd\u00ebrtoj\u00eb t\u00eb ardhme t\u00eb sigurt -\",\"isPartOf\":{\"@id\":\"https:\/\/veritasinfo.org\/#website\"},\"primaryImageOfPage\":{\"@id\":\"https:\/\/veritasinfo.org\/?p=32939#primaryimage\"},\"image\":{\"@id\":\"https:\/\/veritasinfo.org\/?p=32939#primaryimage\"},\"thumbnailUrl\":\"https:\/\/veritasinfo.org\/wp-content\/uploads\/2026\/02\/717344-jo5WdR8PuK.jpg\",\"datePublished\":\"2026-02-16T13:59:18+00:00\",\"author\":{\"@id\":\"https:\/\/veritasinfo.org\/#\/schema\/person\/bc442336e35414d04494ab8fb45db4c6\"},\"breadcrumb\":{\"@id\":\"https:\/\/veritasinfo.org\/?p=32939#breadcrumb\"},\"inLanguage\":\"en-US\",\"potentialAction\":[{\"@type\":\"ReadAction\",\"target\":[\"https:\/\/veritasinfo.org\/?p=32939\"]}]},{\"@type\":\"ImageObject\",\"inLanguage\":\"en-US\",\"@id\":\"https:\/\/veritasinfo.org\/?p=32939#primaryimage\",\"url\":\"https:\/\/veritasinfo.org\/wp-content\/uploads\/2026\/02\/717344-jo5WdR8PuK.jpg\",\"contentUrl\":\"https:\/\/veritasinfo.org\/wp-content\/uploads\/2026\/02\/717344-jo5WdR8PuK.jpg\",\"width\":780,\"height\":500},{\"@type\":\"BreadcrumbList\",\"@id\":\"https:\/\/veritasinfo.org\/?p=32939#breadcrumb\",\"itemListElement\":[{\"@type\":\"ListItem\",\"position\":1,\"name\":\"Home\",\"item\":\"https:\/\/veritasinfo.org\/\"},{\"@type\":\"ListItem\",\"position\":2,\"name\":\"Prattipati uron 18-vjetorin: Kosova vazhdon t\u00eb nd\u00ebrtoj\u00eb t\u00eb ardhme t\u00eb sigurt\"}]},{\"@type\":\"WebSite\",\"@id\":\"https:\/\/veritasinfo.org\/#website\",\"url\":\"https:\/\/veritasinfo.org\/\",\"name\":\"\",\"description\":\"\",\"potentialAction\":[{\"@type\":\"SearchAction\",\"target\":{\"@type\":\"EntryPoint\",\"urlTemplate\":\"https:\/\/veritasinfo.org\/?s={search_term_string}\"},\"query-input\":{\"@type\":\"PropertyValueSpecification\",\"valueRequired\":true,\"valueName\":\"search_term_string\"}}],\"inLanguage\":\"en-US\"},{\"@type\":\"Person\",\"@id\":\"https:\/\/veritasinfo.org\/#\/schema\/person\/bc442336e35414d04494ab8fb45db4c6\",\"name\":\"US5\",\"image\":{\"@type\":\"ImageObject\",\"inLanguage\":\"en-US\",\"@id\":\"https:\/\/veritasinfo.org\/#\/schema\/person\/image\/\",\"url\":\"https:\/\/secure.gravatar.com\/avatar\/16a61e7272a0c5d001121ebb9e60e925d5816e4ac1e443ed3e640d9a6ae55d0c?s=96&d=mm&r=g\",\"contentUrl\":\"https:\/\/secure.gravatar.com\/avatar\/16a61e7272a0c5d001121ebb9e60e925d5816e4ac1e443ed3e640d9a6ae55d0c?s=96&d=mm&r=g\",\"caption\":\"US5\"},\"url\":\"https:\/\/veritasinfo.org\/?author=6\"}]}<\/script>\n<!-- \/ Yoast SEO plugin. -->","yoast_head_json":{"title":"Prattipati uron 18-vjetorin: Kosova vazhdon t\u00eb nd\u00ebrtoj\u00eb t\u00eb ardhme t\u00eb sigurt -","robots":{"index":"index","follow":"follow","max-snippet":"max-snippet:-1","max-image-preview":"max-image-preview:large","max-video-preview":"max-video-preview:-1"},"canonical":"https:\/\/veritasinfo.org\/?p=32939","og_locale":"en_US","og_type":"article","og_title":"Prattipati uron 18-vjetorin: Kosova vazhdon t\u00eb nd\u00ebrtoj\u00eb t\u00eb ardhme t\u00eb sigurt -","og_description":"Prishtin\u00eb 16 shtator 2026 14:52 Anu Prattipati, e ngarkuara me pun\u00eb e Shtetet e Bashkuara t\u00eb Amerik\u00ebs n\u00eb Kosov\u00eb, ka uruar Kosov\u00ebn me rastin e","og_url":"https:\/\/veritasinfo.org\/?p=32939","article_published_time":"2026-02-16T13:59:18+00:00","og_image":[{"width":780,"height":500,"url":"https:\/\/veritasinfo.org\/wp-content\/uploads\/2026\/02\/717344-jo5WdR8PuK.jpg","type":"image\/jpeg"}],"author":"US5","twitter_card":"summary_large_image","twitter_misc":{"Written by":"US5","Est. reading time":"1 minute"},"schema":{"@context":"https:\/\/schema.org","@graph":[{"@type":"WebPage","@id":"https:\/\/veritasinfo.org\/?p=32939","url":"https:\/\/veritasinfo.org\/?p=32939","name":"Prattipati uron 18-vjetorin: Kosova vazhdon t\u00eb nd\u00ebrtoj\u00eb t\u00eb ardhme t\u00eb sigurt -","isPartOf":{"@id":"https:\/\/veritasinfo.org\/#website"},"primaryImageOfPage":{"@id":"https:\/\/veritasinfo.org\/?p=32939#primaryimage"},"image":{"@id":"https:\/\/veritasinfo.org\/?p=32939#primaryimage"},"thumbnailUrl":"https:\/\/veritasinfo.org\/wp-content\/uploads\/2026\/02\/717344-jo5WdR8PuK.jpg","datePublished":"2026-02-16T13:59:18+00:00","author":{"@id":"https:\/\/veritasinfo.org\/#\/schema\/person\/bc442336e35414d04494ab8fb45db4c6"},"breadcrumb":{"@id":"https:\/\/veritasinfo.org\/?p=32939#breadcrumb"},"inLanguage":"en-US","potentialAction":[{"@type":"ReadAction","target":["https:\/\/veritasinfo.org\/?p=32939"]}]},{"@type":"ImageObject","inLanguage":"en-US","@id":"https:\/\/veritasinfo.org\/?p=32939#primaryimage","url":"https:\/\/veritasinfo.org\/wp-content\/uploads\/2026\/02\/717344-jo5WdR8PuK.jpg","contentUrl":"https:\/\/veritasinfo.org\/wp-content\/uploads\/2026\/02\/717344-jo5WdR8PuK.jpg","width":780,"height":500},{"@type":"BreadcrumbList","@id":"https:\/\/veritasinfo.org\/?p=32939#breadcrumb","itemListElement":[{"@type":"ListItem","position":1,"name":"Home","item":"https:\/\/veritasinfo.org\/"},{"@type":"ListItem","position":2,"name":"Prattipati uron 18-vjetorin: Kosova vazhdon t\u00eb nd\u00ebrtoj\u00eb t\u00eb ardhme t\u00eb sigurt"}]},{"@type":"WebSite","@id":"https:\/\/veritasinfo.org\/#website","url":"https:\/\/veritasinfo.org\/","name":"","description":"","potentialAction":[{"@type":"SearchAction","target":{"@type":"EntryPoint","urlTemplate":"https:\/\/veritasinfo.org\/?s={search_term_string}"},"query-input":{"@type":"PropertyValueSpecification","valueRequired":true,"valueName":"search_term_string"}}],"inLanguage":"en-US"},{"@type":"Person","@id":"https:\/\/veritasinfo.org\/#\/schema\/person\/bc442336e35414d04494ab8fb45db4c6","name":"US5","image":{"@type":"ImageObject","inLanguage":"en-US","@id":"https:\/\/veritasinfo.org\/#\/schema\/person\/image\/","url":"https:\/\/secure.gravatar.com\/avatar\/16a61e7272a0c5d001121ebb9e60e925d5816e4ac1e443ed3e640d9a6ae55d0c?s=96&d=mm&r=g","contentUrl":"https:\/\/secure.gravatar.com\/avatar\/16a61e7272a0c5d001121ebb9e60e925d5816e4ac1e443ed3e640d9a6ae55d0c?s=96&d=mm&r=g","caption":"US5"},"url":"https:\/\/veritasinfo.org\/?author=6"}]}},"featured_image_urls":{"full":["https:\/\/veritasinfo.org\/wp-content\/uploads\/2026\/02\/717344-jo5WdR8PuK.jpg",780,500,false],"thumbnail":["https:\/\/veritasinfo.org\/wp-content\/uploads\/2026\/02\/717344-jo5WdR8PuK-150x150.jpg",150,150,true],"medium":["https:\/\/veritasinfo.org\/wp-content\/uploads\/2026\/02\/717344-jo5WdR8PuK-300x192.jpg",300,192,true],"medium_large":["https:\/\/veritasinfo.org\/wp-content\/uploads\/2026\/02\/717344-jo5WdR8PuK-768x492.jpg",640,410,true],"large":["https:\/\/veritasinfo.org\/wp-content\/uploads\/2026\/02\/717344-jo5WdR8PuK.jpg",640,410,false],"1536x1536":["https:\/\/veritasinfo.org\/wp-content\/uploads\/2026\/02\/717344-jo5WdR8PuK.jpg",780,500,false],"2048x2048":["https:\/\/veritasinfo.org\/wp-content\/uploads\/2026\/02\/717344-jo5WdR8PuK.jpg",780,500,false],"kreeti-slider-full":["https:\/\/veritasinfo.org\/wp-content\/uploads\/2026\/02\/717344-jo5WdR8PuK.jpg",780,500,false],"kreeti-featured":["https:\/\/veritasinfo.org\/wp-content\/uploads\/2026\/02\/717344-jo5WdR8PuK.jpg",780,500,false],"kreeti-medium":["https:\/\/veritasinfo.org\/wp-content\/uploads\/2026\/02\/717344-jo5WdR8PuK.jpg",720,462,false],"kreeti-medium-square":["https:\/\/veritasinfo.org\/wp-content\/uploads\/2026\/02\/717344-jo5WdR8PuK.jpg",350,224,false]},"author_info":{"info":["US5"]},"category_info":"<a href=\"https:\/\/veritasinfo.org\/?cat=60\" rel=\"category\">Shoq\u00ebrore<\/a>","tag_info":"Shoq\u00ebrore","comment_count":"0","_links":{"self":[{"href":"https:\/\/veritasinfo.org\/index.php?rest_route=\/wp\/v2\/posts\/32939","targetHints":{"allow":["GET"]}}],"collection":[{"href":"https:\/\/veritasinfo.org\/index.php?rest_route=\/wp\/v2\/posts"}],"about":[{"href":"https:\/\/veritasinfo.org\/index.php?rest_route=\/wp\/v2\/types\/post"}],"author":[{"embeddable":true,"href":"https:\/\/veritasinfo.org\/index.php?rest_route=\/wp\/v2\/users\/6"}],"replies":[{"embeddable":true,"href":"https:\/\/veritasinfo.org\/index.php?rest_route=%2Fwp%2Fv2%2Fcomments&post=32939"}],"version-history":[{"count":1,"href":"https:\/\/veritasinfo.org\/index.php?rest_route=\/wp\/v2\/posts\/32939\/revisions"}],"predecessor-version":[{"id":32941,"href":"https:\/\/veritasinfo.org\/index.php?rest_route=\/wp\/v2\/posts\/32939\/revisions\/32941"}],"wp:featuredmedia":[{"embeddable":true,"href":"https:\/\/veritasinfo.org\/index.php?rest_route=\/wp\/v2\/media\/32940"}],"wp:attachment":[{"href":"https:\/\/veritasinfo.org\/index.php?rest_route=%2Fwp%2Fv2%2Fmedia&parent=32939"}],"wp:term":[{"taxonomy":"category","embeddable":true,"href":"https:\/\/veritasinfo.org\/index.php?rest_route=%2Fwp%2Fv2%2Fcategories&post=32939"},{"taxonomy":"post_tag","embeddable":true,"href":"https:\/\/veritasinfo.org\/index.php?rest_route=%2Fwp%2Fv2%2Ftags&post=32939"}],"curies":[{"name":"wp","href":"https:\/\/api.w.org\/{rel}","templated":true}]}}