{"id":32917,"date":"2026-02-16T13:45:03","date_gmt":"2026-02-16T12:45:03","guid":{"rendered":"https:\/\/veritasinfo.org\/?p=32917"},"modified":"2026-02-16T13:45:03","modified_gmt":"2026-02-16T12:45:03","slug":"osmani-ne-hage-po-gjykohen-padrejtesisht-edhe-proceset-tona-jetike-liria-pavaresia","status":"publish","type":"post","link":"https:\/\/veritasinfo.org\/?p=32917","title":{"rendered":"Osmani: N\u00eb Hag\u00eb po gjykohen padrejt\u00ebsisht edhe proceset tona jetike, liria, pavar\u00ebsia"},"content":{"rendered":"<p>Prishtin\u00eb 16 shtator 2026 13:44<\/p>\n<p>Presidentja Vjosa Osmani tha se \u201cU\u00c7K-ja \u00ebsht\u00eb ideali m\u00eb i fuqish\u00ebm i nd\u00ebrtuar nga shqiptar\u00ebt nd\u00ebr shekuj\u201d.<\/p>\n<p>Ajo tha n\u00eb promovimin e librit \u201cKur heshtja flet\u201d t\u00eb autorit Ahmet Shala, se ai rikthen kujtes\u00ebn kolektive dhe \u201ce nge n\u00eb nivel nd\u00ebrkomb\u00ebtar nd\u00ebrgjegjen morale p\u00ebr lirin\u00eb, p\u00ebr drejt\u00ebsin\u00eb dhe dinjitetin\u201d.<\/p>\n<p>Duke folur p\u00ebr gjykimin ndaj ish-krer\u00ebve t\u00eb U\u00c7K-s\u00eb n\u00eb Gjykat\u00ebn Speciale n\u00eb Hag\u00eb, q\u00eb trajtohet n\u00eb lib\u00ebr, Osmani tha se po b\u00ebhet gjykim i padrejt\u00eb edhe ndaj \u201cvet\u00eb proceseve tona jetike, ndaj liris\u00eb e pavar\u00ebsis\u00eb son\u00eb dhe p\u00ebrpjekjeve p\u00ebr \u00e7lirim t\u00eb cilat u nd\u00ebrmor\u00ebn n\u00eb sh\u00ebrbim t\u00eb liris\u00eb dhe mbijetes\u00ebs s\u00eb popullit ton\u00eb\u201d.<\/p>\n<p>Osmani tha se lufta \u201cnuk ishte akt i impulsit\u201d, nd\u00ebrsa tha se drejt\u00ebsia nuk mund t\u00eb nd\u00ebrtohet mbi \u201cnarrativa t\u00eb rreme\u201d.<\/p>\n<p>\u201cDrejt\u00ebsia e fiton kuptimin e plot\u00eb vet\u00ebm at\u00ebher\u00eb kur \u00ebsht\u00eb e paanshme dhe e nd\u00ebrtuar mbi fakte t\u00eb v\u00ebrteta, por asnj\u00ebher\u00eb kur ajo nd\u00ebrtohet mbi narrativa t\u00eb rrejshme, t\u00eb nj\u00ebanshme dhe me synim p\u00ebr ta rishkruar historin\u00eb\u201d, tha ajo.<\/p>\n<p>Ajo tha se n\u00eb Hag\u00eb \u201cpo d\u00ebshirojn\u00eb ta deformojn\u00eb historin\u00eb ton\u00eb\u201d.<\/p>\n<p>\u201cNj\u00eb histori e shkruar me gjak, asnj\u00ebher\u00eb, asnj\u00ebher\u00eb nuk mund t\u00eb fshihet e as t\u00eb shtremb\u00ebrohet nga g\u00ebnjeshtra t\u00eb shkruara n\u00eb let\u00ebr\u201d, tha ajo.<\/p>\n","protected":false},"excerpt":{"rendered":"<p>Prishtin\u00eb 16 shtator 2026 13:44 Presidentja Vjosa Osmani tha se \u201cU\u00c7K-ja \u00ebsht\u00eb ideali m\u00eb i fuqish\u00ebm i nd\u00ebrtuar nga shqiptar\u00ebt nd\u00ebr shekuj\u201d. Ajo tha n\u00eb<\/p>\n","protected":false},"author":6,"featured_media":32918,"comment_status":"open","ping_status":"open","sticky":false,"template":"","format":"standard","meta":{"footnotes":""},"categories":[60],"tags":[],"class_list":["post-32917","post","type-post","status-publish","format-standard","has-post-thumbnail","hentry","category-shoqerore-sq"],"yoast_head":"<!-- This site is optimized with the Yoast SEO plugin v25.3.1 - https:\/\/yoast.com\/wordpress\/plugins\/seo\/ -->\n<title>Osmani: N\u00eb Hag\u00eb po gjykohen padrejt\u00ebsisht edhe proceset tona jetike, liria, pavar\u00ebsia -<\/title>\n<meta name=\"robots\" content=\"index, follow, max-snippet:-1, max-image-preview:large, max-video-preview:-1\" \/>\n<link rel=\"canonical\" href=\"https:\/\/veritasinfo.org\/?p=32917\" \/>\n<meta property=\"og:locale\" content=\"en_US\" \/>\n<meta property=\"og:type\" content=\"article\" \/>\n<meta property=\"og:title\" content=\"Osmani: N\u00eb Hag\u00eb po gjykohen padrejt\u00ebsisht edhe proceset tona jetike, liria, pavar\u00ebsia -\" \/>\n<meta property=\"og:description\" content=\"Prishtin\u00eb 16 shtator 2026 13:44 Presidentja Vjosa Osmani tha se \u201cU\u00c7K-ja \u00ebsht\u00eb ideali m\u00eb i fuqish\u00ebm i nd\u00ebrtuar nga shqiptar\u00ebt nd\u00ebr shekuj\u201d. Ajo tha n\u00eb\" \/>\n<meta property=\"og:url\" content=\"https:\/\/veritasinfo.org\/?p=32917\" \/>\n<meta property=\"article:published_time\" content=\"2026-02-16T12:45:03+00:00\" \/>\n<meta property=\"og:image\" content=\"https:\/\/veritasinfo.org\/wp-content\/uploads\/2026\/02\/os-600x360-1.png\" \/>\n\t<meta property=\"og:image:width\" content=\"600\" \/>\n\t<meta property=\"og:image:height\" content=\"360\" \/>\n\t<meta property=\"og:image:type\" content=\"image\/png\" \/>\n<meta name=\"author\" content=\"US5\" \/>\n<meta name=\"twitter:card\" content=\"summary_large_image\" \/>\n<meta name=\"twitter:label1\" content=\"Written by\" \/>\n\t<meta name=\"twitter:data1\" content=\"US5\" \/>\n<script type=\"application\/ld+json\" class=\"yoast-schema-graph\">{\"@context\":\"https:\/\/schema.org\",\"@graph\":[{\"@type\":\"WebPage\",\"@id\":\"https:\/\/veritasinfo.org\/?p=32917\",\"url\":\"https:\/\/veritasinfo.org\/?p=32917\",\"name\":\"Osmani: N\u00eb Hag\u00eb po gjykohen padrejt\u00ebsisht edhe proceset tona jetike, liria, pavar\u00ebsia -\",\"isPartOf\":{\"@id\":\"https:\/\/veritasinfo.org\/#website\"},\"primaryImageOfPage\":{\"@id\":\"https:\/\/veritasinfo.org\/?p=32917#primaryimage\"},\"image\":{\"@id\":\"https:\/\/veritasinfo.org\/?p=32917#primaryimage\"},\"thumbnailUrl\":\"https:\/\/veritasinfo.org\/wp-content\/uploads\/2026\/02\/os-600x360-1.png\",\"datePublished\":\"2026-02-16T12:45:03+00:00\",\"author\":{\"@id\":\"https:\/\/veritasinfo.org\/#\/schema\/person\/bc442336e35414d04494ab8fb45db4c6\"},\"breadcrumb\":{\"@id\":\"https:\/\/veritasinfo.org\/?p=32917#breadcrumb\"},\"inLanguage\":\"en-US\",\"potentialAction\":[{\"@type\":\"ReadAction\",\"target\":[\"https:\/\/veritasinfo.org\/?p=32917\"]}]},{\"@type\":\"ImageObject\",\"inLanguage\":\"en-US\",\"@id\":\"https:\/\/veritasinfo.org\/?p=32917#primaryimage\",\"url\":\"https:\/\/veritasinfo.org\/wp-content\/uploads\/2026\/02\/os-600x360-1.png\",\"contentUrl\":\"https:\/\/veritasinfo.org\/wp-content\/uploads\/2026\/02\/os-600x360-1.png\",\"width\":600,\"height\":360},{\"@type\":\"BreadcrumbList\",\"@id\":\"https:\/\/veritasinfo.org\/?p=32917#breadcrumb\",\"itemListElement\":[{\"@type\":\"ListItem\",\"position\":1,\"name\":\"Home\",\"item\":\"https:\/\/veritasinfo.org\/\"},{\"@type\":\"ListItem\",\"position\":2,\"name\":\"Osmani: N\u00eb Hag\u00eb po gjykohen padrejt\u00ebsisht edhe proceset tona jetike, liria, pavar\u00ebsia\"}]},{\"@type\":\"WebSite\",\"@id\":\"https:\/\/veritasinfo.org\/#website\",\"url\":\"https:\/\/veritasinfo.org\/\",\"name\":\"\",\"description\":\"\",\"potentialAction\":[{\"@type\":\"SearchAction\",\"target\":{\"@type\":\"EntryPoint\",\"urlTemplate\":\"https:\/\/veritasinfo.org\/?s={search_term_string}\"},\"query-input\":{\"@type\":\"PropertyValueSpecification\",\"valueRequired\":true,\"valueName\":\"search_term_string\"}}],\"inLanguage\":\"en-US\"},{\"@type\":\"Person\",\"@id\":\"https:\/\/veritasinfo.org\/#\/schema\/person\/bc442336e35414d04494ab8fb45db4c6\",\"name\":\"US5\",\"image\":{\"@type\":\"ImageObject\",\"inLanguage\":\"en-US\",\"@id\":\"https:\/\/veritasinfo.org\/#\/schema\/person\/image\/\",\"url\":\"https:\/\/secure.gravatar.com\/avatar\/16a61e7272a0c5d001121ebb9e60e925d5816e4ac1e443ed3e640d9a6ae55d0c?s=96&d=mm&r=g\",\"contentUrl\":\"https:\/\/secure.gravatar.com\/avatar\/16a61e7272a0c5d001121ebb9e60e925d5816e4ac1e443ed3e640d9a6ae55d0c?s=96&d=mm&r=g\",\"caption\":\"US5\"},\"url\":\"https:\/\/veritasinfo.org\/?author=6\"}]}<\/script>\n<!-- \/ Yoast SEO plugin. -->","yoast_head_json":{"title":"Osmani: N\u00eb Hag\u00eb po gjykohen padrejt\u00ebsisht edhe proceset tona jetike, liria, pavar\u00ebsia -","robots":{"index":"index","follow":"follow","max-snippet":"max-snippet:-1","max-image-preview":"max-image-preview:large","max-video-preview":"max-video-preview:-1"},"canonical":"https:\/\/veritasinfo.org\/?p=32917","og_locale":"en_US","og_type":"article","og_title":"Osmani: N\u00eb Hag\u00eb po gjykohen padrejt\u00ebsisht edhe proceset tona jetike, liria, pavar\u00ebsia -","og_description":"Prishtin\u00eb 16 shtator 2026 13:44 Presidentja Vjosa Osmani tha se \u201cU\u00c7K-ja \u00ebsht\u00eb ideali m\u00eb i fuqish\u00ebm i nd\u00ebrtuar nga shqiptar\u00ebt nd\u00ebr shekuj\u201d. Ajo tha n\u00eb","og_url":"https:\/\/veritasinfo.org\/?p=32917","article_published_time":"2026-02-16T12:45:03+00:00","og_image":[{"width":600,"height":360,"url":"https:\/\/veritasinfo.org\/wp-content\/uploads\/2026\/02\/os-600x360-1.png","type":"image\/png"}],"author":"US5","twitter_card":"summary_large_image","twitter_misc":{"Written by":"US5"},"schema":{"@context":"https:\/\/schema.org","@graph":[{"@type":"WebPage","@id":"https:\/\/veritasinfo.org\/?p=32917","url":"https:\/\/veritasinfo.org\/?p=32917","name":"Osmani: N\u00eb Hag\u00eb po gjykohen padrejt\u00ebsisht edhe proceset tona jetike, liria, pavar\u00ebsia -","isPartOf":{"@id":"https:\/\/veritasinfo.org\/#website"},"primaryImageOfPage":{"@id":"https:\/\/veritasinfo.org\/?p=32917#primaryimage"},"image":{"@id":"https:\/\/veritasinfo.org\/?p=32917#primaryimage"},"thumbnailUrl":"https:\/\/veritasinfo.org\/wp-content\/uploads\/2026\/02\/os-600x360-1.png","datePublished":"2026-02-16T12:45:03+00:00","author":{"@id":"https:\/\/veritasinfo.org\/#\/schema\/person\/bc442336e35414d04494ab8fb45db4c6"},"breadcrumb":{"@id":"https:\/\/veritasinfo.org\/?p=32917#breadcrumb"},"inLanguage":"en-US","potentialAction":[{"@type":"ReadAction","target":["https:\/\/veritasinfo.org\/?p=32917"]}]},{"@type":"ImageObject","inLanguage":"en-US","@id":"https:\/\/veritasinfo.org\/?p=32917#primaryimage","url":"https:\/\/veritasinfo.org\/wp-content\/uploads\/2026\/02\/os-600x360-1.png","contentUrl":"https:\/\/veritasinfo.org\/wp-content\/uploads\/2026\/02\/os-600x360-1.png","width":600,"height":360},{"@type":"BreadcrumbList","@id":"https:\/\/veritasinfo.org\/?p=32917#breadcrumb","itemListElement":[{"@type":"ListItem","position":1,"name":"Home","item":"https:\/\/veritasinfo.org\/"},{"@type":"ListItem","position":2,"name":"Osmani: N\u00eb Hag\u00eb po gjykohen padrejt\u00ebsisht edhe proceset tona jetike, liria, pavar\u00ebsia"}]},{"@type":"WebSite","@id":"https:\/\/veritasinfo.org\/#website","url":"https:\/\/veritasinfo.org\/","name":"","description":"","potentialAction":[{"@type":"SearchAction","target":{"@type":"EntryPoint","urlTemplate":"https:\/\/veritasinfo.org\/?s={search_term_string}"},"query-input":{"@type":"PropertyValueSpecification","valueRequired":true,"valueName":"search_term_string"}}],"inLanguage":"en-US"},{"@type":"Person","@id":"https:\/\/veritasinfo.org\/#\/schema\/person\/bc442336e35414d04494ab8fb45db4c6","name":"US5","image":{"@type":"ImageObject","inLanguage":"en-US","@id":"https:\/\/veritasinfo.org\/#\/schema\/person\/image\/","url":"https:\/\/secure.gravatar.com\/avatar\/16a61e7272a0c5d001121ebb9e60e925d5816e4ac1e443ed3e640d9a6ae55d0c?s=96&d=mm&r=g","contentUrl":"https:\/\/secure.gravatar.com\/avatar\/16a61e7272a0c5d001121ebb9e60e925d5816e4ac1e443ed3e640d9a6ae55d0c?s=96&d=mm&r=g","caption":"US5"},"url":"https:\/\/veritasinfo.org\/?author=6"}]}},"featured_image_urls":{"full":["https:\/\/veritasinfo.org\/wp-content\/uploads\/2026\/02\/os-600x360-1.png",600,360,false],"thumbnail":["https:\/\/veritasinfo.org\/wp-content\/uploads\/2026\/02\/os-600x360-1-150x150.png",150,150,true],"medium":["https:\/\/veritasinfo.org\/wp-content\/uploads\/2026\/02\/os-600x360-1-300x180.png",300,180,true],"medium_large":["https:\/\/veritasinfo.org\/wp-content\/uploads\/2026\/02\/os-600x360-1.png",600,360,false],"large":["https:\/\/veritasinfo.org\/wp-content\/uploads\/2026\/02\/os-600x360-1.png",600,360,false],"1536x1536":["https:\/\/veritasinfo.org\/wp-content\/uploads\/2026\/02\/os-600x360-1.png",600,360,false],"2048x2048":["https:\/\/veritasinfo.org\/wp-content\/uploads\/2026\/02\/os-600x360-1.png",600,360,false],"kreeti-slider-full":["https:\/\/veritasinfo.org\/wp-content\/uploads\/2026\/02\/os-600x360-1.png",600,360,false],"kreeti-featured":["https:\/\/veritasinfo.org\/wp-content\/uploads\/2026\/02\/os-600x360-1.png",600,360,false],"kreeti-medium":["https:\/\/veritasinfo.org\/wp-content\/uploads\/2026\/02\/os-600x360-1.png",600,360,false],"kreeti-medium-square":["https:\/\/veritasinfo.org\/wp-content\/uploads\/2026\/02\/os-600x360-1.png",350,210,false]},"author_info":{"info":["US5"]},"category_info":"<a href=\"https:\/\/veritasinfo.org\/?cat=60\" rel=\"category\">Shoq\u00ebrore<\/a>","tag_info":"Shoq\u00ebrore","comment_count":"0","_links":{"self":[{"href":"https:\/\/veritasinfo.org\/index.php?rest_route=\/wp\/v2\/posts\/32917","targetHints":{"allow":["GET"]}}],"collection":[{"href":"https:\/\/veritasinfo.org\/index.php?rest_route=\/wp\/v2\/posts"}],"about":[{"href":"https:\/\/veritasinfo.org\/index.php?rest_route=\/wp\/v2\/types\/post"}],"author":[{"embeddable":true,"href":"https:\/\/veritasinfo.org\/index.php?rest_route=\/wp\/v2\/users\/6"}],"replies":[{"embeddable":true,"href":"https:\/\/veritasinfo.org\/index.php?rest_route=%2Fwp%2Fv2%2Fcomments&post=32917"}],"version-history":[{"count":1,"href":"https:\/\/veritasinfo.org\/index.php?rest_route=\/wp\/v2\/posts\/32917\/revisions"}],"predecessor-version":[{"id":32919,"href":"https:\/\/veritasinfo.org\/index.php?rest_route=\/wp\/v2\/posts\/32917\/revisions\/32919"}],"wp:featuredmedia":[{"embeddable":true,"href":"https:\/\/veritasinfo.org\/index.php?rest_route=\/wp\/v2\/media\/32918"}],"wp:attachment":[{"href":"https:\/\/veritasinfo.org\/index.php?rest_route=%2Fwp%2Fv2%2Fmedia&parent=32917"}],"wp:term":[{"taxonomy":"category","embeddable":true,"href":"https:\/\/veritasinfo.org\/index.php?rest_route=%2Fwp%2Fv2%2Fcategories&post=32917"},{"taxonomy":"post_tag","embeddable":true,"href":"https:\/\/veritasinfo.org\/index.php?rest_route=%2Fwp%2Fv2%2Ftags&post=32917"}],"curies":[{"name":"wp","href":"https:\/\/api.w.org\/{rel}","templated":true}]}}