{"id":32910,"date":"2026-02-16T12:46:17","date_gmt":"2026-02-16T11:46:17","guid":{"rendered":"https:\/\/veritasinfo.org\/?p=32910"},"modified":"2026-02-16T12:46:17","modified_gmt":"2026-02-16T11:46:17","slug":"edi-rama-nis-viziten-ne-prishtine-pritet-nga-osmani","status":"publish","type":"post","link":"https:\/\/veritasinfo.org\/?p=32910","title":{"rendered":"Edi Rama nis vizit\u00ebn n\u00eb Prishtin\u00eb, pritet nga Osmani"},"content":{"rendered":"<p>Prishtin\u00eb 16 shtator 2026 12:45<\/p>\n<p>Presidentja e Republik\u00ebs s\u00eb Kosov\u00ebs, Vjosa Osmani, priti sot n\u00eb takim Kryeministrin e Republik\u00ebs s\u00eb Shqip\u00ebris\u00eb, Edi Rama, me t\u00eb cilin diskutuan p\u00ebr marr\u00ebdh\u00ebniet nd\u00ebrshtet\u00ebrore dhe p\u00ebr zhvillimet rajonale.<\/p>\n<p>N\u00eb fokus t\u00eb takimit ishin, para s\u00eb gjithash, koordinimi i ngusht\u00eb politik dhe institucional, si dhe p\u00ebrkushtimi i nd\u00ebrsjell\u00eb p\u00ebr intensifikimin e bashk\u00ebpunimit n\u00eb politik\u00ebn e jashtme, n\u00eb funksion t\u00eb avancimit t\u00eb interesave t\u00eb p\u00ebrbashk\u00ebta strategjike.<\/p>\n<p>T\u00eb dy lider\u00ebt theksuan r\u00ebnd\u00ebsin\u00eb e koordinimit t\u00eb vazhduesh\u00ebm Kosov\u00eb\u2013Shqip\u00ebri si faktor paqeje dhe stabiliteti n\u00eb rajon, si dhe rolin konstruktiv t\u00eb t\u00eb dyja shteteve n\u00eb nisma nd\u00ebrkomb\u00ebtare q\u00eb promovojn\u00eb paqen dhe bashk\u00ebpunimin.<\/p>\n<p>Gjat\u00eb takimit u diskutua edhe p\u00ebr bashk\u00ebpunimin n\u00eb kuad\u00ebr t\u00eb Bordit t\u00eb Paqes, duke u theksuar r\u00ebnd\u00ebsia e angazhimit t\u00eb p\u00ebrbashk\u00ebt n\u00eb iniciativa globale q\u00eb promovojn\u00eb dialogun, sigurin\u00eb dhe vlerat demokratike. N\u00eb k\u00ebt\u00eb kontekst, u n\u00ebnvizua se Kosova dhe Shqip\u00ebria jan\u00eb t\u00eb nderuara me ftes\u00ebn nga Presidenti Donald Trump n\u00eb Bordin e Paqes, si d\u00ebshmi e respektit dhe partneritetit me aleat\u00ebt strategjik\u00eb.<\/p>\n<p>Presidentja Osmani dhe Kryeministri Rama riafirmuan vullnetin e tyre p\u00ebr thellimin e bashk\u00ebpunimit v\u00ebllaz\u00ebror nd\u00ebrmjet dy shteteve, duke v\u00ebn\u00eb theksin n\u00eb partneritetin ekonomik, zhvillimin e projekteve t\u00eb p\u00ebrbashk\u00ebta dhe krijimin e mund\u00ebsive konkrete q\u00eb ndikojn\u00eb drejtp\u00ebrdrejt n\u00eb afrimin dhe mir\u00ebqenien e qytetar\u00ebve t\u00eb t\u00eb dy vendeve.<\/p>\n<p>N\u00eb k\u00ebt\u00eb kontekst, Presidentja Osmani p\u00ebrg\u00ebzoi Kryeministrin Rama p\u00ebr progresin n\u00eb rrug\u00ebn drejt Bashkimi Evropian, duke e cil\u00ebsuar k\u00ebt\u00eb si nj\u00eb d\u00ebshmi t\u00eb angazhimit t\u00eb qart\u00eb evropian t\u00eb Shqip\u00ebris\u00eb dhe si nj\u00eb zhvillim q\u00eb forcon perspektiv\u00ebn evropiane t\u00eb gjith\u00eb rajonit.<\/p>\n<p>N\u00eb p\u00ebrmbyllje t\u00eb takimit, Kryeministri Rama e uroi Presidenten Osmani dhe popullin e Kosov\u00ebs p\u00ebr 18-vjetorin e Pavar\u00ebsis\u00eb s\u00eb Republik\u00ebs s\u00eb Kosov\u00ebs, duke rikonfirmuar mb\u00ebshtetjen e plot\u00eb dhe t\u00eb pal\u00ebkundur t\u00eb Republik\u00ebs s\u00eb Shqip\u00ebris\u00eb p\u00ebr shtetin e Kosov\u00ebs dhe t\u00eb ardhmen euroatlantike.<\/p>\n","protected":false},"excerpt":{"rendered":"<p>Prishtin\u00eb 16 shtator 2026 12:45 Presidentja e Republik\u00ebs s\u00eb Kosov\u00ebs, Vjosa Osmani, priti sot n\u00eb takim Kryeministrin e Republik\u00ebs s\u00eb Shqip\u00ebris\u00eb, Edi Rama, me t\u00eb<\/p>\n","protected":false},"author":6,"featured_media":32911,"comment_status":"open","ping_status":"open","sticky":false,"template":"","format":"standard","meta":{"footnotes":""},"categories":[60],"tags":[],"class_list":["post-32910","post","type-post","status-publish","format-standard","has-post-thumbnail","hentry","category-shoqerore-sq"],"yoast_head":"<!-- This site is optimized with the Yoast SEO plugin v25.3.1 - https:\/\/yoast.com\/wordpress\/plugins\/seo\/ -->\n<title>Edi Rama nis vizit\u00ebn n\u00eb Prishtin\u00eb, pritet nga Osmani -<\/title>\n<meta name=\"robots\" content=\"index, follow, max-snippet:-1, max-image-preview:large, max-video-preview:-1\" \/>\n<link rel=\"canonical\" href=\"https:\/\/veritasinfo.org\/?p=32910\" \/>\n<meta property=\"og:locale\" content=\"en_US\" \/>\n<meta property=\"og:type\" content=\"article\" \/>\n<meta property=\"og:title\" content=\"Edi Rama nis vizit\u00ebn n\u00eb Prishtin\u00eb, pritet nga Osmani -\" \/>\n<meta property=\"og:description\" content=\"Prishtin\u00eb 16 shtator 2026 12:45 Presidentja e Republik\u00ebs s\u00eb Kosov\u00ebs, Vjosa Osmani, priti sot n\u00eb takim Kryeministrin e Republik\u00ebs s\u00eb Shqip\u00ebris\u00eb, Edi Rama, me t\u00eb\" \/>\n<meta property=\"og:url\" content=\"https:\/\/veritasinfo.org\/?p=32910\" \/>\n<meta property=\"article:published_time\" content=\"2026-02-16T11:46:17+00:00\" \/>\n<meta property=\"og:image\" content=\"https:\/\/veritasinfo.org\/wp-content\/uploads\/2026\/02\/Rama-Osmani.jpg\" \/>\n\t<meta property=\"og:image:width\" content=\"1049\" \/>\n\t<meta property=\"og:image:height\" content=\"586\" \/>\n\t<meta property=\"og:image:type\" content=\"image\/jpeg\" \/>\n<meta name=\"author\" content=\"US5\" \/>\n<meta name=\"twitter:card\" content=\"summary_large_image\" \/>\n<meta name=\"twitter:label1\" content=\"Written by\" \/>\n\t<meta name=\"twitter:data1\" content=\"US5\" \/>\n<script type=\"application\/ld+json\" class=\"yoast-schema-graph\">{\"@context\":\"https:\/\/schema.org\",\"@graph\":[{\"@type\":\"WebPage\",\"@id\":\"https:\/\/veritasinfo.org\/?p=32910\",\"url\":\"https:\/\/veritasinfo.org\/?p=32910\",\"name\":\"Edi Rama nis vizit\u00ebn n\u00eb Prishtin\u00eb, pritet nga Osmani -\",\"isPartOf\":{\"@id\":\"https:\/\/veritasinfo.org\/#website\"},\"primaryImageOfPage\":{\"@id\":\"https:\/\/veritasinfo.org\/?p=32910#primaryimage\"},\"image\":{\"@id\":\"https:\/\/veritasinfo.org\/?p=32910#primaryimage\"},\"thumbnailUrl\":\"https:\/\/veritasinfo.org\/wp-content\/uploads\/2026\/02\/Rama-Osmani.jpg\",\"datePublished\":\"2026-02-16T11:46:17+00:00\",\"author\":{\"@id\":\"https:\/\/veritasinfo.org\/#\/schema\/person\/bc442336e35414d04494ab8fb45db4c6\"},\"breadcrumb\":{\"@id\":\"https:\/\/veritasinfo.org\/?p=32910#breadcrumb\"},\"inLanguage\":\"en-US\",\"potentialAction\":[{\"@type\":\"ReadAction\",\"target\":[\"https:\/\/veritasinfo.org\/?p=32910\"]}]},{\"@type\":\"ImageObject\",\"inLanguage\":\"en-US\",\"@id\":\"https:\/\/veritasinfo.org\/?p=32910#primaryimage\",\"url\":\"https:\/\/veritasinfo.org\/wp-content\/uploads\/2026\/02\/Rama-Osmani.jpg\",\"contentUrl\":\"https:\/\/veritasinfo.org\/wp-content\/uploads\/2026\/02\/Rama-Osmani.jpg\",\"width\":1049,\"height\":586},{\"@type\":\"BreadcrumbList\",\"@id\":\"https:\/\/veritasinfo.org\/?p=32910#breadcrumb\",\"itemListElement\":[{\"@type\":\"ListItem\",\"position\":1,\"name\":\"Home\",\"item\":\"https:\/\/veritasinfo.org\/\"},{\"@type\":\"ListItem\",\"position\":2,\"name\":\"Edi Rama nis vizit\u00ebn n\u00eb Prishtin\u00eb, pritet nga Osmani\"}]},{\"@type\":\"WebSite\",\"@id\":\"https:\/\/veritasinfo.org\/#website\",\"url\":\"https:\/\/veritasinfo.org\/\",\"name\":\"\",\"description\":\"\",\"potentialAction\":[{\"@type\":\"SearchAction\",\"target\":{\"@type\":\"EntryPoint\",\"urlTemplate\":\"https:\/\/veritasinfo.org\/?s={search_term_string}\"},\"query-input\":{\"@type\":\"PropertyValueSpecification\",\"valueRequired\":true,\"valueName\":\"search_term_string\"}}],\"inLanguage\":\"en-US\"},{\"@type\":\"Person\",\"@id\":\"https:\/\/veritasinfo.org\/#\/schema\/person\/bc442336e35414d04494ab8fb45db4c6\",\"name\":\"US5\",\"image\":{\"@type\":\"ImageObject\",\"inLanguage\":\"en-US\",\"@id\":\"https:\/\/veritasinfo.org\/#\/schema\/person\/image\/\",\"url\":\"https:\/\/secure.gravatar.com\/avatar\/16a61e7272a0c5d001121ebb9e60e925d5816e4ac1e443ed3e640d9a6ae55d0c?s=96&d=mm&r=g\",\"contentUrl\":\"https:\/\/secure.gravatar.com\/avatar\/16a61e7272a0c5d001121ebb9e60e925d5816e4ac1e443ed3e640d9a6ae55d0c?s=96&d=mm&r=g\",\"caption\":\"US5\"},\"url\":\"https:\/\/veritasinfo.org\/?author=6\"}]}<\/script>\n<!-- \/ Yoast SEO plugin. -->","yoast_head_json":{"title":"Edi Rama nis vizit\u00ebn n\u00eb Prishtin\u00eb, pritet nga Osmani -","robots":{"index":"index","follow":"follow","max-snippet":"max-snippet:-1","max-image-preview":"max-image-preview:large","max-video-preview":"max-video-preview:-1"},"canonical":"https:\/\/veritasinfo.org\/?p=32910","og_locale":"en_US","og_type":"article","og_title":"Edi Rama nis vizit\u00ebn n\u00eb Prishtin\u00eb, pritet nga Osmani -","og_description":"Prishtin\u00eb 16 shtator 2026 12:45 Presidentja e Republik\u00ebs s\u00eb Kosov\u00ebs, Vjosa Osmani, priti sot n\u00eb takim Kryeministrin e Republik\u00ebs s\u00eb Shqip\u00ebris\u00eb, Edi Rama, me t\u00eb","og_url":"https:\/\/veritasinfo.org\/?p=32910","article_published_time":"2026-02-16T11:46:17+00:00","og_image":[{"width":1049,"height":586,"url":"https:\/\/veritasinfo.org\/wp-content\/uploads\/2026\/02\/Rama-Osmani.jpg","type":"image\/jpeg"}],"author":"US5","twitter_card":"summary_large_image","twitter_misc":{"Written by":"US5"},"schema":{"@context":"https:\/\/schema.org","@graph":[{"@type":"WebPage","@id":"https:\/\/veritasinfo.org\/?p=32910","url":"https:\/\/veritasinfo.org\/?p=32910","name":"Edi Rama nis vizit\u00ebn n\u00eb Prishtin\u00eb, pritet nga Osmani -","isPartOf":{"@id":"https:\/\/veritasinfo.org\/#website"},"primaryImageOfPage":{"@id":"https:\/\/veritasinfo.org\/?p=32910#primaryimage"},"image":{"@id":"https:\/\/veritasinfo.org\/?p=32910#primaryimage"},"thumbnailUrl":"https:\/\/veritasinfo.org\/wp-content\/uploads\/2026\/02\/Rama-Osmani.jpg","datePublished":"2026-02-16T11:46:17+00:00","author":{"@id":"https:\/\/veritasinfo.org\/#\/schema\/person\/bc442336e35414d04494ab8fb45db4c6"},"breadcrumb":{"@id":"https:\/\/veritasinfo.org\/?p=32910#breadcrumb"},"inLanguage":"en-US","potentialAction":[{"@type":"ReadAction","target":["https:\/\/veritasinfo.org\/?p=32910"]}]},{"@type":"ImageObject","inLanguage":"en-US","@id":"https:\/\/veritasinfo.org\/?p=32910#primaryimage","url":"https:\/\/veritasinfo.org\/wp-content\/uploads\/2026\/02\/Rama-Osmani.jpg","contentUrl":"https:\/\/veritasinfo.org\/wp-content\/uploads\/2026\/02\/Rama-Osmani.jpg","width":1049,"height":586},{"@type":"BreadcrumbList","@id":"https:\/\/veritasinfo.org\/?p=32910#breadcrumb","itemListElement":[{"@type":"ListItem","position":1,"name":"Home","item":"https:\/\/veritasinfo.org\/"},{"@type":"ListItem","position":2,"name":"Edi Rama nis vizit\u00ebn n\u00eb Prishtin\u00eb, pritet nga Osmani"}]},{"@type":"WebSite","@id":"https:\/\/veritasinfo.org\/#website","url":"https:\/\/veritasinfo.org\/","name":"","description":"","potentialAction":[{"@type":"SearchAction","target":{"@type":"EntryPoint","urlTemplate":"https:\/\/veritasinfo.org\/?s={search_term_string}"},"query-input":{"@type":"PropertyValueSpecification","valueRequired":true,"valueName":"search_term_string"}}],"inLanguage":"en-US"},{"@type":"Person","@id":"https:\/\/veritasinfo.org\/#\/schema\/person\/bc442336e35414d04494ab8fb45db4c6","name":"US5","image":{"@type":"ImageObject","inLanguage":"en-US","@id":"https:\/\/veritasinfo.org\/#\/schema\/person\/image\/","url":"https:\/\/secure.gravatar.com\/avatar\/16a61e7272a0c5d001121ebb9e60e925d5816e4ac1e443ed3e640d9a6ae55d0c?s=96&d=mm&r=g","contentUrl":"https:\/\/secure.gravatar.com\/avatar\/16a61e7272a0c5d001121ebb9e60e925d5816e4ac1e443ed3e640d9a6ae55d0c?s=96&d=mm&r=g","caption":"US5"},"url":"https:\/\/veritasinfo.org\/?author=6"}]}},"featured_image_urls":{"full":["https:\/\/veritasinfo.org\/wp-content\/uploads\/2026\/02\/Rama-Osmani.jpg",1049,586,false],"thumbnail":["https:\/\/veritasinfo.org\/wp-content\/uploads\/2026\/02\/Rama-Osmani-150x150.jpg",150,150,true],"medium":["https:\/\/veritasinfo.org\/wp-content\/uploads\/2026\/02\/Rama-Osmani-300x168.jpg",300,168,true],"medium_large":["https:\/\/veritasinfo.org\/wp-content\/uploads\/2026\/02\/Rama-Osmani-768x429.jpg",640,358,true],"large":["https:\/\/veritasinfo.org\/wp-content\/uploads\/2026\/02\/Rama-Osmani-1024x572.jpg",640,358,true],"1536x1536":["https:\/\/veritasinfo.org\/wp-content\/uploads\/2026\/02\/Rama-Osmani.jpg",1049,586,false],"2048x2048":["https:\/\/veritasinfo.org\/wp-content\/uploads\/2026\/02\/Rama-Osmani.jpg",1049,586,false],"kreeti-slider-full":["https:\/\/veritasinfo.org\/wp-content\/uploads\/2026\/02\/Rama-Osmani.jpg",1049,586,false],"kreeti-featured":["https:\/\/veritasinfo.org\/wp-content\/uploads\/2026\/02\/Rama-Osmani.jpg",1024,572,false],"kreeti-medium":["https:\/\/veritasinfo.org\/wp-content\/uploads\/2026\/02\/Rama-Osmani.jpg",720,402,false],"kreeti-medium-square":["https:\/\/veritasinfo.org\/wp-content\/uploads\/2026\/02\/Rama-Osmani.jpg",350,196,false]},"author_info":{"info":["US5"]},"category_info":"<a href=\"https:\/\/veritasinfo.org\/?cat=60\" rel=\"category\">Shoq\u00ebrore<\/a>","tag_info":"Shoq\u00ebrore","comment_count":"0","_links":{"self":[{"href":"https:\/\/veritasinfo.org\/index.php?rest_route=\/wp\/v2\/posts\/32910","targetHints":{"allow":["GET"]}}],"collection":[{"href":"https:\/\/veritasinfo.org\/index.php?rest_route=\/wp\/v2\/posts"}],"about":[{"href":"https:\/\/veritasinfo.org\/index.php?rest_route=\/wp\/v2\/types\/post"}],"author":[{"embeddable":true,"href":"https:\/\/veritasinfo.org\/index.php?rest_route=\/wp\/v2\/users\/6"}],"replies":[{"embeddable":true,"href":"https:\/\/veritasinfo.org\/index.php?rest_route=%2Fwp%2Fv2%2Fcomments&post=32910"}],"version-history":[{"count":1,"href":"https:\/\/veritasinfo.org\/index.php?rest_route=\/wp\/v2\/posts\/32910\/revisions"}],"predecessor-version":[{"id":32912,"href":"https:\/\/veritasinfo.org\/index.php?rest_route=\/wp\/v2\/posts\/32910\/revisions\/32912"}],"wp:featuredmedia":[{"embeddable":true,"href":"https:\/\/veritasinfo.org\/index.php?rest_route=\/wp\/v2\/media\/32911"}],"wp:attachment":[{"href":"https:\/\/veritasinfo.org\/index.php?rest_route=%2Fwp%2Fv2%2Fmedia&parent=32910"}],"wp:term":[{"taxonomy":"category","embeddable":true,"href":"https:\/\/veritasinfo.org\/index.php?rest_route=%2Fwp%2Fv2%2Fcategories&post=32910"},{"taxonomy":"post_tag","embeddable":true,"href":"https:\/\/veritasinfo.org\/index.php?rest_route=%2Fwp%2Fv2%2Ftags&post=32910"}],"curies":[{"name":"wp","href":"https:\/\/api.w.org\/{rel}","templated":true}]}}