{"id":32904,"date":"2026-02-16T12:19:47","date_gmt":"2026-02-16T11:19:47","guid":{"rendered":"https:\/\/veritasinfo.org\/?p=32904"},"modified":"2026-02-16T12:19:47","modified_gmt":"2026-02-16T11:19:47","slug":"kurti-buxheti-i-2026-perfshine-rritjen-e-pensioneve-e-shtesave-per-femije","status":"publish","type":"post","link":"https:\/\/veritasinfo.org\/?p=32904","title":{"rendered":"Kurti: Buxheti i 2026 p\u00ebrfshin\u00eb rritjen e pensioneve e shtesave p\u00ebr f\u00ebmij\u00eb"},"content":{"rendered":"<p>Prishtin\u00eb 16 shtator 2026 11:53<\/p>\n<p>Kryeministri Kosov\u00ebs, Albin Kurti n\u00eb seanc\u00ebn plenare u po shqyrtohet projektbuxheti p\u00ebr vitin 2026 tha se n\u00eb k\u00ebt\u00eb dokument financiar p\u00ebrfshihet edhe rritja e pensioneve, rritja e shtesave p\u00ebr f\u00ebmije, shtesave p\u00ebr lehona, pagesave p\u00ebr t\u00eb rinj, dhe grat\u00eb q\u00eb angazhohen nga superpuna e kompletimi i reform\u00ebs s\u00eb asistenc\u00ebs sociale.<\/p>\n<p>Kurti tha se synimi i tyre vjen nga orientimi q\u00eb rritjen t\u00eb mos e mbajn\u00eb p\u00ebr shtet, por ta shp\u00ebrndajn\u00eb n\u00eb  shoq\u00ebri.<\/p>\n<p>\u201cZotimet q\u00eb i kemi th\u00ebn\u00eb n\u00eb fushat\u00ebn e fundit, natyrisht q\u00eb jan\u00eb t\u00eb p\u00ebrmbledhura n\u00eb ekspozen\u00eb q\u00eb kam b\u00ebr\u00eb me 11 shkurt kur u rizgjodha kryeminist\u00ebr, por para se ajo ekspoze t\u00eb shnd\u00ebrrohet n\u00eb buxhet t\u00eb ri, duhet t\u00eb vij\u00eb tek ju programi qeveritar. Do t\u00eb ishte jo normale q\u00eb ne k\u00ebtu t\u00eb sjellim buxhet n\u00eb p\u00ebrputhje me ekspozen\u00eb, pa e sjell\u00eb paraprakisht programin qeveritar\u201d, tha ai.<\/p>\n<p>Kurti tha se kryefjala e k\u00ebtij buxheti \u00ebsht\u00eb shifra prej af\u00ebr 4 miliard\u00eb euro. \u201cKu rreth 1milird euro jan\u00eb buxhetuar p\u00ebr invesitme kapitale. Natyrisht risi, por e paralajm\u00ebruar e k\u00ebtij buxheti \u00ebsht\u00eb paga e 13-t\u00eb p\u00ebr t\u00eb gjith\u00eb punonj\u00ebsit e sektorit publik. Pra, kush punon 12 muaj n\u00eb sektorin publik i merr 13 paga, dhe kjo sivjet nuk do t\u00eb jet\u00eb n\u00eb fund t\u00eb vitit, por n\u00eb pranver\u00eb. Gjithashtu, \u00ebsht\u00eb i p\u00ebrfshir\u00eb edhe zbatimi i rritjes s\u00eb pag\u00ebs baz\u00eb me 0,5 p\u00ebr qind p\u00ebr \u00e7do vit p\u00ebrvoj\u00eb pun\u00eb p\u00ebr dallim t\u00eb asaj q\u00eb kemi pasur m\u00eb her\u00ebt kur p\u00ebr 15 vitet e para zbatohej rritje vet\u00ebm 0,25 p\u00ebr qind p\u00ebr \u00e7do vit pune. Pra kemi dyfishim t\u00eb shtes\u00ebs s\u00eb p\u00ebrvoj\u00ebs s\u00eb pun\u00ebs. kjo p\u00ebrkthehet n\u00eb rritje, pra p\u00ebr pag\u00ebn e secilit q\u00eb punon n\u00eb sektorin publik var\u00ebsisht nga vitet e pun\u00ebs\u201d, deklaroi Kurti.<\/p>\n","protected":false},"excerpt":{"rendered":"<p>Prishtin\u00eb 16 shtator 2026 11:53 Kryeministri Kosov\u00ebs, Albin Kurti n\u00eb seanc\u00ebn plenare u po shqyrtohet projektbuxheti p\u00ebr vitin 2026 tha se n\u00eb k\u00ebt\u00eb dokument financiar<\/p>\n","protected":false},"author":6,"featured_media":32905,"comment_status":"open","ping_status":"open","sticky":false,"template":"","format":"standard","meta":{"footnotes":""},"categories":[60],"tags":[],"class_list":["post-32904","post","type-post","status-publish","format-standard","has-post-thumbnail","hentry","category-shoqerore-sq"],"yoast_head":"<!-- This site is optimized with the Yoast SEO plugin v25.3.1 - https:\/\/yoast.com\/wordpress\/plugins\/seo\/ -->\n<title>Kurti: Buxheti i 2026 p\u00ebrfshin\u00eb rritjen e pensioneve e shtesave p\u00ebr f\u00ebmij\u00eb -<\/title>\n<meta name=\"robots\" content=\"index, follow, max-snippet:-1, max-image-preview:large, max-video-preview:-1\" \/>\n<link rel=\"canonical\" href=\"https:\/\/veritasinfo.org\/?p=32904\" \/>\n<meta property=\"og:locale\" content=\"en_US\" \/>\n<meta property=\"og:type\" content=\"article\" \/>\n<meta property=\"og:title\" content=\"Kurti: Buxheti i 2026 p\u00ebrfshin\u00eb rritjen e pensioneve e shtesave p\u00ebr f\u00ebmij\u00eb -\" \/>\n<meta property=\"og:description\" content=\"Prishtin\u00eb 16 shtator 2026 11:53 Kryeministri Kosov\u00ebs, Albin Kurti n\u00eb seanc\u00ebn plenare u po shqyrtohet projektbuxheti p\u00ebr vitin 2026 tha se n\u00eb k\u00ebt\u00eb dokument financiar\" \/>\n<meta property=\"og:url\" content=\"https:\/\/veritasinfo.org\/?p=32904\" \/>\n<meta property=\"article:published_time\" content=\"2026-02-16T11:19:47+00:00\" \/>\n<meta property=\"og:image\" content=\"https:\/\/veritasinfo.org\/wp-content\/uploads\/2026\/02\/717325-QAztq2H2Pr.jpg\" \/>\n\t<meta property=\"og:image:width\" content=\"780\" \/>\n\t<meta property=\"og:image:height\" content=\"500\" \/>\n\t<meta property=\"og:image:type\" content=\"image\/jpeg\" \/>\n<meta name=\"author\" content=\"US5\" \/>\n<meta name=\"twitter:card\" content=\"summary_large_image\" \/>\n<meta name=\"twitter:label1\" content=\"Written by\" \/>\n\t<meta name=\"twitter:data1\" content=\"US5\" \/>\n<script type=\"application\/ld+json\" class=\"yoast-schema-graph\">{\"@context\":\"https:\/\/schema.org\",\"@graph\":[{\"@type\":\"WebPage\",\"@id\":\"https:\/\/veritasinfo.org\/?p=32904\",\"url\":\"https:\/\/veritasinfo.org\/?p=32904\",\"name\":\"Kurti: Buxheti i 2026 p\u00ebrfshin\u00eb rritjen e pensioneve e shtesave p\u00ebr f\u00ebmij\u00eb -\",\"isPartOf\":{\"@id\":\"https:\/\/veritasinfo.org\/#website\"},\"primaryImageOfPage\":{\"@id\":\"https:\/\/veritasinfo.org\/?p=32904#primaryimage\"},\"image\":{\"@id\":\"https:\/\/veritasinfo.org\/?p=32904#primaryimage\"},\"thumbnailUrl\":\"https:\/\/veritasinfo.org\/wp-content\/uploads\/2026\/02\/717325-QAztq2H2Pr.jpg\",\"datePublished\":\"2026-02-16T11:19:47+00:00\",\"author\":{\"@id\":\"https:\/\/veritasinfo.org\/#\/schema\/person\/bc442336e35414d04494ab8fb45db4c6\"},\"breadcrumb\":{\"@id\":\"https:\/\/veritasinfo.org\/?p=32904#breadcrumb\"},\"inLanguage\":\"en-US\",\"potentialAction\":[{\"@type\":\"ReadAction\",\"target\":[\"https:\/\/veritasinfo.org\/?p=32904\"]}]},{\"@type\":\"ImageObject\",\"inLanguage\":\"en-US\",\"@id\":\"https:\/\/veritasinfo.org\/?p=32904#primaryimage\",\"url\":\"https:\/\/veritasinfo.org\/wp-content\/uploads\/2026\/02\/717325-QAztq2H2Pr.jpg\",\"contentUrl\":\"https:\/\/veritasinfo.org\/wp-content\/uploads\/2026\/02\/717325-QAztq2H2Pr.jpg\",\"width\":780,\"height\":500},{\"@type\":\"BreadcrumbList\",\"@id\":\"https:\/\/veritasinfo.org\/?p=32904#breadcrumb\",\"itemListElement\":[{\"@type\":\"ListItem\",\"position\":1,\"name\":\"Home\",\"item\":\"https:\/\/veritasinfo.org\/\"},{\"@type\":\"ListItem\",\"position\":2,\"name\":\"Kurti: Buxheti i 2026 p\u00ebrfshin\u00eb rritjen e pensioneve e shtesave p\u00ebr f\u00ebmij\u00eb\"}]},{\"@type\":\"WebSite\",\"@id\":\"https:\/\/veritasinfo.org\/#website\",\"url\":\"https:\/\/veritasinfo.org\/\",\"name\":\"\",\"description\":\"\",\"potentialAction\":[{\"@type\":\"SearchAction\",\"target\":{\"@type\":\"EntryPoint\",\"urlTemplate\":\"https:\/\/veritasinfo.org\/?s={search_term_string}\"},\"query-input\":{\"@type\":\"PropertyValueSpecification\",\"valueRequired\":true,\"valueName\":\"search_term_string\"}}],\"inLanguage\":\"en-US\"},{\"@type\":\"Person\",\"@id\":\"https:\/\/veritasinfo.org\/#\/schema\/person\/bc442336e35414d04494ab8fb45db4c6\",\"name\":\"US5\",\"image\":{\"@type\":\"ImageObject\",\"inLanguage\":\"en-US\",\"@id\":\"https:\/\/veritasinfo.org\/#\/schema\/person\/image\/\",\"url\":\"https:\/\/secure.gravatar.com\/avatar\/16a61e7272a0c5d001121ebb9e60e925d5816e4ac1e443ed3e640d9a6ae55d0c?s=96&d=mm&r=g\",\"contentUrl\":\"https:\/\/secure.gravatar.com\/avatar\/16a61e7272a0c5d001121ebb9e60e925d5816e4ac1e443ed3e640d9a6ae55d0c?s=96&d=mm&r=g\",\"caption\":\"US5\"},\"url\":\"https:\/\/veritasinfo.org\/?author=6\"}]}<\/script>\n<!-- \/ Yoast SEO plugin. -->","yoast_head_json":{"title":"Kurti: Buxheti i 2026 p\u00ebrfshin\u00eb rritjen e pensioneve e shtesave p\u00ebr f\u00ebmij\u00eb -","robots":{"index":"index","follow":"follow","max-snippet":"max-snippet:-1","max-image-preview":"max-image-preview:large","max-video-preview":"max-video-preview:-1"},"canonical":"https:\/\/veritasinfo.org\/?p=32904","og_locale":"en_US","og_type":"article","og_title":"Kurti: Buxheti i 2026 p\u00ebrfshin\u00eb rritjen e pensioneve e shtesave p\u00ebr f\u00ebmij\u00eb -","og_description":"Prishtin\u00eb 16 shtator 2026 11:53 Kryeministri Kosov\u00ebs, Albin Kurti n\u00eb seanc\u00ebn plenare u po shqyrtohet projektbuxheti p\u00ebr vitin 2026 tha se n\u00eb k\u00ebt\u00eb dokument financiar","og_url":"https:\/\/veritasinfo.org\/?p=32904","article_published_time":"2026-02-16T11:19:47+00:00","og_image":[{"width":780,"height":500,"url":"https:\/\/veritasinfo.org\/wp-content\/uploads\/2026\/02\/717325-QAztq2H2Pr.jpg","type":"image\/jpeg"}],"author":"US5","twitter_card":"summary_large_image","twitter_misc":{"Written by":"US5"},"schema":{"@context":"https:\/\/schema.org","@graph":[{"@type":"WebPage","@id":"https:\/\/veritasinfo.org\/?p=32904","url":"https:\/\/veritasinfo.org\/?p=32904","name":"Kurti: Buxheti i 2026 p\u00ebrfshin\u00eb rritjen e pensioneve e shtesave p\u00ebr f\u00ebmij\u00eb -","isPartOf":{"@id":"https:\/\/veritasinfo.org\/#website"},"primaryImageOfPage":{"@id":"https:\/\/veritasinfo.org\/?p=32904#primaryimage"},"image":{"@id":"https:\/\/veritasinfo.org\/?p=32904#primaryimage"},"thumbnailUrl":"https:\/\/veritasinfo.org\/wp-content\/uploads\/2026\/02\/717325-QAztq2H2Pr.jpg","datePublished":"2026-02-16T11:19:47+00:00","author":{"@id":"https:\/\/veritasinfo.org\/#\/schema\/person\/bc442336e35414d04494ab8fb45db4c6"},"breadcrumb":{"@id":"https:\/\/veritasinfo.org\/?p=32904#breadcrumb"},"inLanguage":"en-US","potentialAction":[{"@type":"ReadAction","target":["https:\/\/veritasinfo.org\/?p=32904"]}]},{"@type":"ImageObject","inLanguage":"en-US","@id":"https:\/\/veritasinfo.org\/?p=32904#primaryimage","url":"https:\/\/veritasinfo.org\/wp-content\/uploads\/2026\/02\/717325-QAztq2H2Pr.jpg","contentUrl":"https:\/\/veritasinfo.org\/wp-content\/uploads\/2026\/02\/717325-QAztq2H2Pr.jpg","width":780,"height":500},{"@type":"BreadcrumbList","@id":"https:\/\/veritasinfo.org\/?p=32904#breadcrumb","itemListElement":[{"@type":"ListItem","position":1,"name":"Home","item":"https:\/\/veritasinfo.org\/"},{"@type":"ListItem","position":2,"name":"Kurti: Buxheti i 2026 p\u00ebrfshin\u00eb rritjen e pensioneve e shtesave p\u00ebr f\u00ebmij\u00eb"}]},{"@type":"WebSite","@id":"https:\/\/veritasinfo.org\/#website","url":"https:\/\/veritasinfo.org\/","name":"","description":"","potentialAction":[{"@type":"SearchAction","target":{"@type":"EntryPoint","urlTemplate":"https:\/\/veritasinfo.org\/?s={search_term_string}"},"query-input":{"@type":"PropertyValueSpecification","valueRequired":true,"valueName":"search_term_string"}}],"inLanguage":"en-US"},{"@type":"Person","@id":"https:\/\/veritasinfo.org\/#\/schema\/person\/bc442336e35414d04494ab8fb45db4c6","name":"US5","image":{"@type":"ImageObject","inLanguage":"en-US","@id":"https:\/\/veritasinfo.org\/#\/schema\/person\/image\/","url":"https:\/\/secure.gravatar.com\/avatar\/16a61e7272a0c5d001121ebb9e60e925d5816e4ac1e443ed3e640d9a6ae55d0c?s=96&d=mm&r=g","contentUrl":"https:\/\/secure.gravatar.com\/avatar\/16a61e7272a0c5d001121ebb9e60e925d5816e4ac1e443ed3e640d9a6ae55d0c?s=96&d=mm&r=g","caption":"US5"},"url":"https:\/\/veritasinfo.org\/?author=6"}]}},"featured_image_urls":{"full":["https:\/\/veritasinfo.org\/wp-content\/uploads\/2026\/02\/717325-QAztq2H2Pr.jpg",780,500,false],"thumbnail":["https:\/\/veritasinfo.org\/wp-content\/uploads\/2026\/02\/717325-QAztq2H2Pr-150x150.jpg",150,150,true],"medium":["https:\/\/veritasinfo.org\/wp-content\/uploads\/2026\/02\/717325-QAztq2H2Pr-300x192.jpg",300,192,true],"medium_large":["https:\/\/veritasinfo.org\/wp-content\/uploads\/2026\/02\/717325-QAztq2H2Pr-768x492.jpg",640,410,true],"large":["https:\/\/veritasinfo.org\/wp-content\/uploads\/2026\/02\/717325-QAztq2H2Pr.jpg",640,410,false],"1536x1536":["https:\/\/veritasinfo.org\/wp-content\/uploads\/2026\/02\/717325-QAztq2H2Pr.jpg",780,500,false],"2048x2048":["https:\/\/veritasinfo.org\/wp-content\/uploads\/2026\/02\/717325-QAztq2H2Pr.jpg",780,500,false],"kreeti-slider-full":["https:\/\/veritasinfo.org\/wp-content\/uploads\/2026\/02\/717325-QAztq2H2Pr.jpg",780,500,false],"kreeti-featured":["https:\/\/veritasinfo.org\/wp-content\/uploads\/2026\/02\/717325-QAztq2H2Pr.jpg",780,500,false],"kreeti-medium":["https:\/\/veritasinfo.org\/wp-content\/uploads\/2026\/02\/717325-QAztq2H2Pr.jpg",720,462,false],"kreeti-medium-square":["https:\/\/veritasinfo.org\/wp-content\/uploads\/2026\/02\/717325-QAztq2H2Pr.jpg",350,224,false]},"author_info":{"info":["US5"]},"category_info":"<a href=\"https:\/\/veritasinfo.org\/?cat=60\" rel=\"category\">Shoq\u00ebrore<\/a>","tag_info":"Shoq\u00ebrore","comment_count":"0","_links":{"self":[{"href":"https:\/\/veritasinfo.org\/index.php?rest_route=\/wp\/v2\/posts\/32904","targetHints":{"allow":["GET"]}}],"collection":[{"href":"https:\/\/veritasinfo.org\/index.php?rest_route=\/wp\/v2\/posts"}],"about":[{"href":"https:\/\/veritasinfo.org\/index.php?rest_route=\/wp\/v2\/types\/post"}],"author":[{"embeddable":true,"href":"https:\/\/veritasinfo.org\/index.php?rest_route=\/wp\/v2\/users\/6"}],"replies":[{"embeddable":true,"href":"https:\/\/veritasinfo.org\/index.php?rest_route=%2Fwp%2Fv2%2Fcomments&post=32904"}],"version-history":[{"count":1,"href":"https:\/\/veritasinfo.org\/index.php?rest_route=\/wp\/v2\/posts\/32904\/revisions"}],"predecessor-version":[{"id":32906,"href":"https:\/\/veritasinfo.org\/index.php?rest_route=\/wp\/v2\/posts\/32904\/revisions\/32906"}],"wp:featuredmedia":[{"embeddable":true,"href":"https:\/\/veritasinfo.org\/index.php?rest_route=\/wp\/v2\/media\/32905"}],"wp:attachment":[{"href":"https:\/\/veritasinfo.org\/index.php?rest_route=%2Fwp%2Fv2%2Fmedia&parent=32904"}],"wp:term":[{"taxonomy":"category","embeddable":true,"href":"https:\/\/veritasinfo.org\/index.php?rest_route=%2Fwp%2Fv2%2Fcategories&post=32904"},{"taxonomy":"post_tag","embeddable":true,"href":"https:\/\/veritasinfo.org\/index.php?rest_route=%2Fwp%2Fv2%2Ftags&post=32904"}],"curies":[{"name":"wp","href":"https:\/\/api.w.org\/{rel}","templated":true}]}}