{"id":32898,"date":"2026-02-16T11:47:03","date_gmt":"2026-02-16T10:47:03","guid":{"rendered":"https:\/\/veritasinfo.org\/?p=32898"},"modified":"2026-02-16T11:47:03","modified_gmt":"2026-02-16T10:47:03","slug":"maqedonci-fsk-nuk-perben-kercenim-kosova-nderton-ushtri-per-mbrojtje-dhe-siguri-per-te-gjithe","status":"publish","type":"post","link":"https:\/\/veritasinfo.org\/?p=32898","title":{"rendered":"Maqedonci: FSK nuk p\u00ebrb\u00ebn k\u00ebrc\u00ebnim, Kosova nd\u00ebrton ushtri p\u00ebr mbrojtje dhe siguri p\u00ebr t\u00eb gjith\u00eb"},"content":{"rendered":"<p>Prishtin\u00eb, 15 shkurt 2026 11:43<\/p>\n<p>Ministri i Mbrojtjes i Republik\u00ebs s\u00eb Kosov\u00ebs, Ejup Maqedonci, ka reaguar ndaj deklaratave t\u00eb fundit t\u00eb shefit t\u00eb Shtabit t\u00eb P\u00ebrgjithsh\u00ebm t\u00eb Ushtris\u00eb s\u00eb Serbis\u00eb, Milan Mojsiloviq, duke i cil\u00ebsuar ato si t\u00eb pav\u00ebrteta, t\u00eb pap\u00ebrgjegjshme dhe n\u00eb kund\u00ebrshtim me realitetin n\u00eb terren.<br \/>\nSipas Maqedoncit, p\u00ebrpjekjet p\u00ebr ta paraqitur Forca e Siguris\u00eb s\u00eb Kosov\u00ebs si k\u00ebrc\u00ebnim p\u00ebr komunitetin serb n\u00eb Kosov\u00eb nuk kan\u00eb baz\u00eb faktike dhe synojn\u00eb krijimin e narrativave frik\u00ebsuese. Ai theksoi se FSK-ja \u00ebsht\u00eb nj\u00eb forc\u00eb profesionale, e nd\u00ebrtuar mbi standarde t\u00eb larta demokratike dhe q\u00eb vepron n\u00ebn kontroll t\u00eb plot\u00eb civil, n\u00eb p\u00ebrputhje me Kushtetut\u00ebn dhe ligjet e Republik\u00ebs s\u00eb Kosov\u00ebs, si dhe me obligimet nd\u00ebrkomb\u00ebtare t\u00eb vendit.<br \/>\n\u201cMandati i Forc\u00ebs s\u00eb Siguris\u00eb s\u00eb Kosov\u00ebs \u00ebsht\u00eb dhe mbetet mbrojtja e sovranitetit dhe integritetit territorial t\u00eb Republik\u00ebs s\u00eb Kosov\u00ebs, si dhe garantimi i siguris\u00eb p\u00ebr t\u00eb gjith\u00eb qytetar\u00ebt, pa asnj\u00eb dallim,\u201d ka deklaruar Maqedonci.<br \/>\nMinistri ka n\u00ebnvizuar se procesi i fuqizimit dhe modernizimit t\u00eb Ushtris\u00eb s\u00eb Kosov\u00ebs nuk ka karakter k\u00ebrc\u00ebnues ndaj askujt, por p\u00ebrfaq\u00ebson nj\u00eb t\u00eb drejt\u00eb legjitime t\u00eb \u00e7do shteti sovran dhe nj\u00eb domosdoshm\u00ebri p\u00ebr ruajtjen e paqes, stabilitetit dhe siguris\u00eb afatgjat\u00eb, si n\u00eb vend ashtu edhe n\u00eb rajon.<br \/>\nAi ka paralajm\u00ebruar se deklaratat q\u00eb nxisin tensione apo synojn\u00eb justifikimin e politikave destabilizuese nuk kontribuojn\u00eb n\u00eb paqe dhe stabilitet, duke shtuar se p\u00ebrgjegj\u00ebsia p\u00ebr sigurin\u00eb k\u00ebrkon maturi, respekt p\u00ebr realitetin dhe p\u00ebrkushtim ndaj paqes.<br \/>\nN\u00eb fund, Maqedonci ka ritheksuar p\u00ebrkushtimin e Republik\u00ebs s\u00eb Kosov\u00ebs p\u00ebr bashk\u00ebpunim t\u00eb ngusht\u00eb me partner\u00ebt nd\u00ebrkomb\u00ebtar\u00eb dhe p\u00ebr nd\u00ebrtimin e nj\u00eb mjedisi t\u00eb sigurt p\u00ebr t\u00eb gjith\u00eb qytetar\u00ebt.<br \/>\n\u201cKosova nd\u00ebrton ushtri p\u00ebr mbrojtje. Kosova nd\u00ebrton siguri p\u00ebr t\u00eb gjith\u00eb,\u201d ka p\u00ebrfunduar ministri i Mbrojtjes.<\/p>\n","protected":false},"excerpt":{"rendered":"<p>Prishtin\u00eb, 15 shkurt 2026 11:43 Ministri i Mbrojtjes i Republik\u00ebs s\u00eb Kosov\u00ebs, Ejup Maqedonci, ka reaguar ndaj deklaratave t\u00eb fundit t\u00eb shefit t\u00eb Shtabit t\u00eb<\/p>\n","protected":false},"author":6,"featured_media":32899,"comment_status":"open","ping_status":"open","sticky":false,"template":"","format":"standard","meta":{"footnotes":""},"categories":[60],"tags":[],"class_list":["post-32898","post","type-post","status-publish","format-standard","has-post-thumbnail","hentry","category-shoqerore-sq"],"yoast_head":"<!-- This site is optimized with the Yoast SEO plugin v25.3.1 - https:\/\/yoast.com\/wordpress\/plugins\/seo\/ -->\n<title>Maqedonci: FSK nuk p\u00ebrb\u00ebn k\u00ebrc\u00ebnim, Kosova nd\u00ebrton ushtri p\u00ebr mbrojtje dhe siguri p\u00ebr t\u00eb gjith\u00eb -<\/title>\n<meta name=\"robots\" content=\"index, follow, max-snippet:-1, max-image-preview:large, max-video-preview:-1\" \/>\n<link rel=\"canonical\" href=\"https:\/\/veritasinfo.org\/?p=32898\" \/>\n<meta property=\"og:locale\" content=\"en_US\" \/>\n<meta property=\"og:type\" content=\"article\" \/>\n<meta property=\"og:title\" content=\"Maqedonci: FSK nuk p\u00ebrb\u00ebn k\u00ebrc\u00ebnim, Kosova nd\u00ebrton ushtri p\u00ebr mbrojtje dhe siguri p\u00ebr t\u00eb gjith\u00eb -\" \/>\n<meta property=\"og:description\" content=\"Prishtin\u00eb, 15 shkurt 2026 11:43 Ministri i Mbrojtjes i Republik\u00ebs s\u00eb Kosov\u00ebs, Ejup Maqedonci, ka reaguar ndaj deklaratave t\u00eb fundit t\u00eb shefit t\u00eb Shtabit t\u00eb\" \/>\n<meta property=\"og:url\" content=\"https:\/\/veritasinfo.org\/?p=32898\" \/>\n<meta property=\"article:published_time\" content=\"2026-02-16T10:47:03+00:00\" \/>\n<meta property=\"og:image\" content=\"https:\/\/veritasinfo.org\/wp-content\/uploads\/2026\/02\/IMG-20260216-WA0028.jpg\" \/>\n\t<meta property=\"og:image:width\" content=\"647\" \/>\n\t<meta property=\"og:image:height\" content=\"360\" \/>\n\t<meta property=\"og:image:type\" content=\"image\/jpeg\" \/>\n<meta name=\"author\" content=\"US5\" \/>\n<meta name=\"twitter:card\" content=\"summary_large_image\" \/>\n<meta name=\"twitter:label1\" content=\"Written by\" \/>\n\t<meta name=\"twitter:data1\" content=\"US5\" \/>\n<script type=\"application\/ld+json\" class=\"yoast-schema-graph\">{\"@context\":\"https:\/\/schema.org\",\"@graph\":[{\"@type\":\"WebPage\",\"@id\":\"https:\/\/veritasinfo.org\/?p=32898\",\"url\":\"https:\/\/veritasinfo.org\/?p=32898\",\"name\":\"Maqedonci: FSK nuk p\u00ebrb\u00ebn k\u00ebrc\u00ebnim, Kosova nd\u00ebrton ushtri p\u00ebr mbrojtje dhe siguri p\u00ebr t\u00eb gjith\u00eb -\",\"isPartOf\":{\"@id\":\"https:\/\/veritasinfo.org\/#website\"},\"primaryImageOfPage\":{\"@id\":\"https:\/\/veritasinfo.org\/?p=32898#primaryimage\"},\"image\":{\"@id\":\"https:\/\/veritasinfo.org\/?p=32898#primaryimage\"},\"thumbnailUrl\":\"https:\/\/veritasinfo.org\/wp-content\/uploads\/2026\/02\/IMG-20260216-WA0028.jpg\",\"datePublished\":\"2026-02-16T10:47:03+00:00\",\"author\":{\"@id\":\"https:\/\/veritasinfo.org\/#\/schema\/person\/bc442336e35414d04494ab8fb45db4c6\"},\"breadcrumb\":{\"@id\":\"https:\/\/veritasinfo.org\/?p=32898#breadcrumb\"},\"inLanguage\":\"en-US\",\"potentialAction\":[{\"@type\":\"ReadAction\",\"target\":[\"https:\/\/veritasinfo.org\/?p=32898\"]}]},{\"@type\":\"ImageObject\",\"inLanguage\":\"en-US\",\"@id\":\"https:\/\/veritasinfo.org\/?p=32898#primaryimage\",\"url\":\"https:\/\/veritasinfo.org\/wp-content\/uploads\/2026\/02\/IMG-20260216-WA0028.jpg\",\"contentUrl\":\"https:\/\/veritasinfo.org\/wp-content\/uploads\/2026\/02\/IMG-20260216-WA0028.jpg\",\"width\":647,\"height\":360},{\"@type\":\"BreadcrumbList\",\"@id\":\"https:\/\/veritasinfo.org\/?p=32898#breadcrumb\",\"itemListElement\":[{\"@type\":\"ListItem\",\"position\":1,\"name\":\"Home\",\"item\":\"https:\/\/veritasinfo.org\/\"},{\"@type\":\"ListItem\",\"position\":2,\"name\":\"Maqedonci: FSK nuk p\u00ebrb\u00ebn k\u00ebrc\u00ebnim, Kosova nd\u00ebrton ushtri p\u00ebr mbrojtje dhe siguri p\u00ebr t\u00eb gjith\u00eb\"}]},{\"@type\":\"WebSite\",\"@id\":\"https:\/\/veritasinfo.org\/#website\",\"url\":\"https:\/\/veritasinfo.org\/\",\"name\":\"\",\"description\":\"\",\"potentialAction\":[{\"@type\":\"SearchAction\",\"target\":{\"@type\":\"EntryPoint\",\"urlTemplate\":\"https:\/\/veritasinfo.org\/?s={search_term_string}\"},\"query-input\":{\"@type\":\"PropertyValueSpecification\",\"valueRequired\":true,\"valueName\":\"search_term_string\"}}],\"inLanguage\":\"en-US\"},{\"@type\":\"Person\",\"@id\":\"https:\/\/veritasinfo.org\/#\/schema\/person\/bc442336e35414d04494ab8fb45db4c6\",\"name\":\"US5\",\"image\":{\"@type\":\"ImageObject\",\"inLanguage\":\"en-US\",\"@id\":\"https:\/\/veritasinfo.org\/#\/schema\/person\/image\/\",\"url\":\"https:\/\/secure.gravatar.com\/avatar\/16a61e7272a0c5d001121ebb9e60e925d5816e4ac1e443ed3e640d9a6ae55d0c?s=96&d=mm&r=g\",\"contentUrl\":\"https:\/\/secure.gravatar.com\/avatar\/16a61e7272a0c5d001121ebb9e60e925d5816e4ac1e443ed3e640d9a6ae55d0c?s=96&d=mm&r=g\",\"caption\":\"US5\"},\"url\":\"https:\/\/veritasinfo.org\/?author=6\"}]}<\/script>\n<!-- \/ Yoast SEO plugin. -->","yoast_head_json":{"title":"Maqedonci: FSK nuk p\u00ebrb\u00ebn k\u00ebrc\u00ebnim, Kosova nd\u00ebrton ushtri p\u00ebr mbrojtje dhe siguri p\u00ebr t\u00eb gjith\u00eb -","robots":{"index":"index","follow":"follow","max-snippet":"max-snippet:-1","max-image-preview":"max-image-preview:large","max-video-preview":"max-video-preview:-1"},"canonical":"https:\/\/veritasinfo.org\/?p=32898","og_locale":"en_US","og_type":"article","og_title":"Maqedonci: FSK nuk p\u00ebrb\u00ebn k\u00ebrc\u00ebnim, Kosova nd\u00ebrton ushtri p\u00ebr mbrojtje dhe siguri p\u00ebr t\u00eb gjith\u00eb -","og_description":"Prishtin\u00eb, 15 shkurt 2026 11:43 Ministri i Mbrojtjes i Republik\u00ebs s\u00eb Kosov\u00ebs, Ejup Maqedonci, ka reaguar ndaj deklaratave t\u00eb fundit t\u00eb shefit t\u00eb Shtabit t\u00eb","og_url":"https:\/\/veritasinfo.org\/?p=32898","article_published_time":"2026-02-16T10:47:03+00:00","og_image":[{"width":647,"height":360,"url":"https:\/\/veritasinfo.org\/wp-content\/uploads\/2026\/02\/IMG-20260216-WA0028.jpg","type":"image\/jpeg"}],"author":"US5","twitter_card":"summary_large_image","twitter_misc":{"Written by":"US5"},"schema":{"@context":"https:\/\/schema.org","@graph":[{"@type":"WebPage","@id":"https:\/\/veritasinfo.org\/?p=32898","url":"https:\/\/veritasinfo.org\/?p=32898","name":"Maqedonci: FSK nuk p\u00ebrb\u00ebn k\u00ebrc\u00ebnim, Kosova nd\u00ebrton ushtri p\u00ebr mbrojtje dhe siguri p\u00ebr t\u00eb gjith\u00eb -","isPartOf":{"@id":"https:\/\/veritasinfo.org\/#website"},"primaryImageOfPage":{"@id":"https:\/\/veritasinfo.org\/?p=32898#primaryimage"},"image":{"@id":"https:\/\/veritasinfo.org\/?p=32898#primaryimage"},"thumbnailUrl":"https:\/\/veritasinfo.org\/wp-content\/uploads\/2026\/02\/IMG-20260216-WA0028.jpg","datePublished":"2026-02-16T10:47:03+00:00","author":{"@id":"https:\/\/veritasinfo.org\/#\/schema\/person\/bc442336e35414d04494ab8fb45db4c6"},"breadcrumb":{"@id":"https:\/\/veritasinfo.org\/?p=32898#breadcrumb"},"inLanguage":"en-US","potentialAction":[{"@type":"ReadAction","target":["https:\/\/veritasinfo.org\/?p=32898"]}]},{"@type":"ImageObject","inLanguage":"en-US","@id":"https:\/\/veritasinfo.org\/?p=32898#primaryimage","url":"https:\/\/veritasinfo.org\/wp-content\/uploads\/2026\/02\/IMG-20260216-WA0028.jpg","contentUrl":"https:\/\/veritasinfo.org\/wp-content\/uploads\/2026\/02\/IMG-20260216-WA0028.jpg","width":647,"height":360},{"@type":"BreadcrumbList","@id":"https:\/\/veritasinfo.org\/?p=32898#breadcrumb","itemListElement":[{"@type":"ListItem","position":1,"name":"Home","item":"https:\/\/veritasinfo.org\/"},{"@type":"ListItem","position":2,"name":"Maqedonci: FSK nuk p\u00ebrb\u00ebn k\u00ebrc\u00ebnim, Kosova nd\u00ebrton ushtri p\u00ebr mbrojtje dhe siguri p\u00ebr t\u00eb gjith\u00eb"}]},{"@type":"WebSite","@id":"https:\/\/veritasinfo.org\/#website","url":"https:\/\/veritasinfo.org\/","name":"","description":"","potentialAction":[{"@type":"SearchAction","target":{"@type":"EntryPoint","urlTemplate":"https:\/\/veritasinfo.org\/?s={search_term_string}"},"query-input":{"@type":"PropertyValueSpecification","valueRequired":true,"valueName":"search_term_string"}}],"inLanguage":"en-US"},{"@type":"Person","@id":"https:\/\/veritasinfo.org\/#\/schema\/person\/bc442336e35414d04494ab8fb45db4c6","name":"US5","image":{"@type":"ImageObject","inLanguage":"en-US","@id":"https:\/\/veritasinfo.org\/#\/schema\/person\/image\/","url":"https:\/\/secure.gravatar.com\/avatar\/16a61e7272a0c5d001121ebb9e60e925d5816e4ac1e443ed3e640d9a6ae55d0c?s=96&d=mm&r=g","contentUrl":"https:\/\/secure.gravatar.com\/avatar\/16a61e7272a0c5d001121ebb9e60e925d5816e4ac1e443ed3e640d9a6ae55d0c?s=96&d=mm&r=g","caption":"US5"},"url":"https:\/\/veritasinfo.org\/?author=6"}]}},"featured_image_urls":{"full":["https:\/\/veritasinfo.org\/wp-content\/uploads\/2026\/02\/IMG-20260216-WA0028.jpg",647,360,false],"thumbnail":["https:\/\/veritasinfo.org\/wp-content\/uploads\/2026\/02\/IMG-20260216-WA0028-150x150.jpg",150,150,true],"medium":["https:\/\/veritasinfo.org\/wp-content\/uploads\/2026\/02\/IMG-20260216-WA0028-300x167.jpg",300,167,true],"medium_large":["https:\/\/veritasinfo.org\/wp-content\/uploads\/2026\/02\/IMG-20260216-WA0028.jpg",640,356,false],"large":["https:\/\/veritasinfo.org\/wp-content\/uploads\/2026\/02\/IMG-20260216-WA0028.jpg",640,356,false],"1536x1536":["https:\/\/veritasinfo.org\/wp-content\/uploads\/2026\/02\/IMG-20260216-WA0028.jpg",647,360,false],"2048x2048":["https:\/\/veritasinfo.org\/wp-content\/uploads\/2026\/02\/IMG-20260216-WA0028.jpg",647,360,false],"kreeti-slider-full":["https:\/\/veritasinfo.org\/wp-content\/uploads\/2026\/02\/IMG-20260216-WA0028.jpg",647,360,false],"kreeti-featured":["https:\/\/veritasinfo.org\/wp-content\/uploads\/2026\/02\/IMG-20260216-WA0028.jpg",647,360,false],"kreeti-medium":["https:\/\/veritasinfo.org\/wp-content\/uploads\/2026\/02\/IMG-20260216-WA0028.jpg",647,360,false],"kreeti-medium-square":["https:\/\/veritasinfo.org\/wp-content\/uploads\/2026\/02\/IMG-20260216-WA0028.jpg",350,195,false]},"author_info":{"info":["US5"]},"category_info":"<a href=\"https:\/\/veritasinfo.org\/?cat=60\" rel=\"category\">Shoq\u00ebrore<\/a>","tag_info":"Shoq\u00ebrore","comment_count":"0","_links":{"self":[{"href":"https:\/\/veritasinfo.org\/index.php?rest_route=\/wp\/v2\/posts\/32898","targetHints":{"allow":["GET"]}}],"collection":[{"href":"https:\/\/veritasinfo.org\/index.php?rest_route=\/wp\/v2\/posts"}],"about":[{"href":"https:\/\/veritasinfo.org\/index.php?rest_route=\/wp\/v2\/types\/post"}],"author":[{"embeddable":true,"href":"https:\/\/veritasinfo.org\/index.php?rest_route=\/wp\/v2\/users\/6"}],"replies":[{"embeddable":true,"href":"https:\/\/veritasinfo.org\/index.php?rest_route=%2Fwp%2Fv2%2Fcomments&post=32898"}],"version-history":[{"count":1,"href":"https:\/\/veritasinfo.org\/index.php?rest_route=\/wp\/v2\/posts\/32898\/revisions"}],"predecessor-version":[{"id":32900,"href":"https:\/\/veritasinfo.org\/index.php?rest_route=\/wp\/v2\/posts\/32898\/revisions\/32900"}],"wp:featuredmedia":[{"embeddable":true,"href":"https:\/\/veritasinfo.org\/index.php?rest_route=\/wp\/v2\/media\/32899"}],"wp:attachment":[{"href":"https:\/\/veritasinfo.org\/index.php?rest_route=%2Fwp%2Fv2%2Fmedia&parent=32898"}],"wp:term":[{"taxonomy":"category","embeddable":true,"href":"https:\/\/veritasinfo.org\/index.php?rest_route=%2Fwp%2Fv2%2Fcategories&post=32898"},{"taxonomy":"post_tag","embeddable":true,"href":"https:\/\/veritasinfo.org\/index.php?rest_route=%2Fwp%2Fv2%2Ftags&post=32898"}],"curies":[{"name":"wp","href":"https:\/\/api.w.org\/{rel}","templated":true}]}}