{"id":3289,"date":"2025-07-10T14:10:33","date_gmt":"2025-07-10T12:10:33","guid":{"rendered":"https:\/\/veritasinfo.org\/?p=3289"},"modified":"2025-07-10T14:10:33","modified_gmt":"2025-07-10T12:10:33","slug":"prishtina-docekuje-svetsku-kulturu-na-festivalu-newborn-prishtina","status":"publish","type":"post","link":"https:\/\/veritasinfo.org\/?p=3289&lang=sr","title":{"rendered":"Prishtina do\u010dekuje svetsku kulturu na festivalu \u201eNewBorn Prishtina\u201c."},"content":{"rendered":"<p class=\"p1\">Pri\u0161tina, 10.07.2025<\/p>\n<p class=\"p1\"><span class=\"s1\">Od danas i naredna tri dana, trg \u201cZahir Pajaziti\u201d u Pri\u0161tini \u0107e se pretvoriti u epicentar svetske kulture sa narednim izdanjem festivala \u201cNewBorn Prishtina\u201d. Ovo je istakao predsednik op\u0161tine, P\u00ebrparim Rama.<\/span><\/p>\n<p class=\"p1\"><span class=\"s1\">Ovaj me\u0111unarodni festival donosi u srce glavnog grada muziku, folklor, tradiciju i prijateljstvo iz celog sveta.<\/span><\/p>\n<p class=\"p1\"><span class=\"s1\">Uo\u010di otvaranja festivala, prvi \u010dovek op\u0161tine Pri\u0161tina je ugostio predstavnike iz deset zemalja: Kanade, \u010cilea, Argentine, \u0160panije, Gvineje, Italije, Poljske, Slova\u010dke, Bugarske i Turske. Kao znak gostoprimstva i po\u0161tovanja, poklonjena im je simboli\u010dna kopija figure \u201eBoginja na prestolu\u201d \u2013 ikona kulturnog nasle\u0111a Kosova.<\/span><\/p>\n<p class=\"p1\"><span class=\"s1\">\u201eFestival \u2018NewBorn Prishtina\u2019 ima za cilj da izgradi mostove me\u0111u narodima kroz kulturu i umetnost, \u010dine\u0107i Pri\u0161tinu mestom susreta univerzalnih vrednosti i ponosnim doma\u0107inom kulturne raznolikosti\u201c, napisao je Rama na Fejsbuku.<\/span><\/p>\n","protected":false},"excerpt":{"rendered":"<p>Pri\u0161tina, 10.07.2025 Od danas i naredna tri dana, trg \u201cZahir Pajaziti\u201d u Pri\u0161tini \u0107e se pretvoriti u epicentar svetske kulture sa narednim izdanjem festivala \u201cNewBorn<\/p>\n","protected":false},"author":1,"featured_media":3287,"comment_status":"open","ping_status":"open","sticky":false,"template":"","format":"standard","meta":{"footnotes":""},"categories":[34],"tags":[],"class_list":["post-3289","post","type-post","status-publish","format-standard","has-post-thumbnail","hentry","category-kultura"],"yoast_head":"<!-- This site is optimized with the Yoast SEO plugin v25.3.1 - https:\/\/yoast.com\/wordpress\/plugins\/seo\/ -->\n<title>Prishtina do\u010dekuje svetsku kulturu na festivalu \u201eNewBorn Prishtina\u201c. -<\/title>\n<meta name=\"robots\" content=\"index, follow, max-snippet:-1, max-image-preview:large, max-video-preview:-1\" \/>\n<link rel=\"canonical\" href=\"https:\/\/veritasinfo.org\/?p=3289&lang=sr\" \/>\n<meta property=\"og:locale\" content=\"en_US\" \/>\n<meta property=\"og:type\" content=\"article\" \/>\n<meta property=\"og:title\" content=\"Prishtina do\u010dekuje svetsku kulturu na festivalu \u201eNewBorn Prishtina\u201c. -\" \/>\n<meta property=\"og:description\" content=\"Pri\u0161tina, 10.07.2025 Od danas i naredna tri dana, trg \u201cZahir Pajaziti\u201d u Pri\u0161tini \u0107e se pretvoriti u epicentar svetske kulture sa narednim izdanjem festivala \u201cNewBorn\" \/>\n<meta property=\"og:url\" content=\"https:\/\/veritasinfo.org\/?p=3289&amp;lang=sr\" \/>\n<meta property=\"article:published_time\" content=\"2025-07-10T12:10:33+00:00\" \/>\n<meta property=\"og:image\" content=\"https:\/\/veritasinfo.org\/wp-content\/uploads\/2025\/07\/IMG_1810.jpeg\" \/>\n\t<meta property=\"og:image:width\" content=\"780\" \/>\n\t<meta property=\"og:image:height\" content=\"500\" \/>\n\t<meta property=\"og:image:type\" content=\"image\/jpeg\" \/>\n<meta name=\"author\" content=\"admin\" \/>\n<meta name=\"twitter:card\" content=\"summary_large_image\" \/>\n<meta name=\"twitter:label1\" content=\"Written by\" \/>\n\t<meta name=\"twitter:data1\" content=\"admin\" \/>\n\t<meta name=\"twitter:label2\" content=\"Est. reading time\" \/>\n\t<meta name=\"twitter:data2\" content=\"1 minute\" \/>\n<script type=\"application\/ld+json\" class=\"yoast-schema-graph\">{\"@context\":\"https:\/\/schema.org\",\"@graph\":[{\"@type\":\"WebPage\",\"@id\":\"https:\/\/veritasinfo.org\/?p=3289&lang=sr\",\"url\":\"https:\/\/veritasinfo.org\/?p=3289&lang=sr\",\"name\":\"Prishtina do\u010dekuje svetsku kulturu na festivalu \u201eNewBorn Prishtina\u201c. -\",\"isPartOf\":{\"@id\":\"https:\/\/veritasinfo.org\/#website\"},\"primaryImageOfPage\":{\"@id\":\"https:\/\/veritasinfo.org\/?p=3289&lang=sr#primaryimage\"},\"image\":{\"@id\":\"https:\/\/veritasinfo.org\/?p=3289&lang=sr#primaryimage\"},\"thumbnailUrl\":\"https:\/\/veritasinfo.org\/wp-content\/uploads\/2025\/07\/IMG_1810.jpeg\",\"datePublished\":\"2025-07-10T12:10:33+00:00\",\"author\":{\"@id\":\"https:\/\/veritasinfo.org\/#\/schema\/person\/7701f8c088bece422266b100a712374f\"},\"breadcrumb\":{\"@id\":\"https:\/\/veritasinfo.org\/?p=3289&lang=sr#breadcrumb\"},\"inLanguage\":\"en-US\",\"potentialAction\":[{\"@type\":\"ReadAction\",\"target\":[\"https:\/\/veritasinfo.org\/?p=3289&lang=sr\"]}]},{\"@type\":\"ImageObject\",\"inLanguage\":\"en-US\",\"@id\":\"https:\/\/veritasinfo.org\/?p=3289&lang=sr#primaryimage\",\"url\":\"https:\/\/veritasinfo.org\/wp-content\/uploads\/2025\/07\/IMG_1810.jpeg\",\"contentUrl\":\"https:\/\/veritasinfo.org\/wp-content\/uploads\/2025\/07\/IMG_1810.jpeg\",\"width\":780,\"height\":500},{\"@type\":\"BreadcrumbList\",\"@id\":\"https:\/\/veritasinfo.org\/?p=3289&lang=sr#breadcrumb\",\"itemListElement\":[{\"@type\":\"ListItem\",\"position\":1,\"name\":\"Home\",\"item\":\"https:\/\/veritasinfo.org\/\"},{\"@type\":\"ListItem\",\"position\":2,\"name\":\"Prishtina do\u010dekuje svetsku kulturu na festivalu \u201eNewBorn Prishtina\u201c.\"}]},{\"@type\":\"WebSite\",\"@id\":\"https:\/\/veritasinfo.org\/#website\",\"url\":\"https:\/\/veritasinfo.org\/\",\"name\":\"\",\"description\":\"\",\"potentialAction\":[{\"@type\":\"SearchAction\",\"target\":{\"@type\":\"EntryPoint\",\"urlTemplate\":\"https:\/\/veritasinfo.org\/?s={search_term_string}\"},\"query-input\":{\"@type\":\"PropertyValueSpecification\",\"valueRequired\":true,\"valueName\":\"search_term_string\"}}],\"inLanguage\":\"en-US\"},{\"@type\":\"Person\",\"@id\":\"https:\/\/veritasinfo.org\/#\/schema\/person\/7701f8c088bece422266b100a712374f\",\"name\":\"admin\",\"image\":{\"@type\":\"ImageObject\",\"inLanguage\":\"en-US\",\"@id\":\"https:\/\/veritasinfo.org\/#\/schema\/person\/image\/\",\"url\":\"https:\/\/secure.gravatar.com\/avatar\/ea53aa3bf6c9a12d5fde8ce4deff43fef3885ae33cf60184161a50d6987cfd2f?s=96&d=mm&r=g\",\"contentUrl\":\"https:\/\/secure.gravatar.com\/avatar\/ea53aa3bf6c9a12d5fde8ce4deff43fef3885ae33cf60184161a50d6987cfd2f?s=96&d=mm&r=g\",\"caption\":\"admin\"},\"sameAs\":[\"https:\/\/veritasinfo.org\"],\"url\":\"https:\/\/veritasinfo.org\/?author=1\"}]}<\/script>\n<!-- \/ Yoast SEO plugin. -->","yoast_head_json":{"title":"Prishtina do\u010dekuje svetsku kulturu na festivalu \u201eNewBorn Prishtina\u201c. -","robots":{"index":"index","follow":"follow","max-snippet":"max-snippet:-1","max-image-preview":"max-image-preview:large","max-video-preview":"max-video-preview:-1"},"canonical":"https:\/\/veritasinfo.org\/?p=3289&lang=sr","og_locale":"en_US","og_type":"article","og_title":"Prishtina do\u010dekuje svetsku kulturu na festivalu \u201eNewBorn Prishtina\u201c. -","og_description":"Pri\u0161tina, 10.07.2025 Od danas i naredna tri dana, trg \u201cZahir Pajaziti\u201d u Pri\u0161tini \u0107e se pretvoriti u epicentar svetske kulture sa narednim izdanjem festivala \u201cNewBorn","og_url":"https:\/\/veritasinfo.org\/?p=3289&lang=sr","article_published_time":"2025-07-10T12:10:33+00:00","og_image":[{"width":780,"height":500,"url":"https:\/\/veritasinfo.org\/wp-content\/uploads\/2025\/07\/IMG_1810.jpeg","type":"image\/jpeg"}],"author":"admin","twitter_card":"summary_large_image","twitter_misc":{"Written by":"admin","Est. reading time":"1 minute"},"schema":{"@context":"https:\/\/schema.org","@graph":[{"@type":"WebPage","@id":"https:\/\/veritasinfo.org\/?p=3289&lang=sr","url":"https:\/\/veritasinfo.org\/?p=3289&lang=sr","name":"Prishtina do\u010dekuje svetsku kulturu na festivalu \u201eNewBorn Prishtina\u201c. -","isPartOf":{"@id":"https:\/\/veritasinfo.org\/#website"},"primaryImageOfPage":{"@id":"https:\/\/veritasinfo.org\/?p=3289&lang=sr#primaryimage"},"image":{"@id":"https:\/\/veritasinfo.org\/?p=3289&lang=sr#primaryimage"},"thumbnailUrl":"https:\/\/veritasinfo.org\/wp-content\/uploads\/2025\/07\/IMG_1810.jpeg","datePublished":"2025-07-10T12:10:33+00:00","author":{"@id":"https:\/\/veritasinfo.org\/#\/schema\/person\/7701f8c088bece422266b100a712374f"},"breadcrumb":{"@id":"https:\/\/veritasinfo.org\/?p=3289&lang=sr#breadcrumb"},"inLanguage":"en-US","potentialAction":[{"@type":"ReadAction","target":["https:\/\/veritasinfo.org\/?p=3289&lang=sr"]}]},{"@type":"ImageObject","inLanguage":"en-US","@id":"https:\/\/veritasinfo.org\/?p=3289&lang=sr#primaryimage","url":"https:\/\/veritasinfo.org\/wp-content\/uploads\/2025\/07\/IMG_1810.jpeg","contentUrl":"https:\/\/veritasinfo.org\/wp-content\/uploads\/2025\/07\/IMG_1810.jpeg","width":780,"height":500},{"@type":"BreadcrumbList","@id":"https:\/\/veritasinfo.org\/?p=3289&lang=sr#breadcrumb","itemListElement":[{"@type":"ListItem","position":1,"name":"Home","item":"https:\/\/veritasinfo.org\/"},{"@type":"ListItem","position":2,"name":"Prishtina do\u010dekuje svetsku kulturu na festivalu \u201eNewBorn Prishtina\u201c."}]},{"@type":"WebSite","@id":"https:\/\/veritasinfo.org\/#website","url":"https:\/\/veritasinfo.org\/","name":"","description":"","potentialAction":[{"@type":"SearchAction","target":{"@type":"EntryPoint","urlTemplate":"https:\/\/veritasinfo.org\/?s={search_term_string}"},"query-input":{"@type":"PropertyValueSpecification","valueRequired":true,"valueName":"search_term_string"}}],"inLanguage":"en-US"},{"@type":"Person","@id":"https:\/\/veritasinfo.org\/#\/schema\/person\/7701f8c088bece422266b100a712374f","name":"admin","image":{"@type":"ImageObject","inLanguage":"en-US","@id":"https:\/\/veritasinfo.org\/#\/schema\/person\/image\/","url":"https:\/\/secure.gravatar.com\/avatar\/ea53aa3bf6c9a12d5fde8ce4deff43fef3885ae33cf60184161a50d6987cfd2f?s=96&d=mm&r=g","contentUrl":"https:\/\/secure.gravatar.com\/avatar\/ea53aa3bf6c9a12d5fde8ce4deff43fef3885ae33cf60184161a50d6987cfd2f?s=96&d=mm&r=g","caption":"admin"},"sameAs":["https:\/\/veritasinfo.org"],"url":"https:\/\/veritasinfo.org\/?author=1"}]}},"featured_image_urls":{"full":["https:\/\/veritasinfo.org\/wp-content\/uploads\/2025\/07\/IMG_1810.jpeg",780,500,false],"thumbnail":["https:\/\/veritasinfo.org\/wp-content\/uploads\/2025\/07\/IMG_1810-150x150.jpeg",150,150,true],"medium":["https:\/\/veritasinfo.org\/wp-content\/uploads\/2025\/07\/IMG_1810-300x192.jpeg",300,192,true],"medium_large":["https:\/\/veritasinfo.org\/wp-content\/uploads\/2025\/07\/IMG_1810-768x492.jpeg",640,410,true],"large":["https:\/\/veritasinfo.org\/wp-content\/uploads\/2025\/07\/IMG_1810.jpeg",640,410,false],"1536x1536":["https:\/\/veritasinfo.org\/wp-content\/uploads\/2025\/07\/IMG_1810.jpeg",780,500,false],"2048x2048":["https:\/\/veritasinfo.org\/wp-content\/uploads\/2025\/07\/IMG_1810.jpeg",780,500,false],"kreeti-slider-full":["https:\/\/veritasinfo.org\/wp-content\/uploads\/2025\/07\/IMG_1810.jpeg",780,500,false],"kreeti-featured":["https:\/\/veritasinfo.org\/wp-content\/uploads\/2025\/07\/IMG_1810.jpeg",780,500,false],"kreeti-medium":["https:\/\/veritasinfo.org\/wp-content\/uploads\/2025\/07\/IMG_1810.jpeg",720,462,false],"kreeti-medium-square":["https:\/\/veritasinfo.org\/wp-content\/uploads\/2025\/07\/IMG_1810.jpeg",350,224,false]},"author_info":{"info":["admin"]},"category_info":"<a href=\"https:\/\/veritasinfo.org\/?cat=34&#038;lang=sr\" rel=\"category\">Kultura<\/a>","tag_info":"Kultura","comment_count":"0","_links":{"self":[{"href":"https:\/\/veritasinfo.org\/index.php?rest_route=\/wp\/v2\/posts\/3289","targetHints":{"allow":["GET"]}}],"collection":[{"href":"https:\/\/veritasinfo.org\/index.php?rest_route=\/wp\/v2\/posts"}],"about":[{"href":"https:\/\/veritasinfo.org\/index.php?rest_route=\/wp\/v2\/types\/post"}],"author":[{"embeddable":true,"href":"https:\/\/veritasinfo.org\/index.php?rest_route=\/wp\/v2\/users\/1"}],"replies":[{"embeddable":true,"href":"https:\/\/veritasinfo.org\/index.php?rest_route=%2Fwp%2Fv2%2Fcomments&post=3289"}],"version-history":[{"count":1,"href":"https:\/\/veritasinfo.org\/index.php?rest_route=\/wp\/v2\/posts\/3289\/revisions"}],"predecessor-version":[{"id":3296,"href":"https:\/\/veritasinfo.org\/index.php?rest_route=\/wp\/v2\/posts\/3289\/revisions\/3296"}],"wp:featuredmedia":[{"embeddable":true,"href":"https:\/\/veritasinfo.org\/index.php?rest_route=\/wp\/v2\/media\/3287"}],"wp:attachment":[{"href":"https:\/\/veritasinfo.org\/index.php?rest_route=%2Fwp%2Fv2%2Fmedia&parent=3289"}],"wp:term":[{"taxonomy":"category","embeddable":true,"href":"https:\/\/veritasinfo.org\/index.php?rest_route=%2Fwp%2Fv2%2Fcategories&post=3289"},{"taxonomy":"post_tag","embeddable":true,"href":"https:\/\/veritasinfo.org\/index.php?rest_route=%2Fwp%2Fv2%2Ftags&post=3289"}],"curies":[{"name":"wp","href":"https:\/\/api.w.org\/{rel}","templated":true}]}}