{"id":32886,"date":"2026-02-16T11:34:01","date_gmt":"2026-02-16T10:34:01","guid":{"rendered":"https:\/\/veritasinfo.org\/?p=32886"},"modified":"2026-02-16T11:34:01","modified_gmt":"2026-02-16T10:34:01","slug":"murati-paraqet-projektligjin-e-buxhetit-para-deputeteve","status":"publish","type":"post","link":"https:\/\/veritasinfo.org\/?p=32886","title":{"rendered":"Murati paraqet projektligjin e buxhetit para deputet\u00ebve"},"content":{"rendered":"<p>Prishtin\u00eb 16 Shkurt 2026 11:33<br \/>\nN\u00eb Kuvendin e Kosov\u00ebs, ministri i Financave, Hekuran Murati paraqiti para deputet\u00ebve projektligjin p\u00ebr ndarjen buxhetore p\u00ebr vitin 2026, duke theksuar vonesat procedurale, kufizimet e zgjatjes buxhetore dhe struktur\u00ebn e p\u00ebrgjithshme t\u00eb shpenzimeve dhe t\u00eb hyrave.<\/p>\n<p>Ministri n\u00ebnvizoi se projektligji ishte dor\u00ebzuar n\u00eb afatin ligjor, por nuk kishte hyr\u00eb n\u00eb fuqi p\u00ebr shkak t\u00eb rrethanave institucionale.<\/p>\n<p> \u201cT\u00eb gjith\u00eb e dim\u00eb q\u00eb ky projektligj, sipas ligjit, parashihej q\u00eb t\u00eb miratohej dhe t\u00eb dor\u00ebzohej n\u00eb Kuvend me dat\u00ebn 31 tetor t\u00eb vitit t\u00eb kaluar, gj\u00eb q\u00eb qeveria e asaj kohe n\u00eb detyr\u00eb e kishte b\u00ebr\u00eb. Megjithat\u00eb, n\u00eb munges\u00eb t\u00eb nj\u00eb Kuvendi funksional, por edhe n\u00eb munges\u00eb t\u00eb konsensusit pastaj pas konstituimit t\u00eb Kuvendit, ky projektligj nuk ishte proceduar dhe nuk ishte miratuar n\u00eb m\u00ebnyr\u00eb q\u00eb t\u00eb ishte n\u00eb fuqi para dat\u00ebs 1 janar, kur edhe fillon shfryt\u00ebzimi i k\u00ebtij buxheti. Si rezultat i k\u00ebsaj, kemi pasur zgjatje buxhetore automatike, pra si\u00e7 parashihet me LMFPP (Ligjin p\u00ebr menaxhimin e financave publike dhe p\u00ebrgjegjshm\u00ebrit\u00eb), q\u00eb \u00ebsht\u00eb p\u00ebr dy muajt e par\u00eb dhe m\u00eb pastaj, si\u00e7 e dini edhe ju, \u00ebsht\u00eb miratuar edhe zgjatja p\u00ebr muajin mars. Sido q\u00eb t\u00eb jet\u00eb, k\u00ebto zgjatje mjaftojn\u00eb vet\u00ebm p\u00ebr shpenzimet rrjedh\u00ebse. Sa i p\u00ebrket prokurimeve t\u00eb reja, projekteve t\u00eb reja, \u00ebsht\u00eb e pamundur t\u00eb iniciohen procedura pa pasur zotimin e mjeteve. E n\u00ebse alokimi \u00ebsht\u00eb b\u00ebr\u00eb vet\u00ebm p\u00ebr 3 t\u00eb 12-tat e vitit, pra nuk mund t\u00eb zotohet komplet viti, ta z\u00ebm\u00eb p\u00ebr ndonj\u00eb projekt kapital apo p\u00ebr ndonj\u00eb prokurim tjet\u00ebr sa i p\u00ebrket mallrave dhe sh\u00ebrbimeve, p\u00ebr sh\u00ebrbime esenciale n\u00eb rast se \u00ebsht\u00eb nevoja\u201d, tha ai.<\/p>\n<p>Ai shtoi se qeveria e re ka vendosur ta procedoj\u00eb projektligjin n\u00eb form\u00ebn ekzistuese p\u00ebr t\u00eb zhbllokuar funksionimin buxhetor, nd\u00ebrsa ndryshimet do t\u00eb trajtohen n\u00eb nj\u00eb faz\u00eb t\u00eb m\u00ebvonshme.<\/p>\n<p>\u201cPrandaj, duke e par\u00eb k\u00ebt\u00eb situat\u00eb, duke qen\u00eb t\u00eb vet\u00ebdijsh\u00ebm edhe p\u00ebr situat\u00ebn emergjente q\u00eb na pret sa i p\u00ebrket l\u00ebvizjes tutje dhe zhbllokimit t\u00eb buxhetit, qoft\u00eb n\u00eb nivelin qendror apo edhe p\u00ebr ato komunale, ne i kemi propozuar si Ministri e Financave qeveris\u00eb n\u00eb mbledhjen e par\u00eb, pra si qeveri e re, q\u00eb t\u00eb procedojm\u00eb projektligjin ashtu si\u00e7 ka qen\u00eb. Pra, duke mos reflektuar domosdoshm\u00ebrisht tash p\u00ebr tash ndryshimet e nevojshme p\u00ebr t\u00eb gjitha prioritetet, por edhe p\u00ebr struktur\u00ebn e qeveris\u00eb, por q\u00eb k\u00ebt\u00eb ta b\u00ebjm\u00eb n\u00eb nj\u00eb rishikim t\u00eb m\u00ebvonsh\u00ebm. Nd\u00ebrkaq ky projektligj \u00ebsht\u00eb projektligji i cili \u00ebsht\u00eb miratuar m\u00eb 31 tetor t\u00eb vitit t\u00eb kaluar ashtu si\u00e7 e ka parapar\u00eb ligji. Tabelat jan\u00eb t\u00eb ngjashme. E vetmja gj\u00eb q\u00eb ndryshon ka t\u00eb b\u00ebj\u00eb me pag\u00ebn e 13-t\u00eb, q\u00eb \u00ebsht\u00eb parapar\u00eb q\u00eb jo n\u00eb fund t\u00eb vitit por t\u00eb b\u00ebhet n\u00eb fillim t\u00eb vitit. Nd\u00ebrkaq \u00e7\u00ebshtja tjet\u00ebr q\u00eb \u00ebsht\u00eb parapar\u00eb ka t\u00eb b\u00ebj\u00eb edhe me ndryshimin apo mund\u00ebsin\u00eb e ndryshimit t\u00eb tabelave n\u00eb ligj sa i p\u00ebrket dikastereve n\u00eb momentin kur qeveria e miraton rregulloren e qeveris\u00eb dhe b\u00ebhet definimi apo p\u00ebrcaktimi i ndarjes s\u00eb detyrave dhe fush\u00ebveprimit t\u00eb secilit prej dikastereve apo ministrive. Dhe kjo pun\u00eb \u00ebsht\u00eb l\u00ebn\u00eb q\u00eb t\u00eb b\u00ebhet m\u00eb pastaj p\u00ebrmes nenit 11, paragrafi 5 konkretisht\u201d, theksoi ai.<\/p>\n<p>Sa i p\u00ebrket p\u00ebrmbajtjes s\u00eb buxhetit p\u00ebr vitin 2026, ministri paraqiti struktur\u00ebn e plot\u00eb t\u00eb shpenzimeve dhe burimet e financimit<\/p>\n<p>\u201cSa i p\u00ebrket buxhetit n\u00eb fjal\u00eb, \u00ebsht\u00eb nj\u00eb buxhet ku kufiri i shpenzimit \u00ebsht\u00eb p\u00ebraf\u00ebrsisht 4 miliard\u00eb euro (ose 3 miliard\u00eb e 967 milion\u00eb euro). K\u00ebto shpenzime ndahen n\u00eb kategori si vijon:<\/p>\n<p>Paga dhe shtesa: 980 milion\u00eb euro.<\/p>\n<p>Mallra dhe sh\u00ebrbime: 545 milion\u00eb euro.<\/p>\n<p>Subvencione dhe transfere: 1 miliard e 358 milion\u00eb euro.<\/p>\n<p>Shpenzime kapitale: 998.4 milion\u00eb euro (prej t\u00eb cilave 897 milion\u00eb nga buxheti i rregullt dhe 100 milion\u00eb nga klauzola e investimeve).<\/p>\n<p>Sa i p\u00ebrket burimit t\u00eb financimeve, t\u00eb hyrat buxhetore gjithsej jan\u00eb 3.64 miliard\u00eb euro:<\/p>\n<p>T\u00eb hyrat tatimore: 3.26 miliard\u00eb euro<\/p>\n<p>T\u00eb hyrat jo tatimore: 357 milion\u00eb euro.<\/p>\n<p>Pjesa e mbetur e deficitit parashihet t\u00eb financohet p\u00ebrmes huamarrjes ose granteve nga donator\u00ebt.<\/p>\n<p>P\u00ebrve\u00e7 k\u00ebtyre, \u00ebsht\u00eb parapar\u00eb q\u00eb: Paga e 13-t\u00eb t\u00eb shtohet k\u00ebtu, P\u00ebrvoja e pun\u00ebs, q\u00eb me ligjin e pagave p\u00ebr 15 vitet e para ishte 0.25% p\u00ebr vit, t\u00eb kthehet n\u00eb 0.5% n\u00eb vit p\u00ebr t\u00eb gjitha vitet. Shtyrja e hyrjes n\u00eb fuqi t\u00eb norm\u00ebs progresive p\u00ebr tatimin n\u00eb pron\u00eb, n\u00eb m\u00ebnyr\u00eb q\u00eb k\u00ebt\u00eb vit t\u00eb kemi nj\u00eb ligj t\u00eb ri n\u00eb konsultim me komunat, duke qen\u00eb se k\u00ebto t\u00eb hyra u shkojn\u00eb atyre\u201d, shtoi ai.<\/p>\n","protected":false},"excerpt":{"rendered":"<p>Prishtin\u00eb 16 Shkurt 2026 11:33 N\u00eb Kuvendin e Kosov\u00ebs, ministri i Financave, Hekuran Murati paraqiti para deputet\u00ebve projektligjin p\u00ebr ndarjen buxhetore p\u00ebr vitin 2026, duke<\/p>\n","protected":false},"author":6,"featured_media":32887,"comment_status":"open","ping_status":"open","sticky":false,"template":"","format":"standard","meta":{"footnotes":""},"categories":[60],"tags":[],"class_list":["post-32886","post","type-post","status-publish","format-standard","has-post-thumbnail","hentry","category-shoqerore-sq"],"yoast_head":"<!-- This site is optimized with the Yoast SEO plugin v25.3.1 - https:\/\/yoast.com\/wordpress\/plugins\/seo\/ -->\n<title>Murati paraqet projektligjin e buxhetit para deputet\u00ebve -<\/title>\n<meta name=\"robots\" content=\"index, follow, max-snippet:-1, max-image-preview:large, max-video-preview:-1\" \/>\n<link rel=\"canonical\" href=\"https:\/\/veritasinfo.org\/?p=32886\" \/>\n<meta property=\"og:locale\" content=\"en_US\" \/>\n<meta property=\"og:type\" content=\"article\" \/>\n<meta property=\"og:title\" content=\"Murati paraqet projektligjin e buxhetit para deputet\u00ebve -\" \/>\n<meta property=\"og:description\" content=\"Prishtin\u00eb 16 Shkurt 2026 11:33 N\u00eb Kuvendin e Kosov\u00ebs, ministri i Financave, Hekuran Murati paraqiti para deputet\u00ebve projektligjin p\u00ebr ndarjen buxhetore p\u00ebr vitin 2026, duke\" \/>\n<meta property=\"og:url\" content=\"https:\/\/veritasinfo.org\/?p=32886\" \/>\n<meta property=\"article:published_time\" content=\"2026-02-16T10:34:01+00:00\" \/>\n<meta property=\"og:image\" content=\"https:\/\/veritasinfo.org\/wp-content\/uploads\/2026\/02\/hekuran-mruati-kuvend-850x638-1.jpg\" \/>\n\t<meta property=\"og:image:width\" content=\"850\" \/>\n\t<meta property=\"og:image:height\" content=\"638\" \/>\n\t<meta property=\"og:image:type\" content=\"image\/jpeg\" \/>\n<meta name=\"author\" content=\"US5\" \/>\n<meta name=\"twitter:card\" content=\"summary_large_image\" \/>\n<meta name=\"twitter:label1\" content=\"Written by\" \/>\n\t<meta name=\"twitter:data1\" content=\"US5\" \/>\n\t<meta name=\"twitter:label2\" content=\"Est. reading time\" \/>\n\t<meta name=\"twitter:data2\" content=\"1 minute\" \/>\n<script type=\"application\/ld+json\" class=\"yoast-schema-graph\">{\"@context\":\"https:\/\/schema.org\",\"@graph\":[{\"@type\":\"WebPage\",\"@id\":\"https:\/\/veritasinfo.org\/?p=32886\",\"url\":\"https:\/\/veritasinfo.org\/?p=32886\",\"name\":\"Murati paraqet projektligjin e buxhetit para deputet\u00ebve -\",\"isPartOf\":{\"@id\":\"https:\/\/veritasinfo.org\/#website\"},\"primaryImageOfPage\":{\"@id\":\"https:\/\/veritasinfo.org\/?p=32886#primaryimage\"},\"image\":{\"@id\":\"https:\/\/veritasinfo.org\/?p=32886#primaryimage\"},\"thumbnailUrl\":\"https:\/\/veritasinfo.org\/wp-content\/uploads\/2026\/02\/hekuran-mruati-kuvend-850x638-1.jpg\",\"datePublished\":\"2026-02-16T10:34:01+00:00\",\"author\":{\"@id\":\"https:\/\/veritasinfo.org\/#\/schema\/person\/bc442336e35414d04494ab8fb45db4c6\"},\"breadcrumb\":{\"@id\":\"https:\/\/veritasinfo.org\/?p=32886#breadcrumb\"},\"inLanguage\":\"en-US\",\"potentialAction\":[{\"@type\":\"ReadAction\",\"target\":[\"https:\/\/veritasinfo.org\/?p=32886\"]}]},{\"@type\":\"ImageObject\",\"inLanguage\":\"en-US\",\"@id\":\"https:\/\/veritasinfo.org\/?p=32886#primaryimage\",\"url\":\"https:\/\/veritasinfo.org\/wp-content\/uploads\/2026\/02\/hekuran-mruati-kuvend-850x638-1.jpg\",\"contentUrl\":\"https:\/\/veritasinfo.org\/wp-content\/uploads\/2026\/02\/hekuran-mruati-kuvend-850x638-1.jpg\",\"width\":850,\"height\":638},{\"@type\":\"BreadcrumbList\",\"@id\":\"https:\/\/veritasinfo.org\/?p=32886#breadcrumb\",\"itemListElement\":[{\"@type\":\"ListItem\",\"position\":1,\"name\":\"Home\",\"item\":\"https:\/\/veritasinfo.org\/\"},{\"@type\":\"ListItem\",\"position\":2,\"name\":\"Murati paraqet projektligjin e buxhetit para deputet\u00ebve\"}]},{\"@type\":\"WebSite\",\"@id\":\"https:\/\/veritasinfo.org\/#website\",\"url\":\"https:\/\/veritasinfo.org\/\",\"name\":\"\",\"description\":\"\",\"potentialAction\":[{\"@type\":\"SearchAction\",\"target\":{\"@type\":\"EntryPoint\",\"urlTemplate\":\"https:\/\/veritasinfo.org\/?s={search_term_string}\"},\"query-input\":{\"@type\":\"PropertyValueSpecification\",\"valueRequired\":true,\"valueName\":\"search_term_string\"}}],\"inLanguage\":\"en-US\"},{\"@type\":\"Person\",\"@id\":\"https:\/\/veritasinfo.org\/#\/schema\/person\/bc442336e35414d04494ab8fb45db4c6\",\"name\":\"US5\",\"image\":{\"@type\":\"ImageObject\",\"inLanguage\":\"en-US\",\"@id\":\"https:\/\/veritasinfo.org\/#\/schema\/person\/image\/\",\"url\":\"https:\/\/secure.gravatar.com\/avatar\/16a61e7272a0c5d001121ebb9e60e925d5816e4ac1e443ed3e640d9a6ae55d0c?s=96&d=mm&r=g\",\"contentUrl\":\"https:\/\/secure.gravatar.com\/avatar\/16a61e7272a0c5d001121ebb9e60e925d5816e4ac1e443ed3e640d9a6ae55d0c?s=96&d=mm&r=g\",\"caption\":\"US5\"},\"url\":\"https:\/\/veritasinfo.org\/?author=6\"}]}<\/script>\n<!-- \/ Yoast SEO plugin. -->","yoast_head_json":{"title":"Murati paraqet projektligjin e buxhetit para deputet\u00ebve -","robots":{"index":"index","follow":"follow","max-snippet":"max-snippet:-1","max-image-preview":"max-image-preview:large","max-video-preview":"max-video-preview:-1"},"canonical":"https:\/\/veritasinfo.org\/?p=32886","og_locale":"en_US","og_type":"article","og_title":"Murati paraqet projektligjin e buxhetit para deputet\u00ebve -","og_description":"Prishtin\u00eb 16 Shkurt 2026 11:33 N\u00eb Kuvendin e Kosov\u00ebs, ministri i Financave, Hekuran Murati paraqiti para deputet\u00ebve projektligjin p\u00ebr ndarjen buxhetore p\u00ebr vitin 2026, duke","og_url":"https:\/\/veritasinfo.org\/?p=32886","article_published_time":"2026-02-16T10:34:01+00:00","og_image":[{"width":850,"height":638,"url":"https:\/\/veritasinfo.org\/wp-content\/uploads\/2026\/02\/hekuran-mruati-kuvend-850x638-1.jpg","type":"image\/jpeg"}],"author":"US5","twitter_card":"summary_large_image","twitter_misc":{"Written by":"US5","Est. reading time":"1 minute"},"schema":{"@context":"https:\/\/schema.org","@graph":[{"@type":"WebPage","@id":"https:\/\/veritasinfo.org\/?p=32886","url":"https:\/\/veritasinfo.org\/?p=32886","name":"Murati paraqet projektligjin e buxhetit para deputet\u00ebve -","isPartOf":{"@id":"https:\/\/veritasinfo.org\/#website"},"primaryImageOfPage":{"@id":"https:\/\/veritasinfo.org\/?p=32886#primaryimage"},"image":{"@id":"https:\/\/veritasinfo.org\/?p=32886#primaryimage"},"thumbnailUrl":"https:\/\/veritasinfo.org\/wp-content\/uploads\/2026\/02\/hekuran-mruati-kuvend-850x638-1.jpg","datePublished":"2026-02-16T10:34:01+00:00","author":{"@id":"https:\/\/veritasinfo.org\/#\/schema\/person\/bc442336e35414d04494ab8fb45db4c6"},"breadcrumb":{"@id":"https:\/\/veritasinfo.org\/?p=32886#breadcrumb"},"inLanguage":"en-US","potentialAction":[{"@type":"ReadAction","target":["https:\/\/veritasinfo.org\/?p=32886"]}]},{"@type":"ImageObject","inLanguage":"en-US","@id":"https:\/\/veritasinfo.org\/?p=32886#primaryimage","url":"https:\/\/veritasinfo.org\/wp-content\/uploads\/2026\/02\/hekuran-mruati-kuvend-850x638-1.jpg","contentUrl":"https:\/\/veritasinfo.org\/wp-content\/uploads\/2026\/02\/hekuran-mruati-kuvend-850x638-1.jpg","width":850,"height":638},{"@type":"BreadcrumbList","@id":"https:\/\/veritasinfo.org\/?p=32886#breadcrumb","itemListElement":[{"@type":"ListItem","position":1,"name":"Home","item":"https:\/\/veritasinfo.org\/"},{"@type":"ListItem","position":2,"name":"Murati paraqet projektligjin e buxhetit para deputet\u00ebve"}]},{"@type":"WebSite","@id":"https:\/\/veritasinfo.org\/#website","url":"https:\/\/veritasinfo.org\/","name":"","description":"","potentialAction":[{"@type":"SearchAction","target":{"@type":"EntryPoint","urlTemplate":"https:\/\/veritasinfo.org\/?s={search_term_string}"},"query-input":{"@type":"PropertyValueSpecification","valueRequired":true,"valueName":"search_term_string"}}],"inLanguage":"en-US"},{"@type":"Person","@id":"https:\/\/veritasinfo.org\/#\/schema\/person\/bc442336e35414d04494ab8fb45db4c6","name":"US5","image":{"@type":"ImageObject","inLanguage":"en-US","@id":"https:\/\/veritasinfo.org\/#\/schema\/person\/image\/","url":"https:\/\/secure.gravatar.com\/avatar\/16a61e7272a0c5d001121ebb9e60e925d5816e4ac1e443ed3e640d9a6ae55d0c?s=96&d=mm&r=g","contentUrl":"https:\/\/secure.gravatar.com\/avatar\/16a61e7272a0c5d001121ebb9e60e925d5816e4ac1e443ed3e640d9a6ae55d0c?s=96&d=mm&r=g","caption":"US5"},"url":"https:\/\/veritasinfo.org\/?author=6"}]}},"featured_image_urls":{"full":["https:\/\/veritasinfo.org\/wp-content\/uploads\/2026\/02\/hekuran-mruati-kuvend-850x638-1.jpg",850,638,false],"thumbnail":["https:\/\/veritasinfo.org\/wp-content\/uploads\/2026\/02\/hekuran-mruati-kuvend-850x638-1-150x150.jpg",150,150,true],"medium":["https:\/\/veritasinfo.org\/wp-content\/uploads\/2026\/02\/hekuran-mruati-kuvend-850x638-1-300x225.jpg",300,225,true],"medium_large":["https:\/\/veritasinfo.org\/wp-content\/uploads\/2026\/02\/hekuran-mruati-kuvend-850x638-1-768x576.jpg",640,480,true],"large":["https:\/\/veritasinfo.org\/wp-content\/uploads\/2026\/02\/hekuran-mruati-kuvend-850x638-1.jpg",640,480,false],"1536x1536":["https:\/\/veritasinfo.org\/wp-content\/uploads\/2026\/02\/hekuran-mruati-kuvend-850x638-1.jpg",850,638,false],"2048x2048":["https:\/\/veritasinfo.org\/wp-content\/uploads\/2026\/02\/hekuran-mruati-kuvend-850x638-1.jpg",850,638,false],"kreeti-slider-full":["https:\/\/veritasinfo.org\/wp-content\/uploads\/2026\/02\/hekuran-mruati-kuvend-850x638-1.jpg",850,638,false],"kreeti-featured":["https:\/\/veritasinfo.org\/wp-content\/uploads\/2026\/02\/hekuran-mruati-kuvend-850x638-1.jpg",850,638,false],"kreeti-medium":["https:\/\/veritasinfo.org\/wp-content\/uploads\/2026\/02\/hekuran-mruati-kuvend-850x638-1.jpg",706,530,false],"kreeti-medium-square":["https:\/\/veritasinfo.org\/wp-content\/uploads\/2026\/02\/hekuran-mruati-kuvend-850x638-1.jpg",350,263,false]},"author_info":{"info":["US5"]},"category_info":"<a href=\"https:\/\/veritasinfo.org\/?cat=60\" rel=\"category\">Shoq\u00ebrore<\/a>","tag_info":"Shoq\u00ebrore","comment_count":"0","_links":{"self":[{"href":"https:\/\/veritasinfo.org\/index.php?rest_route=\/wp\/v2\/posts\/32886","targetHints":{"allow":["GET"]}}],"collection":[{"href":"https:\/\/veritasinfo.org\/index.php?rest_route=\/wp\/v2\/posts"}],"about":[{"href":"https:\/\/veritasinfo.org\/index.php?rest_route=\/wp\/v2\/types\/post"}],"author":[{"embeddable":true,"href":"https:\/\/veritasinfo.org\/index.php?rest_route=\/wp\/v2\/users\/6"}],"replies":[{"embeddable":true,"href":"https:\/\/veritasinfo.org\/index.php?rest_route=%2Fwp%2Fv2%2Fcomments&post=32886"}],"version-history":[{"count":1,"href":"https:\/\/veritasinfo.org\/index.php?rest_route=\/wp\/v2\/posts\/32886\/revisions"}],"predecessor-version":[{"id":32888,"href":"https:\/\/veritasinfo.org\/index.php?rest_route=\/wp\/v2\/posts\/32886\/revisions\/32888"}],"wp:featuredmedia":[{"embeddable":true,"href":"https:\/\/veritasinfo.org\/index.php?rest_route=\/wp\/v2\/media\/32887"}],"wp:attachment":[{"href":"https:\/\/veritasinfo.org\/index.php?rest_route=%2Fwp%2Fv2%2Fmedia&parent=32886"}],"wp:term":[{"taxonomy":"category","embeddable":true,"href":"https:\/\/veritasinfo.org\/index.php?rest_route=%2Fwp%2Fv2%2Fcategories&post=32886"},{"taxonomy":"post_tag","embeddable":true,"href":"https:\/\/veritasinfo.org\/index.php?rest_route=%2Fwp%2Fv2%2Ftags&post=32886"}],"curies":[{"name":"wp","href":"https:\/\/api.w.org\/{rel}","templated":true}]}}