{"id":32880,"date":"2026-02-16T10:53:02","date_gmt":"2026-02-16T09:53:02","guid":{"rendered":"https:\/\/veritasinfo.org\/?p=32880"},"modified":"2026-02-16T10:56:53","modified_gmt":"2026-02-16T09:56:53","slug":"dosje-e-re-ndaj-dy-te-akuzuarve-per-iber-lepencin-nen-hetim-edhe-per-nje-vrasj-ne-peje","status":"publish","type":"post","link":"https:\/\/veritasinfo.org\/?p=32880","title":{"rendered":"Dosje e re ndaj dy t\u00eb akuzuarve p\u00ebr \u201cIb\u00ebr-Lepencin\u201d, n\u00ebn hetim edhe p\u00ebr nj\u00eb vrasje, n\u00eb Pej\u00eb"},"content":{"rendered":"<p>Prishtin\u00eb, 15 shkurt 2026 10:58<\/p>\n<p>Dy nga tre t\u00eb akuzuarit n\u00eb rastin e sulmit terrorist n\u00eb \u201cIb\u00ebr-Lepenc\u201d, Jovan Vi\u00e7entijeviq dhe Dragisha Vi\u00e7entijeviq jan\u00eb p\u00ebrfshir\u00eb edhe n\u00eb nj\u00eb rast t\u00eb ve\u00e7ant\u00eb vrasjeje n\u00eb Pej\u00eb, ndaj t\u00eb cil\u00ebve procedura hetimore \u00ebsht\u00eb ende duke u zhvilluar.<\/p>\n<p>Mbrojt\u00ebsi i t\u00eb akuzuarve serb\u00eb ka k\u00ebrkuar q\u00eb rasti i \u201cIb\u00ebr-Lepencit\u201d dhe rasti i vrasjes n\u00eb Pej\u00eb t\u00eb bashkohen n\u00eb nj\u00eb procedur\u00eb t\u00eb vetme gjyq\u00ebsore. Mir\u00ebpo, prokurori i rastit ka kund\u00ebrshtuar k\u00ebt\u00eb k\u00ebrkes\u00eb, duke theksuar se bashkimi i dy procedurave do t\u00eb pengonte hetimet dhe procesin gjyq\u00ebsor, prandaj ka k\u00ebrkuar q\u00eb rastet t\u00eb trajtohen ve\u00e7mas.<\/p>\n<p>Seanca p\u00ebr sot ka p\u00ebrfunduar.<\/p>\n<p>&nbsp;<\/p>\n","protected":false},"excerpt":{"rendered":"<p>Prishtin\u00eb, 15 shkurt 2026 10:58 Dy nga tre t\u00eb akuzuarit n\u00eb rastin e sulmit terrorist n\u00eb \u201cIb\u00ebr-Lepenc\u201d, Jovan Vi\u00e7entijeviq dhe Dragisha Vi\u00e7entijeviq jan\u00eb p\u00ebrfshir\u00eb edhe<\/p>\n","protected":false},"author":7,"featured_media":32881,"comment_status":"open","ping_status":"open","sticky":false,"template":"","format":"standard","meta":{"footnotes":""},"categories":[60],"tags":[],"class_list":["post-32880","post","type-post","status-publish","format-standard","has-post-thumbnail","hentry","category-shoqerore-sq"],"yoast_head":"<!-- This site is optimized with the Yoast SEO plugin v25.3.1 - https:\/\/yoast.com\/wordpress\/plugins\/seo\/ -->\n<title>Dosje e re ndaj dy t\u00eb akuzuarve p\u00ebr \u201cIb\u00ebr-Lepencin\u201d, n\u00ebn hetim edhe p\u00ebr nj\u00eb vrasje, n\u00eb Pej\u00eb -<\/title>\n<meta name=\"robots\" content=\"index, follow, max-snippet:-1, max-image-preview:large, max-video-preview:-1\" \/>\n<link rel=\"canonical\" href=\"https:\/\/veritasinfo.org\/?p=32880\" \/>\n<meta property=\"og:locale\" content=\"en_US\" \/>\n<meta property=\"og:type\" content=\"article\" \/>\n<meta property=\"og:title\" content=\"Dosje e re ndaj dy t\u00eb akuzuarve p\u00ebr \u201cIb\u00ebr-Lepencin\u201d, n\u00ebn hetim edhe p\u00ebr nj\u00eb vrasje, n\u00eb Pej\u00eb -\" \/>\n<meta property=\"og:description\" content=\"Prishtin\u00eb, 15 shkurt 2026 10:58 Dy nga tre t\u00eb akuzuarit n\u00eb rastin e sulmit terrorist n\u00eb \u201cIb\u00ebr-Lepenc\u201d, Jovan Vi\u00e7entijeviq dhe Dragisha Vi\u00e7entijeviq jan\u00eb p\u00ebrfshir\u00eb edhe\" \/>\n<meta property=\"og:url\" content=\"https:\/\/veritasinfo.org\/?p=32880\" \/>\n<meta property=\"article:published_time\" content=\"2026-02-16T09:53:02+00:00\" \/>\n<meta property=\"article:modified_time\" content=\"2026-02-16T09:56:53+00:00\" \/>\n<meta property=\"og:image\" content=\"https:\/\/veritasinfo.org\/wp-content\/uploads\/2026\/02\/images-12.jpeg\" \/>\n\t<meta property=\"og:image:width\" content=\"696\" \/>\n\t<meta property=\"og:image:height\" content=\"410\" \/>\n\t<meta property=\"og:image:type\" content=\"image\/jpeg\" \/>\n<meta name=\"author\" content=\"US6\" \/>\n<meta name=\"twitter:card\" content=\"summary_large_image\" \/>\n<meta name=\"twitter:label1\" content=\"Written by\" \/>\n\t<meta name=\"twitter:data1\" content=\"US6\" \/>\n\t<meta name=\"twitter:label2\" content=\"Est. reading time\" \/>\n\t<meta name=\"twitter:data2\" content=\"1 minute\" \/>\n<script type=\"application\/ld+json\" class=\"yoast-schema-graph\">{\"@context\":\"https:\/\/schema.org\",\"@graph\":[{\"@type\":\"WebPage\",\"@id\":\"https:\/\/veritasinfo.org\/?p=32880\",\"url\":\"https:\/\/veritasinfo.org\/?p=32880\",\"name\":\"Dosje e re ndaj dy t\u00eb akuzuarve p\u00ebr \u201cIb\u00ebr-Lepencin\u201d, n\u00ebn hetim edhe p\u00ebr nj\u00eb vrasje, n\u00eb Pej\u00eb -\",\"isPartOf\":{\"@id\":\"https:\/\/veritasinfo.org\/#website\"},\"primaryImageOfPage\":{\"@id\":\"https:\/\/veritasinfo.org\/?p=32880#primaryimage\"},\"image\":{\"@id\":\"https:\/\/veritasinfo.org\/?p=32880#primaryimage\"},\"thumbnailUrl\":\"https:\/\/veritasinfo.org\/wp-content\/uploads\/2026\/02\/images-12.jpeg\",\"datePublished\":\"2026-02-16T09:53:02+00:00\",\"dateModified\":\"2026-02-16T09:56:53+00:00\",\"author\":{\"@id\":\"https:\/\/veritasinfo.org\/#\/schema\/person\/fe199eede04c3937362892b7444747cc\"},\"breadcrumb\":{\"@id\":\"https:\/\/veritasinfo.org\/?p=32880#breadcrumb\"},\"inLanguage\":\"en-US\",\"potentialAction\":[{\"@type\":\"ReadAction\",\"target\":[\"https:\/\/veritasinfo.org\/?p=32880\"]}]},{\"@type\":\"ImageObject\",\"inLanguage\":\"en-US\",\"@id\":\"https:\/\/veritasinfo.org\/?p=32880#primaryimage\",\"url\":\"https:\/\/veritasinfo.org\/wp-content\/uploads\/2026\/02\/images-12.jpeg\",\"contentUrl\":\"https:\/\/veritasinfo.org\/wp-content\/uploads\/2026\/02\/images-12.jpeg\",\"width\":696,\"height\":410},{\"@type\":\"BreadcrumbList\",\"@id\":\"https:\/\/veritasinfo.org\/?p=32880#breadcrumb\",\"itemListElement\":[{\"@type\":\"ListItem\",\"position\":1,\"name\":\"Home\",\"item\":\"https:\/\/veritasinfo.org\/\"},{\"@type\":\"ListItem\",\"position\":2,\"name\":\"Dosje e re ndaj dy t\u00eb akuzuarve p\u00ebr \u201cIb\u00ebr-Lepencin\u201d, n\u00ebn hetim edhe p\u00ebr nj\u00eb vrasje, n\u00eb Pej\u00eb\"}]},{\"@type\":\"WebSite\",\"@id\":\"https:\/\/veritasinfo.org\/#website\",\"url\":\"https:\/\/veritasinfo.org\/\",\"name\":\"\",\"description\":\"\",\"potentialAction\":[{\"@type\":\"SearchAction\",\"target\":{\"@type\":\"EntryPoint\",\"urlTemplate\":\"https:\/\/veritasinfo.org\/?s={search_term_string}\"},\"query-input\":{\"@type\":\"PropertyValueSpecification\",\"valueRequired\":true,\"valueName\":\"search_term_string\"}}],\"inLanguage\":\"en-US\"},{\"@type\":\"Person\",\"@id\":\"https:\/\/veritasinfo.org\/#\/schema\/person\/fe199eede04c3937362892b7444747cc\",\"name\":\"US6\",\"image\":{\"@type\":\"ImageObject\",\"inLanguage\":\"en-US\",\"@id\":\"https:\/\/veritasinfo.org\/#\/schema\/person\/image\/\",\"url\":\"https:\/\/secure.gravatar.com\/avatar\/cb16c3c31c9d23b9b8c705964598220b3014e42ff51eb540ff23cefa3ae8c15f?s=96&d=mm&r=g\",\"contentUrl\":\"https:\/\/secure.gravatar.com\/avatar\/cb16c3c31c9d23b9b8c705964598220b3014e42ff51eb540ff23cefa3ae8c15f?s=96&d=mm&r=g\",\"caption\":\"US6\"},\"url\":\"https:\/\/veritasinfo.org\/?author=7\"}]}<\/script>\n<!-- \/ Yoast SEO plugin. -->","yoast_head_json":{"title":"Dosje e re ndaj dy t\u00eb akuzuarve p\u00ebr \u201cIb\u00ebr-Lepencin\u201d, n\u00ebn hetim edhe p\u00ebr nj\u00eb vrasje, n\u00eb Pej\u00eb -","robots":{"index":"index","follow":"follow","max-snippet":"max-snippet:-1","max-image-preview":"max-image-preview:large","max-video-preview":"max-video-preview:-1"},"canonical":"https:\/\/veritasinfo.org\/?p=32880","og_locale":"en_US","og_type":"article","og_title":"Dosje e re ndaj dy t\u00eb akuzuarve p\u00ebr \u201cIb\u00ebr-Lepencin\u201d, n\u00ebn hetim edhe p\u00ebr nj\u00eb vrasje, n\u00eb Pej\u00eb -","og_description":"Prishtin\u00eb, 15 shkurt 2026 10:58 Dy nga tre t\u00eb akuzuarit n\u00eb rastin e sulmit terrorist n\u00eb \u201cIb\u00ebr-Lepenc\u201d, Jovan Vi\u00e7entijeviq dhe Dragisha Vi\u00e7entijeviq jan\u00eb p\u00ebrfshir\u00eb edhe","og_url":"https:\/\/veritasinfo.org\/?p=32880","article_published_time":"2026-02-16T09:53:02+00:00","article_modified_time":"2026-02-16T09:56:53+00:00","og_image":[{"width":696,"height":410,"url":"https:\/\/veritasinfo.org\/wp-content\/uploads\/2026\/02\/images-12.jpeg","type":"image\/jpeg"}],"author":"US6","twitter_card":"summary_large_image","twitter_misc":{"Written by":"US6","Est. reading time":"1 minute"},"schema":{"@context":"https:\/\/schema.org","@graph":[{"@type":"WebPage","@id":"https:\/\/veritasinfo.org\/?p=32880","url":"https:\/\/veritasinfo.org\/?p=32880","name":"Dosje e re ndaj dy t\u00eb akuzuarve p\u00ebr \u201cIb\u00ebr-Lepencin\u201d, n\u00ebn hetim edhe p\u00ebr nj\u00eb vrasje, n\u00eb Pej\u00eb -","isPartOf":{"@id":"https:\/\/veritasinfo.org\/#website"},"primaryImageOfPage":{"@id":"https:\/\/veritasinfo.org\/?p=32880#primaryimage"},"image":{"@id":"https:\/\/veritasinfo.org\/?p=32880#primaryimage"},"thumbnailUrl":"https:\/\/veritasinfo.org\/wp-content\/uploads\/2026\/02\/images-12.jpeg","datePublished":"2026-02-16T09:53:02+00:00","dateModified":"2026-02-16T09:56:53+00:00","author":{"@id":"https:\/\/veritasinfo.org\/#\/schema\/person\/fe199eede04c3937362892b7444747cc"},"breadcrumb":{"@id":"https:\/\/veritasinfo.org\/?p=32880#breadcrumb"},"inLanguage":"en-US","potentialAction":[{"@type":"ReadAction","target":["https:\/\/veritasinfo.org\/?p=32880"]}]},{"@type":"ImageObject","inLanguage":"en-US","@id":"https:\/\/veritasinfo.org\/?p=32880#primaryimage","url":"https:\/\/veritasinfo.org\/wp-content\/uploads\/2026\/02\/images-12.jpeg","contentUrl":"https:\/\/veritasinfo.org\/wp-content\/uploads\/2026\/02\/images-12.jpeg","width":696,"height":410},{"@type":"BreadcrumbList","@id":"https:\/\/veritasinfo.org\/?p=32880#breadcrumb","itemListElement":[{"@type":"ListItem","position":1,"name":"Home","item":"https:\/\/veritasinfo.org\/"},{"@type":"ListItem","position":2,"name":"Dosje e re ndaj dy t\u00eb akuzuarve p\u00ebr \u201cIb\u00ebr-Lepencin\u201d, n\u00ebn hetim edhe p\u00ebr nj\u00eb vrasje, n\u00eb Pej\u00eb"}]},{"@type":"WebSite","@id":"https:\/\/veritasinfo.org\/#website","url":"https:\/\/veritasinfo.org\/","name":"","description":"","potentialAction":[{"@type":"SearchAction","target":{"@type":"EntryPoint","urlTemplate":"https:\/\/veritasinfo.org\/?s={search_term_string}"},"query-input":{"@type":"PropertyValueSpecification","valueRequired":true,"valueName":"search_term_string"}}],"inLanguage":"en-US"},{"@type":"Person","@id":"https:\/\/veritasinfo.org\/#\/schema\/person\/fe199eede04c3937362892b7444747cc","name":"US6","image":{"@type":"ImageObject","inLanguage":"en-US","@id":"https:\/\/veritasinfo.org\/#\/schema\/person\/image\/","url":"https:\/\/secure.gravatar.com\/avatar\/cb16c3c31c9d23b9b8c705964598220b3014e42ff51eb540ff23cefa3ae8c15f?s=96&d=mm&r=g","contentUrl":"https:\/\/secure.gravatar.com\/avatar\/cb16c3c31c9d23b9b8c705964598220b3014e42ff51eb540ff23cefa3ae8c15f?s=96&d=mm&r=g","caption":"US6"},"url":"https:\/\/veritasinfo.org\/?author=7"}]}},"featured_image_urls":{"full":["https:\/\/veritasinfo.org\/wp-content\/uploads\/2026\/02\/images-12.jpeg",696,410,false],"thumbnail":["https:\/\/veritasinfo.org\/wp-content\/uploads\/2026\/02\/images-12-150x150.jpeg",150,150,true],"medium":["https:\/\/veritasinfo.org\/wp-content\/uploads\/2026\/02\/images-12-300x177.jpeg",300,177,true],"medium_large":["https:\/\/veritasinfo.org\/wp-content\/uploads\/2026\/02\/images-12.jpeg",640,377,false],"large":["https:\/\/veritasinfo.org\/wp-content\/uploads\/2026\/02\/images-12.jpeg",640,377,false],"1536x1536":["https:\/\/veritasinfo.org\/wp-content\/uploads\/2026\/02\/images-12.jpeg",696,410,false],"2048x2048":["https:\/\/veritasinfo.org\/wp-content\/uploads\/2026\/02\/images-12.jpeg",696,410,false],"kreeti-slider-full":["https:\/\/veritasinfo.org\/wp-content\/uploads\/2026\/02\/images-12.jpeg",696,410,false],"kreeti-featured":["https:\/\/veritasinfo.org\/wp-content\/uploads\/2026\/02\/images-12.jpeg",696,410,false],"kreeti-medium":["https:\/\/veritasinfo.org\/wp-content\/uploads\/2026\/02\/images-12.jpeg",696,410,false],"kreeti-medium-square":["https:\/\/veritasinfo.org\/wp-content\/uploads\/2026\/02\/images-12.jpeg",350,206,false]},"author_info":{"info":["US6"]},"category_info":"<a href=\"https:\/\/veritasinfo.org\/?cat=60\" rel=\"category\">Shoq\u00ebrore<\/a>","tag_info":"Shoq\u00ebrore","comment_count":"0","_links":{"self":[{"href":"https:\/\/veritasinfo.org\/index.php?rest_route=\/wp\/v2\/posts\/32880","targetHints":{"allow":["GET"]}}],"collection":[{"href":"https:\/\/veritasinfo.org\/index.php?rest_route=\/wp\/v2\/posts"}],"about":[{"href":"https:\/\/veritasinfo.org\/index.php?rest_route=\/wp\/v2\/types\/post"}],"author":[{"embeddable":true,"href":"https:\/\/veritasinfo.org\/index.php?rest_route=\/wp\/v2\/users\/7"}],"replies":[{"embeddable":true,"href":"https:\/\/veritasinfo.org\/index.php?rest_route=%2Fwp%2Fv2%2Fcomments&post=32880"}],"version-history":[{"count":2,"href":"https:\/\/veritasinfo.org\/index.php?rest_route=\/wp\/v2\/posts\/32880\/revisions"}],"predecessor-version":[{"id":32885,"href":"https:\/\/veritasinfo.org\/index.php?rest_route=\/wp\/v2\/posts\/32880\/revisions\/32885"}],"wp:featuredmedia":[{"embeddable":true,"href":"https:\/\/veritasinfo.org\/index.php?rest_route=\/wp\/v2\/media\/32881"}],"wp:attachment":[{"href":"https:\/\/veritasinfo.org\/index.php?rest_route=%2Fwp%2Fv2%2Fmedia&parent=32880"}],"wp:term":[{"taxonomy":"category","embeddable":true,"href":"https:\/\/veritasinfo.org\/index.php?rest_route=%2Fwp%2Fv2%2Fcategories&post=32880"},{"taxonomy":"post_tag","embeddable":true,"href":"https:\/\/veritasinfo.org\/index.php?rest_route=%2Fwp%2Fv2%2Ftags&post=32880"}],"curies":[{"name":"wp","href":"https:\/\/api.w.org\/{rel}","templated":true}]}}