{"id":32875,"date":"2026-02-16T10:31:54","date_gmt":"2026-02-16T09:31:54","guid":{"rendered":"https:\/\/veritasinfo.org\/?p=32875"},"modified":"2026-02-16T10:31:54","modified_gmt":"2026-02-16T09:31:54","slug":"sot-e-permbyll-fjalen-perfundimtare-mbrojtja-e-krasniqit","status":"publish","type":"post","link":"https:\/\/veritasinfo.org\/?p=32875","title":{"rendered":"Sot e p\u00ebrmbyll fjal\u00ebn p\u00ebrfundimtare mbrojtja e Krasniqit"},"content":{"rendered":"<p>Prishtin\u00eb, 16 shkurt 2026 10:31<\/p>\n<p>E h\u00ebn\u00eb, 16 shkurt: Krasniqi p\u00ebrmbyll fjal\u00ebn p\u00ebrfundimtare dhe an\u00ebtar\u00ebt e trupit gjykues mund t\u00eb parashtrojn\u00eb pyetje \u2022E m\u00ebrkur\u00eb, 18 shkurt: ZPS-ja u p\u00ebrgjigjet ekipeve mbrojt\u00ebse dhe anasjelltas si dhe deklarohen edhe t\u00eb pandehurit<\/p>\n<p>Sot n\u00eb Dhomat e Specializuara t\u00eb Kosov\u00ebs n\u00eb Hag\u00eb do t\u00eb vazhdoj\u00eb procesi gjyq\u00ebsor ndaj ish-krer\u00ebve t\u00eb Ushtris\u00eb \u00c7lirimtare t\u00eb Kosov\u00ebs, Hashim Tha\u00e7i, Kadri Veseli, Rexhep Selimi e Jakup Krasniqi.<\/p>\n<p>Sot pritet q\u00eb fjal\u00ebn p\u00ebrfundimtare ta p\u00ebrmbyll mbrojtja e Krasniqit. Pas k\u00ebsaj an\u00ebtar\u00ebt e trupit gjykues mund t\u00eb parashtrojn\u00eb pyetje.<\/p>\n<p>Ajo theksoi n\u00eb fjal\u00ebn e saj se Krasniqi gjendet n\u00eb paraburgim n\u00eb Hag\u00eb q\u00eb 1.926 dit\u00eb.<\/p>\n<p>Deri m\u00eb tani fjal\u00ebt p\u00ebrmbyll\u00ebse i kan\u00eb shpalosur Prokuroria, ekipi mbrojt\u00ebs i viktimave, dhe mbrojtja e Tha\u00e7it, Veselit e Selimit. Ndon\u00ebse Prokuroria ka k\u00ebrkuar nga 45 vjet burgim p\u00ebr secilin t\u00eb akuzuar, avokat\u00ebt e Tha\u00e7it dhe Veselit i kan\u00eb hedhur posht\u00eb t\u00eb gjitha akuzat dhe kan\u00eb deklaruar se klient\u00ebt e tyre jan\u00eb plot\u00ebsisht t\u00eb pafajsh\u00ebm. Ish-epror\u00ebt e U\u00c7K-s\u00eb, akuzohen p\u00ebr krime lufte dhe krime kund\u00ebr njer\u00ebzimit, p\u00ebr t\u00eb cilat t\u00eb kat\u00ebrtit jan\u00eb deklaruar t\u00eb pafajsh\u00ebm.<\/p>\n<p>Pas p\u00ebrmbylljes s\u00eb deklaratave, \u00e7\u00ebshtja do t\u00eb kaloj\u00eb te trupi gjykues. Gjykat\u00ebsit kan\u00eb tre muaj koh\u00eb q\u00eb t\u00eb marrin nj\u00eb vendim p\u00ebr \u00e7\u00ebshtjen, ose t\u00eb k\u00ebrkojn\u00eb zgjatjen e afatit p\u00ebr marrjen e vendimit.<\/p>\n","protected":false},"excerpt":{"rendered":"<p>Prishtin\u00eb, 16 shkurt 2026 10:31 E h\u00ebn\u00eb, 16 shkurt: Krasniqi p\u00ebrmbyll fjal\u00ebn p\u00ebrfundimtare dhe an\u00ebtar\u00ebt e trupit gjykues mund t\u00eb parashtrojn\u00eb pyetje \u2022E m\u00ebrkur\u00eb, 18<\/p>\n","protected":false},"author":7,"featured_media":32876,"comment_status":"open","ping_status":"open","sticky":false,"template":"","format":"standard","meta":{"footnotes":""},"categories":[60],"tags":[],"class_list":["post-32875","post","type-post","status-publish","format-standard","has-post-thumbnail","hentry","category-shoqerore-sq"],"yoast_head":"<!-- This site is optimized with the Yoast SEO plugin v25.3.1 - https:\/\/yoast.com\/wordpress\/plugins\/seo\/ -->\n<title>Sot e p\u00ebrmbyll fjal\u00ebn p\u00ebrfundimtare mbrojtja e Krasniqit -<\/title>\n<meta name=\"robots\" content=\"index, follow, max-snippet:-1, max-image-preview:large, max-video-preview:-1\" \/>\n<link rel=\"canonical\" href=\"https:\/\/veritasinfo.org\/?p=32875\" \/>\n<meta property=\"og:locale\" content=\"en_US\" \/>\n<meta property=\"og:type\" content=\"article\" \/>\n<meta property=\"og:title\" content=\"Sot e p\u00ebrmbyll fjal\u00ebn p\u00ebrfundimtare mbrojtja e Krasniqit -\" \/>\n<meta property=\"og:description\" content=\"Prishtin\u00eb, 16 shkurt 2026 10:31 E h\u00ebn\u00eb, 16 shkurt: Krasniqi p\u00ebrmbyll fjal\u00ebn p\u00ebrfundimtare dhe an\u00ebtar\u00ebt e trupit gjykues mund t\u00eb parashtrojn\u00eb pyetje \u2022E m\u00ebrkur\u00eb, 18\" \/>\n<meta property=\"og:url\" content=\"https:\/\/veritasinfo.org\/?p=32875\" \/>\n<meta property=\"article:published_time\" content=\"2026-02-16T09:31:54+00:00\" \/>\n<meta property=\"og:image\" content=\"https:\/\/veritasinfo.org\/wp-content\/uploads\/2026\/02\/18d4a18c-105a-4033-aaa7-8b3efb02c046.webp\" \/>\n\t<meta property=\"og:image:width\" content=\"1360\" \/>\n\t<meta property=\"og:image:height\" content=\"867\" \/>\n\t<meta property=\"og:image:type\" content=\"image\/webp\" \/>\n<meta name=\"author\" content=\"US6\" \/>\n<meta name=\"twitter:card\" content=\"summary_large_image\" \/>\n<meta name=\"twitter:label1\" content=\"Written by\" \/>\n\t<meta name=\"twitter:data1\" content=\"US6\" \/>\n\t<meta name=\"twitter:label2\" content=\"Est. reading time\" \/>\n\t<meta name=\"twitter:data2\" content=\"2 minutes\" \/>\n<script type=\"application\/ld+json\" class=\"yoast-schema-graph\">{\"@context\":\"https:\/\/schema.org\",\"@graph\":[{\"@type\":\"WebPage\",\"@id\":\"https:\/\/veritasinfo.org\/?p=32875\",\"url\":\"https:\/\/veritasinfo.org\/?p=32875\",\"name\":\"Sot e p\u00ebrmbyll fjal\u00ebn p\u00ebrfundimtare mbrojtja e Krasniqit -\",\"isPartOf\":{\"@id\":\"https:\/\/veritasinfo.org\/#website\"},\"primaryImageOfPage\":{\"@id\":\"https:\/\/veritasinfo.org\/?p=32875#primaryimage\"},\"image\":{\"@id\":\"https:\/\/veritasinfo.org\/?p=32875#primaryimage\"},\"thumbnailUrl\":\"https:\/\/veritasinfo.org\/wp-content\/uploads\/2026\/02\/18d4a18c-105a-4033-aaa7-8b3efb02c046.webp\",\"datePublished\":\"2026-02-16T09:31:54+00:00\",\"author\":{\"@id\":\"https:\/\/veritasinfo.org\/#\/schema\/person\/fe199eede04c3937362892b7444747cc\"},\"breadcrumb\":{\"@id\":\"https:\/\/veritasinfo.org\/?p=32875#breadcrumb\"},\"inLanguage\":\"en-US\",\"potentialAction\":[{\"@type\":\"ReadAction\",\"target\":[\"https:\/\/veritasinfo.org\/?p=32875\"]}]},{\"@type\":\"ImageObject\",\"inLanguage\":\"en-US\",\"@id\":\"https:\/\/veritasinfo.org\/?p=32875#primaryimage\",\"url\":\"https:\/\/veritasinfo.org\/wp-content\/uploads\/2026\/02\/18d4a18c-105a-4033-aaa7-8b3efb02c046.webp\",\"contentUrl\":\"https:\/\/veritasinfo.org\/wp-content\/uploads\/2026\/02\/18d4a18c-105a-4033-aaa7-8b3efb02c046.webp\",\"width\":1360,\"height\":867},{\"@type\":\"BreadcrumbList\",\"@id\":\"https:\/\/veritasinfo.org\/?p=32875#breadcrumb\",\"itemListElement\":[{\"@type\":\"ListItem\",\"position\":1,\"name\":\"Home\",\"item\":\"https:\/\/veritasinfo.org\/\"},{\"@type\":\"ListItem\",\"position\":2,\"name\":\"Sot e p\u00ebrmbyll fjal\u00ebn p\u00ebrfundimtare mbrojtja e Krasniqit\"}]},{\"@type\":\"WebSite\",\"@id\":\"https:\/\/veritasinfo.org\/#website\",\"url\":\"https:\/\/veritasinfo.org\/\",\"name\":\"\",\"description\":\"\",\"potentialAction\":[{\"@type\":\"SearchAction\",\"target\":{\"@type\":\"EntryPoint\",\"urlTemplate\":\"https:\/\/veritasinfo.org\/?s={search_term_string}\"},\"query-input\":{\"@type\":\"PropertyValueSpecification\",\"valueRequired\":true,\"valueName\":\"search_term_string\"}}],\"inLanguage\":\"en-US\"},{\"@type\":\"Person\",\"@id\":\"https:\/\/veritasinfo.org\/#\/schema\/person\/fe199eede04c3937362892b7444747cc\",\"name\":\"US6\",\"image\":{\"@type\":\"ImageObject\",\"inLanguage\":\"en-US\",\"@id\":\"https:\/\/veritasinfo.org\/#\/schema\/person\/image\/\",\"url\":\"https:\/\/secure.gravatar.com\/avatar\/cb16c3c31c9d23b9b8c705964598220b3014e42ff51eb540ff23cefa3ae8c15f?s=96&d=mm&r=g\",\"contentUrl\":\"https:\/\/secure.gravatar.com\/avatar\/cb16c3c31c9d23b9b8c705964598220b3014e42ff51eb540ff23cefa3ae8c15f?s=96&d=mm&r=g\",\"caption\":\"US6\"},\"url\":\"https:\/\/veritasinfo.org\/?author=7\"}]}<\/script>\n<!-- \/ Yoast SEO plugin. -->","yoast_head_json":{"title":"Sot e p\u00ebrmbyll fjal\u00ebn p\u00ebrfundimtare mbrojtja e Krasniqit -","robots":{"index":"index","follow":"follow","max-snippet":"max-snippet:-1","max-image-preview":"max-image-preview:large","max-video-preview":"max-video-preview:-1"},"canonical":"https:\/\/veritasinfo.org\/?p=32875","og_locale":"en_US","og_type":"article","og_title":"Sot e p\u00ebrmbyll fjal\u00ebn p\u00ebrfundimtare mbrojtja e Krasniqit -","og_description":"Prishtin\u00eb, 16 shkurt 2026 10:31 E h\u00ebn\u00eb, 16 shkurt: Krasniqi p\u00ebrmbyll fjal\u00ebn p\u00ebrfundimtare dhe an\u00ebtar\u00ebt e trupit gjykues mund t\u00eb parashtrojn\u00eb pyetje \u2022E m\u00ebrkur\u00eb, 18","og_url":"https:\/\/veritasinfo.org\/?p=32875","article_published_time":"2026-02-16T09:31:54+00:00","og_image":[{"width":1360,"height":867,"url":"https:\/\/veritasinfo.org\/wp-content\/uploads\/2026\/02\/18d4a18c-105a-4033-aaa7-8b3efb02c046.webp","type":"image\/webp"}],"author":"US6","twitter_card":"summary_large_image","twitter_misc":{"Written by":"US6","Est. reading time":"2 minutes"},"schema":{"@context":"https:\/\/schema.org","@graph":[{"@type":"WebPage","@id":"https:\/\/veritasinfo.org\/?p=32875","url":"https:\/\/veritasinfo.org\/?p=32875","name":"Sot e p\u00ebrmbyll fjal\u00ebn p\u00ebrfundimtare mbrojtja e Krasniqit -","isPartOf":{"@id":"https:\/\/veritasinfo.org\/#website"},"primaryImageOfPage":{"@id":"https:\/\/veritasinfo.org\/?p=32875#primaryimage"},"image":{"@id":"https:\/\/veritasinfo.org\/?p=32875#primaryimage"},"thumbnailUrl":"https:\/\/veritasinfo.org\/wp-content\/uploads\/2026\/02\/18d4a18c-105a-4033-aaa7-8b3efb02c046.webp","datePublished":"2026-02-16T09:31:54+00:00","author":{"@id":"https:\/\/veritasinfo.org\/#\/schema\/person\/fe199eede04c3937362892b7444747cc"},"breadcrumb":{"@id":"https:\/\/veritasinfo.org\/?p=32875#breadcrumb"},"inLanguage":"en-US","potentialAction":[{"@type":"ReadAction","target":["https:\/\/veritasinfo.org\/?p=32875"]}]},{"@type":"ImageObject","inLanguage":"en-US","@id":"https:\/\/veritasinfo.org\/?p=32875#primaryimage","url":"https:\/\/veritasinfo.org\/wp-content\/uploads\/2026\/02\/18d4a18c-105a-4033-aaa7-8b3efb02c046.webp","contentUrl":"https:\/\/veritasinfo.org\/wp-content\/uploads\/2026\/02\/18d4a18c-105a-4033-aaa7-8b3efb02c046.webp","width":1360,"height":867},{"@type":"BreadcrumbList","@id":"https:\/\/veritasinfo.org\/?p=32875#breadcrumb","itemListElement":[{"@type":"ListItem","position":1,"name":"Home","item":"https:\/\/veritasinfo.org\/"},{"@type":"ListItem","position":2,"name":"Sot e p\u00ebrmbyll fjal\u00ebn p\u00ebrfundimtare mbrojtja e Krasniqit"}]},{"@type":"WebSite","@id":"https:\/\/veritasinfo.org\/#website","url":"https:\/\/veritasinfo.org\/","name":"","description":"","potentialAction":[{"@type":"SearchAction","target":{"@type":"EntryPoint","urlTemplate":"https:\/\/veritasinfo.org\/?s={search_term_string}"},"query-input":{"@type":"PropertyValueSpecification","valueRequired":true,"valueName":"search_term_string"}}],"inLanguage":"en-US"},{"@type":"Person","@id":"https:\/\/veritasinfo.org\/#\/schema\/person\/fe199eede04c3937362892b7444747cc","name":"US6","image":{"@type":"ImageObject","inLanguage":"en-US","@id":"https:\/\/veritasinfo.org\/#\/schema\/person\/image\/","url":"https:\/\/secure.gravatar.com\/avatar\/cb16c3c31c9d23b9b8c705964598220b3014e42ff51eb540ff23cefa3ae8c15f?s=96&d=mm&r=g","contentUrl":"https:\/\/secure.gravatar.com\/avatar\/cb16c3c31c9d23b9b8c705964598220b3014e42ff51eb540ff23cefa3ae8c15f?s=96&d=mm&r=g","caption":"US6"},"url":"https:\/\/veritasinfo.org\/?author=7"}]}},"featured_image_urls":{"full":["https:\/\/veritasinfo.org\/wp-content\/uploads\/2026\/02\/18d4a18c-105a-4033-aaa7-8b3efb02c046.webp",1360,867,false],"thumbnail":["https:\/\/veritasinfo.org\/wp-content\/uploads\/2026\/02\/18d4a18c-105a-4033-aaa7-8b3efb02c046-150x150.webp",150,150,true],"medium":["https:\/\/veritasinfo.org\/wp-content\/uploads\/2026\/02\/18d4a18c-105a-4033-aaa7-8b3efb02c046-300x191.webp",300,191,true],"medium_large":["https:\/\/veritasinfo.org\/wp-content\/uploads\/2026\/02\/18d4a18c-105a-4033-aaa7-8b3efb02c046-768x490.webp",640,408,true],"large":["https:\/\/veritasinfo.org\/wp-content\/uploads\/2026\/02\/18d4a18c-105a-4033-aaa7-8b3efb02c046-1024x653.webp",640,408,true],"1536x1536":["https:\/\/veritasinfo.org\/wp-content\/uploads\/2026\/02\/18d4a18c-105a-4033-aaa7-8b3efb02c046.webp",1360,867,false],"2048x2048":["https:\/\/veritasinfo.org\/wp-content\/uploads\/2026\/02\/18d4a18c-105a-4033-aaa7-8b3efb02c046.webp",1360,867,false],"kreeti-slider-full":["https:\/\/veritasinfo.org\/wp-content\/uploads\/2026\/02\/18d4a18c-105a-4033-aaa7-8b3efb02c046.webp",1129,720,false],"kreeti-featured":["https:\/\/veritasinfo.org\/wp-content\/uploads\/2026\/02\/18d4a18c-105a-4033-aaa7-8b3efb02c046.webp",1024,653,false],"kreeti-medium":["https:\/\/veritasinfo.org\/wp-content\/uploads\/2026\/02\/18d4a18c-105a-4033-aaa7-8b3efb02c046.webp",720,459,false],"kreeti-medium-square":["https:\/\/veritasinfo.org\/wp-content\/uploads\/2026\/02\/18d4a18c-105a-4033-aaa7-8b3efb02c046.webp",350,223,false]},"author_info":{"info":["US6"]},"category_info":"<a href=\"https:\/\/veritasinfo.org\/?cat=60\" rel=\"category\">Shoq\u00ebrore<\/a>","tag_info":"Shoq\u00ebrore","comment_count":"0","_links":{"self":[{"href":"https:\/\/veritasinfo.org\/index.php?rest_route=\/wp\/v2\/posts\/32875","targetHints":{"allow":["GET"]}}],"collection":[{"href":"https:\/\/veritasinfo.org\/index.php?rest_route=\/wp\/v2\/posts"}],"about":[{"href":"https:\/\/veritasinfo.org\/index.php?rest_route=\/wp\/v2\/types\/post"}],"author":[{"embeddable":true,"href":"https:\/\/veritasinfo.org\/index.php?rest_route=\/wp\/v2\/users\/7"}],"replies":[{"embeddable":true,"href":"https:\/\/veritasinfo.org\/index.php?rest_route=%2Fwp%2Fv2%2Fcomments&post=32875"}],"version-history":[{"count":1,"href":"https:\/\/veritasinfo.org\/index.php?rest_route=\/wp\/v2\/posts\/32875\/revisions"}],"predecessor-version":[{"id":32877,"href":"https:\/\/veritasinfo.org\/index.php?rest_route=\/wp\/v2\/posts\/32875\/revisions\/32877"}],"wp:featuredmedia":[{"embeddable":true,"href":"https:\/\/veritasinfo.org\/index.php?rest_route=\/wp\/v2\/media\/32876"}],"wp:attachment":[{"href":"https:\/\/veritasinfo.org\/index.php?rest_route=%2Fwp%2Fv2%2Fmedia&parent=32875"}],"wp:term":[{"taxonomy":"category","embeddable":true,"href":"https:\/\/veritasinfo.org\/index.php?rest_route=%2Fwp%2Fv2%2Fcategories&post=32875"},{"taxonomy":"post_tag","embeddable":true,"href":"https:\/\/veritasinfo.org\/index.php?rest_route=%2Fwp%2Fv2%2Ftags&post=32875"}],"curies":[{"name":"wp","href":"https:\/\/api.w.org\/{rel}","templated":true}]}}