{"id":32867,"date":"2026-02-16T10:00:55","date_gmt":"2026-02-16T09:00:55","guid":{"rendered":"https:\/\/veritasinfo.org\/?p=32867"},"modified":"2026-02-16T10:00:55","modified_gmt":"2026-02-16T09:00:55","slug":"haxhiu-mbeshtet-marshin-e-17-shkurtit-per-kreret-e-uck-se-takon-perfaqesuesit-e-liria-ka-emer","status":"publish","type":"post","link":"https:\/\/veritasinfo.org\/?p=32867","title":{"rendered":"Haxhiu mb\u00ebshtet marshin e 17 shkurtit p\u00ebr krer\u00ebt e U\u00c7K-s\u00eb, takon p\u00ebrfaq\u00ebsuesit e \u201cLiria ka Em\u00ebr\u201d"},"content":{"rendered":"<p>Prishtin\u00eb, 16 shkurt 2026 09:58<\/p>\n<p>P\u00ebrfaq\u00ebsuesit e platform\u00ebs qytetare \u201cLiria ka Em\u00ebr\u201d, Eliza Hoxha dhe Ismail Tasholli, u prit\u00ebn sot nga kryetarja e Kuvendit t\u00eb Kosov\u00ebs, Albulena Haxhiu.<\/p>\n<p>N\u00eb takim u diskutua p\u00ebr marshin qytetar \u201cDrejt\u00ebsi, jo politik\u00eb\u201d, i cili do t\u00eb mbahet nes\u00ebr n\u00eb Prishtin\u00eb n\u00eb mbrojtje t\u00eb \u00e7lirimtar\u00ebve Hashim Tha\u00e7i, Kadri Veseli, Jakup Krasniqi, Rexhep Selimi dhe shok\u00ebve t\u00eb tyre q\u00eb po gjykohen n\u00eb Hag\u00eb. Diskutimi u fokusua gjithashtu tek r\u00ebnd\u00ebsia e nj\u00eb mobilizimi dinjitoz n\u00eb k\u00ebt\u00eb moment vendimtar t\u00eb procesit.<\/p>\n<p>Eliza Hoxha theksoi se marshimi \u00ebsht\u00eb shprehje e nd\u00ebrgjegjes qytetare dhe e unitetit p\u00ebrtej dallimeve politike:<\/p>\n<p>\u201cKy marsh \u00ebsht\u00eb z\u00eb i qytetar\u00ebve p\u00ebr drejt\u00ebsi dhe dinjitet. \u00cbsht\u00eb moment kur shoq\u00ebria jon\u00eb tregon se di t\u00eb bashkohet p\u00ebr \u00e7\u00ebshtje q\u00eb e tejkalojn\u00eb politik\u00ebn\u201d, tha ajo.<\/p>\n<p>Nd\u00ebrsa Ismail Tasholli n\u00ebnvizoi r\u00ebnd\u00ebsin\u00eb e pjes\u00ebmarrjes masive.<\/p>\n<p>\u201cNes\u00ebr, Prishtina do t\u00eb jet\u00eb z\u00ebri i qytetar\u00ebve q\u00eb k\u00ebrkojn\u00eb drejt\u00ebsi t\u00eb paanshme dhe mbrojtje t\u00eb vlerave t\u00eb luft\u00ebs \u00e7lirimtare&#8221;, u shpreh Tasholli.<\/p>\n<p>Kryetarja e Kuvendit, Albulena Haxhiu, vler\u00ebsoi angazhimin e platform\u00ebs dhe r\u00ebnd\u00ebsin\u00eb e mobilizimit qytetar.<\/p>\n<p>\u201cJu p\u00ebrg\u00ebzoj p\u00ebr angazhimin dhe mobilizimin qytetar. Do t\u00eb jet\u00eb nj\u00eb marsh madh\u00ebshtor, sepse kur b\u00ebhet fjal\u00eb p\u00ebr vlerat e luft\u00ebs \u00e7lirimtare, U\u00c7K-ja na bashkon t\u00eb gjith\u00ebve&#8221;, tha Haxhiu.<\/p>\n<p>Platforma \u201cLiria ka Em\u00ebr\u201d fal\u00ebnderoi Kryetaren e Kuvendit p\u00ebr pritjen dhe ritheksoi thirrjen q\u00eb qytetar\u00ebt t\u00eb bashkohen nes\u00ebr n\u00eb marshin \u201cDrejt\u00ebsi, jo politik\u00eb\u201d n\u00eb Prishtin\u00eb.<\/p>\n","protected":false},"excerpt":{"rendered":"<p>Prishtin\u00eb, 16 shkurt 2026 09:58 P\u00ebrfaq\u00ebsuesit e platform\u00ebs qytetare \u201cLiria ka Em\u00ebr\u201d, Eliza Hoxha dhe Ismail Tasholli, u prit\u00ebn sot nga kryetarja e Kuvendit t\u00eb<\/p>\n","protected":false},"author":7,"featured_media":32868,"comment_status":"open","ping_status":"open","sticky":false,"template":"","format":"standard","meta":{"footnotes":""},"categories":[60],"tags":[],"class_list":["post-32867","post","type-post","status-publish","format-standard","has-post-thumbnail","hentry","category-shoqerore-sq"],"yoast_head":"<!-- This site is optimized with the Yoast SEO plugin v25.3.1 - https:\/\/yoast.com\/wordpress\/plugins\/seo\/ -->\n<title>Haxhiu mb\u00ebshtet marshin e 17 shkurtit p\u00ebr krer\u00ebt e U\u00c7K-s\u00eb, takon p\u00ebrfaq\u00ebsuesit e \u201cLiria ka Em\u00ebr\u201d -<\/title>\n<meta name=\"robots\" content=\"index, follow, max-snippet:-1, max-image-preview:large, max-video-preview:-1\" \/>\n<link rel=\"canonical\" href=\"https:\/\/veritasinfo.org\/?p=32867\" \/>\n<meta property=\"og:locale\" content=\"en_US\" \/>\n<meta property=\"og:type\" content=\"article\" \/>\n<meta property=\"og:title\" content=\"Haxhiu mb\u00ebshtet marshin e 17 shkurtit p\u00ebr krer\u00ebt e U\u00c7K-s\u00eb, takon p\u00ebrfaq\u00ebsuesit e \u201cLiria ka Em\u00ebr\u201d -\" \/>\n<meta property=\"og:description\" content=\"Prishtin\u00eb, 16 shkurt 2026 09:58 P\u00ebrfaq\u00ebsuesit e platform\u00ebs qytetare \u201cLiria ka Em\u00ebr\u201d, Eliza Hoxha dhe Ismail Tasholli, u prit\u00ebn sot nga kryetarja e Kuvendit t\u00eb\" \/>\n<meta property=\"og:url\" content=\"https:\/\/veritasinfo.org\/?p=32867\" \/>\n<meta property=\"article:published_time\" content=\"2026-02-16T09:00:55+00:00\" \/>\n<meta property=\"og:image\" content=\"https:\/\/veritasinfo.org\/wp-content\/uploads\/2026\/02\/image-1-8.webp\" \/>\n\t<meta property=\"og:image:width\" content=\"1245\" \/>\n\t<meta property=\"og:image:height\" content=\"700\" \/>\n\t<meta property=\"og:image:type\" content=\"image\/webp\" \/>\n<meta name=\"author\" content=\"US6\" \/>\n<meta name=\"twitter:card\" content=\"summary_large_image\" \/>\n<meta name=\"twitter:label1\" content=\"Written by\" \/>\n\t<meta name=\"twitter:data1\" content=\"US6\" \/>\n\t<meta name=\"twitter:label2\" content=\"Est. reading time\" \/>\n\t<meta name=\"twitter:data2\" content=\"2 minutes\" \/>\n<script type=\"application\/ld+json\" class=\"yoast-schema-graph\">{\"@context\":\"https:\/\/schema.org\",\"@graph\":[{\"@type\":\"WebPage\",\"@id\":\"https:\/\/veritasinfo.org\/?p=32867\",\"url\":\"https:\/\/veritasinfo.org\/?p=32867\",\"name\":\"Haxhiu mb\u00ebshtet marshin e 17 shkurtit p\u00ebr krer\u00ebt e U\u00c7K-s\u00eb, takon p\u00ebrfaq\u00ebsuesit e \u201cLiria ka Em\u00ebr\u201d -\",\"isPartOf\":{\"@id\":\"https:\/\/veritasinfo.org\/#website\"},\"primaryImageOfPage\":{\"@id\":\"https:\/\/veritasinfo.org\/?p=32867#primaryimage\"},\"image\":{\"@id\":\"https:\/\/veritasinfo.org\/?p=32867#primaryimage\"},\"thumbnailUrl\":\"https:\/\/veritasinfo.org\/wp-content\/uploads\/2026\/02\/image-1-8.webp\",\"datePublished\":\"2026-02-16T09:00:55+00:00\",\"author\":{\"@id\":\"https:\/\/veritasinfo.org\/#\/schema\/person\/fe199eede04c3937362892b7444747cc\"},\"breadcrumb\":{\"@id\":\"https:\/\/veritasinfo.org\/?p=32867#breadcrumb\"},\"inLanguage\":\"en-US\",\"potentialAction\":[{\"@type\":\"ReadAction\",\"target\":[\"https:\/\/veritasinfo.org\/?p=32867\"]}]},{\"@type\":\"ImageObject\",\"inLanguage\":\"en-US\",\"@id\":\"https:\/\/veritasinfo.org\/?p=32867#primaryimage\",\"url\":\"https:\/\/veritasinfo.org\/wp-content\/uploads\/2026\/02\/image-1-8.webp\",\"contentUrl\":\"https:\/\/veritasinfo.org\/wp-content\/uploads\/2026\/02\/image-1-8.webp\",\"width\":1245,\"height\":700},{\"@type\":\"BreadcrumbList\",\"@id\":\"https:\/\/veritasinfo.org\/?p=32867#breadcrumb\",\"itemListElement\":[{\"@type\":\"ListItem\",\"position\":1,\"name\":\"Home\",\"item\":\"https:\/\/veritasinfo.org\/\"},{\"@type\":\"ListItem\",\"position\":2,\"name\":\"Haxhiu mb\u00ebshtet marshin e 17 shkurtit p\u00ebr krer\u00ebt e U\u00c7K-s\u00eb, takon p\u00ebrfaq\u00ebsuesit e \u201cLiria ka Em\u00ebr\u201d\"}]},{\"@type\":\"WebSite\",\"@id\":\"https:\/\/veritasinfo.org\/#website\",\"url\":\"https:\/\/veritasinfo.org\/\",\"name\":\"\",\"description\":\"\",\"potentialAction\":[{\"@type\":\"SearchAction\",\"target\":{\"@type\":\"EntryPoint\",\"urlTemplate\":\"https:\/\/veritasinfo.org\/?s={search_term_string}\"},\"query-input\":{\"@type\":\"PropertyValueSpecification\",\"valueRequired\":true,\"valueName\":\"search_term_string\"}}],\"inLanguage\":\"en-US\"},{\"@type\":\"Person\",\"@id\":\"https:\/\/veritasinfo.org\/#\/schema\/person\/fe199eede04c3937362892b7444747cc\",\"name\":\"US6\",\"image\":{\"@type\":\"ImageObject\",\"inLanguage\":\"en-US\",\"@id\":\"https:\/\/veritasinfo.org\/#\/schema\/person\/image\/\",\"url\":\"https:\/\/secure.gravatar.com\/avatar\/cb16c3c31c9d23b9b8c705964598220b3014e42ff51eb540ff23cefa3ae8c15f?s=96&d=mm&r=g\",\"contentUrl\":\"https:\/\/secure.gravatar.com\/avatar\/cb16c3c31c9d23b9b8c705964598220b3014e42ff51eb540ff23cefa3ae8c15f?s=96&d=mm&r=g\",\"caption\":\"US6\"},\"url\":\"https:\/\/veritasinfo.org\/?author=7\"}]}<\/script>\n<!-- \/ Yoast SEO plugin. -->","yoast_head_json":{"title":"Haxhiu mb\u00ebshtet marshin e 17 shkurtit p\u00ebr krer\u00ebt e U\u00c7K-s\u00eb, takon p\u00ebrfaq\u00ebsuesit e \u201cLiria ka Em\u00ebr\u201d -","robots":{"index":"index","follow":"follow","max-snippet":"max-snippet:-1","max-image-preview":"max-image-preview:large","max-video-preview":"max-video-preview:-1"},"canonical":"https:\/\/veritasinfo.org\/?p=32867","og_locale":"en_US","og_type":"article","og_title":"Haxhiu mb\u00ebshtet marshin e 17 shkurtit p\u00ebr krer\u00ebt e U\u00c7K-s\u00eb, takon p\u00ebrfaq\u00ebsuesit e \u201cLiria ka Em\u00ebr\u201d -","og_description":"Prishtin\u00eb, 16 shkurt 2026 09:58 P\u00ebrfaq\u00ebsuesit e platform\u00ebs qytetare \u201cLiria ka Em\u00ebr\u201d, Eliza Hoxha dhe Ismail Tasholli, u prit\u00ebn sot nga kryetarja e Kuvendit t\u00eb","og_url":"https:\/\/veritasinfo.org\/?p=32867","article_published_time":"2026-02-16T09:00:55+00:00","og_image":[{"width":1245,"height":700,"url":"https:\/\/veritasinfo.org\/wp-content\/uploads\/2026\/02\/image-1-8.webp","type":"image\/webp"}],"author":"US6","twitter_card":"summary_large_image","twitter_misc":{"Written by":"US6","Est. reading time":"2 minutes"},"schema":{"@context":"https:\/\/schema.org","@graph":[{"@type":"WebPage","@id":"https:\/\/veritasinfo.org\/?p=32867","url":"https:\/\/veritasinfo.org\/?p=32867","name":"Haxhiu mb\u00ebshtet marshin e 17 shkurtit p\u00ebr krer\u00ebt e U\u00c7K-s\u00eb, takon p\u00ebrfaq\u00ebsuesit e \u201cLiria ka Em\u00ebr\u201d -","isPartOf":{"@id":"https:\/\/veritasinfo.org\/#website"},"primaryImageOfPage":{"@id":"https:\/\/veritasinfo.org\/?p=32867#primaryimage"},"image":{"@id":"https:\/\/veritasinfo.org\/?p=32867#primaryimage"},"thumbnailUrl":"https:\/\/veritasinfo.org\/wp-content\/uploads\/2026\/02\/image-1-8.webp","datePublished":"2026-02-16T09:00:55+00:00","author":{"@id":"https:\/\/veritasinfo.org\/#\/schema\/person\/fe199eede04c3937362892b7444747cc"},"breadcrumb":{"@id":"https:\/\/veritasinfo.org\/?p=32867#breadcrumb"},"inLanguage":"en-US","potentialAction":[{"@type":"ReadAction","target":["https:\/\/veritasinfo.org\/?p=32867"]}]},{"@type":"ImageObject","inLanguage":"en-US","@id":"https:\/\/veritasinfo.org\/?p=32867#primaryimage","url":"https:\/\/veritasinfo.org\/wp-content\/uploads\/2026\/02\/image-1-8.webp","contentUrl":"https:\/\/veritasinfo.org\/wp-content\/uploads\/2026\/02\/image-1-8.webp","width":1245,"height":700},{"@type":"BreadcrumbList","@id":"https:\/\/veritasinfo.org\/?p=32867#breadcrumb","itemListElement":[{"@type":"ListItem","position":1,"name":"Home","item":"https:\/\/veritasinfo.org\/"},{"@type":"ListItem","position":2,"name":"Haxhiu mb\u00ebshtet marshin e 17 shkurtit p\u00ebr krer\u00ebt e U\u00c7K-s\u00eb, takon p\u00ebrfaq\u00ebsuesit e \u201cLiria ka Em\u00ebr\u201d"}]},{"@type":"WebSite","@id":"https:\/\/veritasinfo.org\/#website","url":"https:\/\/veritasinfo.org\/","name":"","description":"","potentialAction":[{"@type":"SearchAction","target":{"@type":"EntryPoint","urlTemplate":"https:\/\/veritasinfo.org\/?s={search_term_string}"},"query-input":{"@type":"PropertyValueSpecification","valueRequired":true,"valueName":"search_term_string"}}],"inLanguage":"en-US"},{"@type":"Person","@id":"https:\/\/veritasinfo.org\/#\/schema\/person\/fe199eede04c3937362892b7444747cc","name":"US6","image":{"@type":"ImageObject","inLanguage":"en-US","@id":"https:\/\/veritasinfo.org\/#\/schema\/person\/image\/","url":"https:\/\/secure.gravatar.com\/avatar\/cb16c3c31c9d23b9b8c705964598220b3014e42ff51eb540ff23cefa3ae8c15f?s=96&d=mm&r=g","contentUrl":"https:\/\/secure.gravatar.com\/avatar\/cb16c3c31c9d23b9b8c705964598220b3014e42ff51eb540ff23cefa3ae8c15f?s=96&d=mm&r=g","caption":"US6"},"url":"https:\/\/veritasinfo.org\/?author=7"}]}},"featured_image_urls":{"full":["https:\/\/veritasinfo.org\/wp-content\/uploads\/2026\/02\/image-1-8.webp",1245,700,false],"thumbnail":["https:\/\/veritasinfo.org\/wp-content\/uploads\/2026\/02\/image-1-8-150x150.webp",150,150,true],"medium":["https:\/\/veritasinfo.org\/wp-content\/uploads\/2026\/02\/image-1-8-300x169.webp",300,169,true],"medium_large":["https:\/\/veritasinfo.org\/wp-content\/uploads\/2026\/02\/image-1-8-768x432.webp",640,360,true],"large":["https:\/\/veritasinfo.org\/wp-content\/uploads\/2026\/02\/image-1-8-1024x576.webp",640,360,true],"1536x1536":["https:\/\/veritasinfo.org\/wp-content\/uploads\/2026\/02\/image-1-8.webp",1245,700,false],"2048x2048":["https:\/\/veritasinfo.org\/wp-content\/uploads\/2026\/02\/image-1-8.webp",1245,700,false],"kreeti-slider-full":["https:\/\/veritasinfo.org\/wp-content\/uploads\/2026\/02\/image-1-8.webp",1245,700,false],"kreeti-featured":["https:\/\/veritasinfo.org\/wp-content\/uploads\/2026\/02\/image-1-8.webp",1024,576,false],"kreeti-medium":["https:\/\/veritasinfo.org\/wp-content\/uploads\/2026\/02\/image-1-8.webp",720,405,false],"kreeti-medium-square":["https:\/\/veritasinfo.org\/wp-content\/uploads\/2026\/02\/image-1-8.webp",350,197,false]},"author_info":{"info":["US6"]},"category_info":"<a href=\"https:\/\/veritasinfo.org\/?cat=60\" rel=\"category\">Shoq\u00ebrore<\/a>","tag_info":"Shoq\u00ebrore","comment_count":"0","_links":{"self":[{"href":"https:\/\/veritasinfo.org\/index.php?rest_route=\/wp\/v2\/posts\/32867","targetHints":{"allow":["GET"]}}],"collection":[{"href":"https:\/\/veritasinfo.org\/index.php?rest_route=\/wp\/v2\/posts"}],"about":[{"href":"https:\/\/veritasinfo.org\/index.php?rest_route=\/wp\/v2\/types\/post"}],"author":[{"embeddable":true,"href":"https:\/\/veritasinfo.org\/index.php?rest_route=\/wp\/v2\/users\/7"}],"replies":[{"embeddable":true,"href":"https:\/\/veritasinfo.org\/index.php?rest_route=%2Fwp%2Fv2%2Fcomments&post=32867"}],"version-history":[{"count":1,"href":"https:\/\/veritasinfo.org\/index.php?rest_route=\/wp\/v2\/posts\/32867\/revisions"}],"predecessor-version":[{"id":32869,"href":"https:\/\/veritasinfo.org\/index.php?rest_route=\/wp\/v2\/posts\/32867\/revisions\/32869"}],"wp:featuredmedia":[{"embeddable":true,"href":"https:\/\/veritasinfo.org\/index.php?rest_route=\/wp\/v2\/media\/32868"}],"wp:attachment":[{"href":"https:\/\/veritasinfo.org\/index.php?rest_route=%2Fwp%2Fv2%2Fmedia&parent=32867"}],"wp:term":[{"taxonomy":"category","embeddable":true,"href":"https:\/\/veritasinfo.org\/index.php?rest_route=%2Fwp%2Fv2%2Fcategories&post=32867"},{"taxonomy":"post_tag","embeddable":true,"href":"https:\/\/veritasinfo.org\/index.php?rest_route=%2Fwp%2Fv2%2Ftags&post=32867"}],"curies":[{"name":"wp","href":"https:\/\/api.w.org\/{rel}","templated":true}]}}