{"id":3286,"date":"2025-07-10T14:08:48","date_gmt":"2025-07-10T12:08:48","guid":{"rendered":"https:\/\/veritasinfo.org\/?p=3286"},"modified":"2025-07-10T14:08:48","modified_gmt":"2025-07-10T12:08:48","slug":"prishtina-mirepret-kulturen-boterore-me-festivalin-newborn-prishtina","status":"publish","type":"post","link":"https:\/\/veritasinfo.org\/?p=3286","title":{"rendered":"Prishtina mir\u00ebpret kultur\u00ebn bot\u00ebrore me festivalin \u2018NewBorn Prishtina\u2019"},"content":{"rendered":"<p>Prishtin\u00eb, 10 Korrik 2025<\/p>\n<p><strong>Prej sot dhe p\u00ebr tri dit\u00eb me radh\u00eb, sheshi \u201cZahir Pajaziti\u201d n\u00eb Prishtin\u00eb do t\u00eb shnd\u00ebrrohet n\u00eb epiqend\u00ebr t\u00eb kultur\u00ebs bot\u00ebrore me edicionin e radh\u00ebs t\u00eb festivalit \u201cNewBorn Prishtina\u201d. K\u00ebshtu ka theksuar kryetari i komun\u00ebs, Perparim Rama.<\/strong><\/p>\n<p>&nbsp;<\/p>\n<p>Ky festival nd\u00ebrkomb\u00ebtar sjell n\u00eb zem\u00ebr t\u00eb kryeqytetit muzik\u00eb, folklor, tradita dhe miq\u00ebsi nga e gjith\u00eb bota.<\/p>\n<p>N\u00eb prag t\u00eb hapjes s\u00eb festivalit, i pari\u00a0i Komun\u00ebs s\u00eb Prishtin\u00ebs mir\u00ebpriti p\u00ebrfaq\u00ebsues nga dhjet\u00eb shtete: Kanadaja, Kili, Argjentina, Spanja, Guinea, Italia, Polonia, Sllovakia, Bullgaria dhe Turqia. Si shenj\u00eb mikpritjeje dhe respekti, atyre iu dhurua nj\u00eb kopje simbolike e \u201cHyjnesh\u00ebs n\u00eb Fron\u201d \u2013 nj\u00eb ikon\u00eb e trash\u00ebgimis\u00eb kulturore t\u00eb Kosov\u00ebs.<\/p>\n<p>&#8220;Festivali \u201cNewBorn Prishtina\u201d synon t\u00eb nd\u00ebrtoj\u00eb ura mes popujve p\u00ebrmes kultur\u00ebs dhe artit, duke e b\u00ebr\u00eb Prishtin\u00ebn nj\u00eb pik\u00ebtakim t\u00eb vlerave universale dhe nj\u00eb nikoqire krenare t\u00eb diversitetit kulturor&#8221;, ka shkruar Rama n\u00eb Facebook.<\/p>\n<p>&nbsp;<\/p>\n","protected":false},"excerpt":{"rendered":"<p>Prishtin\u00eb, 10 Korrik 2025 Prej sot dhe p\u00ebr tri dit\u00eb me radh\u00eb, sheshi \u201cZahir Pajaziti\u201d n\u00eb Prishtin\u00eb do t\u00eb shnd\u00ebrrohet n\u00eb epiqend\u00ebr t\u00eb kultur\u00ebs bot\u00ebrore<\/p>\n","protected":false},"author":1,"featured_media":3287,"comment_status":"open","ping_status":"open","sticky":false,"template":"","format":"standard","meta":{"footnotes":""},"categories":[54],"tags":[],"class_list":["post-3286","post","type-post","status-publish","format-standard","has-post-thumbnail","hentry","category-kulture-sq"],"yoast_head":"<!-- This site is optimized with the Yoast SEO plugin v25.3.1 - https:\/\/yoast.com\/wordpress\/plugins\/seo\/ -->\n<title>Prishtina mir\u00ebpret kultur\u00ebn bot\u00ebrore me festivalin \u2018NewBorn Prishtina\u2019 -<\/title>\n<meta name=\"robots\" content=\"index, follow, max-snippet:-1, max-image-preview:large, max-video-preview:-1\" \/>\n<link rel=\"canonical\" href=\"https:\/\/veritasinfo.org\/?p=3286\" \/>\n<meta property=\"og:locale\" content=\"en_US\" \/>\n<meta property=\"og:type\" content=\"article\" \/>\n<meta property=\"og:title\" content=\"Prishtina mir\u00ebpret kultur\u00ebn bot\u00ebrore me festivalin \u2018NewBorn Prishtina\u2019 -\" \/>\n<meta property=\"og:description\" content=\"Prishtin\u00eb, 10 Korrik 2025 Prej sot dhe p\u00ebr tri dit\u00eb me radh\u00eb, sheshi \u201cZahir Pajaziti\u201d n\u00eb Prishtin\u00eb do t\u00eb shnd\u00ebrrohet n\u00eb epiqend\u00ebr t\u00eb kultur\u00ebs bot\u00ebrore\" \/>\n<meta property=\"og:url\" content=\"https:\/\/veritasinfo.org\/?p=3286\" \/>\n<meta property=\"article:published_time\" content=\"2025-07-10T12:08:48+00:00\" \/>\n<meta property=\"og:image\" content=\"https:\/\/veritasinfo.org\/wp-content\/uploads\/2025\/07\/IMG_1810.jpeg\" \/>\n\t<meta property=\"og:image:width\" content=\"780\" \/>\n\t<meta property=\"og:image:height\" content=\"500\" \/>\n\t<meta property=\"og:image:type\" content=\"image\/jpeg\" \/>\n<meta name=\"author\" content=\"admin\" \/>\n<meta name=\"twitter:card\" content=\"summary_large_image\" \/>\n<meta name=\"twitter:label1\" content=\"Written by\" \/>\n\t<meta name=\"twitter:data1\" content=\"admin\" \/>\n\t<meta name=\"twitter:label2\" content=\"Est. reading time\" \/>\n\t<meta name=\"twitter:data2\" content=\"1 minute\" \/>\n<script type=\"application\/ld+json\" class=\"yoast-schema-graph\">{\"@context\":\"https:\/\/schema.org\",\"@graph\":[{\"@type\":\"WebPage\",\"@id\":\"https:\/\/veritasinfo.org\/?p=3286\",\"url\":\"https:\/\/veritasinfo.org\/?p=3286\",\"name\":\"Prishtina mir\u00ebpret kultur\u00ebn bot\u00ebrore me festivalin \u2018NewBorn Prishtina\u2019 -\",\"isPartOf\":{\"@id\":\"https:\/\/veritasinfo.org\/#website\"},\"primaryImageOfPage\":{\"@id\":\"https:\/\/veritasinfo.org\/?p=3286#primaryimage\"},\"image\":{\"@id\":\"https:\/\/veritasinfo.org\/?p=3286#primaryimage\"},\"thumbnailUrl\":\"https:\/\/veritasinfo.org\/wp-content\/uploads\/2025\/07\/IMG_1810.jpeg\",\"datePublished\":\"2025-07-10T12:08:48+00:00\",\"author\":{\"@id\":\"https:\/\/veritasinfo.org\/#\/schema\/person\/7701f8c088bece422266b100a712374f\"},\"breadcrumb\":{\"@id\":\"https:\/\/veritasinfo.org\/?p=3286#breadcrumb\"},\"inLanguage\":\"en-US\",\"potentialAction\":[{\"@type\":\"ReadAction\",\"target\":[\"https:\/\/veritasinfo.org\/?p=3286\"]}]},{\"@type\":\"ImageObject\",\"inLanguage\":\"en-US\",\"@id\":\"https:\/\/veritasinfo.org\/?p=3286#primaryimage\",\"url\":\"https:\/\/veritasinfo.org\/wp-content\/uploads\/2025\/07\/IMG_1810.jpeg\",\"contentUrl\":\"https:\/\/veritasinfo.org\/wp-content\/uploads\/2025\/07\/IMG_1810.jpeg\",\"width\":780,\"height\":500},{\"@type\":\"BreadcrumbList\",\"@id\":\"https:\/\/veritasinfo.org\/?p=3286#breadcrumb\",\"itemListElement\":[{\"@type\":\"ListItem\",\"position\":1,\"name\":\"Home\",\"item\":\"https:\/\/veritasinfo.org\/\"},{\"@type\":\"ListItem\",\"position\":2,\"name\":\"Prishtina mir\u00ebpret kultur\u00ebn bot\u00ebrore me festivalin \u2018NewBorn Prishtina\u2019\"}]},{\"@type\":\"WebSite\",\"@id\":\"https:\/\/veritasinfo.org\/#website\",\"url\":\"https:\/\/veritasinfo.org\/\",\"name\":\"\",\"description\":\"\",\"potentialAction\":[{\"@type\":\"SearchAction\",\"target\":{\"@type\":\"EntryPoint\",\"urlTemplate\":\"https:\/\/veritasinfo.org\/?s={search_term_string}\"},\"query-input\":{\"@type\":\"PropertyValueSpecification\",\"valueRequired\":true,\"valueName\":\"search_term_string\"}}],\"inLanguage\":\"en-US\"},{\"@type\":\"Person\",\"@id\":\"https:\/\/veritasinfo.org\/#\/schema\/person\/7701f8c088bece422266b100a712374f\",\"name\":\"admin\",\"image\":{\"@type\":\"ImageObject\",\"inLanguage\":\"en-US\",\"@id\":\"https:\/\/veritasinfo.org\/#\/schema\/person\/image\/\",\"url\":\"https:\/\/secure.gravatar.com\/avatar\/ea53aa3bf6c9a12d5fde8ce4deff43fef3885ae33cf60184161a50d6987cfd2f?s=96&d=mm&r=g\",\"contentUrl\":\"https:\/\/secure.gravatar.com\/avatar\/ea53aa3bf6c9a12d5fde8ce4deff43fef3885ae33cf60184161a50d6987cfd2f?s=96&d=mm&r=g\",\"caption\":\"admin\"},\"sameAs\":[\"https:\/\/veritasinfo.org\"],\"url\":\"https:\/\/veritasinfo.org\/?author=1\"}]}<\/script>\n<!-- \/ Yoast SEO plugin. -->","yoast_head_json":{"title":"Prishtina mir\u00ebpret kultur\u00ebn bot\u00ebrore me festivalin \u2018NewBorn Prishtina\u2019 -","robots":{"index":"index","follow":"follow","max-snippet":"max-snippet:-1","max-image-preview":"max-image-preview:large","max-video-preview":"max-video-preview:-1"},"canonical":"https:\/\/veritasinfo.org\/?p=3286","og_locale":"en_US","og_type":"article","og_title":"Prishtina mir\u00ebpret kultur\u00ebn bot\u00ebrore me festivalin \u2018NewBorn Prishtina\u2019 -","og_description":"Prishtin\u00eb, 10 Korrik 2025 Prej sot dhe p\u00ebr tri dit\u00eb me radh\u00eb, sheshi \u201cZahir Pajaziti\u201d n\u00eb Prishtin\u00eb do t\u00eb shnd\u00ebrrohet n\u00eb epiqend\u00ebr t\u00eb kultur\u00ebs bot\u00ebrore","og_url":"https:\/\/veritasinfo.org\/?p=3286","article_published_time":"2025-07-10T12:08:48+00:00","og_image":[{"width":780,"height":500,"url":"https:\/\/veritasinfo.org\/wp-content\/uploads\/2025\/07\/IMG_1810.jpeg","type":"image\/jpeg"}],"author":"admin","twitter_card":"summary_large_image","twitter_misc":{"Written by":"admin","Est. reading time":"1 minute"},"schema":{"@context":"https:\/\/schema.org","@graph":[{"@type":"WebPage","@id":"https:\/\/veritasinfo.org\/?p=3286","url":"https:\/\/veritasinfo.org\/?p=3286","name":"Prishtina mir\u00ebpret kultur\u00ebn bot\u00ebrore me festivalin \u2018NewBorn Prishtina\u2019 -","isPartOf":{"@id":"https:\/\/veritasinfo.org\/#website"},"primaryImageOfPage":{"@id":"https:\/\/veritasinfo.org\/?p=3286#primaryimage"},"image":{"@id":"https:\/\/veritasinfo.org\/?p=3286#primaryimage"},"thumbnailUrl":"https:\/\/veritasinfo.org\/wp-content\/uploads\/2025\/07\/IMG_1810.jpeg","datePublished":"2025-07-10T12:08:48+00:00","author":{"@id":"https:\/\/veritasinfo.org\/#\/schema\/person\/7701f8c088bece422266b100a712374f"},"breadcrumb":{"@id":"https:\/\/veritasinfo.org\/?p=3286#breadcrumb"},"inLanguage":"en-US","potentialAction":[{"@type":"ReadAction","target":["https:\/\/veritasinfo.org\/?p=3286"]}]},{"@type":"ImageObject","inLanguage":"en-US","@id":"https:\/\/veritasinfo.org\/?p=3286#primaryimage","url":"https:\/\/veritasinfo.org\/wp-content\/uploads\/2025\/07\/IMG_1810.jpeg","contentUrl":"https:\/\/veritasinfo.org\/wp-content\/uploads\/2025\/07\/IMG_1810.jpeg","width":780,"height":500},{"@type":"BreadcrumbList","@id":"https:\/\/veritasinfo.org\/?p=3286#breadcrumb","itemListElement":[{"@type":"ListItem","position":1,"name":"Home","item":"https:\/\/veritasinfo.org\/"},{"@type":"ListItem","position":2,"name":"Prishtina mir\u00ebpret kultur\u00ebn bot\u00ebrore me festivalin \u2018NewBorn Prishtina\u2019"}]},{"@type":"WebSite","@id":"https:\/\/veritasinfo.org\/#website","url":"https:\/\/veritasinfo.org\/","name":"","description":"","potentialAction":[{"@type":"SearchAction","target":{"@type":"EntryPoint","urlTemplate":"https:\/\/veritasinfo.org\/?s={search_term_string}"},"query-input":{"@type":"PropertyValueSpecification","valueRequired":true,"valueName":"search_term_string"}}],"inLanguage":"en-US"},{"@type":"Person","@id":"https:\/\/veritasinfo.org\/#\/schema\/person\/7701f8c088bece422266b100a712374f","name":"admin","image":{"@type":"ImageObject","inLanguage":"en-US","@id":"https:\/\/veritasinfo.org\/#\/schema\/person\/image\/","url":"https:\/\/secure.gravatar.com\/avatar\/ea53aa3bf6c9a12d5fde8ce4deff43fef3885ae33cf60184161a50d6987cfd2f?s=96&d=mm&r=g","contentUrl":"https:\/\/secure.gravatar.com\/avatar\/ea53aa3bf6c9a12d5fde8ce4deff43fef3885ae33cf60184161a50d6987cfd2f?s=96&d=mm&r=g","caption":"admin"},"sameAs":["https:\/\/veritasinfo.org"],"url":"https:\/\/veritasinfo.org\/?author=1"}]}},"featured_image_urls":{"full":["https:\/\/veritasinfo.org\/wp-content\/uploads\/2025\/07\/IMG_1810.jpeg",780,500,false],"thumbnail":["https:\/\/veritasinfo.org\/wp-content\/uploads\/2025\/07\/IMG_1810-150x150.jpeg",150,150,true],"medium":["https:\/\/veritasinfo.org\/wp-content\/uploads\/2025\/07\/IMG_1810-300x192.jpeg",300,192,true],"medium_large":["https:\/\/veritasinfo.org\/wp-content\/uploads\/2025\/07\/IMG_1810-768x492.jpeg",640,410,true],"large":["https:\/\/veritasinfo.org\/wp-content\/uploads\/2025\/07\/IMG_1810.jpeg",640,410,false],"1536x1536":["https:\/\/veritasinfo.org\/wp-content\/uploads\/2025\/07\/IMG_1810.jpeg",780,500,false],"2048x2048":["https:\/\/veritasinfo.org\/wp-content\/uploads\/2025\/07\/IMG_1810.jpeg",780,500,false],"kreeti-slider-full":["https:\/\/veritasinfo.org\/wp-content\/uploads\/2025\/07\/IMG_1810.jpeg",780,500,false],"kreeti-featured":["https:\/\/veritasinfo.org\/wp-content\/uploads\/2025\/07\/IMG_1810.jpeg",780,500,false],"kreeti-medium":["https:\/\/veritasinfo.org\/wp-content\/uploads\/2025\/07\/IMG_1810.jpeg",720,462,false],"kreeti-medium-square":["https:\/\/veritasinfo.org\/wp-content\/uploads\/2025\/07\/IMG_1810.jpeg",350,224,false]},"author_info":{"info":["admin"]},"category_info":"<a href=\"https:\/\/veritasinfo.org\/?cat=54\" rel=\"category\">Kultur\u00eb<\/a>","tag_info":"Kultur\u00eb","comment_count":"0","_links":{"self":[{"href":"https:\/\/veritasinfo.org\/index.php?rest_route=\/wp\/v2\/posts\/3286","targetHints":{"allow":["GET"]}}],"collection":[{"href":"https:\/\/veritasinfo.org\/index.php?rest_route=\/wp\/v2\/posts"}],"about":[{"href":"https:\/\/veritasinfo.org\/index.php?rest_route=\/wp\/v2\/types\/post"}],"author":[{"embeddable":true,"href":"https:\/\/veritasinfo.org\/index.php?rest_route=\/wp\/v2\/users\/1"}],"replies":[{"embeddable":true,"href":"https:\/\/veritasinfo.org\/index.php?rest_route=%2Fwp%2Fv2%2Fcomments&post=3286"}],"version-history":[{"count":1,"href":"https:\/\/veritasinfo.org\/index.php?rest_route=\/wp\/v2\/posts\/3286\/revisions"}],"predecessor-version":[{"id":3288,"href":"https:\/\/veritasinfo.org\/index.php?rest_route=\/wp\/v2\/posts\/3286\/revisions\/3288"}],"wp:featuredmedia":[{"embeddable":true,"href":"https:\/\/veritasinfo.org\/index.php?rest_route=\/wp\/v2\/media\/3287"}],"wp:attachment":[{"href":"https:\/\/veritasinfo.org\/index.php?rest_route=%2Fwp%2Fv2%2Fmedia&parent=3286"}],"wp:term":[{"taxonomy":"category","embeddable":true,"href":"https:\/\/veritasinfo.org\/index.php?rest_route=%2Fwp%2Fv2%2Fcategories&post=3286"},{"taxonomy":"post_tag","embeddable":true,"href":"https:\/\/veritasinfo.org\/index.php?rest_route=%2Fwp%2Fv2%2Ftags&post=3286"}],"curies":[{"name":"wp","href":"https:\/\/api.w.org\/{rel}","templated":true}]}}