{"id":3285,"date":"2025-07-10T14:09:46","date_gmt":"2025-07-10T12:09:46","guid":{"rendered":"https:\/\/veritasinfo.org\/?p=3285"},"modified":"2025-07-10T14:09:46","modified_gmt":"2025-07-10T12:09:46","slug":"ursula-von-der-leyen-i-shpeton-mocionit-te-mosbesimit-mban-postin-si-presidente-e-komisionit-evropian","status":"publish","type":"post","link":"https:\/\/veritasinfo.org\/?p=3285","title":{"rendered":"Ursula von der Leyen i shp\u00ebton mocionit t\u00eb mosbesimit \u2013 Mban postin si presidente e Komisionit Evropian"},"content":{"rendered":"<p>Bruised, 10 Korrik 2025<\/p>\n<p>Q\u00eb t\u00eb miratohej, do t\u00eb nevojitej nj\u00eb shumic\u00eb prej dy t\u00eb tretash t\u00eb votave t\u00eb hedhura, q\u00eb p\u00ebrfaq\u00ebson shumic\u00ebn e an\u00ebtar\u00ebve p\u00ebrb\u00ebr\u00ebs t\u00eb Parlamentit.<\/p>\n<p>E sigurt se do t\u00eb dilte fituese nga ky proces, Von der Leyen as q\u00eb mori pjes\u00eb n\u00eb votim \u2013 ndon\u00ebse b\u00ebhet fjal\u00eb p\u00ebr institucionin ku Komisioni Evropian ka detyrim p\u00ebr llogaridh\u00ebnie.<\/p>\n<p>Mocioni i mosbesimit u mb\u00ebshtet mbi tri akuza kryesore, nd\u00ebr t\u00eb cilat kryesorja lidhet me komunikimin p\u00ebrmes mesazheve n\u00eb kanale private midis Presidentes s\u00eb Komisionit dhe Drejtorit Ekzekutiv t\u00eb kompanis\u00eb Pfizer, gjat\u00eb negociatave p\u00ebr furnizimin me vaksina kund\u00ebr COVID-19.<\/p>\n<p>Megjith\u00ebse Komisioni ka detyrim ligjor p\u00ebr transparenc\u00eb, ky institucion asnj\u00ebher\u00eb nuk i ka zbuluar kurr\u00eb k\u00ebto mesazhe.<\/p>\n<p>Mandati i Ursula von der Leyen si presidente e Komisionit Evropian \u00ebsht\u00eb karakterizuar nga menaxhimi i fort\u00eb i krizave, vizioni strategjik dhe theksi n\u00eb unitetin evropian.<\/p>\n<p>Edhe pse mocioni i mosbesimit d\u00ebshtoi, ajo del m\u00eb e dob\u00ebsuar nga kjo p\u00ebrballje \u2013 sepse dol\u00ebn n\u00eb sip\u00ebrfaqe mang\u00ebsit\u00eb e saja n\u00eb m\u00ebnyrat e vendimarrjes s\u00eb centralizuar dhe munges\u00eb transparence.<\/p>\n","protected":false},"excerpt":{"rendered":"<p>Bruised, 10 Korrik 2025 Q\u00eb t\u00eb miratohej, do t\u00eb nevojitej nj\u00eb shumic\u00eb prej dy t\u00eb tretash t\u00eb votave t\u00eb hedhura, q\u00eb p\u00ebrfaq\u00ebson shumic\u00ebn e an\u00ebtar\u00ebve<\/p>\n","protected":false},"author":1,"featured_media":3290,"comment_status":"open","ping_status":"open","sticky":false,"template":"","format":"standard","meta":{"footnotes":""},"categories":[72],"tags":[],"class_list":["post-3285","post","type-post","status-publish","format-standard","has-post-thumbnail","hentry","category-bota"],"yoast_head":"<!-- This site is optimized with the Yoast SEO plugin v25.3.1 - https:\/\/yoast.com\/wordpress\/plugins\/seo\/ -->\n<title>Ursula von der Leyen i shp\u00ebton mocionit t\u00eb mosbesimit \u2013 Mban postin si presidente e Komisionit Evropian -<\/title>\n<meta name=\"robots\" content=\"index, follow, max-snippet:-1, max-image-preview:large, max-video-preview:-1\" \/>\n<link rel=\"canonical\" href=\"https:\/\/veritasinfo.org\/?p=3285\" \/>\n<meta property=\"og:locale\" content=\"en_US\" \/>\n<meta property=\"og:type\" content=\"article\" \/>\n<meta property=\"og:title\" content=\"Ursula von der Leyen i shp\u00ebton mocionit t\u00eb mosbesimit \u2013 Mban postin si presidente e Komisionit Evropian -\" \/>\n<meta property=\"og:description\" content=\"Bruised, 10 Korrik 2025 Q\u00eb t\u00eb miratohej, do t\u00eb nevojitej nj\u00eb shumic\u00eb prej dy t\u00eb tretash t\u00eb votave t\u00eb hedhura, q\u00eb p\u00ebrfaq\u00ebson shumic\u00ebn e an\u00ebtar\u00ebve\" \/>\n<meta property=\"og:url\" content=\"https:\/\/veritasinfo.org\/?p=3285\" \/>\n<meta property=\"article:published_time\" content=\"2025-07-10T12:09:46+00:00\" \/>\n<meta property=\"og:image\" content=\"https:\/\/veritasinfo.org\/wp-content\/uploads\/2025\/07\/IMG_0936.jpeg\" \/>\n\t<meta property=\"og:image:width\" content=\"465\" \/>\n\t<meta property=\"og:image:height\" content=\"279\" \/>\n\t<meta property=\"og:image:type\" content=\"image\/jpeg\" \/>\n<meta name=\"author\" content=\"admin\" \/>\n<meta name=\"twitter:card\" content=\"summary_large_image\" \/>\n<meta name=\"twitter:label1\" content=\"Written by\" \/>\n\t<meta name=\"twitter:data1\" content=\"admin\" \/>\n\t<meta name=\"twitter:label2\" content=\"Est. reading time\" \/>\n\t<meta name=\"twitter:data2\" content=\"1 minute\" \/>\n<script type=\"application\/ld+json\" class=\"yoast-schema-graph\">{\"@context\":\"https:\/\/schema.org\",\"@graph\":[{\"@type\":\"WebPage\",\"@id\":\"https:\/\/veritasinfo.org\/?p=3285\",\"url\":\"https:\/\/veritasinfo.org\/?p=3285\",\"name\":\"Ursula von der Leyen i shp\u00ebton mocionit t\u00eb mosbesimit \u2013 Mban postin si presidente e Komisionit Evropian -\",\"isPartOf\":{\"@id\":\"https:\/\/veritasinfo.org\/#website\"},\"primaryImageOfPage\":{\"@id\":\"https:\/\/veritasinfo.org\/?p=3285#primaryimage\"},\"image\":{\"@id\":\"https:\/\/veritasinfo.org\/?p=3285#primaryimage\"},\"thumbnailUrl\":\"https:\/\/veritasinfo.org\/wp-content\/uploads\/2025\/07\/IMG_0936.jpeg\",\"datePublished\":\"2025-07-10T12:09:46+00:00\",\"author\":{\"@id\":\"https:\/\/veritasinfo.org\/#\/schema\/person\/7701f8c088bece422266b100a712374f\"},\"breadcrumb\":{\"@id\":\"https:\/\/veritasinfo.org\/?p=3285#breadcrumb\"},\"inLanguage\":\"en-US\",\"potentialAction\":[{\"@type\":\"ReadAction\",\"target\":[\"https:\/\/veritasinfo.org\/?p=3285\"]}]},{\"@type\":\"ImageObject\",\"inLanguage\":\"en-US\",\"@id\":\"https:\/\/veritasinfo.org\/?p=3285#primaryimage\",\"url\":\"https:\/\/veritasinfo.org\/wp-content\/uploads\/2025\/07\/IMG_0936.jpeg\",\"contentUrl\":\"https:\/\/veritasinfo.org\/wp-content\/uploads\/2025\/07\/IMG_0936.jpeg\",\"width\":465,\"height\":279},{\"@type\":\"BreadcrumbList\",\"@id\":\"https:\/\/veritasinfo.org\/?p=3285#breadcrumb\",\"itemListElement\":[{\"@type\":\"ListItem\",\"position\":1,\"name\":\"Home\",\"item\":\"https:\/\/veritasinfo.org\/\"},{\"@type\":\"ListItem\",\"position\":2,\"name\":\"Ursula von der Leyen i shp\u00ebton mocionit t\u00eb mosbesimit \u2013 Mban postin si presidente e Komisionit Evropian\"}]},{\"@type\":\"WebSite\",\"@id\":\"https:\/\/veritasinfo.org\/#website\",\"url\":\"https:\/\/veritasinfo.org\/\",\"name\":\"\",\"description\":\"\",\"potentialAction\":[{\"@type\":\"SearchAction\",\"target\":{\"@type\":\"EntryPoint\",\"urlTemplate\":\"https:\/\/veritasinfo.org\/?s={search_term_string}\"},\"query-input\":{\"@type\":\"PropertyValueSpecification\",\"valueRequired\":true,\"valueName\":\"search_term_string\"}}],\"inLanguage\":\"en-US\"},{\"@type\":\"Person\",\"@id\":\"https:\/\/veritasinfo.org\/#\/schema\/person\/7701f8c088bece422266b100a712374f\",\"name\":\"admin\",\"image\":{\"@type\":\"ImageObject\",\"inLanguage\":\"en-US\",\"@id\":\"https:\/\/veritasinfo.org\/#\/schema\/person\/image\/\",\"url\":\"https:\/\/secure.gravatar.com\/avatar\/ea53aa3bf6c9a12d5fde8ce4deff43fef3885ae33cf60184161a50d6987cfd2f?s=96&d=mm&r=g\",\"contentUrl\":\"https:\/\/secure.gravatar.com\/avatar\/ea53aa3bf6c9a12d5fde8ce4deff43fef3885ae33cf60184161a50d6987cfd2f?s=96&d=mm&r=g\",\"caption\":\"admin\"},\"sameAs\":[\"https:\/\/veritasinfo.org\"],\"url\":\"https:\/\/veritasinfo.org\/?author=1\"}]}<\/script>\n<!-- \/ Yoast SEO plugin. -->","yoast_head_json":{"title":"Ursula von der Leyen i shp\u00ebton mocionit t\u00eb mosbesimit \u2013 Mban postin si presidente e Komisionit Evropian -","robots":{"index":"index","follow":"follow","max-snippet":"max-snippet:-1","max-image-preview":"max-image-preview:large","max-video-preview":"max-video-preview:-1"},"canonical":"https:\/\/veritasinfo.org\/?p=3285","og_locale":"en_US","og_type":"article","og_title":"Ursula von der Leyen i shp\u00ebton mocionit t\u00eb mosbesimit \u2013 Mban postin si presidente e Komisionit Evropian -","og_description":"Bruised, 10 Korrik 2025 Q\u00eb t\u00eb miratohej, do t\u00eb nevojitej nj\u00eb shumic\u00eb prej dy t\u00eb tretash t\u00eb votave t\u00eb hedhura, q\u00eb p\u00ebrfaq\u00ebson shumic\u00ebn e an\u00ebtar\u00ebve","og_url":"https:\/\/veritasinfo.org\/?p=3285","article_published_time":"2025-07-10T12:09:46+00:00","og_image":[{"width":465,"height":279,"url":"https:\/\/veritasinfo.org\/wp-content\/uploads\/2025\/07\/IMG_0936.jpeg","type":"image\/jpeg"}],"author":"admin","twitter_card":"summary_large_image","twitter_misc":{"Written by":"admin","Est. reading time":"1 minute"},"schema":{"@context":"https:\/\/schema.org","@graph":[{"@type":"WebPage","@id":"https:\/\/veritasinfo.org\/?p=3285","url":"https:\/\/veritasinfo.org\/?p=3285","name":"Ursula von der Leyen i shp\u00ebton mocionit t\u00eb mosbesimit \u2013 Mban postin si presidente e Komisionit Evropian -","isPartOf":{"@id":"https:\/\/veritasinfo.org\/#website"},"primaryImageOfPage":{"@id":"https:\/\/veritasinfo.org\/?p=3285#primaryimage"},"image":{"@id":"https:\/\/veritasinfo.org\/?p=3285#primaryimage"},"thumbnailUrl":"https:\/\/veritasinfo.org\/wp-content\/uploads\/2025\/07\/IMG_0936.jpeg","datePublished":"2025-07-10T12:09:46+00:00","author":{"@id":"https:\/\/veritasinfo.org\/#\/schema\/person\/7701f8c088bece422266b100a712374f"},"breadcrumb":{"@id":"https:\/\/veritasinfo.org\/?p=3285#breadcrumb"},"inLanguage":"en-US","potentialAction":[{"@type":"ReadAction","target":["https:\/\/veritasinfo.org\/?p=3285"]}]},{"@type":"ImageObject","inLanguage":"en-US","@id":"https:\/\/veritasinfo.org\/?p=3285#primaryimage","url":"https:\/\/veritasinfo.org\/wp-content\/uploads\/2025\/07\/IMG_0936.jpeg","contentUrl":"https:\/\/veritasinfo.org\/wp-content\/uploads\/2025\/07\/IMG_0936.jpeg","width":465,"height":279},{"@type":"BreadcrumbList","@id":"https:\/\/veritasinfo.org\/?p=3285#breadcrumb","itemListElement":[{"@type":"ListItem","position":1,"name":"Home","item":"https:\/\/veritasinfo.org\/"},{"@type":"ListItem","position":2,"name":"Ursula von der Leyen i shp\u00ebton mocionit t\u00eb mosbesimit \u2013 Mban postin si presidente e Komisionit Evropian"}]},{"@type":"WebSite","@id":"https:\/\/veritasinfo.org\/#website","url":"https:\/\/veritasinfo.org\/","name":"","description":"","potentialAction":[{"@type":"SearchAction","target":{"@type":"EntryPoint","urlTemplate":"https:\/\/veritasinfo.org\/?s={search_term_string}"},"query-input":{"@type":"PropertyValueSpecification","valueRequired":true,"valueName":"search_term_string"}}],"inLanguage":"en-US"},{"@type":"Person","@id":"https:\/\/veritasinfo.org\/#\/schema\/person\/7701f8c088bece422266b100a712374f","name":"admin","image":{"@type":"ImageObject","inLanguage":"en-US","@id":"https:\/\/veritasinfo.org\/#\/schema\/person\/image\/","url":"https:\/\/secure.gravatar.com\/avatar\/ea53aa3bf6c9a12d5fde8ce4deff43fef3885ae33cf60184161a50d6987cfd2f?s=96&d=mm&r=g","contentUrl":"https:\/\/secure.gravatar.com\/avatar\/ea53aa3bf6c9a12d5fde8ce4deff43fef3885ae33cf60184161a50d6987cfd2f?s=96&d=mm&r=g","caption":"admin"},"sameAs":["https:\/\/veritasinfo.org"],"url":"https:\/\/veritasinfo.org\/?author=1"}]}},"featured_image_urls":{"full":["https:\/\/veritasinfo.org\/wp-content\/uploads\/2025\/07\/IMG_0936.jpeg",465,279,false],"thumbnail":["https:\/\/veritasinfo.org\/wp-content\/uploads\/2025\/07\/IMG_0936-150x150.jpeg",150,150,true],"medium":["https:\/\/veritasinfo.org\/wp-content\/uploads\/2025\/07\/IMG_0936-300x180.jpeg",300,180,true],"medium_large":["https:\/\/veritasinfo.org\/wp-content\/uploads\/2025\/07\/IMG_0936.jpeg",465,279,false],"large":["https:\/\/veritasinfo.org\/wp-content\/uploads\/2025\/07\/IMG_0936.jpeg",465,279,false],"1536x1536":["https:\/\/veritasinfo.org\/wp-content\/uploads\/2025\/07\/IMG_0936.jpeg",465,279,false],"2048x2048":["https:\/\/veritasinfo.org\/wp-content\/uploads\/2025\/07\/IMG_0936.jpeg",465,279,false],"kreeti-slider-full":["https:\/\/veritasinfo.org\/wp-content\/uploads\/2025\/07\/IMG_0936.jpeg",465,279,false],"kreeti-featured":["https:\/\/veritasinfo.org\/wp-content\/uploads\/2025\/07\/IMG_0936.jpeg",465,279,false],"kreeti-medium":["https:\/\/veritasinfo.org\/wp-content\/uploads\/2025\/07\/IMG_0936.jpeg",465,279,false],"kreeti-medium-square":["https:\/\/veritasinfo.org\/wp-content\/uploads\/2025\/07\/IMG_0936.jpeg",350,210,false]},"author_info":{"info":["admin"]},"category_info":"<a href=\"https:\/\/veritasinfo.org\/?cat=72\" rel=\"category\">Bota<\/a>","tag_info":"Bota","comment_count":"0","_links":{"self":[{"href":"https:\/\/veritasinfo.org\/index.php?rest_route=\/wp\/v2\/posts\/3285","targetHints":{"allow":["GET"]}}],"collection":[{"href":"https:\/\/veritasinfo.org\/index.php?rest_route=\/wp\/v2\/posts"}],"about":[{"href":"https:\/\/veritasinfo.org\/index.php?rest_route=\/wp\/v2\/types\/post"}],"author":[{"embeddable":true,"href":"https:\/\/veritasinfo.org\/index.php?rest_route=\/wp\/v2\/users\/1"}],"replies":[{"embeddable":true,"href":"https:\/\/veritasinfo.org\/index.php?rest_route=%2Fwp%2Fv2%2Fcomments&post=3285"}],"version-history":[{"count":1,"href":"https:\/\/veritasinfo.org\/index.php?rest_route=\/wp\/v2\/posts\/3285\/revisions"}],"predecessor-version":[{"id":3291,"href":"https:\/\/veritasinfo.org\/index.php?rest_route=\/wp\/v2\/posts\/3285\/revisions\/3291"}],"wp:featuredmedia":[{"embeddable":true,"href":"https:\/\/veritasinfo.org\/index.php?rest_route=\/wp\/v2\/media\/3290"}],"wp:attachment":[{"href":"https:\/\/veritasinfo.org\/index.php?rest_route=%2Fwp%2Fv2%2Fmedia&parent=3285"}],"wp:term":[{"taxonomy":"category","embeddable":true,"href":"https:\/\/veritasinfo.org\/index.php?rest_route=%2Fwp%2Fv2%2Fcategories&post=3285"},{"taxonomy":"post_tag","embeddable":true,"href":"https:\/\/veritasinfo.org\/index.php?rest_route=%2Fwp%2Fv2%2Ftags&post=3285"}],"curies":[{"name":"wp","href":"https:\/\/api.w.org\/{rel}","templated":true}]}}