{"id":32780,"date":"2026-02-15T19:40:40","date_gmt":"2026-02-15T18:40:40","guid":{"rendered":"https:\/\/veritasinfo.org\/?p=32780"},"modified":"2026-02-15T19:40:40","modified_gmt":"2026-02-15T18:40:40","slug":"kurti-investimet-ne-polici-dhe-ushtri-do-ti-rrisim-bashke-me-partneret","status":"publish","type":"post","link":"https:\/\/veritasinfo.org\/?p=32780","title":{"rendered":"Kurti: Investimet n\u00eb polici dhe ushtri do t\u2019i rrisim bashk\u00eb me partner\u00ebt"},"content":{"rendered":"<p>Prishtin\u00eb, 15 shkurt 2026 19:38<\/p>\n<p>Kryeminitri i Kosov\u00ebs Albin Kurti ka th\u00ebn\u00eb se do t\u00eb rritet investimet n\u00eb ushtri e polici n\u00eb bashk\u00ebpunim me partner\u00ebt. K\u00ebshtu ai \u00ebsht\u00eb shprehur pas p\u00ebrfundimit t\u00eb takimeve t\u00eb zhvilluara n\u00eb kuad\u00ebr t\u00eb Konfernc\u00ebs s\u00eb Siguris\u00eb q\u00eb u mbajt\u00eb n\u00eb Mynih t\u00eb Gjermanis\u00eb.<\/p>\n<p>\u201cTreguam gjer\u00ebsisht mbi t\u00eb arriturat e shtetit ton\u00eb n\u00eb 5-vje\u00e7arin e kaluar dhe planet tona p\u00ebr k\u00ebt\u00eb mandat t\u00eb ri qeveris\u00ebs. Investimet n\u00eb polici dhe ushtri do t\u2019i rrisim dhe zgjerojm\u00eb bashk\u00eb me partner\u00ebt tan\u00eb demokratik\u00eb dhe per\u00ebndimor\u00eb, q\u00eb ta forcojm\u00eb sigurin\u00eb, sundimin e ligjit dhe luftimin e krimit t\u00eb organizuar\u201d, ka shkruar Kurti ku ka njoftuar p\u00ebr takimet e zhvilluara.<\/p>\n<p>Ai tha se n\u00eb k\u00ebto takime, siguria dhe mbrojtja, bashk\u00ebpunimi bilateral, progresi demokratik dhe zhvillimi ekonomik ishin n\u00eb qend\u00ebr t\u00eb bisedimeve.<\/p>\n<p><iframe style=\"border: none; overflow: hidden;\" data-src=\"https:\/\/www.facebook.com\/plugins\/post.php?href=https%3A%2F%2Fwww.facebook.com%2Falbini2017%2Fposts%2Fpfbid0jTCq1PQt3zFiqfufEDRFyP8skdWi8xJgGbCRAMMuEioDivfNXYvfF9ahm3uGWEU5l&amp;show_text=true&amp;width=500\" width=\"500\" height=\"812\" frameborder=\"0\" scrolling=\"no\" allowfullscreen=\"allowfullscreen\" src=\"data:image\/gif;base64,R0lGODlhAQABAAAAACH5BAEKAAEALAAAAAABAAEAAAICTAEAOw==\" class=\"lazyload\" data-load-mode=\"1\"><\/iframe><\/p>\n","protected":false},"excerpt":{"rendered":"<p>Prishtin\u00eb, 15 shkurt 2026 19:38 Kryeminitri i Kosov\u00ebs Albin Kurti ka th\u00ebn\u00eb se do t\u00eb rritet investimet n\u00eb ushtri e polici n\u00eb bashk\u00ebpunim me partner\u00ebt.<\/p>\n","protected":false},"author":7,"featured_media":32781,"comment_status":"open","ping_status":"open","sticky":false,"template":"","format":"standard","meta":{"footnotes":""},"categories":[58],"tags":[],"class_list":["post-32780","post","type-post","status-publish","format-standard","has-post-thumbnail","hentry","category-politike-sq"],"yoast_head":"<!-- This site is optimized with the Yoast SEO plugin v25.3.1 - https:\/\/yoast.com\/wordpress\/plugins\/seo\/ -->\n<title>Kurti: Investimet n\u00eb polici dhe ushtri do t\u2019i rrisim bashk\u00eb me partner\u00ebt -<\/title>\n<meta name=\"robots\" content=\"index, follow, max-snippet:-1, max-image-preview:large, max-video-preview:-1\" \/>\n<link rel=\"canonical\" href=\"https:\/\/veritasinfo.org\/?p=32780\" \/>\n<meta property=\"og:locale\" content=\"en_US\" \/>\n<meta property=\"og:type\" content=\"article\" \/>\n<meta property=\"og:title\" content=\"Kurti: Investimet n\u00eb polici dhe ushtri do t\u2019i rrisim bashk\u00eb me partner\u00ebt -\" \/>\n<meta property=\"og:description\" content=\"Prishtin\u00eb, 15 shkurt 2026 19:38 Kryeminitri i Kosov\u00ebs Albin Kurti ka th\u00ebn\u00eb se do t\u00eb rritet investimet n\u00eb ushtri e polici n\u00eb bashk\u00ebpunim me partner\u00ebt.\" \/>\n<meta property=\"og:url\" content=\"https:\/\/veritasinfo.org\/?p=32780\" \/>\n<meta property=\"article:published_time\" content=\"2026-02-15T18:40:40+00:00\" \/>\n<meta property=\"og:image\" content=\"https:\/\/veritasinfo.org\/wp-content\/uploads\/2026\/02\/1-64.jpg\" \/>\n\t<meta property=\"og:image:width\" content=\"1200\" \/>\n\t<meta property=\"og:image:height\" content=\"1600\" \/>\n\t<meta property=\"og:image:type\" content=\"image\/jpeg\" \/>\n<meta name=\"author\" content=\"US6\" \/>\n<meta name=\"twitter:card\" content=\"summary_large_image\" \/>\n<meta name=\"twitter:label1\" content=\"Written by\" \/>\n\t<meta name=\"twitter:data1\" content=\"US6\" \/>\n\t<meta name=\"twitter:label2\" content=\"Est. reading time\" \/>\n\t<meta name=\"twitter:data2\" content=\"1 minute\" \/>\n<script type=\"application\/ld+json\" class=\"yoast-schema-graph\">{\"@context\":\"https:\/\/schema.org\",\"@graph\":[{\"@type\":\"WebPage\",\"@id\":\"https:\/\/veritasinfo.org\/?p=32780\",\"url\":\"https:\/\/veritasinfo.org\/?p=32780\",\"name\":\"Kurti: Investimet n\u00eb polici dhe ushtri do t\u2019i rrisim bashk\u00eb me partner\u00ebt -\",\"isPartOf\":{\"@id\":\"https:\/\/veritasinfo.org\/#website\"},\"primaryImageOfPage\":{\"@id\":\"https:\/\/veritasinfo.org\/?p=32780#primaryimage\"},\"image\":{\"@id\":\"https:\/\/veritasinfo.org\/?p=32780#primaryimage\"},\"thumbnailUrl\":\"https:\/\/veritasinfo.org\/wp-content\/uploads\/2026\/02\/1-64.jpg\",\"datePublished\":\"2026-02-15T18:40:40+00:00\",\"author\":{\"@id\":\"https:\/\/veritasinfo.org\/#\/schema\/person\/fe199eede04c3937362892b7444747cc\"},\"breadcrumb\":{\"@id\":\"https:\/\/veritasinfo.org\/?p=32780#breadcrumb\"},\"inLanguage\":\"en-US\",\"potentialAction\":[{\"@type\":\"ReadAction\",\"target\":[\"https:\/\/veritasinfo.org\/?p=32780\"]}]},{\"@type\":\"ImageObject\",\"inLanguage\":\"en-US\",\"@id\":\"https:\/\/veritasinfo.org\/?p=32780#primaryimage\",\"url\":\"https:\/\/veritasinfo.org\/wp-content\/uploads\/2026\/02\/1-64.jpg\",\"contentUrl\":\"https:\/\/veritasinfo.org\/wp-content\/uploads\/2026\/02\/1-64.jpg\",\"width\":1200,\"height\":1600},{\"@type\":\"BreadcrumbList\",\"@id\":\"https:\/\/veritasinfo.org\/?p=32780#breadcrumb\",\"itemListElement\":[{\"@type\":\"ListItem\",\"position\":1,\"name\":\"Home\",\"item\":\"https:\/\/veritasinfo.org\/\"},{\"@type\":\"ListItem\",\"position\":2,\"name\":\"Kurti: Investimet n\u00eb polici dhe ushtri do t\u2019i rrisim bashk\u00eb me partner\u00ebt\"}]},{\"@type\":\"WebSite\",\"@id\":\"https:\/\/veritasinfo.org\/#website\",\"url\":\"https:\/\/veritasinfo.org\/\",\"name\":\"\",\"description\":\"\",\"potentialAction\":[{\"@type\":\"SearchAction\",\"target\":{\"@type\":\"EntryPoint\",\"urlTemplate\":\"https:\/\/veritasinfo.org\/?s={search_term_string}\"},\"query-input\":{\"@type\":\"PropertyValueSpecification\",\"valueRequired\":true,\"valueName\":\"search_term_string\"}}],\"inLanguage\":\"en-US\"},{\"@type\":\"Person\",\"@id\":\"https:\/\/veritasinfo.org\/#\/schema\/person\/fe199eede04c3937362892b7444747cc\",\"name\":\"US6\",\"image\":{\"@type\":\"ImageObject\",\"inLanguage\":\"en-US\",\"@id\":\"https:\/\/veritasinfo.org\/#\/schema\/person\/image\/\",\"url\":\"https:\/\/secure.gravatar.com\/avatar\/cb16c3c31c9d23b9b8c705964598220b3014e42ff51eb540ff23cefa3ae8c15f?s=96&d=mm&r=g\",\"contentUrl\":\"https:\/\/secure.gravatar.com\/avatar\/cb16c3c31c9d23b9b8c705964598220b3014e42ff51eb540ff23cefa3ae8c15f?s=96&d=mm&r=g\",\"caption\":\"US6\"},\"url\":\"https:\/\/veritasinfo.org\/?author=7\"}]}<\/script>\n<!-- \/ Yoast SEO plugin. -->","yoast_head_json":{"title":"Kurti: Investimet n\u00eb polici dhe ushtri do t\u2019i rrisim bashk\u00eb me partner\u00ebt -","robots":{"index":"index","follow":"follow","max-snippet":"max-snippet:-1","max-image-preview":"max-image-preview:large","max-video-preview":"max-video-preview:-1"},"canonical":"https:\/\/veritasinfo.org\/?p=32780","og_locale":"en_US","og_type":"article","og_title":"Kurti: Investimet n\u00eb polici dhe ushtri do t\u2019i rrisim bashk\u00eb me partner\u00ebt -","og_description":"Prishtin\u00eb, 15 shkurt 2026 19:38 Kryeminitri i Kosov\u00ebs Albin Kurti ka th\u00ebn\u00eb se do t\u00eb rritet investimet n\u00eb ushtri e polici n\u00eb bashk\u00ebpunim me partner\u00ebt.","og_url":"https:\/\/veritasinfo.org\/?p=32780","article_published_time":"2026-02-15T18:40:40+00:00","og_image":[{"width":1200,"height":1600,"url":"https:\/\/veritasinfo.org\/wp-content\/uploads\/2026\/02\/1-64.jpg","type":"image\/jpeg"}],"author":"US6","twitter_card":"summary_large_image","twitter_misc":{"Written by":"US6","Est. reading time":"1 minute"},"schema":{"@context":"https:\/\/schema.org","@graph":[{"@type":"WebPage","@id":"https:\/\/veritasinfo.org\/?p=32780","url":"https:\/\/veritasinfo.org\/?p=32780","name":"Kurti: Investimet n\u00eb polici dhe ushtri do t\u2019i rrisim bashk\u00eb me partner\u00ebt -","isPartOf":{"@id":"https:\/\/veritasinfo.org\/#website"},"primaryImageOfPage":{"@id":"https:\/\/veritasinfo.org\/?p=32780#primaryimage"},"image":{"@id":"https:\/\/veritasinfo.org\/?p=32780#primaryimage"},"thumbnailUrl":"https:\/\/veritasinfo.org\/wp-content\/uploads\/2026\/02\/1-64.jpg","datePublished":"2026-02-15T18:40:40+00:00","author":{"@id":"https:\/\/veritasinfo.org\/#\/schema\/person\/fe199eede04c3937362892b7444747cc"},"breadcrumb":{"@id":"https:\/\/veritasinfo.org\/?p=32780#breadcrumb"},"inLanguage":"en-US","potentialAction":[{"@type":"ReadAction","target":["https:\/\/veritasinfo.org\/?p=32780"]}]},{"@type":"ImageObject","inLanguage":"en-US","@id":"https:\/\/veritasinfo.org\/?p=32780#primaryimage","url":"https:\/\/veritasinfo.org\/wp-content\/uploads\/2026\/02\/1-64.jpg","contentUrl":"https:\/\/veritasinfo.org\/wp-content\/uploads\/2026\/02\/1-64.jpg","width":1200,"height":1600},{"@type":"BreadcrumbList","@id":"https:\/\/veritasinfo.org\/?p=32780#breadcrumb","itemListElement":[{"@type":"ListItem","position":1,"name":"Home","item":"https:\/\/veritasinfo.org\/"},{"@type":"ListItem","position":2,"name":"Kurti: Investimet n\u00eb polici dhe ushtri do t\u2019i rrisim bashk\u00eb me partner\u00ebt"}]},{"@type":"WebSite","@id":"https:\/\/veritasinfo.org\/#website","url":"https:\/\/veritasinfo.org\/","name":"","description":"","potentialAction":[{"@type":"SearchAction","target":{"@type":"EntryPoint","urlTemplate":"https:\/\/veritasinfo.org\/?s={search_term_string}"},"query-input":{"@type":"PropertyValueSpecification","valueRequired":true,"valueName":"search_term_string"}}],"inLanguage":"en-US"},{"@type":"Person","@id":"https:\/\/veritasinfo.org\/#\/schema\/person\/fe199eede04c3937362892b7444747cc","name":"US6","image":{"@type":"ImageObject","inLanguage":"en-US","@id":"https:\/\/veritasinfo.org\/#\/schema\/person\/image\/","url":"https:\/\/secure.gravatar.com\/avatar\/cb16c3c31c9d23b9b8c705964598220b3014e42ff51eb540ff23cefa3ae8c15f?s=96&d=mm&r=g","contentUrl":"https:\/\/secure.gravatar.com\/avatar\/cb16c3c31c9d23b9b8c705964598220b3014e42ff51eb540ff23cefa3ae8c15f?s=96&d=mm&r=g","caption":"US6"},"url":"https:\/\/veritasinfo.org\/?author=7"}]}},"featured_image_urls":{"full":["https:\/\/veritasinfo.org\/wp-content\/uploads\/2026\/02\/1-64.jpg",1200,1600,false],"thumbnail":["https:\/\/veritasinfo.org\/wp-content\/uploads\/2026\/02\/1-64-150x150.jpg",150,150,true],"medium":["https:\/\/veritasinfo.org\/wp-content\/uploads\/2026\/02\/1-64-225x300.jpg",225,300,true],"medium_large":["https:\/\/veritasinfo.org\/wp-content\/uploads\/2026\/02\/1-64-768x1024.jpg",640,853,true],"large":["https:\/\/veritasinfo.org\/wp-content\/uploads\/2026\/02\/1-64-768x1024.jpg",640,853,true],"1536x1536":["https:\/\/veritasinfo.org\/wp-content\/uploads\/2026\/02\/1-64-1152x1536.jpg",1152,1536,true],"2048x2048":["https:\/\/veritasinfo.org\/wp-content\/uploads\/2026\/02\/1-64.jpg",1200,1600,false],"kreeti-slider-full":["https:\/\/veritasinfo.org\/wp-content\/uploads\/2026\/02\/1-64.jpg",540,720,false],"kreeti-featured":["https:\/\/veritasinfo.org\/wp-content\/uploads\/2026\/02\/1-64.jpg",1024,1365,false],"kreeti-medium":["https:\/\/veritasinfo.org\/wp-content\/uploads\/2026\/02\/1-64.jpg",398,530,false],"kreeti-medium-square":["https:\/\/veritasinfo.org\/wp-content\/uploads\/2026\/02\/1-64.jpg",263,350,false]},"author_info":{"info":["US6"]},"category_info":"<a href=\"https:\/\/veritasinfo.org\/?cat=58\" rel=\"category\">Politik\u00eb<\/a>","tag_info":"Politik\u00eb","comment_count":"0","_links":{"self":[{"href":"https:\/\/veritasinfo.org\/index.php?rest_route=\/wp\/v2\/posts\/32780","targetHints":{"allow":["GET"]}}],"collection":[{"href":"https:\/\/veritasinfo.org\/index.php?rest_route=\/wp\/v2\/posts"}],"about":[{"href":"https:\/\/veritasinfo.org\/index.php?rest_route=\/wp\/v2\/types\/post"}],"author":[{"embeddable":true,"href":"https:\/\/veritasinfo.org\/index.php?rest_route=\/wp\/v2\/users\/7"}],"replies":[{"embeddable":true,"href":"https:\/\/veritasinfo.org\/index.php?rest_route=%2Fwp%2Fv2%2Fcomments&post=32780"}],"version-history":[{"count":1,"href":"https:\/\/veritasinfo.org\/index.php?rest_route=\/wp\/v2\/posts\/32780\/revisions"}],"predecessor-version":[{"id":32782,"href":"https:\/\/veritasinfo.org\/index.php?rest_route=\/wp\/v2\/posts\/32780\/revisions\/32782"}],"wp:featuredmedia":[{"embeddable":true,"href":"https:\/\/veritasinfo.org\/index.php?rest_route=\/wp\/v2\/media\/32781"}],"wp:attachment":[{"href":"https:\/\/veritasinfo.org\/index.php?rest_route=%2Fwp%2Fv2%2Fmedia&parent=32780"}],"wp:term":[{"taxonomy":"category","embeddable":true,"href":"https:\/\/veritasinfo.org\/index.php?rest_route=%2Fwp%2Fv2%2Fcategories&post=32780"},{"taxonomy":"post_tag","embeddable":true,"href":"https:\/\/veritasinfo.org\/index.php?rest_route=%2Fwp%2Fv2%2Ftags&post=32780"}],"curies":[{"name":"wp","href":"https:\/\/api.w.org\/{rel}","templated":true}]}}