{"id":3273,"date":"2025-07-10T11:12:25","date_gmt":"2025-07-10T09:12:25","guid":{"rendered":"https:\/\/veritasinfo.org\/?p=3273"},"modified":"2025-07-10T11:27:18","modified_gmt":"2025-07-10T09:27:18","slug":"peticioni-i-listes-serbe-per-ndertimin-e-urave-nuk-eshte-vullnet-qytetar-por-mjet-elektoral","status":"publish","type":"post","link":"https:\/\/veritasinfo.org\/?p=3273","title":{"rendered":"Peticioni i List\u00ebs Serbe p\u00ebr nd\u00ebrtimin e urave nuk \u00ebsht\u00eb vullnet qytetar por mjet elektoral"},"content":{"rendered":"<p><strong>Mitrovic\u00eb Veriore 10 korrik 2025<\/strong><\/p>\n<p>Lista Serbe nisi nj\u00eb peticion kund\u00ebr nd\u00ebrtimit t\u00eb dy urave t\u00eb reja midis Mitrovic\u00ebs Jugore dhe asaj Veriore. Peticioni, gjoja u nis p\u00ebr t\u00eb treguar vullnetin dhe q\u00ebndrimin e popullsis\u00eb shumic\u00eb n\u00eb veri. Megjithat\u00eb, situata nuk \u00ebsht\u00eb tamam k\u00ebshtu, pasi \u201cvullneti i qytetar\u00ebve\u201d u p\u00ebrdor p\u00ebr q\u00ebllime elektorale, sepse jo vet\u00ebm q\u00eb u nis n\u00eb mes t\u00eb p\u00ebrgatitjeve p\u00ebr zgjedhjet lokale t\u00eb planifikuara p\u00ebr 12 tetor n\u00eb Kosov\u00eb, por thjesht\u00eb sipas bashk\u00ebbisedues\u00ebve t\u00eb portalit \u201cVeritas.Info\u201d, u p\u00ebrdor si nj\u00eb matje e numrit t\u00eb votuesve, dhe si nj\u00eb \u00e7\u00ebshtje disiplinimi elektorati.<\/p>\n<p>Milija Bishevac, kryetar i partis\u00eb L\u00ebvizja Popullore Serbe, u shpreh se n\u00ebnshkruesit e peticionit jan\u00eb vet\u00ebm pengje t\u00eb retorika politike t\u00eb list\u00ebs Serbe. \u201cSa i p\u00ebrket peticionit q\u00eb u organizua nga Lista Serbe n\u00eb t\u00eb nj\u00ebjt\u00ebn koh\u00eb, un\u00eb e shoh at\u00eb kryesisht si nj\u00eb instrument p\u00ebr t\u00eb v\u00ebn\u00eb n\u00eb pik\u00ebpyetje dhe mobilizuar elektoratin e vet. N\u00ebnshkrimi i peticionit duket m\u00eb shum\u00eb si nj\u00eb metod\u00eb e num\u00ebrimit t\u00eb votuesve parazgjedhor\u00eb sesa nj\u00eb rezistenc\u00eb politike. N\u00eb fund, qytetar\u00ebt e Mitrovic\u00ebs b\u00ebhen p\u00ebrs\u00ebri pengje t\u00eb l\u00ebvizjeve simbolike dhe ekzagjerimit politik, nd\u00ebrsa \u00e7\u00ebshtjet thelb\u00ebsore mbeten t\u00eb pazgjidhura\u2019, tha Bishevac.<\/p>\n<p>N\u00eb an\u00ebn tjet\u00ebr, ka edhe nga ata q\u00eb u detyruan apo q\u00eb e kishin t\u00eb imponuar n\u00ebnshkrimin e peticionit, e q\u00eb t\u00eb till\u00ebt jan\u00eb qytetar\u00eb t\u00eb pun\u00ebsuar n\u00eb institucione paralele t\u00eb serbis\u00eb, apo q\u00eb n\u00eb \u00e7far\u00ebdo forme marrin t\u00eb ardhura nga Serbia.<\/p>\n<p>Nj\u00eb nd\u00ebr ta \u00ebsht\u00eb edhe pun\u00ebtori arsimor Dejan Miloviq, i cili u shpreh se ai k\u00ebt\u00eb peticion n\u00ebnshkroi p\u00ebr arsyen e vetme se drejtori ia k\u00ebrkoi. \u201cDrejtp\u00ebrdrejt\u00eb ishte k\u00ebrkes\u00eb e drejtorit q\u00eb t\u00eb dal tek tenda dhe t\u00eb n\u00ebnshkruaj. Nuk \u00ebsht\u00eb se do ta b\u00ebja me vullnetin tim, sepse nuk besoj se kjo do t\u00eb sjell ndonj\u00eb ndryshim\u201d tha Miloviq.<\/p>\n<p><img decoding=\"async\" class=\"alignnone size-medium wp-image-3275 lazyload\" data-src=\"https:\/\/veritasinfo.org\/wp-content\/uploads\/2025\/07\/ls2-300x135.jpg\" alt=\"\" width=\"300\" height=\"135\" data-srcset=\"https:\/\/veritasinfo.org\/wp-content\/uploads\/2025\/07\/ls2-300x135.jpg 300w, https:\/\/veritasinfo.org\/wp-content\/uploads\/2025\/07\/ls2-1024x461.jpg 1024w, https:\/\/veritasinfo.org\/wp-content\/uploads\/2025\/07\/ls2-768x345.jpg 768w, https:\/\/veritasinfo.org\/wp-content\/uploads\/2025\/07\/ls2-1536x691.jpg 1536w, https:\/\/veritasinfo.org\/wp-content\/uploads\/2025\/07\/ls2-2048x921.jpg 2048w\" data-sizes=\"(max-width: 300px) 100vw, 300px\" src=\"data:image\/gif;base64,R0lGODlhAQABAAAAACH5BAEKAAEALAAAAAABAAEAAAICTAEAOw==\" style=\"--smush-placeholder-width: 300px; --smush-placeholder-aspect-ratio: 300\/135;\" \/><\/p>\n<p>N\u00ebnshkruesit e peticionit, t\u00eb cil\u00ebt donin t\u00eb mbeteshin anonim\u00eb p\u00ebr portalin ton\u00eb, thon\u00eb se e mor\u00ebn ftesa nga drejtor\u00ebt e kompanive publike. \u201c\u00cbsht\u00eb nj\u00eb n\u00ebnshkrim kolektiv q\u00eb i ngjan shum\u00eb votimit kolektiv q\u00eb p\u00ebrdor kjo parti. Jemi t\u00eb vet\u00ebdijsh\u00ebm se ky veprim nuk mund ta ndaloj\u00eb nd\u00ebrtimin e urave, por se duhet t\u00eb n\u00ebnshkruajn\u00eb sepse u ftuam nga drejtor\u00ebt kompetent\u00eb\u201d, tha 48 vjecari B.J, i cili k\u00ebrkoi q\u00eb t\u00eb mbet\u00ebt anonim.<\/p>\n<p>N\u00eb an\u00ebn tjet\u00ebr, Lista Serbe pretendon se jan\u00eb mbledhur 3,628 n\u00ebnshkrime. Ky num\u00ebr tregon se veprime t\u00eb ngjashme, si\u00e7 \u00ebsht\u00eb iniciativa p\u00ebr z\u00ebvend\u00ebsimin e kryetarve t\u00eb komunave e q\u00eb \u00ebsht\u00eb kryer n\u00eb m\u00ebnyr\u00eb identike. \u00cbsht\u00eb interesante q\u00eb iniciativa e m\u00ebparshme nuk u zbatua deri n\u00eb fund, m\u00eb sakt\u00eb, nuk u vu n\u00eb referendum, k\u00ebshtu q\u00eb mund t\u00eb thuhet me siguri se ishte e pasuksesshme. N\u00ebnshkruesit e peticionit jan\u00eb kryesisht njer\u00ebz q\u00eb kan\u00eb dh\u00ebn\u00eb dor\u00ebheqjen nga sistemi i Kosov\u00ebs, kurse punimet \u00a0p\u00ebr nd\u00ebrtimin e urave po vazhdojn\u00eb pa probleme dhe me intensitet t\u00eb plot\u00eb.<\/p>\n","protected":false},"excerpt":{"rendered":"<p>Mitrovic\u00eb Veriore 10 korrik 2025 Lista Serbe nisi nj\u00eb peticion kund\u00ebr nd\u00ebrtimit t\u00eb dy urave t\u00eb reja midis Mitrovic\u00ebs Jugore dhe asaj Veriore. Peticioni, gjoja<\/p>\n","protected":false},"author":2,"featured_media":3274,"comment_status":"open","ping_status":"open","sticky":false,"template":"","format":"standard","meta":{"footnotes":""},"categories":[58],"tags":[],"class_list":["post-3273","post","type-post","status-publish","format-standard","has-post-thumbnail","hentry","category-politike-sq"],"yoast_head":"<!-- This site is optimized with the Yoast SEO plugin v25.3.1 - https:\/\/yoast.com\/wordpress\/plugins\/seo\/ -->\n<title>Peticioni i List\u00ebs Serbe p\u00ebr nd\u00ebrtimin e urave nuk \u00ebsht\u00eb vullnet qytetar por mjet elektoral -<\/title>\n<meta name=\"robots\" content=\"index, follow, max-snippet:-1, max-image-preview:large, max-video-preview:-1\" \/>\n<link rel=\"canonical\" href=\"https:\/\/veritasinfo.org\/?p=3273\" \/>\n<meta property=\"og:locale\" content=\"en_US\" \/>\n<meta property=\"og:type\" content=\"article\" \/>\n<meta property=\"og:title\" content=\"Peticioni i List\u00ebs Serbe p\u00ebr nd\u00ebrtimin e urave nuk \u00ebsht\u00eb vullnet qytetar por mjet elektoral -\" \/>\n<meta property=\"og:description\" content=\"Mitrovic\u00eb Veriore 10 korrik 2025 Lista Serbe nisi nj\u00eb peticion kund\u00ebr nd\u00ebrtimit t\u00eb dy urave t\u00eb reja midis Mitrovic\u00ebs Jugore dhe asaj Veriore. Peticioni, gjoja\" \/>\n<meta property=\"og:url\" content=\"https:\/\/veritasinfo.org\/?p=3273\" \/>\n<meta property=\"article:published_time\" content=\"2025-07-10T09:12:25+00:00\" \/>\n<meta property=\"article:modified_time\" content=\"2025-07-10T09:27:18+00:00\" \/>\n<meta property=\"og:image\" content=\"https:\/\/veritasinfo.org\/wp-content\/uploads\/2025\/07\/ls-scaled.jpg\" \/>\n\t<meta property=\"og:image:width\" content=\"2560\" \/>\n\t<meta property=\"og:image:height\" content=\"1152\" \/>\n\t<meta property=\"og:image:type\" content=\"image\/jpeg\" \/>\n<meta name=\"author\" content=\"US1\" \/>\n<meta name=\"twitter:card\" content=\"summary_large_image\" \/>\n<meta name=\"twitter:label1\" content=\"Written by\" \/>\n\t<meta name=\"twitter:data1\" content=\"US1\" \/>\n\t<meta name=\"twitter:label2\" content=\"Est. reading time\" \/>\n\t<meta name=\"twitter:data2\" content=\"3 minutes\" \/>\n<script type=\"application\/ld+json\" class=\"yoast-schema-graph\">{\"@context\":\"https:\/\/schema.org\",\"@graph\":[{\"@type\":\"WebPage\",\"@id\":\"https:\/\/veritasinfo.org\/?p=3273\",\"url\":\"https:\/\/veritasinfo.org\/?p=3273\",\"name\":\"Peticioni i List\u00ebs Serbe p\u00ebr nd\u00ebrtimin e urave nuk \u00ebsht\u00eb vullnet qytetar por mjet elektoral -\",\"isPartOf\":{\"@id\":\"https:\/\/veritasinfo.org\/#website\"},\"primaryImageOfPage\":{\"@id\":\"https:\/\/veritasinfo.org\/?p=3273#primaryimage\"},\"image\":{\"@id\":\"https:\/\/veritasinfo.org\/?p=3273#primaryimage\"},\"thumbnailUrl\":\"https:\/\/veritasinfo.org\/wp-content\/uploads\/2025\/07\/ls-scaled.jpg\",\"datePublished\":\"2025-07-10T09:12:25+00:00\",\"dateModified\":\"2025-07-10T09:27:18+00:00\",\"author\":{\"@id\":\"https:\/\/veritasinfo.org\/#\/schema\/person\/c2b8be262ea994d0995addca692c5e98\"},\"breadcrumb\":{\"@id\":\"https:\/\/veritasinfo.org\/?p=3273#breadcrumb\"},\"inLanguage\":\"en-US\",\"potentialAction\":[{\"@type\":\"ReadAction\",\"target\":[\"https:\/\/veritasinfo.org\/?p=3273\"]}]},{\"@type\":\"ImageObject\",\"inLanguage\":\"en-US\",\"@id\":\"https:\/\/veritasinfo.org\/?p=3273#primaryimage\",\"url\":\"https:\/\/veritasinfo.org\/wp-content\/uploads\/2025\/07\/ls-scaled.jpg\",\"contentUrl\":\"https:\/\/veritasinfo.org\/wp-content\/uploads\/2025\/07\/ls-scaled.jpg\",\"width\":2560,\"height\":1152},{\"@type\":\"BreadcrumbList\",\"@id\":\"https:\/\/veritasinfo.org\/?p=3273#breadcrumb\",\"itemListElement\":[{\"@type\":\"ListItem\",\"position\":1,\"name\":\"Home\",\"item\":\"https:\/\/veritasinfo.org\/\"},{\"@type\":\"ListItem\",\"position\":2,\"name\":\"Peticioni i List\u00ebs Serbe p\u00ebr nd\u00ebrtimin e urave nuk \u00ebsht\u00eb vullnet qytetar por mjet elektoral\"}]},{\"@type\":\"WebSite\",\"@id\":\"https:\/\/veritasinfo.org\/#website\",\"url\":\"https:\/\/veritasinfo.org\/\",\"name\":\"\",\"description\":\"\",\"potentialAction\":[{\"@type\":\"SearchAction\",\"target\":{\"@type\":\"EntryPoint\",\"urlTemplate\":\"https:\/\/veritasinfo.org\/?s={search_term_string}\"},\"query-input\":{\"@type\":\"PropertyValueSpecification\",\"valueRequired\":true,\"valueName\":\"search_term_string\"}}],\"inLanguage\":\"en-US\"},{\"@type\":\"Person\",\"@id\":\"https:\/\/veritasinfo.org\/#\/schema\/person\/c2b8be262ea994d0995addca692c5e98\",\"name\":\"US1\",\"image\":{\"@type\":\"ImageObject\",\"inLanguage\":\"en-US\",\"@id\":\"https:\/\/veritasinfo.org\/#\/schema\/person\/image\/\",\"url\":\"https:\/\/secure.gravatar.com\/avatar\/4e96a59bd256abf9956eb9963ac891a47461ffb364d47b0e9aab113328fdb75b?s=96&d=mm&r=g\",\"contentUrl\":\"https:\/\/secure.gravatar.com\/avatar\/4e96a59bd256abf9956eb9963ac891a47461ffb364d47b0e9aab113328fdb75b?s=96&d=mm&r=g\",\"caption\":\"US1\"},\"url\":\"https:\/\/veritasinfo.org\/?author=2\"}]}<\/script>\n<!-- \/ Yoast SEO plugin. -->","yoast_head_json":{"title":"Peticioni i List\u00ebs Serbe p\u00ebr nd\u00ebrtimin e urave nuk \u00ebsht\u00eb vullnet qytetar por mjet elektoral -","robots":{"index":"index","follow":"follow","max-snippet":"max-snippet:-1","max-image-preview":"max-image-preview:large","max-video-preview":"max-video-preview:-1"},"canonical":"https:\/\/veritasinfo.org\/?p=3273","og_locale":"en_US","og_type":"article","og_title":"Peticioni i List\u00ebs Serbe p\u00ebr nd\u00ebrtimin e urave nuk \u00ebsht\u00eb vullnet qytetar por mjet elektoral -","og_description":"Mitrovic\u00eb Veriore 10 korrik 2025 Lista Serbe nisi nj\u00eb peticion kund\u00ebr nd\u00ebrtimit t\u00eb dy urave t\u00eb reja midis Mitrovic\u00ebs Jugore dhe asaj Veriore. Peticioni, gjoja","og_url":"https:\/\/veritasinfo.org\/?p=3273","article_published_time":"2025-07-10T09:12:25+00:00","article_modified_time":"2025-07-10T09:27:18+00:00","og_image":[{"width":2560,"height":1152,"url":"https:\/\/veritasinfo.org\/wp-content\/uploads\/2025\/07\/ls-scaled.jpg","type":"image\/jpeg"}],"author":"US1","twitter_card":"summary_large_image","twitter_misc":{"Written by":"US1","Est. reading time":"3 minutes"},"schema":{"@context":"https:\/\/schema.org","@graph":[{"@type":"WebPage","@id":"https:\/\/veritasinfo.org\/?p=3273","url":"https:\/\/veritasinfo.org\/?p=3273","name":"Peticioni i List\u00ebs Serbe p\u00ebr nd\u00ebrtimin e urave nuk \u00ebsht\u00eb vullnet qytetar por mjet elektoral -","isPartOf":{"@id":"https:\/\/veritasinfo.org\/#website"},"primaryImageOfPage":{"@id":"https:\/\/veritasinfo.org\/?p=3273#primaryimage"},"image":{"@id":"https:\/\/veritasinfo.org\/?p=3273#primaryimage"},"thumbnailUrl":"https:\/\/veritasinfo.org\/wp-content\/uploads\/2025\/07\/ls-scaled.jpg","datePublished":"2025-07-10T09:12:25+00:00","dateModified":"2025-07-10T09:27:18+00:00","author":{"@id":"https:\/\/veritasinfo.org\/#\/schema\/person\/c2b8be262ea994d0995addca692c5e98"},"breadcrumb":{"@id":"https:\/\/veritasinfo.org\/?p=3273#breadcrumb"},"inLanguage":"en-US","potentialAction":[{"@type":"ReadAction","target":["https:\/\/veritasinfo.org\/?p=3273"]}]},{"@type":"ImageObject","inLanguage":"en-US","@id":"https:\/\/veritasinfo.org\/?p=3273#primaryimage","url":"https:\/\/veritasinfo.org\/wp-content\/uploads\/2025\/07\/ls-scaled.jpg","contentUrl":"https:\/\/veritasinfo.org\/wp-content\/uploads\/2025\/07\/ls-scaled.jpg","width":2560,"height":1152},{"@type":"BreadcrumbList","@id":"https:\/\/veritasinfo.org\/?p=3273#breadcrumb","itemListElement":[{"@type":"ListItem","position":1,"name":"Home","item":"https:\/\/veritasinfo.org\/"},{"@type":"ListItem","position":2,"name":"Peticioni i List\u00ebs Serbe p\u00ebr nd\u00ebrtimin e urave nuk \u00ebsht\u00eb vullnet qytetar por mjet elektoral"}]},{"@type":"WebSite","@id":"https:\/\/veritasinfo.org\/#website","url":"https:\/\/veritasinfo.org\/","name":"","description":"","potentialAction":[{"@type":"SearchAction","target":{"@type":"EntryPoint","urlTemplate":"https:\/\/veritasinfo.org\/?s={search_term_string}"},"query-input":{"@type":"PropertyValueSpecification","valueRequired":true,"valueName":"search_term_string"}}],"inLanguage":"en-US"},{"@type":"Person","@id":"https:\/\/veritasinfo.org\/#\/schema\/person\/c2b8be262ea994d0995addca692c5e98","name":"US1","image":{"@type":"ImageObject","inLanguage":"en-US","@id":"https:\/\/veritasinfo.org\/#\/schema\/person\/image\/","url":"https:\/\/secure.gravatar.com\/avatar\/4e96a59bd256abf9956eb9963ac891a47461ffb364d47b0e9aab113328fdb75b?s=96&d=mm&r=g","contentUrl":"https:\/\/secure.gravatar.com\/avatar\/4e96a59bd256abf9956eb9963ac891a47461ffb364d47b0e9aab113328fdb75b?s=96&d=mm&r=g","caption":"US1"},"url":"https:\/\/veritasinfo.org\/?author=2"}]}},"featured_image_urls":{"full":["https:\/\/veritasinfo.org\/wp-content\/uploads\/2025\/07\/ls-scaled.jpg",2560,1152,false],"thumbnail":["https:\/\/veritasinfo.org\/wp-content\/uploads\/2025\/07\/ls-150x150.jpg",150,150,true],"medium":["https:\/\/veritasinfo.org\/wp-content\/uploads\/2025\/07\/ls-300x135.jpg",300,135,true],"medium_large":["https:\/\/veritasinfo.org\/wp-content\/uploads\/2025\/07\/ls-768x345.jpg",640,288,true],"large":["https:\/\/veritasinfo.org\/wp-content\/uploads\/2025\/07\/ls-1024x461.jpg",640,288,true],"1536x1536":["https:\/\/veritasinfo.org\/wp-content\/uploads\/2025\/07\/ls-1536x691.jpg",1536,691,true],"2048x2048":["https:\/\/veritasinfo.org\/wp-content\/uploads\/2025\/07\/ls-2048x921.jpg",2048,921,true],"kreeti-slider-full":["https:\/\/veritasinfo.org\/wp-content\/uploads\/2025\/07\/ls-scaled.jpg",1280,576,false],"kreeti-featured":["https:\/\/veritasinfo.org\/wp-content\/uploads\/2025\/07\/ls-scaled.jpg",1024,461,false],"kreeti-medium":["https:\/\/veritasinfo.org\/wp-content\/uploads\/2025\/07\/ls-scaled.jpg",720,324,false],"kreeti-medium-square":["https:\/\/veritasinfo.org\/wp-content\/uploads\/2025\/07\/ls-scaled.jpg",350,158,false]},"author_info":{"info":["US1"]},"category_info":"<a href=\"https:\/\/veritasinfo.org\/?cat=58\" rel=\"category\">Politik\u00eb<\/a>","tag_info":"Politik\u00eb","comment_count":"0","_links":{"self":[{"href":"https:\/\/veritasinfo.org\/index.php?rest_route=\/wp\/v2\/posts\/3273","targetHints":{"allow":["GET"]}}],"collection":[{"href":"https:\/\/veritasinfo.org\/index.php?rest_route=\/wp\/v2\/posts"}],"about":[{"href":"https:\/\/veritasinfo.org\/index.php?rest_route=\/wp\/v2\/types\/post"}],"author":[{"embeddable":true,"href":"https:\/\/veritasinfo.org\/index.php?rest_route=\/wp\/v2\/users\/2"}],"replies":[{"embeddable":true,"href":"https:\/\/veritasinfo.org\/index.php?rest_route=%2Fwp%2Fv2%2Fcomments&post=3273"}],"version-history":[{"count":3,"href":"https:\/\/veritasinfo.org\/index.php?rest_route=\/wp\/v2\/posts\/3273\/revisions"}],"predecessor-version":[{"id":3280,"href":"https:\/\/veritasinfo.org\/index.php?rest_route=\/wp\/v2\/posts\/3273\/revisions\/3280"}],"wp:featuredmedia":[{"embeddable":true,"href":"https:\/\/veritasinfo.org\/index.php?rest_route=\/wp\/v2\/media\/3274"}],"wp:attachment":[{"href":"https:\/\/veritasinfo.org\/index.php?rest_route=%2Fwp%2Fv2%2Fmedia&parent=3273"}],"wp:term":[{"taxonomy":"category","embeddable":true,"href":"https:\/\/veritasinfo.org\/index.php?rest_route=%2Fwp%2Fv2%2Fcategories&post=3273"},{"taxonomy":"post_tag","embeddable":true,"href":"https:\/\/veritasinfo.org\/index.php?rest_route=%2Fwp%2Fv2%2Ftags&post=3273"}],"curies":[{"name":"wp","href":"https:\/\/api.w.org\/{rel}","templated":true}]}}