{"id":32716,"date":"2026-02-15T10:16:58","date_gmt":"2026-02-15T09:16:58","guid":{"rendered":"https:\/\/veritasinfo.org\/?p=32716"},"modified":"2026-02-15T10:16:58","modified_gmt":"2026-02-15T09:16:58","slug":"deklaraten-e-listes-serbe-per-shendetesine-dhe-arsimin-analistet-e-cilesojne-si-simulim-i-rezistences-politike","status":"publish","type":"post","link":"https:\/\/veritasinfo.org\/?p=32716","title":{"rendered":"Deklarat\u00ebn e List\u00ebs Serbe p\u00ebr sh\u00ebndet\u00ebsin\u00eb dhe arsimin, analist\u00ebt e cil\u00ebsojn\u00eb si simulim i rezistenc\u00ebs politike"},"content":{"rendered":"<p>Mitrovic\u00eb, 15 shkurt 2026 10:16<\/p>\n<p>Disa dit\u00eb m\u00eb par\u00eb, Lista Serbe mbajti nj\u00eb takim me pjes\u00ebtar\u00eb t\u00eb komunitetit serb nga veriu i Kosov\u00ebs, ku u shpreh kund\u00ebrshtimi ndaj dialogut t\u00eb nisur nga institucionet e Kosov\u00ebs p\u00ebr p\u00ebrfshirjen e arsimit dhe sh\u00ebndet\u00ebsis\u00eb n\u00eb sistemin institucional t\u00eb Republik\u00ebs s\u00eb Kosov\u00ebs. Pas k\u00ebtij takimi, partia miratoi nj\u00eb deklarat\u00eb politike, e cila nxiti reagime t\u00eb shumta nga p\u00ebrfaq\u00ebsues politik\u00eb, ish-zyrtar\u00eb institucional\u00eb dhe iniciativa qytetare, shkruan Veritasinfo.<\/p>\n<p>Politikani nga Zubin Potoku, Milija Bishevac, vler\u00ebson se deklarata e miratuar p\u00ebrfaq\u00ebson nj\u00eb performanc\u00eb politike pa synim real p\u00ebr zgjidhje themelore dhe institucionale.<\/p>\n<p>Sipas tij, q\u00ebllimi i k\u00ebsaj qasjeje \u00ebsht\u00eb krijimi i p\u00ebrshtypjes s\u00eb nj\u00eb \u201clufte t\u00eb supozuar\u201d p\u00ebr interesat e qytetar\u00ebve, nd\u00ebrsa n\u00eb praktik\u00eb mungon vullneti p\u00ebr dialog institucional.<\/p>\n<p>Ai thekson se p\u00ebr k\u00ebt\u00eb arsye nuk ka marr\u00eb pjes\u00eb n\u00eb takim, edhe pse ishte i ftuar, duke shtuar se mungesa e gatishm\u00ebris\u00eb p\u00ebr debat n\u00eb institucione legjitime d\u00ebshmon p\u00ebr refuzimin e nj\u00eb qasjeje serioze.<\/p>\n<p>N\u00eb an\u00ebn tjet\u00ebr, ish-z\u00ebvend\u00ebskryesuesi i Kuvendit Komunal t\u00eb Mitrovic\u00ebs s\u00eb Veriut, Skender Sadiku, deklaron se dokumenti p\u00ebrfaq\u00ebson nj\u00eb q\u00ebndrim politik q\u00eb reflekton nj\u00eb realitet t\u00eb ri.<\/p>\n<p>Sadiku thekson se institucionet e Kosov\u00ebs duhet t\u00eb veprojn\u00eb me m\u00eb shum\u00eb demokraci dhe p\u00ebrmes zbatimit t\u00eb ligjeve n\u00eb t\u00eb gjith\u00eb territorin e vendit, duke shtuar se ekzistenca e shkollave serbe \u00ebsht\u00eb e mundshme, por vet\u00ebm n\u00ebse ato respektojn\u00eb korniz\u00ebn ligjore t\u00eb Republik\u00ebs s\u00eb Kosov\u00ebs.<\/p>\n<p>Nd\u00ebrkoh\u00eb, politikani serb nga Kosova, Branislav Kersti\u00e7, shprehet p\u00ebr Veritasinfo se deklarata e miratuar nuk ka fuqi reale dhe se q\u00ebllimi i saj \u00ebsht\u00eb t\u00eb err\u00ebsoj\u00eb realitetin para elektoratit.<\/p>\n<p>Sipas tij, b\u00ebhet fjal\u00eb p\u00ebr nj\u00eb p\u00ebrpjekje transparente p\u00ebr t\u00eb simuluar rezistenc\u00eb politike, n\u00eb nj\u00eb koh\u00eb kur proceset nd\u00ebrkomb\u00ebtare po ecin p\u00ebrpara.<\/p>\n<p>P\u00ebrve\u00e7 reagimeve individuale, edhe tri iniciativa qytetare nga Mitrovica e Veriut kan\u00eb refuzuar t\u00eb marrin pjes\u00eb n\u00eb takimin e ftuar nga Lista Serbe.<\/p>\n<p>N\u00eb nj\u00eb deklarat\u00eb t\u00eb p\u00ebrbashk\u00ebt t\u00eb k\u00ebshilltar\u00ebve komunal\u00eb, k\u00ebto iniciativa kan\u00eb b\u00ebr\u00eb t\u00eb ditur se nuk i jan\u00eb p\u00ebrgjigjur ftes\u00ebs p\u00ebr takim, duke vler\u00ebsuar se formati i till\u00eb nuk ofron hap\u00ebsir\u00eb p\u00ebr debat gjith\u00ebp\u00ebrfshir\u00ebs, transparent dhe institucional mbi \u00e7\u00ebshtje kaq t\u00eb ndjeshme p\u00ebr komunitetin lokal.<\/p>\n<p>Sipas tyre, dialogu p\u00ebr arsimin dhe sh\u00ebndet\u00ebsin\u00eb duhet t\u00eb zhvillohet p\u00ebrmes institucioneve p\u00ebrkat\u00ebse dhe me pjes\u00ebmarrjen e t\u00eb gjitha pal\u00ebve relevante, n\u00eb m\u00ebnyr\u00eb q\u00eb vendimet t\u00eb ken\u00eb legjitimitet demokratik dhe ndikim afatgjat\u00eb p\u00ebr qytetar\u00ebt.<\/p>\n<p>K\u00ebshilltar\u00ebt komunal\u00eb t\u00eb Mitrovica e Veriut, nga iniciativat qytetare &#8220;Veriu p\u00ebr t\u00eb gjith\u00eb&#8221;, &#8220;Rr\u00ebnj\u00ebt&#8221; dhe &#8220;L\u00ebvizja Popullore&#8221;, kan\u00eb b\u00ebr\u00eb t\u00eb ditur se nuk i jan\u00eb p\u00ebrgjigjur ftes\u00ebs s\u00eb List\u00ebs Serbe p\u00ebr takim, duke e cil\u00ebsuar at\u00eb si nj\u00eb aktivitet pa pesh\u00eb reale institucionale dhe politike.<\/p>\n<p>N\u00eb deklarat\u00ebn e p\u00ebrbashk\u00ebt, ata theksojn\u00eb se tubime t\u00eb tilla nuk p\u00ebrfaq\u00ebsojn\u00eb nj\u00eb luft\u00eb t\u00eb v\u00ebrtet\u00eb p\u00ebr interesat e popullit serb, por, sipas tyre, jan\u00eb nj\u00eb simulim i rezistenc\u00ebs politike dhe nj\u00eb p\u00ebrpjekje p\u00ebr t\u00eb mbuluar vitet e heshtjes dhe p\u00ebrgjegj\u00ebsis\u00eb politike.<\/p>\n<p>\u201cNe jemi kund\u00ebr ligjeve kontroverse dhe kund\u00ebr \u00e7do forme t\u00eb dhun\u00ebs institucionale q\u00eb ka rrezikuar t\u00eb drejtat e popullit serb nd\u00ebr vite, por nuk do t\u00eb marrim pjes\u00eb n\u00eb aktivitete q\u00eb nuk kan\u00eb as pesh\u00eb institucionale dhe as pasoja reale politike, e q\u00eb sh\u00ebrbejn\u00eb vet\u00ebm p\u00ebr t\u00eb krijuar pamjen e nj\u00eb lufte&#8221;, thuhet n\u00eb deklarat\u00eb.<\/p>\n<p>Ata rikujtojn\u00eb se m\u00eb her\u00ebt kan\u00eb paralajm\u00ebruar p\u00ebr problemet q\u00eb, sipas tyre, po p\u00ebrshkall\u00ebzohen sot, duke k\u00ebrkuar q\u00eb vullneti i qytetar\u00ebve t\u00eb institucionalizohet p\u00ebrmes deklaratave dhe vendimeve n\u00eb kuvendet lokale, si dhe p\u00ebrmes protestave publike.<\/p>\n<p>Sipas tyre, n\u00eb at\u00eb periudh\u00eb, Lista Serbe ka heshtur, ka shmangur p\u00ebrgjegj\u00ebsin\u00eb politike dhe ka penguar shprehjen publike t\u00eb pak\u00ebnaq\u00ebsis\u00eb s\u00eb qytetar\u00ebve, duke refuzuar unanimisht miratimin e deklarat\u00ebs q\u00eb k\u00ebto iniciativa kishin propozuar.<\/p>\n<p>N\u00eb k\u00ebt\u00eb kontekst, ata ngren\u00eb pyetjen n\u00ebse proceset, pasojat e t\u00eb cilave i cil\u00ebsojn\u00eb si t\u00eb d\u00ebmshme p\u00ebr popullin serb, jan\u00eb pjes\u00eb e marr\u00ebveshjeve q\u00eb Lista Serbe i ka pranuar dhe zbatuar m\u00eb her\u00ebt, dhe q\u00eb, sipas tyre, jan\u00eb form\u00ebsuar n\u00ebn udh\u00ebheqjen politike dhe ideologjike t\u00eb presidentit serb, Aleksandar Vu\u00e7i\u00e7.<\/p>\n<p>Sipas k\u00ebtyre iniciativave qytetare, momenti i organizimit t\u00eb takimit t\u00eb List\u00ebs Serbe \u00ebsht\u00eb dometh\u00ebn\u00ebs, pasi p\u00ebrkon me ftes\u00ebn e z\u00ebvend\u00ebskryeministrit t\u00eb Kosov\u00ebs, Besnik Bislimi, drejtuar kryetar\u00ebve t\u00eb kat\u00ebr komunave veriore p\u00ebr t\u00eb diskutuar integrimin e arsimit dhe sh\u00ebndet\u00ebsis\u00eb n\u00eb sistemin e Kosov\u00ebs.<\/p>\n<p>\u201cPrandaj, me arsye dyshojm\u00eb se mbledhje t\u00eb tilla \u2018konsultative\u2019 sh\u00ebrbejn\u00eb p\u00ebr t\u00eb mbuluar dhe amortizuar politikisht procese dhe marr\u00ebveshje p\u00ebr t\u00eb cilat publiku nuk \u00ebsht\u00eb informuar n\u00eb koh\u00eb dhe n\u00eb m\u00ebnyr\u00eb transparente, si dhe p\u00ebr t\u00eb shmangur p\u00ebrgjegj\u00ebsin\u00eb e atyre q\u00eb e kan\u00eb sjell\u00eb komunitetin ton\u00eb n\u00eb k\u00ebt\u00eb pozit\u00eb&#8221;, p\u00ebrfundohet n\u00eb deklarat\u00eb.<\/p>\n","protected":false},"excerpt":{"rendered":"<p>Mitrovic\u00eb, 15 shkurt 2026 10:16 Disa dit\u00eb m\u00eb par\u00eb, Lista Serbe mbajti nj\u00eb takim me pjes\u00ebtar\u00eb t\u00eb komunitetit serb nga veriu i Kosov\u00ebs, ku u<\/p>\n","protected":false},"author":7,"featured_media":32717,"comment_status":"open","ping_status":"open","sticky":false,"template":"","format":"standard","meta":{"footnotes":""},"categories":[58],"tags":[],"class_list":["post-32716","post","type-post","status-publish","format-standard","has-post-thumbnail","hentry","category-politike-sq"],"yoast_head":"<!-- This site is optimized with the Yoast SEO plugin v25.3.1 - https:\/\/yoast.com\/wordpress\/plugins\/seo\/ -->\n<title>Deklarat\u00ebn e List\u00ebs Serbe p\u00ebr sh\u00ebndet\u00ebsin\u00eb dhe arsimin, analist\u00ebt e cil\u00ebsojn\u00eb si simulim i rezistenc\u00ebs politike -<\/title>\n<meta name=\"robots\" content=\"index, follow, max-snippet:-1, max-image-preview:large, max-video-preview:-1\" \/>\n<link rel=\"canonical\" href=\"https:\/\/veritasinfo.org\/?p=32716\" \/>\n<meta property=\"og:locale\" content=\"en_US\" \/>\n<meta property=\"og:type\" content=\"article\" \/>\n<meta property=\"og:title\" content=\"Deklarat\u00ebn e List\u00ebs Serbe p\u00ebr sh\u00ebndet\u00ebsin\u00eb dhe arsimin, analist\u00ebt e cil\u00ebsojn\u00eb si simulim i rezistenc\u00ebs politike -\" \/>\n<meta property=\"og:description\" content=\"Mitrovic\u00eb, 15 shkurt 2026 10:16 Disa dit\u00eb m\u00eb par\u00eb, Lista Serbe mbajti nj\u00eb takim me pjes\u00ebtar\u00eb t\u00eb komunitetit serb nga veriu i Kosov\u00ebs, ku u\" \/>\n<meta property=\"og:url\" content=\"https:\/\/veritasinfo.org\/?p=32716\" \/>\n<meta property=\"article:published_time\" content=\"2026-02-15T09:16:58+00:00\" \/>\n<meta property=\"og:image\" content=\"https:\/\/veritasinfo.org\/wp-content\/uploads\/2026\/02\/IMG-20260214-WA0002.jpg\" \/>\n\t<meta property=\"og:image:width\" content=\"1156\" \/>\n\t<meta property=\"og:image:height\" content=\"520\" \/>\n\t<meta property=\"og:image:type\" content=\"image\/jpeg\" \/>\n<meta name=\"author\" content=\"US6\" \/>\n<meta name=\"twitter:card\" content=\"summary_large_image\" \/>\n<meta name=\"twitter:label1\" content=\"Written by\" \/>\n\t<meta name=\"twitter:data1\" content=\"US6\" \/>\n\t<meta name=\"twitter:label2\" content=\"Est. reading time\" \/>\n\t<meta name=\"twitter:data2\" content=\"4 minutes\" \/>\n<script type=\"application\/ld+json\" class=\"yoast-schema-graph\">{\"@context\":\"https:\/\/schema.org\",\"@graph\":[{\"@type\":\"WebPage\",\"@id\":\"https:\/\/veritasinfo.org\/?p=32716\",\"url\":\"https:\/\/veritasinfo.org\/?p=32716\",\"name\":\"Deklarat\u00ebn e List\u00ebs Serbe p\u00ebr sh\u00ebndet\u00ebsin\u00eb dhe arsimin, analist\u00ebt e cil\u00ebsojn\u00eb si simulim i rezistenc\u00ebs politike -\",\"isPartOf\":{\"@id\":\"https:\/\/veritasinfo.org\/#website\"},\"primaryImageOfPage\":{\"@id\":\"https:\/\/veritasinfo.org\/?p=32716#primaryimage\"},\"image\":{\"@id\":\"https:\/\/veritasinfo.org\/?p=32716#primaryimage\"},\"thumbnailUrl\":\"https:\/\/veritasinfo.org\/wp-content\/uploads\/2026\/02\/IMG-20260214-WA0002.jpg\",\"datePublished\":\"2026-02-15T09:16:58+00:00\",\"author\":{\"@id\":\"https:\/\/veritasinfo.org\/#\/schema\/person\/fe199eede04c3937362892b7444747cc\"},\"breadcrumb\":{\"@id\":\"https:\/\/veritasinfo.org\/?p=32716#breadcrumb\"},\"inLanguage\":\"en-US\",\"potentialAction\":[{\"@type\":\"ReadAction\",\"target\":[\"https:\/\/veritasinfo.org\/?p=32716\"]}]},{\"@type\":\"ImageObject\",\"inLanguage\":\"en-US\",\"@id\":\"https:\/\/veritasinfo.org\/?p=32716#primaryimage\",\"url\":\"https:\/\/veritasinfo.org\/wp-content\/uploads\/2026\/02\/IMG-20260214-WA0002.jpg\",\"contentUrl\":\"https:\/\/veritasinfo.org\/wp-content\/uploads\/2026\/02\/IMG-20260214-WA0002.jpg\",\"width\":1156,\"height\":520},{\"@type\":\"BreadcrumbList\",\"@id\":\"https:\/\/veritasinfo.org\/?p=32716#breadcrumb\",\"itemListElement\":[{\"@type\":\"ListItem\",\"position\":1,\"name\":\"Home\",\"item\":\"https:\/\/veritasinfo.org\/\"},{\"@type\":\"ListItem\",\"position\":2,\"name\":\"Deklarat\u00ebn e List\u00ebs Serbe p\u00ebr sh\u00ebndet\u00ebsin\u00eb dhe arsimin, analist\u00ebt e cil\u00ebsojn\u00eb si simulim i rezistenc\u00ebs politike\"}]},{\"@type\":\"WebSite\",\"@id\":\"https:\/\/veritasinfo.org\/#website\",\"url\":\"https:\/\/veritasinfo.org\/\",\"name\":\"\",\"description\":\"\",\"potentialAction\":[{\"@type\":\"SearchAction\",\"target\":{\"@type\":\"EntryPoint\",\"urlTemplate\":\"https:\/\/veritasinfo.org\/?s={search_term_string}\"},\"query-input\":{\"@type\":\"PropertyValueSpecification\",\"valueRequired\":true,\"valueName\":\"search_term_string\"}}],\"inLanguage\":\"en-US\"},{\"@type\":\"Person\",\"@id\":\"https:\/\/veritasinfo.org\/#\/schema\/person\/fe199eede04c3937362892b7444747cc\",\"name\":\"US6\",\"image\":{\"@type\":\"ImageObject\",\"inLanguage\":\"en-US\",\"@id\":\"https:\/\/veritasinfo.org\/#\/schema\/person\/image\/\",\"url\":\"https:\/\/secure.gravatar.com\/avatar\/cb16c3c31c9d23b9b8c705964598220b3014e42ff51eb540ff23cefa3ae8c15f?s=96&d=mm&r=g\",\"contentUrl\":\"https:\/\/secure.gravatar.com\/avatar\/cb16c3c31c9d23b9b8c705964598220b3014e42ff51eb540ff23cefa3ae8c15f?s=96&d=mm&r=g\",\"caption\":\"US6\"},\"url\":\"https:\/\/veritasinfo.org\/?author=7\"}]}<\/script>\n<!-- \/ Yoast SEO plugin. -->","yoast_head_json":{"title":"Deklarat\u00ebn e List\u00ebs Serbe p\u00ebr sh\u00ebndet\u00ebsin\u00eb dhe arsimin, analist\u00ebt e cil\u00ebsojn\u00eb si simulim i rezistenc\u00ebs politike -","robots":{"index":"index","follow":"follow","max-snippet":"max-snippet:-1","max-image-preview":"max-image-preview:large","max-video-preview":"max-video-preview:-1"},"canonical":"https:\/\/veritasinfo.org\/?p=32716","og_locale":"en_US","og_type":"article","og_title":"Deklarat\u00ebn e List\u00ebs Serbe p\u00ebr sh\u00ebndet\u00ebsin\u00eb dhe arsimin, analist\u00ebt e cil\u00ebsojn\u00eb si simulim i rezistenc\u00ebs politike -","og_description":"Mitrovic\u00eb, 15 shkurt 2026 10:16 Disa dit\u00eb m\u00eb par\u00eb, Lista Serbe mbajti nj\u00eb takim me pjes\u00ebtar\u00eb t\u00eb komunitetit serb nga veriu i Kosov\u00ebs, ku u","og_url":"https:\/\/veritasinfo.org\/?p=32716","article_published_time":"2026-02-15T09:16:58+00:00","og_image":[{"width":1156,"height":520,"url":"https:\/\/veritasinfo.org\/wp-content\/uploads\/2026\/02\/IMG-20260214-WA0002.jpg","type":"image\/jpeg"}],"author":"US6","twitter_card":"summary_large_image","twitter_misc":{"Written by":"US6","Est. reading time":"4 minutes"},"schema":{"@context":"https:\/\/schema.org","@graph":[{"@type":"WebPage","@id":"https:\/\/veritasinfo.org\/?p=32716","url":"https:\/\/veritasinfo.org\/?p=32716","name":"Deklarat\u00ebn e List\u00ebs Serbe p\u00ebr sh\u00ebndet\u00ebsin\u00eb dhe arsimin, analist\u00ebt e cil\u00ebsojn\u00eb si simulim i rezistenc\u00ebs politike -","isPartOf":{"@id":"https:\/\/veritasinfo.org\/#website"},"primaryImageOfPage":{"@id":"https:\/\/veritasinfo.org\/?p=32716#primaryimage"},"image":{"@id":"https:\/\/veritasinfo.org\/?p=32716#primaryimage"},"thumbnailUrl":"https:\/\/veritasinfo.org\/wp-content\/uploads\/2026\/02\/IMG-20260214-WA0002.jpg","datePublished":"2026-02-15T09:16:58+00:00","author":{"@id":"https:\/\/veritasinfo.org\/#\/schema\/person\/fe199eede04c3937362892b7444747cc"},"breadcrumb":{"@id":"https:\/\/veritasinfo.org\/?p=32716#breadcrumb"},"inLanguage":"en-US","potentialAction":[{"@type":"ReadAction","target":["https:\/\/veritasinfo.org\/?p=32716"]}]},{"@type":"ImageObject","inLanguage":"en-US","@id":"https:\/\/veritasinfo.org\/?p=32716#primaryimage","url":"https:\/\/veritasinfo.org\/wp-content\/uploads\/2026\/02\/IMG-20260214-WA0002.jpg","contentUrl":"https:\/\/veritasinfo.org\/wp-content\/uploads\/2026\/02\/IMG-20260214-WA0002.jpg","width":1156,"height":520},{"@type":"BreadcrumbList","@id":"https:\/\/veritasinfo.org\/?p=32716#breadcrumb","itemListElement":[{"@type":"ListItem","position":1,"name":"Home","item":"https:\/\/veritasinfo.org\/"},{"@type":"ListItem","position":2,"name":"Deklarat\u00ebn e List\u00ebs Serbe p\u00ebr sh\u00ebndet\u00ebsin\u00eb dhe arsimin, analist\u00ebt e cil\u00ebsojn\u00eb si simulim i rezistenc\u00ebs politike"}]},{"@type":"WebSite","@id":"https:\/\/veritasinfo.org\/#website","url":"https:\/\/veritasinfo.org\/","name":"","description":"","potentialAction":[{"@type":"SearchAction","target":{"@type":"EntryPoint","urlTemplate":"https:\/\/veritasinfo.org\/?s={search_term_string}"},"query-input":{"@type":"PropertyValueSpecification","valueRequired":true,"valueName":"search_term_string"}}],"inLanguage":"en-US"},{"@type":"Person","@id":"https:\/\/veritasinfo.org\/#\/schema\/person\/fe199eede04c3937362892b7444747cc","name":"US6","image":{"@type":"ImageObject","inLanguage":"en-US","@id":"https:\/\/veritasinfo.org\/#\/schema\/person\/image\/","url":"https:\/\/secure.gravatar.com\/avatar\/cb16c3c31c9d23b9b8c705964598220b3014e42ff51eb540ff23cefa3ae8c15f?s=96&d=mm&r=g","contentUrl":"https:\/\/secure.gravatar.com\/avatar\/cb16c3c31c9d23b9b8c705964598220b3014e42ff51eb540ff23cefa3ae8c15f?s=96&d=mm&r=g","caption":"US6"},"url":"https:\/\/veritasinfo.org\/?author=7"}]}},"featured_image_urls":{"full":["https:\/\/veritasinfo.org\/wp-content\/uploads\/2026\/02\/IMG-20260214-WA0002.jpg",1156,520,false],"thumbnail":["https:\/\/veritasinfo.org\/wp-content\/uploads\/2026\/02\/IMG-20260214-WA0002-150x150.jpg",150,150,true],"medium":["https:\/\/veritasinfo.org\/wp-content\/uploads\/2026\/02\/IMG-20260214-WA0002-300x135.jpg",300,135,true],"medium_large":["https:\/\/veritasinfo.org\/wp-content\/uploads\/2026\/02\/IMG-20260214-WA0002-768x345.jpg",640,288,true],"large":["https:\/\/veritasinfo.org\/wp-content\/uploads\/2026\/02\/IMG-20260214-WA0002-1024x461.jpg",640,288,true],"1536x1536":["https:\/\/veritasinfo.org\/wp-content\/uploads\/2026\/02\/IMG-20260214-WA0002.jpg",1156,520,false],"2048x2048":["https:\/\/veritasinfo.org\/wp-content\/uploads\/2026\/02\/IMG-20260214-WA0002.jpg",1156,520,false],"kreeti-slider-full":["https:\/\/veritasinfo.org\/wp-content\/uploads\/2026\/02\/IMG-20260214-WA0002.jpg",1156,520,false],"kreeti-featured":["https:\/\/veritasinfo.org\/wp-content\/uploads\/2026\/02\/IMG-20260214-WA0002.jpg",1024,461,false],"kreeti-medium":["https:\/\/veritasinfo.org\/wp-content\/uploads\/2026\/02\/IMG-20260214-WA0002.jpg",720,324,false],"kreeti-medium-square":["https:\/\/veritasinfo.org\/wp-content\/uploads\/2026\/02\/IMG-20260214-WA0002.jpg",350,157,false]},"author_info":{"info":["US6"]},"category_info":"<a href=\"https:\/\/veritasinfo.org\/?cat=58\" rel=\"category\">Politik\u00eb<\/a>","tag_info":"Politik\u00eb","comment_count":"0","_links":{"self":[{"href":"https:\/\/veritasinfo.org\/index.php?rest_route=\/wp\/v2\/posts\/32716","targetHints":{"allow":["GET"]}}],"collection":[{"href":"https:\/\/veritasinfo.org\/index.php?rest_route=\/wp\/v2\/posts"}],"about":[{"href":"https:\/\/veritasinfo.org\/index.php?rest_route=\/wp\/v2\/types\/post"}],"author":[{"embeddable":true,"href":"https:\/\/veritasinfo.org\/index.php?rest_route=\/wp\/v2\/users\/7"}],"replies":[{"embeddable":true,"href":"https:\/\/veritasinfo.org\/index.php?rest_route=%2Fwp%2Fv2%2Fcomments&post=32716"}],"version-history":[{"count":1,"href":"https:\/\/veritasinfo.org\/index.php?rest_route=\/wp\/v2\/posts\/32716\/revisions"}],"predecessor-version":[{"id":32718,"href":"https:\/\/veritasinfo.org\/index.php?rest_route=\/wp\/v2\/posts\/32716\/revisions\/32718"}],"wp:featuredmedia":[{"embeddable":true,"href":"https:\/\/veritasinfo.org\/index.php?rest_route=\/wp\/v2\/media\/32717"}],"wp:attachment":[{"href":"https:\/\/veritasinfo.org\/index.php?rest_route=%2Fwp%2Fv2%2Fmedia&parent=32716"}],"wp:term":[{"taxonomy":"category","embeddable":true,"href":"https:\/\/veritasinfo.org\/index.php?rest_route=%2Fwp%2Fv2%2Fcategories&post=32716"},{"taxonomy":"post_tag","embeddable":true,"href":"https:\/\/veritasinfo.org\/index.php?rest_route=%2Fwp%2Fv2%2Ftags&post=32716"}],"curies":[{"name":"wp","href":"https:\/\/api.w.org\/{rel}","templated":true}]}}