{"id":32644,"date":"2026-02-14T19:40:24","date_gmt":"2026-02-14T18:40:24","guid":{"rendered":"https:\/\/veritasinfo.org\/?p=32644"},"modified":"2026-02-14T19:42:14","modified_gmt":"2026-02-14T18:42:14","slug":"edi-rama-te-henen-viziton-prishtinen","status":"publish","type":"post","link":"https:\/\/veritasinfo.org\/?p=32644","title":{"rendered":"Edi Rama t\u00eb h\u00ebn\u00ebn viziton Prishtin\u00ebn"},"content":{"rendered":"<p>Prishtin\u00eb, 14 shkurt 2026 19:38<\/p>\n<p>Edi Rama pritet t\u00eb vizitoj\u00eb Prishtin\u00ebn n\u00eb fillim t\u00eb jav\u00ebs s\u00eb ardhshme.<\/p>\n<p>Raportohet se kryeministri i Shqip\u00ebris\u00eb do t\u00eb q\u00ebndroj\u00eb t\u00eb h\u00ebn\u00ebn n\u00eb kryeqytet.<\/p>\n<p>Ende nuk \u00ebsht\u00eb konfirmuar n\u00ebse ai do t\u00eb marr\u00eb pjes\u00eb n\u00eb marshin protestues q\u00eb do t\u00eb mbahet m\u00eb 17 shkurt.<\/p>\n<p>Rama s\u00eb fundmi ka shprehur q\u00ebndrime t\u00eb ashpra ndaj Prokuroris\u00eb, pas k\u00ebrkes\u00ebs p\u00ebr d\u00ebnimin e ish-krer\u00ebve t\u00eb Ushtria \u00c7lirimtare e Kosov\u00ebs me gjithsej 180 vjet burg.<\/p>\n","protected":false},"excerpt":{"rendered":"<p>Prishtin\u00eb, 14 shkurt 2026 19:38 Edi Rama pritet t\u00eb vizitoj\u00eb Prishtin\u00ebn n\u00eb fillim t\u00eb jav\u00ebs s\u00eb ardhshme. Raportohet se kryeministri i Shqip\u00ebris\u00eb do t\u00eb q\u00ebndroj\u00eb<\/p>\n","protected":false},"author":7,"featured_media":32645,"comment_status":"open","ping_status":"open","sticky":false,"template":"","format":"standard","meta":{"footnotes":""},"categories":[58],"tags":[],"class_list":["post-32644","post","type-post","status-publish","format-standard","has-post-thumbnail","hentry","category-politike-sq"],"yoast_head":"<!-- This site is optimized with the Yoast SEO plugin v25.3.1 - https:\/\/yoast.com\/wordpress\/plugins\/seo\/ -->\n<title>Edi Rama t\u00eb h\u00ebn\u00ebn viziton Prishtin\u00ebn -<\/title>\n<meta name=\"robots\" content=\"index, follow, max-snippet:-1, max-image-preview:large, max-video-preview:-1\" \/>\n<link rel=\"canonical\" href=\"https:\/\/veritasinfo.org\/?p=32644\" \/>\n<meta property=\"og:locale\" content=\"en_US\" \/>\n<meta property=\"og:type\" content=\"article\" \/>\n<meta property=\"og:title\" content=\"Edi Rama t\u00eb h\u00ebn\u00ebn viziton Prishtin\u00ebn -\" \/>\n<meta property=\"og:description\" content=\"Prishtin\u00eb, 14 shkurt 2026 19:38 Edi Rama pritet t\u00eb vizitoj\u00eb Prishtin\u00ebn n\u00eb fillim t\u00eb jav\u00ebs s\u00eb ardhshme. Raportohet se kryeministri i Shqip\u00ebris\u00eb do t\u00eb q\u00ebndroj\u00eb\" \/>\n<meta property=\"og:url\" content=\"https:\/\/veritasinfo.org\/?p=32644\" \/>\n<meta property=\"article:published_time\" content=\"2026-02-14T18:40:24+00:00\" \/>\n<meta property=\"article:modified_time\" content=\"2026-02-14T18:42:14+00:00\" \/>\n<meta property=\"og:image\" content=\"https:\/\/veritasinfo.org\/wp-content\/uploads\/2026\/02\/Edi-Rama-Ska-shans-qe-te-biem-dakord-me-Serbine-per-te-ardhmen-e-Kosoves-Insajderi.org_.jpg\" \/>\n\t<meta property=\"og:image:width\" content=\"1200\" \/>\n\t<meta property=\"og:image:height\" content=\"675\" \/>\n\t<meta property=\"og:image:type\" content=\"image\/jpeg\" \/>\n<meta name=\"author\" content=\"US6\" \/>\n<meta name=\"twitter:card\" content=\"summary_large_image\" \/>\n<meta name=\"twitter:label1\" content=\"Written by\" \/>\n\t<meta name=\"twitter:data1\" content=\"US6\" \/>\n\t<meta name=\"twitter:label2\" content=\"Est. reading time\" \/>\n\t<meta name=\"twitter:data2\" content=\"1 minute\" \/>\n<script type=\"application\/ld+json\" class=\"yoast-schema-graph\">{\"@context\":\"https:\/\/schema.org\",\"@graph\":[{\"@type\":\"WebPage\",\"@id\":\"https:\/\/veritasinfo.org\/?p=32644\",\"url\":\"https:\/\/veritasinfo.org\/?p=32644\",\"name\":\"Edi Rama t\u00eb h\u00ebn\u00ebn viziton Prishtin\u00ebn -\",\"isPartOf\":{\"@id\":\"https:\/\/veritasinfo.org\/#website\"},\"primaryImageOfPage\":{\"@id\":\"https:\/\/veritasinfo.org\/?p=32644#primaryimage\"},\"image\":{\"@id\":\"https:\/\/veritasinfo.org\/?p=32644#primaryimage\"},\"thumbnailUrl\":\"https:\/\/veritasinfo.org\/wp-content\/uploads\/2026\/02\/Edi-Rama-Ska-shans-qe-te-biem-dakord-me-Serbine-per-te-ardhmen-e-Kosoves-Insajderi.org_.jpg\",\"datePublished\":\"2026-02-14T18:40:24+00:00\",\"dateModified\":\"2026-02-14T18:42:14+00:00\",\"author\":{\"@id\":\"https:\/\/veritasinfo.org\/#\/schema\/person\/fe199eede04c3937362892b7444747cc\"},\"breadcrumb\":{\"@id\":\"https:\/\/veritasinfo.org\/?p=32644#breadcrumb\"},\"inLanguage\":\"en-US\",\"potentialAction\":[{\"@type\":\"ReadAction\",\"target\":[\"https:\/\/veritasinfo.org\/?p=32644\"]}]},{\"@type\":\"ImageObject\",\"inLanguage\":\"en-US\",\"@id\":\"https:\/\/veritasinfo.org\/?p=32644#primaryimage\",\"url\":\"https:\/\/veritasinfo.org\/wp-content\/uploads\/2026\/02\/Edi-Rama-Ska-shans-qe-te-biem-dakord-me-Serbine-per-te-ardhmen-e-Kosoves-Insajderi.org_.jpg\",\"contentUrl\":\"https:\/\/veritasinfo.org\/wp-content\/uploads\/2026\/02\/Edi-Rama-Ska-shans-qe-te-biem-dakord-me-Serbine-per-te-ardhmen-e-Kosoves-Insajderi.org_.jpg\",\"width\":1200,\"height\":675},{\"@type\":\"BreadcrumbList\",\"@id\":\"https:\/\/veritasinfo.org\/?p=32644#breadcrumb\",\"itemListElement\":[{\"@type\":\"ListItem\",\"position\":1,\"name\":\"Home\",\"item\":\"https:\/\/veritasinfo.org\/\"},{\"@type\":\"ListItem\",\"position\":2,\"name\":\"Edi Rama t\u00eb h\u00ebn\u00ebn viziton Prishtin\u00ebn\"}]},{\"@type\":\"WebSite\",\"@id\":\"https:\/\/veritasinfo.org\/#website\",\"url\":\"https:\/\/veritasinfo.org\/\",\"name\":\"\",\"description\":\"\",\"potentialAction\":[{\"@type\":\"SearchAction\",\"target\":{\"@type\":\"EntryPoint\",\"urlTemplate\":\"https:\/\/veritasinfo.org\/?s={search_term_string}\"},\"query-input\":{\"@type\":\"PropertyValueSpecification\",\"valueRequired\":true,\"valueName\":\"search_term_string\"}}],\"inLanguage\":\"en-US\"},{\"@type\":\"Person\",\"@id\":\"https:\/\/veritasinfo.org\/#\/schema\/person\/fe199eede04c3937362892b7444747cc\",\"name\":\"US6\",\"image\":{\"@type\":\"ImageObject\",\"inLanguage\":\"en-US\",\"@id\":\"https:\/\/veritasinfo.org\/#\/schema\/person\/image\/\",\"url\":\"https:\/\/secure.gravatar.com\/avatar\/cb16c3c31c9d23b9b8c705964598220b3014e42ff51eb540ff23cefa3ae8c15f?s=96&d=mm&r=g\",\"contentUrl\":\"https:\/\/secure.gravatar.com\/avatar\/cb16c3c31c9d23b9b8c705964598220b3014e42ff51eb540ff23cefa3ae8c15f?s=96&d=mm&r=g\",\"caption\":\"US6\"},\"url\":\"https:\/\/veritasinfo.org\/?author=7\"}]}<\/script>\n<!-- \/ Yoast SEO plugin. -->","yoast_head_json":{"title":"Edi Rama t\u00eb h\u00ebn\u00ebn viziton Prishtin\u00ebn -","robots":{"index":"index","follow":"follow","max-snippet":"max-snippet:-1","max-image-preview":"max-image-preview:large","max-video-preview":"max-video-preview:-1"},"canonical":"https:\/\/veritasinfo.org\/?p=32644","og_locale":"en_US","og_type":"article","og_title":"Edi Rama t\u00eb h\u00ebn\u00ebn viziton Prishtin\u00ebn -","og_description":"Prishtin\u00eb, 14 shkurt 2026 19:38 Edi Rama pritet t\u00eb vizitoj\u00eb Prishtin\u00ebn n\u00eb fillim t\u00eb jav\u00ebs s\u00eb ardhshme. Raportohet se kryeministri i Shqip\u00ebris\u00eb do t\u00eb q\u00ebndroj\u00eb","og_url":"https:\/\/veritasinfo.org\/?p=32644","article_published_time":"2026-02-14T18:40:24+00:00","article_modified_time":"2026-02-14T18:42:14+00:00","og_image":[{"width":1200,"height":675,"url":"https:\/\/veritasinfo.org\/wp-content\/uploads\/2026\/02\/Edi-Rama-Ska-shans-qe-te-biem-dakord-me-Serbine-per-te-ardhmen-e-Kosoves-Insajderi.org_.jpg","type":"image\/jpeg"}],"author":"US6","twitter_card":"summary_large_image","twitter_misc":{"Written by":"US6","Est. reading time":"1 minute"},"schema":{"@context":"https:\/\/schema.org","@graph":[{"@type":"WebPage","@id":"https:\/\/veritasinfo.org\/?p=32644","url":"https:\/\/veritasinfo.org\/?p=32644","name":"Edi Rama t\u00eb h\u00ebn\u00ebn viziton Prishtin\u00ebn -","isPartOf":{"@id":"https:\/\/veritasinfo.org\/#website"},"primaryImageOfPage":{"@id":"https:\/\/veritasinfo.org\/?p=32644#primaryimage"},"image":{"@id":"https:\/\/veritasinfo.org\/?p=32644#primaryimage"},"thumbnailUrl":"https:\/\/veritasinfo.org\/wp-content\/uploads\/2026\/02\/Edi-Rama-Ska-shans-qe-te-biem-dakord-me-Serbine-per-te-ardhmen-e-Kosoves-Insajderi.org_.jpg","datePublished":"2026-02-14T18:40:24+00:00","dateModified":"2026-02-14T18:42:14+00:00","author":{"@id":"https:\/\/veritasinfo.org\/#\/schema\/person\/fe199eede04c3937362892b7444747cc"},"breadcrumb":{"@id":"https:\/\/veritasinfo.org\/?p=32644#breadcrumb"},"inLanguage":"en-US","potentialAction":[{"@type":"ReadAction","target":["https:\/\/veritasinfo.org\/?p=32644"]}]},{"@type":"ImageObject","inLanguage":"en-US","@id":"https:\/\/veritasinfo.org\/?p=32644#primaryimage","url":"https:\/\/veritasinfo.org\/wp-content\/uploads\/2026\/02\/Edi-Rama-Ska-shans-qe-te-biem-dakord-me-Serbine-per-te-ardhmen-e-Kosoves-Insajderi.org_.jpg","contentUrl":"https:\/\/veritasinfo.org\/wp-content\/uploads\/2026\/02\/Edi-Rama-Ska-shans-qe-te-biem-dakord-me-Serbine-per-te-ardhmen-e-Kosoves-Insajderi.org_.jpg","width":1200,"height":675},{"@type":"BreadcrumbList","@id":"https:\/\/veritasinfo.org\/?p=32644#breadcrumb","itemListElement":[{"@type":"ListItem","position":1,"name":"Home","item":"https:\/\/veritasinfo.org\/"},{"@type":"ListItem","position":2,"name":"Edi Rama t\u00eb h\u00ebn\u00ebn viziton Prishtin\u00ebn"}]},{"@type":"WebSite","@id":"https:\/\/veritasinfo.org\/#website","url":"https:\/\/veritasinfo.org\/","name":"","description":"","potentialAction":[{"@type":"SearchAction","target":{"@type":"EntryPoint","urlTemplate":"https:\/\/veritasinfo.org\/?s={search_term_string}"},"query-input":{"@type":"PropertyValueSpecification","valueRequired":true,"valueName":"search_term_string"}}],"inLanguage":"en-US"},{"@type":"Person","@id":"https:\/\/veritasinfo.org\/#\/schema\/person\/fe199eede04c3937362892b7444747cc","name":"US6","image":{"@type":"ImageObject","inLanguage":"en-US","@id":"https:\/\/veritasinfo.org\/#\/schema\/person\/image\/","url":"https:\/\/secure.gravatar.com\/avatar\/cb16c3c31c9d23b9b8c705964598220b3014e42ff51eb540ff23cefa3ae8c15f?s=96&d=mm&r=g","contentUrl":"https:\/\/secure.gravatar.com\/avatar\/cb16c3c31c9d23b9b8c705964598220b3014e42ff51eb540ff23cefa3ae8c15f?s=96&d=mm&r=g","caption":"US6"},"url":"https:\/\/veritasinfo.org\/?author=7"}]}},"featured_image_urls":{"full":["https:\/\/veritasinfo.org\/wp-content\/uploads\/2026\/02\/Edi-Rama-Ska-shans-qe-te-biem-dakord-me-Serbine-per-te-ardhmen-e-Kosoves-Insajderi.org_.jpg",1200,675,false],"thumbnail":["https:\/\/veritasinfo.org\/wp-content\/uploads\/2026\/02\/Edi-Rama-Ska-shans-qe-te-biem-dakord-me-Serbine-per-te-ardhmen-e-Kosoves-Insajderi.org_-150x150.jpg",150,150,true],"medium":["https:\/\/veritasinfo.org\/wp-content\/uploads\/2026\/02\/Edi-Rama-Ska-shans-qe-te-biem-dakord-me-Serbine-per-te-ardhmen-e-Kosoves-Insajderi.org_-300x169.jpg",300,169,true],"medium_large":["https:\/\/veritasinfo.org\/wp-content\/uploads\/2026\/02\/Edi-Rama-Ska-shans-qe-te-biem-dakord-me-Serbine-per-te-ardhmen-e-Kosoves-Insajderi.org_-768x432.jpg",640,360,true],"large":["https:\/\/veritasinfo.org\/wp-content\/uploads\/2026\/02\/Edi-Rama-Ska-shans-qe-te-biem-dakord-me-Serbine-per-te-ardhmen-e-Kosoves-Insajderi.org_-1024x576.jpg",640,360,true],"1536x1536":["https:\/\/veritasinfo.org\/wp-content\/uploads\/2026\/02\/Edi-Rama-Ska-shans-qe-te-biem-dakord-me-Serbine-per-te-ardhmen-e-Kosoves-Insajderi.org_.jpg",1200,675,false],"2048x2048":["https:\/\/veritasinfo.org\/wp-content\/uploads\/2026\/02\/Edi-Rama-Ska-shans-qe-te-biem-dakord-me-Serbine-per-te-ardhmen-e-Kosoves-Insajderi.org_.jpg",1200,675,false],"kreeti-slider-full":["https:\/\/veritasinfo.org\/wp-content\/uploads\/2026\/02\/Edi-Rama-Ska-shans-qe-te-biem-dakord-me-Serbine-per-te-ardhmen-e-Kosoves-Insajderi.org_.jpg",1200,675,false],"kreeti-featured":["https:\/\/veritasinfo.org\/wp-content\/uploads\/2026\/02\/Edi-Rama-Ska-shans-qe-te-biem-dakord-me-Serbine-per-te-ardhmen-e-Kosoves-Insajderi.org_.jpg",1024,576,false],"kreeti-medium":["https:\/\/veritasinfo.org\/wp-content\/uploads\/2026\/02\/Edi-Rama-Ska-shans-qe-te-biem-dakord-me-Serbine-per-te-ardhmen-e-Kosoves-Insajderi.org_.jpg",720,405,false],"kreeti-medium-square":["https:\/\/veritasinfo.org\/wp-content\/uploads\/2026\/02\/Edi-Rama-Ska-shans-qe-te-biem-dakord-me-Serbine-per-te-ardhmen-e-Kosoves-Insajderi.org_.jpg",350,197,false]},"author_info":{"info":["US6"]},"category_info":"<a href=\"https:\/\/veritasinfo.org\/?cat=58\" rel=\"category\">Politik\u00eb<\/a>","tag_info":"Politik\u00eb","comment_count":"0","_links":{"self":[{"href":"https:\/\/veritasinfo.org\/index.php?rest_route=\/wp\/v2\/posts\/32644","targetHints":{"allow":["GET"]}}],"collection":[{"href":"https:\/\/veritasinfo.org\/index.php?rest_route=\/wp\/v2\/posts"}],"about":[{"href":"https:\/\/veritasinfo.org\/index.php?rest_route=\/wp\/v2\/types\/post"}],"author":[{"embeddable":true,"href":"https:\/\/veritasinfo.org\/index.php?rest_route=\/wp\/v2\/users\/7"}],"replies":[{"embeddable":true,"href":"https:\/\/veritasinfo.org\/index.php?rest_route=%2Fwp%2Fv2%2Fcomments&post=32644"}],"version-history":[{"count":1,"href":"https:\/\/veritasinfo.org\/index.php?rest_route=\/wp\/v2\/posts\/32644\/revisions"}],"predecessor-version":[{"id":32646,"href":"https:\/\/veritasinfo.org\/index.php?rest_route=\/wp\/v2\/posts\/32644\/revisions\/32646"}],"wp:featuredmedia":[{"embeddable":true,"href":"https:\/\/veritasinfo.org\/index.php?rest_route=\/wp\/v2\/media\/32645"}],"wp:attachment":[{"href":"https:\/\/veritasinfo.org\/index.php?rest_route=%2Fwp%2Fv2%2Fmedia&parent=32644"}],"wp:term":[{"taxonomy":"category","embeddable":true,"href":"https:\/\/veritasinfo.org\/index.php?rest_route=%2Fwp%2Fv2%2Fcategories&post=32644"},{"taxonomy":"post_tag","embeddable":true,"href":"https:\/\/veritasinfo.org\/index.php?rest_route=%2Fwp%2Fv2%2Ftags&post=32644"}],"curies":[{"name":"wp","href":"https:\/\/api.w.org\/{rel}","templated":true}]}}