{"id":32629,"date":"2026-02-14T18:08:49","date_gmt":"2026-02-14T17:08:49","guid":{"rendered":"https:\/\/veritasinfo.org\/?p=32629"},"modified":"2026-02-14T18:09:19","modified_gmt":"2026-02-14T17:09:19","slug":"arberi-vuciq-per-aleancen-kosove-shqiperi-kroaci-po-na-shqeteson","status":"publish","type":"post","link":"https:\/\/veritasinfo.org\/?p=32629","title":{"rendered":"Vu\u00e7iq p\u00ebr aleanc\u00ebn Kosov\u00eb-Shqip\u00ebri-Kroaci: Po na shqet\u00ebson"},"content":{"rendered":"<p>Prishtin\u00eb, 14 shkurt 2026 18:06<\/p>\n<p>Presidenti i Serbis\u00eb, Aleksandar Vu\u00e7iq, \u00ebsht\u00eb marr\u00eb s\u00ebrish me aleanc\u00ebn ushtarake Kosov\u00eb-Shqip\u00ebri-Kroaci.<\/p>\n<p>N\u00eb nj\u00eb deklarat\u00eb p\u00ebr mediat n\u00eb Munih, Vu\u00e7iqi ka th\u00ebn\u00eb se e ka par\u00eb takimin q\u00eb kryeministri i Kosov\u00ebs, Albin Kurti, e ka zhvilluar me homologun kroat, Andrej Plenkoviq. Ai ka th\u00ebn\u00eb se q\u00ebllimi i tyre \u201c\u00ebsht\u00eb t\u00eb shqet\u00ebsojn\u00eb Serbin\u00eb\u201d.<\/p>\n<p>\u201cE kam pa se edhe tre ministrat e brendsh\u00ebm, Ejup Maqedonci, Piro Vengu, Ivan Anushiq, u takuan aty. Ata duan t\u00eb na tregojn\u00eb se \u00e7far\u00eb po b\u00ebjn\u00eb, se jan\u00eb shum\u00eb t\u00eb fort\u00eb. I uroj p\u00ebr k\u00ebt\u00eb fuqi. Ia kan\u00eb dal\u00eb. N\u00ebse q\u00ebllimi i tyre ishte t\u00eb na shqet\u00ebsojn\u00eb, ia kan\u00eb dal\u00eb. Na kan\u00eb shqet\u00ebsuar shum\u00eb, dhe ne do t\u00eb marrim hapa n\u00eb p\u00ebrputhje me rrethanat\u201d, ka deklaruar ai.<\/p>\n<p>Edhe pse tri shtetet e k\u00ebsaj aleance e kan\u00eb b\u00ebr\u00eb t\u00eb qart\u00eb se ajo nuk \u00ebsht\u00eb k\u00ebrc\u00ebnim p\u00ebr ask\u00ebnd, Vu\u00e7iqi n\u00eb vazhdim\u00ebsi e ka cil\u00ebsuar si \u201crrezik p\u00ebr Serbin\u00eb\u201d.<\/p>\n<p>Edhe nj\u00eb dit\u00eb m\u00eb par\u00eb, Vu\u00e7iq u shpreh se Serbia do t\u2019i rrit\u00eb investimet n\u00eb mbrojtje \u201cshkaku i k\u00ebsaj aleance\u201d t\u00eb arritur vitin e shkuar.<\/p>\n<p>Z\u00ebvend\u00ebssekretarja e p\u00ebrgjithshme t\u00eb NATO-s, Radmilla Shekerinska, ka vler\u00ebsuar se aleanca e tri shteteve nuk bie ndesh me Aleanc\u00ebn Veriatlantike, meq\u00eb vendet an\u00ebtare nuk parandalohen q\u00eb t\u00eb lidhin aleanca shtes\u00eb edhe me pal\u00eb t\u00eb treta.<\/p>\n<p>&nbsp;<\/p>\n","protected":false},"excerpt":{"rendered":"<p>Prishtin\u00eb, 14 shkurt 2026 18:06 Presidenti i Serbis\u00eb, Aleksandar Vu\u00e7iq, \u00ebsht\u00eb marr\u00eb s\u00ebrish me aleanc\u00ebn ushtarake Kosov\u00eb-Shqip\u00ebri-Kroaci. N\u00eb nj\u00eb deklarat\u00eb p\u00ebr mediat n\u00eb Munih, Vu\u00e7iqi<\/p>\n","protected":false},"author":7,"featured_media":32630,"comment_status":"open","ping_status":"open","sticky":false,"template":"","format":"standard","meta":{"footnotes":""},"categories":[58],"tags":[],"class_list":["post-32629","post","type-post","status-publish","format-standard","has-post-thumbnail","hentry","category-politike-sq"],"yoast_head":"<!-- This site is optimized with the Yoast SEO plugin v25.3.1 - https:\/\/yoast.com\/wordpress\/plugins\/seo\/ -->\n<title>Vu\u00e7iq p\u00ebr aleanc\u00ebn Kosov\u00eb-Shqip\u00ebri-Kroaci: Po na shqet\u00ebson -<\/title>\n<meta name=\"robots\" content=\"index, follow, max-snippet:-1, max-image-preview:large, max-video-preview:-1\" \/>\n<link rel=\"canonical\" href=\"https:\/\/veritasinfo.org\/?p=32629\" \/>\n<meta property=\"og:locale\" content=\"en_US\" \/>\n<meta property=\"og:type\" content=\"article\" \/>\n<meta property=\"og:title\" content=\"Vu\u00e7iq p\u00ebr aleanc\u00ebn Kosov\u00eb-Shqip\u00ebri-Kroaci: Po na shqet\u00ebson -\" \/>\n<meta property=\"og:description\" content=\"Prishtin\u00eb, 14 shkurt 2026 18:06 Presidenti i Serbis\u00eb, Aleksandar Vu\u00e7iq, \u00ebsht\u00eb marr\u00eb s\u00ebrish me aleanc\u00ebn ushtarake Kosov\u00eb-Shqip\u00ebri-Kroaci. N\u00eb nj\u00eb deklarat\u00eb p\u00ebr mediat n\u00eb Munih, Vu\u00e7iqi\" \/>\n<meta property=\"og:url\" content=\"https:\/\/veritasinfo.org\/?p=32629\" \/>\n<meta property=\"article:published_time\" content=\"2026-02-14T17:08:49+00:00\" \/>\n<meta property=\"article:modified_time\" content=\"2026-02-14T17:09:19+00:00\" \/>\n<meta property=\"og:image\" content=\"https:\/\/veritasinfo.org\/wp-content\/uploads\/2026\/02\/7ba77589-a51b-4a9d-9859-b476e7506f7b.webp\" \/>\n\t<meta property=\"og:image:width\" content=\"1360\" \/>\n\t<meta property=\"og:image:height\" content=\"870\" \/>\n\t<meta property=\"og:image:type\" content=\"image\/webp\" \/>\n<meta name=\"author\" content=\"US6\" \/>\n<meta name=\"twitter:card\" content=\"summary_large_image\" \/>\n<meta name=\"twitter:label1\" content=\"Written by\" \/>\n\t<meta name=\"twitter:data1\" content=\"US6\" \/>\n\t<meta name=\"twitter:label2\" content=\"Est. reading time\" \/>\n\t<meta name=\"twitter:data2\" content=\"2 minutes\" \/>\n<script type=\"application\/ld+json\" class=\"yoast-schema-graph\">{\"@context\":\"https:\/\/schema.org\",\"@graph\":[{\"@type\":\"WebPage\",\"@id\":\"https:\/\/veritasinfo.org\/?p=32629\",\"url\":\"https:\/\/veritasinfo.org\/?p=32629\",\"name\":\"Vu\u00e7iq p\u00ebr aleanc\u00ebn Kosov\u00eb-Shqip\u00ebri-Kroaci: Po na shqet\u00ebson -\",\"isPartOf\":{\"@id\":\"https:\/\/veritasinfo.org\/#website\"},\"primaryImageOfPage\":{\"@id\":\"https:\/\/veritasinfo.org\/?p=32629#primaryimage\"},\"image\":{\"@id\":\"https:\/\/veritasinfo.org\/?p=32629#primaryimage\"},\"thumbnailUrl\":\"https:\/\/veritasinfo.org\/wp-content\/uploads\/2026\/02\/7ba77589-a51b-4a9d-9859-b476e7506f7b.webp\",\"datePublished\":\"2026-02-14T17:08:49+00:00\",\"dateModified\":\"2026-02-14T17:09:19+00:00\",\"author\":{\"@id\":\"https:\/\/veritasinfo.org\/#\/schema\/person\/fe199eede04c3937362892b7444747cc\"},\"breadcrumb\":{\"@id\":\"https:\/\/veritasinfo.org\/?p=32629#breadcrumb\"},\"inLanguage\":\"en-US\",\"potentialAction\":[{\"@type\":\"ReadAction\",\"target\":[\"https:\/\/veritasinfo.org\/?p=32629\"]}]},{\"@type\":\"ImageObject\",\"inLanguage\":\"en-US\",\"@id\":\"https:\/\/veritasinfo.org\/?p=32629#primaryimage\",\"url\":\"https:\/\/veritasinfo.org\/wp-content\/uploads\/2026\/02\/7ba77589-a51b-4a9d-9859-b476e7506f7b.webp\",\"contentUrl\":\"https:\/\/veritasinfo.org\/wp-content\/uploads\/2026\/02\/7ba77589-a51b-4a9d-9859-b476e7506f7b.webp\",\"width\":1360,\"height\":870},{\"@type\":\"BreadcrumbList\",\"@id\":\"https:\/\/veritasinfo.org\/?p=32629#breadcrumb\",\"itemListElement\":[{\"@type\":\"ListItem\",\"position\":1,\"name\":\"Home\",\"item\":\"https:\/\/veritasinfo.org\/\"},{\"@type\":\"ListItem\",\"position\":2,\"name\":\"Vu\u00e7iq p\u00ebr aleanc\u00ebn Kosov\u00eb-Shqip\u00ebri-Kroaci: Po na shqet\u00ebson\"}]},{\"@type\":\"WebSite\",\"@id\":\"https:\/\/veritasinfo.org\/#website\",\"url\":\"https:\/\/veritasinfo.org\/\",\"name\":\"\",\"description\":\"\",\"potentialAction\":[{\"@type\":\"SearchAction\",\"target\":{\"@type\":\"EntryPoint\",\"urlTemplate\":\"https:\/\/veritasinfo.org\/?s={search_term_string}\"},\"query-input\":{\"@type\":\"PropertyValueSpecification\",\"valueRequired\":true,\"valueName\":\"search_term_string\"}}],\"inLanguage\":\"en-US\"},{\"@type\":\"Person\",\"@id\":\"https:\/\/veritasinfo.org\/#\/schema\/person\/fe199eede04c3937362892b7444747cc\",\"name\":\"US6\",\"image\":{\"@type\":\"ImageObject\",\"inLanguage\":\"en-US\",\"@id\":\"https:\/\/veritasinfo.org\/#\/schema\/person\/image\/\",\"url\":\"https:\/\/secure.gravatar.com\/avatar\/cb16c3c31c9d23b9b8c705964598220b3014e42ff51eb540ff23cefa3ae8c15f?s=96&d=mm&r=g\",\"contentUrl\":\"https:\/\/secure.gravatar.com\/avatar\/cb16c3c31c9d23b9b8c705964598220b3014e42ff51eb540ff23cefa3ae8c15f?s=96&d=mm&r=g\",\"caption\":\"US6\"},\"url\":\"https:\/\/veritasinfo.org\/?author=7\"}]}<\/script>\n<!-- \/ Yoast SEO plugin. -->","yoast_head_json":{"title":"Vu\u00e7iq p\u00ebr aleanc\u00ebn Kosov\u00eb-Shqip\u00ebri-Kroaci: Po na shqet\u00ebson -","robots":{"index":"index","follow":"follow","max-snippet":"max-snippet:-1","max-image-preview":"max-image-preview:large","max-video-preview":"max-video-preview:-1"},"canonical":"https:\/\/veritasinfo.org\/?p=32629","og_locale":"en_US","og_type":"article","og_title":"Vu\u00e7iq p\u00ebr aleanc\u00ebn Kosov\u00eb-Shqip\u00ebri-Kroaci: Po na shqet\u00ebson -","og_description":"Prishtin\u00eb, 14 shkurt 2026 18:06 Presidenti i Serbis\u00eb, Aleksandar Vu\u00e7iq, \u00ebsht\u00eb marr\u00eb s\u00ebrish me aleanc\u00ebn ushtarake Kosov\u00eb-Shqip\u00ebri-Kroaci. N\u00eb nj\u00eb deklarat\u00eb p\u00ebr mediat n\u00eb Munih, Vu\u00e7iqi","og_url":"https:\/\/veritasinfo.org\/?p=32629","article_published_time":"2026-02-14T17:08:49+00:00","article_modified_time":"2026-02-14T17:09:19+00:00","og_image":[{"width":1360,"height":870,"url":"https:\/\/veritasinfo.org\/wp-content\/uploads\/2026\/02\/7ba77589-a51b-4a9d-9859-b476e7506f7b.webp","type":"image\/webp"}],"author":"US6","twitter_card":"summary_large_image","twitter_misc":{"Written by":"US6","Est. reading time":"2 minutes"},"schema":{"@context":"https:\/\/schema.org","@graph":[{"@type":"WebPage","@id":"https:\/\/veritasinfo.org\/?p=32629","url":"https:\/\/veritasinfo.org\/?p=32629","name":"Vu\u00e7iq p\u00ebr aleanc\u00ebn Kosov\u00eb-Shqip\u00ebri-Kroaci: Po na shqet\u00ebson -","isPartOf":{"@id":"https:\/\/veritasinfo.org\/#website"},"primaryImageOfPage":{"@id":"https:\/\/veritasinfo.org\/?p=32629#primaryimage"},"image":{"@id":"https:\/\/veritasinfo.org\/?p=32629#primaryimage"},"thumbnailUrl":"https:\/\/veritasinfo.org\/wp-content\/uploads\/2026\/02\/7ba77589-a51b-4a9d-9859-b476e7506f7b.webp","datePublished":"2026-02-14T17:08:49+00:00","dateModified":"2026-02-14T17:09:19+00:00","author":{"@id":"https:\/\/veritasinfo.org\/#\/schema\/person\/fe199eede04c3937362892b7444747cc"},"breadcrumb":{"@id":"https:\/\/veritasinfo.org\/?p=32629#breadcrumb"},"inLanguage":"en-US","potentialAction":[{"@type":"ReadAction","target":["https:\/\/veritasinfo.org\/?p=32629"]}]},{"@type":"ImageObject","inLanguage":"en-US","@id":"https:\/\/veritasinfo.org\/?p=32629#primaryimage","url":"https:\/\/veritasinfo.org\/wp-content\/uploads\/2026\/02\/7ba77589-a51b-4a9d-9859-b476e7506f7b.webp","contentUrl":"https:\/\/veritasinfo.org\/wp-content\/uploads\/2026\/02\/7ba77589-a51b-4a9d-9859-b476e7506f7b.webp","width":1360,"height":870},{"@type":"BreadcrumbList","@id":"https:\/\/veritasinfo.org\/?p=32629#breadcrumb","itemListElement":[{"@type":"ListItem","position":1,"name":"Home","item":"https:\/\/veritasinfo.org\/"},{"@type":"ListItem","position":2,"name":"Vu\u00e7iq p\u00ebr aleanc\u00ebn Kosov\u00eb-Shqip\u00ebri-Kroaci: Po na shqet\u00ebson"}]},{"@type":"WebSite","@id":"https:\/\/veritasinfo.org\/#website","url":"https:\/\/veritasinfo.org\/","name":"","description":"","potentialAction":[{"@type":"SearchAction","target":{"@type":"EntryPoint","urlTemplate":"https:\/\/veritasinfo.org\/?s={search_term_string}"},"query-input":{"@type":"PropertyValueSpecification","valueRequired":true,"valueName":"search_term_string"}}],"inLanguage":"en-US"},{"@type":"Person","@id":"https:\/\/veritasinfo.org\/#\/schema\/person\/fe199eede04c3937362892b7444747cc","name":"US6","image":{"@type":"ImageObject","inLanguage":"en-US","@id":"https:\/\/veritasinfo.org\/#\/schema\/person\/image\/","url":"https:\/\/secure.gravatar.com\/avatar\/cb16c3c31c9d23b9b8c705964598220b3014e42ff51eb540ff23cefa3ae8c15f?s=96&d=mm&r=g","contentUrl":"https:\/\/secure.gravatar.com\/avatar\/cb16c3c31c9d23b9b8c705964598220b3014e42ff51eb540ff23cefa3ae8c15f?s=96&d=mm&r=g","caption":"US6"},"url":"https:\/\/veritasinfo.org\/?author=7"}]}},"featured_image_urls":{"full":["https:\/\/veritasinfo.org\/wp-content\/uploads\/2026\/02\/7ba77589-a51b-4a9d-9859-b476e7506f7b.webp",1360,870,false],"thumbnail":["https:\/\/veritasinfo.org\/wp-content\/uploads\/2026\/02\/7ba77589-a51b-4a9d-9859-b476e7506f7b-150x150.webp",150,150,true],"medium":["https:\/\/veritasinfo.org\/wp-content\/uploads\/2026\/02\/7ba77589-a51b-4a9d-9859-b476e7506f7b-300x192.webp",300,192,true],"medium_large":["https:\/\/veritasinfo.org\/wp-content\/uploads\/2026\/02\/7ba77589-a51b-4a9d-9859-b476e7506f7b-768x491.webp",640,409,true],"large":["https:\/\/veritasinfo.org\/wp-content\/uploads\/2026\/02\/7ba77589-a51b-4a9d-9859-b476e7506f7b-1024x655.webp",640,409,true],"1536x1536":["https:\/\/veritasinfo.org\/wp-content\/uploads\/2026\/02\/7ba77589-a51b-4a9d-9859-b476e7506f7b.webp",1360,870,false],"2048x2048":["https:\/\/veritasinfo.org\/wp-content\/uploads\/2026\/02\/7ba77589-a51b-4a9d-9859-b476e7506f7b.webp",1360,870,false],"kreeti-slider-full":["https:\/\/veritasinfo.org\/wp-content\/uploads\/2026\/02\/7ba77589-a51b-4a9d-9859-b476e7506f7b.webp",1126,720,false],"kreeti-featured":["https:\/\/veritasinfo.org\/wp-content\/uploads\/2026\/02\/7ba77589-a51b-4a9d-9859-b476e7506f7b.webp",1024,655,false],"kreeti-medium":["https:\/\/veritasinfo.org\/wp-content\/uploads\/2026\/02\/7ba77589-a51b-4a9d-9859-b476e7506f7b.webp",720,461,false],"kreeti-medium-square":["https:\/\/veritasinfo.org\/wp-content\/uploads\/2026\/02\/7ba77589-a51b-4a9d-9859-b476e7506f7b.webp",350,224,false]},"author_info":{"info":["US6"]},"category_info":"<a href=\"https:\/\/veritasinfo.org\/?cat=58\" rel=\"category\">Politik\u00eb<\/a>","tag_info":"Politik\u00eb","comment_count":"0","_links":{"self":[{"href":"https:\/\/veritasinfo.org\/index.php?rest_route=\/wp\/v2\/posts\/32629","targetHints":{"allow":["GET"]}}],"collection":[{"href":"https:\/\/veritasinfo.org\/index.php?rest_route=\/wp\/v2\/posts"}],"about":[{"href":"https:\/\/veritasinfo.org\/index.php?rest_route=\/wp\/v2\/types\/post"}],"author":[{"embeddable":true,"href":"https:\/\/veritasinfo.org\/index.php?rest_route=\/wp\/v2\/users\/7"}],"replies":[{"embeddable":true,"href":"https:\/\/veritasinfo.org\/index.php?rest_route=%2Fwp%2Fv2%2Fcomments&post=32629"}],"version-history":[{"count":2,"href":"https:\/\/veritasinfo.org\/index.php?rest_route=\/wp\/v2\/posts\/32629\/revisions"}],"predecessor-version":[{"id":32632,"href":"https:\/\/veritasinfo.org\/index.php?rest_route=\/wp\/v2\/posts\/32629\/revisions\/32632"}],"wp:featuredmedia":[{"embeddable":true,"href":"https:\/\/veritasinfo.org\/index.php?rest_route=\/wp\/v2\/media\/32630"}],"wp:attachment":[{"href":"https:\/\/veritasinfo.org\/index.php?rest_route=%2Fwp%2Fv2%2Fmedia&parent=32629"}],"wp:term":[{"taxonomy":"category","embeddable":true,"href":"https:\/\/veritasinfo.org\/index.php?rest_route=%2Fwp%2Fv2%2Fcategories&post=32629"},{"taxonomy":"post_tag","embeddable":true,"href":"https:\/\/veritasinfo.org\/index.php?rest_route=%2Fwp%2Fv2%2Ftags&post=32629"}],"curies":[{"name":"wp","href":"https:\/\/api.w.org\/{rel}","templated":true}]}}