{"id":3262,"date":"2025-07-10T10:52:54","date_gmt":"2025-07-10T08:52:54","guid":{"rendered":"https:\/\/veritasinfo.org\/?p=3262"},"modified":"2025-07-10T10:52:54","modified_gmt":"2025-07-10T08:52:54","slug":"agjencia-e-mjedisit-ngre-alarmin-duhet-nderhyrje-e-shpejte-ne-deponite-urbane","status":"publish","type":"post","link":"https:\/\/veritasinfo.org\/?p=3262","title":{"rendered":"Agjencia e Mjedisit ngre alarmin, duhet nd\u00ebrhyrje e shpejt\u00eb n\u00eb deponit\u00eb urbane"},"content":{"rendered":"<p>Prishtin\u00eb, 10 Korrik 2025<\/p>\n<p>Agjencia p\u00ebr Mbrojtjen e Mjedisit t\u00eb Kosov\u00ebs ka b\u00ebr\u00eb apel p\u00ebr marrjen e masave t\u00eb menj\u00ebhershme nga institucionet p\u00ebrgjegj\u00ebse p\u00ebr t\u00eb parandaluar shp\u00ebrthimin e zjarreve n\u00eb deponit\u00eb urbane t\u00eb mbeturinave n\u00eb vend.<\/p>\n<div class=\"jeg_viewport\">\n<div class=\"post-wrapper\">\n<div class=\"post-wrap post-autoload loaded\" data-url=\"https:\/\/teve1.info\/agjencia-per-mbrojtjen-e-mjedisit-ben-thirrje-per-masa-urgjente-kunder-zjarreve-ne-deponite-urbane\/\" data-title=\"Agjencia p\u00ebr Mbrojtjen e Mjedisit b\u00ebn thirrje p\u00ebr masa urgjente kund\u00ebr zjarreve n\u00eb deponit\u00eb urbane\" data-id=\"460829\" data-prev=\"https:\/\/teve1.info\/leo-messi-tejkalon-pelen-nje-tjeter-dygolesh-i-katerti-radhazi\/\">\n<div class=\"jeg_main \">\n<div class=\"jeg_container\">\n<div class=\"jeg_content jeg_singlepage\">\n<div class=\"container\">\n<div class=\"row\">\n<div class=\"jeg_main_content col-md-8\">\n<div class=\"jeg_inner_content\">\n<div class=\"entry-content no-share\">\n<div class=\"content-inner \">\n<p>Sipas k\u00ebsaj agjencie, me rritjen e temperaturave gjat\u00eb muajve t\u00eb ver\u00ebs, rreziku p\u00ebr p\u00ebrhapjen e zjarreve n\u00eb k\u00ebto zona \u00ebsht\u00eb rritur ndjesh\u00ebm dhe paraqet k\u00ebrc\u00ebnim t\u00eb drejtp\u00ebrdrejt\u00eb p\u00ebr mjedisin dhe sh\u00ebndetin e qytetar\u00ebve.<\/p>\n<div class=\"jeg_ad jeg_ad_article jnews_content_inline_ads \">\n<div class=\"ads-wrapper align-center \">\u201cZjarret n\u00eb deponi p\u00ebrb\u00ebjn\u00eb rrezik serioz p\u00ebr sh\u00ebndetin e qytetar\u00ebve dhe mjedisin, si\u00e7 u d\u00ebshmua edhe nga rasti i fundit i zjarrit n\u00eb deponin\u00eb e Elbasanit n\u00eb Shqip\u00ebri\u201d, thuhet n\u00eb thirrjen e publikuar nga AMMK.<\/div>\n<\/div>\n<p>Agjencia k\u00ebrkon nga komunat, kompanit\u00eb e pastrimit dhe autoritetet p\u00ebrgjegj\u00ebse q\u00eb t\u00eb marrin masa parandaluese, p\u00ebrfshir\u00eb kontrollin m\u00eb t\u00eb rrept\u00eb t\u00eb deponive, pastrimin e mbeturinave t\u00eb rrezikshme dhe gatishm\u00ebrin\u00eb p\u00ebr intervenim t\u00eb shpejt\u00eb n\u00eb rast zjarri.<\/p>\n<p><iframe data-src=\"https:\/\/www.facebook.com\/plugins\/post.php?href=https%3A%2F%2Fwww.facebook.com%2FAMMKKEPAAZSK%2Fposts%2F1027542382902883&amp;show_text=true&amp;width=500\" width=\"500\" height=\"464\" frameborder=\"0\" scrolling=\"no\" allowfullscreen=\"allowfullscreen\" data-mce-fragment=\"1\" src=\"data:image\/gif;base64,R0lGODlhAQABAAAAACH5BAEKAAEALAAAAAABAAEAAAICTAEAOw==\" class=\"lazyload\" data-load-mode=\"1\"><\/iframe><\/p>\n<\/div>\n<\/div>\n<\/div>\n<\/div>\n<\/div>\n<\/div>\n<\/div>\n<\/div>\n<\/div>\n<\/div>\n<\/div>\n<\/div>\n<p>&nbsp;<\/p>\n","protected":false},"excerpt":{"rendered":"<p>Prishtin\u00eb, 10 Korrik 2025 Agjencia p\u00ebr Mbrojtjen e Mjedisit t\u00eb Kosov\u00ebs ka b\u00ebr\u00eb apel p\u00ebr marrjen e masave t\u00eb menj\u00ebhershme nga institucionet p\u00ebrgjegj\u00ebse p\u00ebr t\u00eb<\/p>\n","protected":false},"author":1,"featured_media":3269,"comment_status":"open","ping_status":"open","sticky":false,"template":"","format":"standard","meta":{"footnotes":""},"categories":[60],"tags":[],"class_list":["post-3262","post","type-post","status-publish","format-standard","has-post-thumbnail","hentry","category-shoqerore-sq"],"yoast_head":"<!-- This site is optimized with the Yoast SEO plugin v25.3.1 - https:\/\/yoast.com\/wordpress\/plugins\/seo\/ -->\n<title>Agjencia e Mjedisit ngre alarmin, duhet nd\u00ebrhyrje e shpejt\u00eb n\u00eb deponit\u00eb urbane -<\/title>\n<meta name=\"robots\" content=\"index, follow, max-snippet:-1, max-image-preview:large, max-video-preview:-1\" \/>\n<link rel=\"canonical\" href=\"https:\/\/veritasinfo.org\/?p=3262\" \/>\n<meta property=\"og:locale\" content=\"en_US\" \/>\n<meta property=\"og:type\" content=\"article\" \/>\n<meta property=\"og:title\" content=\"Agjencia e Mjedisit ngre alarmin, duhet nd\u00ebrhyrje e shpejt\u00eb n\u00eb deponit\u00eb urbane -\" \/>\n<meta property=\"og:description\" content=\"Prishtin\u00eb, 10 Korrik 2025 Agjencia p\u00ebr Mbrojtjen e Mjedisit t\u00eb Kosov\u00ebs ka b\u00ebr\u00eb apel p\u00ebr marrjen e masave t\u00eb menj\u00ebhershme nga institucionet p\u00ebrgjegj\u00ebse p\u00ebr t\u00eb\" \/>\n<meta property=\"og:url\" content=\"https:\/\/veritasinfo.org\/?p=3262\" \/>\n<meta property=\"article:published_time\" content=\"2025-07-10T08:52:54+00:00\" \/>\n<meta property=\"og:image\" content=\"https:\/\/veritasinfo.org\/wp-content\/uploads\/2025\/07\/IMG_0929.webp\" \/>\n\t<meta property=\"og:image:width\" content=\"640\" \/>\n\t<meta property=\"og:image:height\" content=\"313\" \/>\n\t<meta property=\"og:image:type\" content=\"image\/webp\" \/>\n<meta name=\"author\" content=\"admin\" \/>\n<meta name=\"twitter:card\" content=\"summary_large_image\" \/>\n<meta name=\"twitter:label1\" content=\"Written by\" \/>\n\t<meta name=\"twitter:data1\" content=\"admin\" \/>\n\t<meta name=\"twitter:label2\" content=\"Est. reading time\" \/>\n\t<meta name=\"twitter:data2\" content=\"1 minute\" \/>\n<script type=\"application\/ld+json\" class=\"yoast-schema-graph\">{\"@context\":\"https:\/\/schema.org\",\"@graph\":[{\"@type\":\"WebPage\",\"@id\":\"https:\/\/veritasinfo.org\/?p=3262\",\"url\":\"https:\/\/veritasinfo.org\/?p=3262\",\"name\":\"Agjencia e Mjedisit ngre alarmin, duhet nd\u00ebrhyrje e shpejt\u00eb n\u00eb deponit\u00eb urbane -\",\"isPartOf\":{\"@id\":\"https:\/\/veritasinfo.org\/#website\"},\"primaryImageOfPage\":{\"@id\":\"https:\/\/veritasinfo.org\/?p=3262#primaryimage\"},\"image\":{\"@id\":\"https:\/\/veritasinfo.org\/?p=3262#primaryimage\"},\"thumbnailUrl\":\"https:\/\/veritasinfo.org\/wp-content\/uploads\/2025\/07\/IMG_0929.webp\",\"datePublished\":\"2025-07-10T08:52:54+00:00\",\"author\":{\"@id\":\"https:\/\/veritasinfo.org\/#\/schema\/person\/7701f8c088bece422266b100a712374f\"},\"breadcrumb\":{\"@id\":\"https:\/\/veritasinfo.org\/?p=3262#breadcrumb\"},\"inLanguage\":\"en-US\",\"potentialAction\":[{\"@type\":\"ReadAction\",\"target\":[\"https:\/\/veritasinfo.org\/?p=3262\"]}]},{\"@type\":\"ImageObject\",\"inLanguage\":\"en-US\",\"@id\":\"https:\/\/veritasinfo.org\/?p=3262#primaryimage\",\"url\":\"https:\/\/veritasinfo.org\/wp-content\/uploads\/2025\/07\/IMG_0929.webp\",\"contentUrl\":\"https:\/\/veritasinfo.org\/wp-content\/uploads\/2025\/07\/IMG_0929.webp\",\"width\":640,\"height\":313},{\"@type\":\"BreadcrumbList\",\"@id\":\"https:\/\/veritasinfo.org\/?p=3262#breadcrumb\",\"itemListElement\":[{\"@type\":\"ListItem\",\"position\":1,\"name\":\"Home\",\"item\":\"https:\/\/veritasinfo.org\/\"},{\"@type\":\"ListItem\",\"position\":2,\"name\":\"Agjencia e Mjedisit ngre alarmin, duhet nd\u00ebrhyrje e shpejt\u00eb n\u00eb deponit\u00eb urbane\"}]},{\"@type\":\"WebSite\",\"@id\":\"https:\/\/veritasinfo.org\/#website\",\"url\":\"https:\/\/veritasinfo.org\/\",\"name\":\"\",\"description\":\"\",\"potentialAction\":[{\"@type\":\"SearchAction\",\"target\":{\"@type\":\"EntryPoint\",\"urlTemplate\":\"https:\/\/veritasinfo.org\/?s={search_term_string}\"},\"query-input\":{\"@type\":\"PropertyValueSpecification\",\"valueRequired\":true,\"valueName\":\"search_term_string\"}}],\"inLanguage\":\"en-US\"},{\"@type\":\"Person\",\"@id\":\"https:\/\/veritasinfo.org\/#\/schema\/person\/7701f8c088bece422266b100a712374f\",\"name\":\"admin\",\"image\":{\"@type\":\"ImageObject\",\"inLanguage\":\"en-US\",\"@id\":\"https:\/\/veritasinfo.org\/#\/schema\/person\/image\/\",\"url\":\"https:\/\/secure.gravatar.com\/avatar\/ea53aa3bf6c9a12d5fde8ce4deff43fef3885ae33cf60184161a50d6987cfd2f?s=96&d=mm&r=g\",\"contentUrl\":\"https:\/\/secure.gravatar.com\/avatar\/ea53aa3bf6c9a12d5fde8ce4deff43fef3885ae33cf60184161a50d6987cfd2f?s=96&d=mm&r=g\",\"caption\":\"admin\"},\"sameAs\":[\"https:\/\/veritasinfo.org\"],\"url\":\"https:\/\/veritasinfo.org\/?author=1\"}]}<\/script>\n<!-- \/ Yoast SEO plugin. -->","yoast_head_json":{"title":"Agjencia e Mjedisit ngre alarmin, duhet nd\u00ebrhyrje e shpejt\u00eb n\u00eb deponit\u00eb urbane -","robots":{"index":"index","follow":"follow","max-snippet":"max-snippet:-1","max-image-preview":"max-image-preview:large","max-video-preview":"max-video-preview:-1"},"canonical":"https:\/\/veritasinfo.org\/?p=3262","og_locale":"en_US","og_type":"article","og_title":"Agjencia e Mjedisit ngre alarmin, duhet nd\u00ebrhyrje e shpejt\u00eb n\u00eb deponit\u00eb urbane -","og_description":"Prishtin\u00eb, 10 Korrik 2025 Agjencia p\u00ebr Mbrojtjen e Mjedisit t\u00eb Kosov\u00ebs ka b\u00ebr\u00eb apel p\u00ebr marrjen e masave t\u00eb menj\u00ebhershme nga institucionet p\u00ebrgjegj\u00ebse p\u00ebr t\u00eb","og_url":"https:\/\/veritasinfo.org\/?p=3262","article_published_time":"2025-07-10T08:52:54+00:00","og_image":[{"width":640,"height":313,"url":"https:\/\/veritasinfo.org\/wp-content\/uploads\/2025\/07\/IMG_0929.webp","type":"image\/webp"}],"author":"admin","twitter_card":"summary_large_image","twitter_misc":{"Written by":"admin","Est. reading time":"1 minute"},"schema":{"@context":"https:\/\/schema.org","@graph":[{"@type":"WebPage","@id":"https:\/\/veritasinfo.org\/?p=3262","url":"https:\/\/veritasinfo.org\/?p=3262","name":"Agjencia e Mjedisit ngre alarmin, duhet nd\u00ebrhyrje e shpejt\u00eb n\u00eb deponit\u00eb urbane -","isPartOf":{"@id":"https:\/\/veritasinfo.org\/#website"},"primaryImageOfPage":{"@id":"https:\/\/veritasinfo.org\/?p=3262#primaryimage"},"image":{"@id":"https:\/\/veritasinfo.org\/?p=3262#primaryimage"},"thumbnailUrl":"https:\/\/veritasinfo.org\/wp-content\/uploads\/2025\/07\/IMG_0929.webp","datePublished":"2025-07-10T08:52:54+00:00","author":{"@id":"https:\/\/veritasinfo.org\/#\/schema\/person\/7701f8c088bece422266b100a712374f"},"breadcrumb":{"@id":"https:\/\/veritasinfo.org\/?p=3262#breadcrumb"},"inLanguage":"en-US","potentialAction":[{"@type":"ReadAction","target":["https:\/\/veritasinfo.org\/?p=3262"]}]},{"@type":"ImageObject","inLanguage":"en-US","@id":"https:\/\/veritasinfo.org\/?p=3262#primaryimage","url":"https:\/\/veritasinfo.org\/wp-content\/uploads\/2025\/07\/IMG_0929.webp","contentUrl":"https:\/\/veritasinfo.org\/wp-content\/uploads\/2025\/07\/IMG_0929.webp","width":640,"height":313},{"@type":"BreadcrumbList","@id":"https:\/\/veritasinfo.org\/?p=3262#breadcrumb","itemListElement":[{"@type":"ListItem","position":1,"name":"Home","item":"https:\/\/veritasinfo.org\/"},{"@type":"ListItem","position":2,"name":"Agjencia e Mjedisit ngre alarmin, duhet nd\u00ebrhyrje e shpejt\u00eb n\u00eb deponit\u00eb urbane"}]},{"@type":"WebSite","@id":"https:\/\/veritasinfo.org\/#website","url":"https:\/\/veritasinfo.org\/","name":"","description":"","potentialAction":[{"@type":"SearchAction","target":{"@type":"EntryPoint","urlTemplate":"https:\/\/veritasinfo.org\/?s={search_term_string}"},"query-input":{"@type":"PropertyValueSpecification","valueRequired":true,"valueName":"search_term_string"}}],"inLanguage":"en-US"},{"@type":"Person","@id":"https:\/\/veritasinfo.org\/#\/schema\/person\/7701f8c088bece422266b100a712374f","name":"admin","image":{"@type":"ImageObject","inLanguage":"en-US","@id":"https:\/\/veritasinfo.org\/#\/schema\/person\/image\/","url":"https:\/\/secure.gravatar.com\/avatar\/ea53aa3bf6c9a12d5fde8ce4deff43fef3885ae33cf60184161a50d6987cfd2f?s=96&d=mm&r=g","contentUrl":"https:\/\/secure.gravatar.com\/avatar\/ea53aa3bf6c9a12d5fde8ce4deff43fef3885ae33cf60184161a50d6987cfd2f?s=96&d=mm&r=g","caption":"admin"},"sameAs":["https:\/\/veritasinfo.org"],"url":"https:\/\/veritasinfo.org\/?author=1"}]}},"featured_image_urls":{"full":["https:\/\/veritasinfo.org\/wp-content\/uploads\/2025\/07\/IMG_0929.webp",640,313,false],"thumbnail":["https:\/\/veritasinfo.org\/wp-content\/uploads\/2025\/07\/IMG_0929-150x150.webp",150,150,true],"medium":["https:\/\/veritasinfo.org\/wp-content\/uploads\/2025\/07\/IMG_0929-300x147.webp",300,147,true],"medium_large":["https:\/\/veritasinfo.org\/wp-content\/uploads\/2025\/07\/IMG_0929.webp",640,313,false],"large":["https:\/\/veritasinfo.org\/wp-content\/uploads\/2025\/07\/IMG_0929.webp",640,313,false],"1536x1536":["https:\/\/veritasinfo.org\/wp-content\/uploads\/2025\/07\/IMG_0929.webp",640,313,false],"2048x2048":["https:\/\/veritasinfo.org\/wp-content\/uploads\/2025\/07\/IMG_0929.webp",640,313,false],"kreeti-slider-full":["https:\/\/veritasinfo.org\/wp-content\/uploads\/2025\/07\/IMG_0929.webp",640,313,false],"kreeti-featured":["https:\/\/veritasinfo.org\/wp-content\/uploads\/2025\/07\/IMG_0929.webp",640,313,false],"kreeti-medium":["https:\/\/veritasinfo.org\/wp-content\/uploads\/2025\/07\/IMG_0929.webp",640,313,false],"kreeti-medium-square":["https:\/\/veritasinfo.org\/wp-content\/uploads\/2025\/07\/IMG_0929.webp",350,171,false]},"author_info":{"info":["admin"]},"category_info":"<a href=\"https:\/\/veritasinfo.org\/?cat=60\" rel=\"category\">Shoq\u00ebrore<\/a>","tag_info":"Shoq\u00ebrore","comment_count":"0","_links":{"self":[{"href":"https:\/\/veritasinfo.org\/index.php?rest_route=\/wp\/v2\/posts\/3262","targetHints":{"allow":["GET"]}}],"collection":[{"href":"https:\/\/veritasinfo.org\/index.php?rest_route=\/wp\/v2\/posts"}],"about":[{"href":"https:\/\/veritasinfo.org\/index.php?rest_route=\/wp\/v2\/types\/post"}],"author":[{"embeddable":true,"href":"https:\/\/veritasinfo.org\/index.php?rest_route=\/wp\/v2\/users\/1"}],"replies":[{"embeddable":true,"href":"https:\/\/veritasinfo.org\/index.php?rest_route=%2Fwp%2Fv2%2Fcomments&post=3262"}],"version-history":[{"count":1,"href":"https:\/\/veritasinfo.org\/index.php?rest_route=\/wp\/v2\/posts\/3262\/revisions"}],"predecessor-version":[{"id":3270,"href":"https:\/\/veritasinfo.org\/index.php?rest_route=\/wp\/v2\/posts\/3262\/revisions\/3270"}],"wp:featuredmedia":[{"embeddable":true,"href":"https:\/\/veritasinfo.org\/index.php?rest_route=\/wp\/v2\/media\/3269"}],"wp:attachment":[{"href":"https:\/\/veritasinfo.org\/index.php?rest_route=%2Fwp%2Fv2%2Fmedia&parent=3262"}],"wp:term":[{"taxonomy":"category","embeddable":true,"href":"https:\/\/veritasinfo.org\/index.php?rest_route=%2Fwp%2Fv2%2Fcategories&post=3262"},{"taxonomy":"post_tag","embeddable":true,"href":"https:\/\/veritasinfo.org\/index.php?rest_route=%2Fwp%2Fv2%2Ftags&post=3262"}],"curies":[{"name":"wp","href":"https:\/\/api.w.org\/{rel}","templated":true}]}}