{"id":32530,"date":"2026-02-14T09:07:02","date_gmt":"2026-02-14T08:07:02","guid":{"rendered":"https:\/\/veritasinfo.org\/?p=32530"},"modified":"2026-02-14T09:20:57","modified_gmt":"2026-02-14T08:20:57","slug":"futbollisti-i-austrise-ishte-denuar-nga-uefa-per-sharjen-e-shqiptareve","status":"publish","type":"post","link":"https:\/\/veritasinfo.org\/?p=32530","title":{"rendered":"Futbollisti i Austris\u00eb ishte d\u00ebnuar nga UEFA p\u00ebr sharjen e shqiptar\u00ebve"},"content":{"rendered":"<p><strong>Nyon, 14 shkkurt 2026 09:07<\/strong><\/p>\n<p>Marko Arnautoviq \u00ebsht\u00eb futbollisti me m\u00eb s\u00eb shumti paraqitje dhe m\u00eb s\u00eb shumti gola p\u00ebr P\u00ebrfaq\u00ebsuesen e Austris\u00eb. 36-vje\u00e7ari i ka plot 130 ndeshje dhe 47 gola p\u00ebr Austrin\u00eb, tek e cila p\u00ebrfaq\u00ebsuese vazhdon t\u00eb jet\u00eb prej lojtar\u00ebve kryesor\u00eb.<\/p>\n<p>Arnautoviq e ka babain serb dhe aktualisht luan p\u00ebr C\u00ebrvena Zvezd\u00ebn e Beogradit. Dhe ka q\u00ebndrim anti-shqiptar.<\/p>\n<p>Ai ishte d\u00ebnuar nga UEFA n\u00eb vitin 2021 p\u00ebr fyerje t\u00eb shqiptar\u00ebve. Ishte d\u00ebnuar me nj\u00eb ndeshje mosloj\u00eb.<\/p>\n<p>B\u00ebhet fjal\u00eb p\u00ebr nj\u00eb incident q\u00eb ndodhi n\u00eb Euro 2020, t\u00eb mbajtur n\u00eb vitin 2021 p\u00ebr shkak t\u00eb koronavirusit.<\/p>\n","protected":false},"excerpt":{"rendered":"<p>Nyon, 14 shkkurt 2026 09:07 Marko Arnautoviq \u00ebsht\u00eb futbollisti me m\u00eb s\u00eb shumti paraqitje dhe m\u00eb s\u00eb shumti gola p\u00ebr P\u00ebrfaq\u00ebsuesen e Austris\u00eb. 36-vje\u00e7ari i<\/p>\n","protected":false},"author":2,"featured_media":32531,"comment_status":"open","ping_status":"open","sticky":false,"template":"","format":"standard","meta":{"footnotes":""},"categories":[5],"tags":[],"class_list":["post-32530","post","type-post","status-publish","format-standard","has-post-thumbnail","hentry","category-sport-sq"],"yoast_head":"<!-- This site is optimized with the Yoast SEO plugin v25.3.1 - https:\/\/yoast.com\/wordpress\/plugins\/seo\/ -->\n<title>Futbollisti i Austris\u00eb ishte d\u00ebnuar nga UEFA p\u00ebr sharjen e shqiptar\u00ebve -<\/title>\n<meta name=\"robots\" content=\"index, follow, max-snippet:-1, max-image-preview:large, max-video-preview:-1\" \/>\n<link rel=\"canonical\" href=\"https:\/\/veritasinfo.org\/?p=32530\" \/>\n<meta property=\"og:locale\" content=\"en_US\" \/>\n<meta property=\"og:type\" content=\"article\" \/>\n<meta property=\"og:title\" content=\"Futbollisti i Austris\u00eb ishte d\u00ebnuar nga UEFA p\u00ebr sharjen e shqiptar\u00ebve -\" \/>\n<meta property=\"og:description\" content=\"Nyon, 14 shkkurt 2026 09:07 Marko Arnautoviq \u00ebsht\u00eb futbollisti me m\u00eb s\u00eb shumti paraqitje dhe m\u00eb s\u00eb shumti gola p\u00ebr P\u00ebrfaq\u00ebsuesen e Austris\u00eb. 36-vje\u00e7ari i\" \/>\n<meta property=\"og:url\" content=\"https:\/\/veritasinfo.org\/?p=32530\" \/>\n<meta property=\"article:published_time\" content=\"2026-02-14T08:07:02+00:00\" \/>\n<meta property=\"article:modified_time\" content=\"2026-02-14T08:20:57+00:00\" \/>\n<meta property=\"og:image\" content=\"https:\/\/veritasinfo.org\/wp-content\/uploads\/2026\/02\/Arnautovic-scaled.jpg\" \/>\n\t<meta property=\"og:image:width\" content=\"2560\" \/>\n\t<meta property=\"og:image:height\" content=\"2474\" \/>\n\t<meta property=\"og:image:type\" content=\"image\/jpeg\" \/>\n<meta name=\"author\" content=\"US1\" \/>\n<meta name=\"twitter:card\" content=\"summary_large_image\" \/>\n<meta name=\"twitter:label1\" content=\"Written by\" \/>\n\t<meta name=\"twitter:data1\" content=\"US1\" \/>\n\t<meta name=\"twitter:label2\" content=\"Est. reading time\" \/>\n\t<meta name=\"twitter:data2\" content=\"1 minute\" \/>\n<script type=\"application\/ld+json\" class=\"yoast-schema-graph\">{\"@context\":\"https:\/\/schema.org\",\"@graph\":[{\"@type\":\"WebPage\",\"@id\":\"https:\/\/veritasinfo.org\/?p=32530\",\"url\":\"https:\/\/veritasinfo.org\/?p=32530\",\"name\":\"Futbollisti i Austris\u00eb ishte d\u00ebnuar nga UEFA p\u00ebr sharjen e shqiptar\u00ebve -\",\"isPartOf\":{\"@id\":\"https:\/\/veritasinfo.org\/#website\"},\"primaryImageOfPage\":{\"@id\":\"https:\/\/veritasinfo.org\/?p=32530#primaryimage\"},\"image\":{\"@id\":\"https:\/\/veritasinfo.org\/?p=32530#primaryimage\"},\"thumbnailUrl\":\"https:\/\/veritasinfo.org\/wp-content\/uploads\/2026\/02\/Arnautovic-scaled.jpg\",\"datePublished\":\"2026-02-14T08:07:02+00:00\",\"dateModified\":\"2026-02-14T08:20:57+00:00\",\"author\":{\"@id\":\"https:\/\/veritasinfo.org\/#\/schema\/person\/c2b8be262ea994d0995addca692c5e98\"},\"breadcrumb\":{\"@id\":\"https:\/\/veritasinfo.org\/?p=32530#breadcrumb\"},\"inLanguage\":\"en-US\",\"potentialAction\":[{\"@type\":\"ReadAction\",\"target\":[\"https:\/\/veritasinfo.org\/?p=32530\"]}]},{\"@type\":\"ImageObject\",\"inLanguage\":\"en-US\",\"@id\":\"https:\/\/veritasinfo.org\/?p=32530#primaryimage\",\"url\":\"https:\/\/veritasinfo.org\/wp-content\/uploads\/2026\/02\/Arnautovic-scaled.jpg\",\"contentUrl\":\"https:\/\/veritasinfo.org\/wp-content\/uploads\/2026\/02\/Arnautovic-scaled.jpg\",\"width\":2560,\"height\":2474},{\"@type\":\"BreadcrumbList\",\"@id\":\"https:\/\/veritasinfo.org\/?p=32530#breadcrumb\",\"itemListElement\":[{\"@type\":\"ListItem\",\"position\":1,\"name\":\"Home\",\"item\":\"https:\/\/veritasinfo.org\/\"},{\"@type\":\"ListItem\",\"position\":2,\"name\":\"Futbollisti i Austris\u00eb ishte d\u00ebnuar nga UEFA p\u00ebr sharjen e shqiptar\u00ebve\"}]},{\"@type\":\"WebSite\",\"@id\":\"https:\/\/veritasinfo.org\/#website\",\"url\":\"https:\/\/veritasinfo.org\/\",\"name\":\"\",\"description\":\"\",\"potentialAction\":[{\"@type\":\"SearchAction\",\"target\":{\"@type\":\"EntryPoint\",\"urlTemplate\":\"https:\/\/veritasinfo.org\/?s={search_term_string}\"},\"query-input\":{\"@type\":\"PropertyValueSpecification\",\"valueRequired\":true,\"valueName\":\"search_term_string\"}}],\"inLanguage\":\"en-US\"},{\"@type\":\"Person\",\"@id\":\"https:\/\/veritasinfo.org\/#\/schema\/person\/c2b8be262ea994d0995addca692c5e98\",\"name\":\"US1\",\"image\":{\"@type\":\"ImageObject\",\"inLanguage\":\"en-US\",\"@id\":\"https:\/\/veritasinfo.org\/#\/schema\/person\/image\/\",\"url\":\"https:\/\/secure.gravatar.com\/avatar\/4e96a59bd256abf9956eb9963ac891a47461ffb364d47b0e9aab113328fdb75b?s=96&d=mm&r=g\",\"contentUrl\":\"https:\/\/secure.gravatar.com\/avatar\/4e96a59bd256abf9956eb9963ac891a47461ffb364d47b0e9aab113328fdb75b?s=96&d=mm&r=g\",\"caption\":\"US1\"},\"url\":\"https:\/\/veritasinfo.org\/?author=2\"}]}<\/script>\n<!-- \/ Yoast SEO plugin. -->","yoast_head_json":{"title":"Futbollisti i Austris\u00eb ishte d\u00ebnuar nga UEFA p\u00ebr sharjen e shqiptar\u00ebve -","robots":{"index":"index","follow":"follow","max-snippet":"max-snippet:-1","max-image-preview":"max-image-preview:large","max-video-preview":"max-video-preview:-1"},"canonical":"https:\/\/veritasinfo.org\/?p=32530","og_locale":"en_US","og_type":"article","og_title":"Futbollisti i Austris\u00eb ishte d\u00ebnuar nga UEFA p\u00ebr sharjen e shqiptar\u00ebve -","og_description":"Nyon, 14 shkkurt 2026 09:07 Marko Arnautoviq \u00ebsht\u00eb futbollisti me m\u00eb s\u00eb shumti paraqitje dhe m\u00eb s\u00eb shumti gola p\u00ebr P\u00ebrfaq\u00ebsuesen e Austris\u00eb. 36-vje\u00e7ari i","og_url":"https:\/\/veritasinfo.org\/?p=32530","article_published_time":"2026-02-14T08:07:02+00:00","article_modified_time":"2026-02-14T08:20:57+00:00","og_image":[{"width":2560,"height":2474,"url":"https:\/\/veritasinfo.org\/wp-content\/uploads\/2026\/02\/Arnautovic-scaled.jpg","type":"image\/jpeg"}],"author":"US1","twitter_card":"summary_large_image","twitter_misc":{"Written by":"US1","Est. reading time":"1 minute"},"schema":{"@context":"https:\/\/schema.org","@graph":[{"@type":"WebPage","@id":"https:\/\/veritasinfo.org\/?p=32530","url":"https:\/\/veritasinfo.org\/?p=32530","name":"Futbollisti i Austris\u00eb ishte d\u00ebnuar nga UEFA p\u00ebr sharjen e shqiptar\u00ebve -","isPartOf":{"@id":"https:\/\/veritasinfo.org\/#website"},"primaryImageOfPage":{"@id":"https:\/\/veritasinfo.org\/?p=32530#primaryimage"},"image":{"@id":"https:\/\/veritasinfo.org\/?p=32530#primaryimage"},"thumbnailUrl":"https:\/\/veritasinfo.org\/wp-content\/uploads\/2026\/02\/Arnautovic-scaled.jpg","datePublished":"2026-02-14T08:07:02+00:00","dateModified":"2026-02-14T08:20:57+00:00","author":{"@id":"https:\/\/veritasinfo.org\/#\/schema\/person\/c2b8be262ea994d0995addca692c5e98"},"breadcrumb":{"@id":"https:\/\/veritasinfo.org\/?p=32530#breadcrumb"},"inLanguage":"en-US","potentialAction":[{"@type":"ReadAction","target":["https:\/\/veritasinfo.org\/?p=32530"]}]},{"@type":"ImageObject","inLanguage":"en-US","@id":"https:\/\/veritasinfo.org\/?p=32530#primaryimage","url":"https:\/\/veritasinfo.org\/wp-content\/uploads\/2026\/02\/Arnautovic-scaled.jpg","contentUrl":"https:\/\/veritasinfo.org\/wp-content\/uploads\/2026\/02\/Arnautovic-scaled.jpg","width":2560,"height":2474},{"@type":"BreadcrumbList","@id":"https:\/\/veritasinfo.org\/?p=32530#breadcrumb","itemListElement":[{"@type":"ListItem","position":1,"name":"Home","item":"https:\/\/veritasinfo.org\/"},{"@type":"ListItem","position":2,"name":"Futbollisti i Austris\u00eb ishte d\u00ebnuar nga UEFA p\u00ebr sharjen e shqiptar\u00ebve"}]},{"@type":"WebSite","@id":"https:\/\/veritasinfo.org\/#website","url":"https:\/\/veritasinfo.org\/","name":"","description":"","potentialAction":[{"@type":"SearchAction","target":{"@type":"EntryPoint","urlTemplate":"https:\/\/veritasinfo.org\/?s={search_term_string}"},"query-input":{"@type":"PropertyValueSpecification","valueRequired":true,"valueName":"search_term_string"}}],"inLanguage":"en-US"},{"@type":"Person","@id":"https:\/\/veritasinfo.org\/#\/schema\/person\/c2b8be262ea994d0995addca692c5e98","name":"US1","image":{"@type":"ImageObject","inLanguage":"en-US","@id":"https:\/\/veritasinfo.org\/#\/schema\/person\/image\/","url":"https:\/\/secure.gravatar.com\/avatar\/4e96a59bd256abf9956eb9963ac891a47461ffb364d47b0e9aab113328fdb75b?s=96&d=mm&r=g","contentUrl":"https:\/\/secure.gravatar.com\/avatar\/4e96a59bd256abf9956eb9963ac891a47461ffb364d47b0e9aab113328fdb75b?s=96&d=mm&r=g","caption":"US1"},"url":"https:\/\/veritasinfo.org\/?author=2"}]}},"featured_image_urls":{"full":["https:\/\/veritasinfo.org\/wp-content\/uploads\/2026\/02\/Arnautovic-scaled.jpg",2560,2474,false],"thumbnail":["https:\/\/veritasinfo.org\/wp-content\/uploads\/2026\/02\/Arnautovic-150x150.jpg",150,150,true],"medium":["https:\/\/veritasinfo.org\/wp-content\/uploads\/2026\/02\/Arnautovic-300x290.jpg",300,290,true],"medium_large":["https:\/\/veritasinfo.org\/wp-content\/uploads\/2026\/02\/Arnautovic-768x742.jpg",640,618,true],"large":["https:\/\/veritasinfo.org\/wp-content\/uploads\/2026\/02\/Arnautovic-1024x990.jpg",640,619,true],"1536x1536":["https:\/\/veritasinfo.org\/wp-content\/uploads\/2026\/02\/Arnautovic-1536x1484.jpg",1536,1484,true],"2048x2048":["https:\/\/veritasinfo.org\/wp-content\/uploads\/2026\/02\/Arnautovic-2048x1979.jpg",2048,1979,true],"kreeti-slider-full":["https:\/\/veritasinfo.org\/wp-content\/uploads\/2026\/02\/Arnautovic-scaled.jpg",745,720,false],"kreeti-featured":["https:\/\/veritasinfo.org\/wp-content\/uploads\/2026\/02\/Arnautovic-scaled.jpg",1024,990,false],"kreeti-medium":["https:\/\/veritasinfo.org\/wp-content\/uploads\/2026\/02\/Arnautovic-scaled.jpg",548,530,false],"kreeti-medium-square":["https:\/\/veritasinfo.org\/wp-content\/uploads\/2026\/02\/Arnautovic-scaled.jpg",350,338,false]},"author_info":{"info":["US1"]},"category_info":"<a href=\"https:\/\/veritasinfo.org\/?cat=5\" rel=\"category\">Sport<\/a>","tag_info":"Sport","comment_count":"0","_links":{"self":[{"href":"https:\/\/veritasinfo.org\/index.php?rest_route=\/wp\/v2\/posts\/32530","targetHints":{"allow":["GET"]}}],"collection":[{"href":"https:\/\/veritasinfo.org\/index.php?rest_route=\/wp\/v2\/posts"}],"about":[{"href":"https:\/\/veritasinfo.org\/index.php?rest_route=\/wp\/v2\/types\/post"}],"author":[{"embeddable":true,"href":"https:\/\/veritasinfo.org\/index.php?rest_route=\/wp\/v2\/users\/2"}],"replies":[{"embeddable":true,"href":"https:\/\/veritasinfo.org\/index.php?rest_route=%2Fwp%2Fv2%2Fcomments&post=32530"}],"version-history":[{"count":2,"href":"https:\/\/veritasinfo.org\/index.php?rest_route=\/wp\/v2\/posts\/32530\/revisions"}],"predecessor-version":[{"id":32551,"href":"https:\/\/veritasinfo.org\/index.php?rest_route=\/wp\/v2\/posts\/32530\/revisions\/32551"}],"wp:featuredmedia":[{"embeddable":true,"href":"https:\/\/veritasinfo.org\/index.php?rest_route=\/wp\/v2\/media\/32531"}],"wp:attachment":[{"href":"https:\/\/veritasinfo.org\/index.php?rest_route=%2Fwp%2Fv2%2Fmedia&parent=32530"}],"wp:term":[{"taxonomy":"category","embeddable":true,"href":"https:\/\/veritasinfo.org\/index.php?rest_route=%2Fwp%2Fv2%2Fcategories&post=32530"},{"taxonomy":"post_tag","embeddable":true,"href":"https:\/\/veritasinfo.org\/index.php?rest_route=%2Fwp%2Fv2%2Ftags&post=32530"}],"curies":[{"name":"wp","href":"https:\/\/api.w.org\/{rel}","templated":true}]}}