{"id":32509,"date":"2026-02-13T21:09:23","date_gmt":"2026-02-13T20:09:23","guid":{"rendered":"https:\/\/veritasinfo.org\/?p=32509"},"modified":"2026-02-13T21:09:23","modified_gmt":"2026-02-13T20:09:23","slug":"osmani-pergezon-deputetet-per-votimin-e-marreveshjeve-nderkombetare","status":"publish","type":"post","link":"https:\/\/veritasinfo.org\/?p=32509","title":{"rendered":"Osmani p\u00ebrg\u00ebzon deputet\u00ebt, p\u00ebr votimin e marr\u00ebveshjeve nd\u00ebrkomb\u00ebtare"},"content":{"rendered":"<p>Prishtin\u00eb, 13 shkurt 2026 21:08<\/p>\n<p>Presidentja e Republik\u00ebs s\u00eb Kosov\u00ebs, Vjosa Osmani, ka p\u00ebrg\u00ebzuar deputet\u00ebt p\u00ebr miratimin e pes\u00eb marr\u00ebveshjeve nd\u00ebrkomb\u00ebtare, t\u00eb cilat pritet t\u00eb sjellin rreth 1.1 miliard\u00eb euro investime dhe grante p\u00ebr vendin.<\/p>\n<p>Sipas presidentes, k\u00ebto marr\u00ebveshje do t\u00eb hapin m\u00eb shum\u00eb mund\u00ebsi p\u00ebr t\u00eb rinjt\u00eb, do t\u00eb rrisin mb\u00ebshtetjen p\u00ebr familjet dhe do t\u00eb krijojn\u00eb m\u00eb shum\u00eb hap\u00ebsir\u00eb p\u00ebr investime n\u00eb biznese.<\/p>\n<p>Po ashtu, ajo theksoi se p\u00ebrfitime do t\u00eb ket\u00eb edhe n\u00eb sektor\u00eb ky\u00e7 si sh\u00ebndet\u00ebsia, arsimi dhe sundimi i ligjit.<\/p>\n<p>\u201cP\u00ebrg\u00ebzoj deputet\u00ebt e Kuvendit t\u00eb Kosov\u00ebs p\u00ebr miratimin e pes\u00eb marr\u00ebveshjeve nd\u00ebrkomb\u00ebtare, t\u00eb cilat hapin rrug\u00eb p\u00ebr rreth 1.1 miliard\u00eb euro investime dhe grante p\u00ebr vendin ton\u00eb.<\/p>\n<p>K\u00ebto marr\u00ebveshje sjellin m\u00eb shum\u00eb mund\u00ebsi p\u00ebr t\u00eb rinjt\u00eb, m\u00eb shum\u00eb mb\u00ebshtetje p\u00ebr familjet, m\u00eb shum\u00eb investime p\u00ebr bizneset, si dhe m\u00eb shum\u00eb cil\u00ebsi n\u00eb sh\u00ebndet\u00ebsi, arsim, sundim t\u00eb ligjit e m\u00eb shum\u00eb zhvillim. Jan\u00eb investime q\u00eb do t\u00eb ndihen drejtp\u00ebrdrejt n\u00eb jet\u00ebn e p\u00ebrditshme t\u00eb qytetar\u00ebve tan\u00eb.<\/p>\n<p>Kur veprojm\u00eb bashk\u00eb, Kosova gjithmon\u00eb fiton. Dhe sot, Kosova fitoi\u201d shkroi Osmani.<\/p>\n<p>&nbsp;<\/p>\n","protected":false},"excerpt":{"rendered":"<p>Prishtin\u00eb, 13 shkurt 2026 21:08 Presidentja e Republik\u00ebs s\u00eb Kosov\u00ebs, Vjosa Osmani, ka p\u00ebrg\u00ebzuar deputet\u00ebt p\u00ebr miratimin e pes\u00eb marr\u00ebveshjeve nd\u00ebrkomb\u00ebtare, t\u00eb cilat pritet t\u00eb<\/p>\n","protected":false},"author":7,"featured_media":32510,"comment_status":"open","ping_status":"open","sticky":false,"template":"","format":"standard","meta":{"footnotes":""},"categories":[58],"tags":[],"class_list":["post-32509","post","type-post","status-publish","format-standard","has-post-thumbnail","hentry","category-politike-sq"],"yoast_head":"<!-- This site is optimized with the Yoast SEO plugin v25.3.1 - https:\/\/yoast.com\/wordpress\/plugins\/seo\/ -->\n<title>Osmani p\u00ebrg\u00ebzon deputet\u00ebt, p\u00ebr votimin e marr\u00ebveshjeve nd\u00ebrkomb\u00ebtare -<\/title>\n<meta name=\"robots\" content=\"index, follow, max-snippet:-1, max-image-preview:large, max-video-preview:-1\" \/>\n<link rel=\"canonical\" href=\"https:\/\/veritasinfo.org\/?p=32509\" \/>\n<meta property=\"og:locale\" content=\"en_US\" \/>\n<meta property=\"og:type\" content=\"article\" \/>\n<meta property=\"og:title\" content=\"Osmani p\u00ebrg\u00ebzon deputet\u00ebt, p\u00ebr votimin e marr\u00ebveshjeve nd\u00ebrkomb\u00ebtare -\" \/>\n<meta property=\"og:description\" content=\"Prishtin\u00eb, 13 shkurt 2026 21:08 Presidentja e Republik\u00ebs s\u00eb Kosov\u00ebs, Vjosa Osmani, ka p\u00ebrg\u00ebzuar deputet\u00ebt p\u00ebr miratimin e pes\u00eb marr\u00ebveshjeve nd\u00ebrkomb\u00ebtare, t\u00eb cilat pritet t\u00eb\" \/>\n<meta property=\"og:url\" content=\"https:\/\/veritasinfo.org\/?p=32509\" \/>\n<meta property=\"article:published_time\" content=\"2026-02-13T20:09:23+00:00\" \/>\n<meta property=\"og:image\" content=\"https:\/\/veritasinfo.org\/wp-content\/uploads\/2026\/02\/vjosa-osmani-kosovo12-1024x681-1.jpg\" \/>\n\t<meta property=\"og:image:width\" content=\"1024\" \/>\n\t<meta property=\"og:image:height\" content=\"681\" \/>\n\t<meta property=\"og:image:type\" content=\"image\/jpeg\" \/>\n<meta name=\"author\" content=\"US6\" \/>\n<meta name=\"twitter:card\" content=\"summary_large_image\" \/>\n<meta name=\"twitter:label1\" content=\"Written by\" \/>\n\t<meta name=\"twitter:data1\" content=\"US6\" \/>\n\t<meta name=\"twitter:label2\" content=\"Est. reading time\" \/>\n\t<meta name=\"twitter:data2\" content=\"1 minute\" \/>\n<script type=\"application\/ld+json\" class=\"yoast-schema-graph\">{\"@context\":\"https:\/\/schema.org\",\"@graph\":[{\"@type\":\"WebPage\",\"@id\":\"https:\/\/veritasinfo.org\/?p=32509\",\"url\":\"https:\/\/veritasinfo.org\/?p=32509\",\"name\":\"Osmani p\u00ebrg\u00ebzon deputet\u00ebt, p\u00ebr votimin e marr\u00ebveshjeve nd\u00ebrkomb\u00ebtare -\",\"isPartOf\":{\"@id\":\"https:\/\/veritasinfo.org\/#website\"},\"primaryImageOfPage\":{\"@id\":\"https:\/\/veritasinfo.org\/?p=32509#primaryimage\"},\"image\":{\"@id\":\"https:\/\/veritasinfo.org\/?p=32509#primaryimage\"},\"thumbnailUrl\":\"https:\/\/veritasinfo.org\/wp-content\/uploads\/2026\/02\/vjosa-osmani-kosovo12-1024x681-1.jpg\",\"datePublished\":\"2026-02-13T20:09:23+00:00\",\"author\":{\"@id\":\"https:\/\/veritasinfo.org\/#\/schema\/person\/fe199eede04c3937362892b7444747cc\"},\"breadcrumb\":{\"@id\":\"https:\/\/veritasinfo.org\/?p=32509#breadcrumb\"},\"inLanguage\":\"en-US\",\"potentialAction\":[{\"@type\":\"ReadAction\",\"target\":[\"https:\/\/veritasinfo.org\/?p=32509\"]}]},{\"@type\":\"ImageObject\",\"inLanguage\":\"en-US\",\"@id\":\"https:\/\/veritasinfo.org\/?p=32509#primaryimage\",\"url\":\"https:\/\/veritasinfo.org\/wp-content\/uploads\/2026\/02\/vjosa-osmani-kosovo12-1024x681-1.jpg\",\"contentUrl\":\"https:\/\/veritasinfo.org\/wp-content\/uploads\/2026\/02\/vjosa-osmani-kosovo12-1024x681-1.jpg\",\"width\":1024,\"height\":681},{\"@type\":\"BreadcrumbList\",\"@id\":\"https:\/\/veritasinfo.org\/?p=32509#breadcrumb\",\"itemListElement\":[{\"@type\":\"ListItem\",\"position\":1,\"name\":\"Home\",\"item\":\"https:\/\/veritasinfo.org\/\"},{\"@type\":\"ListItem\",\"position\":2,\"name\":\"Osmani p\u00ebrg\u00ebzon deputet\u00ebt, p\u00ebr votimin e marr\u00ebveshjeve nd\u00ebrkomb\u00ebtare\"}]},{\"@type\":\"WebSite\",\"@id\":\"https:\/\/veritasinfo.org\/#website\",\"url\":\"https:\/\/veritasinfo.org\/\",\"name\":\"\",\"description\":\"\",\"potentialAction\":[{\"@type\":\"SearchAction\",\"target\":{\"@type\":\"EntryPoint\",\"urlTemplate\":\"https:\/\/veritasinfo.org\/?s={search_term_string}\"},\"query-input\":{\"@type\":\"PropertyValueSpecification\",\"valueRequired\":true,\"valueName\":\"search_term_string\"}}],\"inLanguage\":\"en-US\"},{\"@type\":\"Person\",\"@id\":\"https:\/\/veritasinfo.org\/#\/schema\/person\/fe199eede04c3937362892b7444747cc\",\"name\":\"US6\",\"image\":{\"@type\":\"ImageObject\",\"inLanguage\":\"en-US\",\"@id\":\"https:\/\/veritasinfo.org\/#\/schema\/person\/image\/\",\"url\":\"https:\/\/secure.gravatar.com\/avatar\/cb16c3c31c9d23b9b8c705964598220b3014e42ff51eb540ff23cefa3ae8c15f?s=96&d=mm&r=g\",\"contentUrl\":\"https:\/\/secure.gravatar.com\/avatar\/cb16c3c31c9d23b9b8c705964598220b3014e42ff51eb540ff23cefa3ae8c15f?s=96&d=mm&r=g\",\"caption\":\"US6\"},\"url\":\"https:\/\/veritasinfo.org\/?author=7\"}]}<\/script>\n<!-- \/ Yoast SEO plugin. -->","yoast_head_json":{"title":"Osmani p\u00ebrg\u00ebzon deputet\u00ebt, p\u00ebr votimin e marr\u00ebveshjeve nd\u00ebrkomb\u00ebtare -","robots":{"index":"index","follow":"follow","max-snippet":"max-snippet:-1","max-image-preview":"max-image-preview:large","max-video-preview":"max-video-preview:-1"},"canonical":"https:\/\/veritasinfo.org\/?p=32509","og_locale":"en_US","og_type":"article","og_title":"Osmani p\u00ebrg\u00ebzon deputet\u00ebt, p\u00ebr votimin e marr\u00ebveshjeve nd\u00ebrkomb\u00ebtare -","og_description":"Prishtin\u00eb, 13 shkurt 2026 21:08 Presidentja e Republik\u00ebs s\u00eb Kosov\u00ebs, Vjosa Osmani, ka p\u00ebrg\u00ebzuar deputet\u00ebt p\u00ebr miratimin e pes\u00eb marr\u00ebveshjeve nd\u00ebrkomb\u00ebtare, t\u00eb cilat pritet t\u00eb","og_url":"https:\/\/veritasinfo.org\/?p=32509","article_published_time":"2026-02-13T20:09:23+00:00","og_image":[{"width":1024,"height":681,"url":"https:\/\/veritasinfo.org\/wp-content\/uploads\/2026\/02\/vjosa-osmani-kosovo12-1024x681-1.jpg","type":"image\/jpeg"}],"author":"US6","twitter_card":"summary_large_image","twitter_misc":{"Written by":"US6","Est. reading time":"1 minute"},"schema":{"@context":"https:\/\/schema.org","@graph":[{"@type":"WebPage","@id":"https:\/\/veritasinfo.org\/?p=32509","url":"https:\/\/veritasinfo.org\/?p=32509","name":"Osmani p\u00ebrg\u00ebzon deputet\u00ebt, p\u00ebr votimin e marr\u00ebveshjeve nd\u00ebrkomb\u00ebtare -","isPartOf":{"@id":"https:\/\/veritasinfo.org\/#website"},"primaryImageOfPage":{"@id":"https:\/\/veritasinfo.org\/?p=32509#primaryimage"},"image":{"@id":"https:\/\/veritasinfo.org\/?p=32509#primaryimage"},"thumbnailUrl":"https:\/\/veritasinfo.org\/wp-content\/uploads\/2026\/02\/vjosa-osmani-kosovo12-1024x681-1.jpg","datePublished":"2026-02-13T20:09:23+00:00","author":{"@id":"https:\/\/veritasinfo.org\/#\/schema\/person\/fe199eede04c3937362892b7444747cc"},"breadcrumb":{"@id":"https:\/\/veritasinfo.org\/?p=32509#breadcrumb"},"inLanguage":"en-US","potentialAction":[{"@type":"ReadAction","target":["https:\/\/veritasinfo.org\/?p=32509"]}]},{"@type":"ImageObject","inLanguage":"en-US","@id":"https:\/\/veritasinfo.org\/?p=32509#primaryimage","url":"https:\/\/veritasinfo.org\/wp-content\/uploads\/2026\/02\/vjosa-osmani-kosovo12-1024x681-1.jpg","contentUrl":"https:\/\/veritasinfo.org\/wp-content\/uploads\/2026\/02\/vjosa-osmani-kosovo12-1024x681-1.jpg","width":1024,"height":681},{"@type":"BreadcrumbList","@id":"https:\/\/veritasinfo.org\/?p=32509#breadcrumb","itemListElement":[{"@type":"ListItem","position":1,"name":"Home","item":"https:\/\/veritasinfo.org\/"},{"@type":"ListItem","position":2,"name":"Osmani p\u00ebrg\u00ebzon deputet\u00ebt, p\u00ebr votimin e marr\u00ebveshjeve nd\u00ebrkomb\u00ebtare"}]},{"@type":"WebSite","@id":"https:\/\/veritasinfo.org\/#website","url":"https:\/\/veritasinfo.org\/","name":"","description":"","potentialAction":[{"@type":"SearchAction","target":{"@type":"EntryPoint","urlTemplate":"https:\/\/veritasinfo.org\/?s={search_term_string}"},"query-input":{"@type":"PropertyValueSpecification","valueRequired":true,"valueName":"search_term_string"}}],"inLanguage":"en-US"},{"@type":"Person","@id":"https:\/\/veritasinfo.org\/#\/schema\/person\/fe199eede04c3937362892b7444747cc","name":"US6","image":{"@type":"ImageObject","inLanguage":"en-US","@id":"https:\/\/veritasinfo.org\/#\/schema\/person\/image\/","url":"https:\/\/secure.gravatar.com\/avatar\/cb16c3c31c9d23b9b8c705964598220b3014e42ff51eb540ff23cefa3ae8c15f?s=96&d=mm&r=g","contentUrl":"https:\/\/secure.gravatar.com\/avatar\/cb16c3c31c9d23b9b8c705964598220b3014e42ff51eb540ff23cefa3ae8c15f?s=96&d=mm&r=g","caption":"US6"},"url":"https:\/\/veritasinfo.org\/?author=7"}]}},"featured_image_urls":{"full":["https:\/\/veritasinfo.org\/wp-content\/uploads\/2026\/02\/vjosa-osmani-kosovo12-1024x681-1.jpg",1024,681,false],"thumbnail":["https:\/\/veritasinfo.org\/wp-content\/uploads\/2026\/02\/vjosa-osmani-kosovo12-1024x681-1-150x150.jpg",150,150,true],"medium":["https:\/\/veritasinfo.org\/wp-content\/uploads\/2026\/02\/vjosa-osmani-kosovo12-1024x681-1-300x200.jpg",300,200,true],"medium_large":["https:\/\/veritasinfo.org\/wp-content\/uploads\/2026\/02\/vjosa-osmani-kosovo12-1024x681-1-768x511.jpg",640,426,true],"large":["https:\/\/veritasinfo.org\/wp-content\/uploads\/2026\/02\/vjosa-osmani-kosovo12-1024x681-1.jpg",640,426,false],"1536x1536":["https:\/\/veritasinfo.org\/wp-content\/uploads\/2026\/02\/vjosa-osmani-kosovo12-1024x681-1.jpg",1024,681,false],"2048x2048":["https:\/\/veritasinfo.org\/wp-content\/uploads\/2026\/02\/vjosa-osmani-kosovo12-1024x681-1.jpg",1024,681,false],"kreeti-slider-full":["https:\/\/veritasinfo.org\/wp-content\/uploads\/2026\/02\/vjosa-osmani-kosovo12-1024x681-1.jpg",1024,681,false],"kreeti-featured":["https:\/\/veritasinfo.org\/wp-content\/uploads\/2026\/02\/vjosa-osmani-kosovo12-1024x681-1.jpg",1024,681,false],"kreeti-medium":["https:\/\/veritasinfo.org\/wp-content\/uploads\/2026\/02\/vjosa-osmani-kosovo12-1024x681-1.jpg",720,479,false],"kreeti-medium-square":["https:\/\/veritasinfo.org\/wp-content\/uploads\/2026\/02\/vjosa-osmani-kosovo12-1024x681-1.jpg",350,233,false]},"author_info":{"info":["US6"]},"category_info":"<a href=\"https:\/\/veritasinfo.org\/?cat=58\" rel=\"category\">Politik\u00eb<\/a>","tag_info":"Politik\u00eb","comment_count":"0","_links":{"self":[{"href":"https:\/\/veritasinfo.org\/index.php?rest_route=\/wp\/v2\/posts\/32509","targetHints":{"allow":["GET"]}}],"collection":[{"href":"https:\/\/veritasinfo.org\/index.php?rest_route=\/wp\/v2\/posts"}],"about":[{"href":"https:\/\/veritasinfo.org\/index.php?rest_route=\/wp\/v2\/types\/post"}],"author":[{"embeddable":true,"href":"https:\/\/veritasinfo.org\/index.php?rest_route=\/wp\/v2\/users\/7"}],"replies":[{"embeddable":true,"href":"https:\/\/veritasinfo.org\/index.php?rest_route=%2Fwp%2Fv2%2Fcomments&post=32509"}],"version-history":[{"count":1,"href":"https:\/\/veritasinfo.org\/index.php?rest_route=\/wp\/v2\/posts\/32509\/revisions"}],"predecessor-version":[{"id":32511,"href":"https:\/\/veritasinfo.org\/index.php?rest_route=\/wp\/v2\/posts\/32509\/revisions\/32511"}],"wp:featuredmedia":[{"embeddable":true,"href":"https:\/\/veritasinfo.org\/index.php?rest_route=\/wp\/v2\/media\/32510"}],"wp:attachment":[{"href":"https:\/\/veritasinfo.org\/index.php?rest_route=%2Fwp%2Fv2%2Fmedia&parent=32509"}],"wp:term":[{"taxonomy":"category","embeddable":true,"href":"https:\/\/veritasinfo.org\/index.php?rest_route=%2Fwp%2Fv2%2Fcategories&post=32509"},{"taxonomy":"post_tag","embeddable":true,"href":"https:\/\/veritasinfo.org\/index.php?rest_route=%2Fwp%2Fv2%2Ftags&post=32509"}],"curies":[{"name":"wp","href":"https:\/\/api.w.org\/{rel}","templated":true}]}}