{"id":3249,"date":"2025-07-10T08:49:20","date_gmt":"2025-07-10T06:49:20","guid":{"rendered":"https:\/\/veritasinfo.org\/?p=3249"},"modified":"2025-07-10T08:49:20","modified_gmt":"2025-07-10T06:49:20","slug":"mohimi-i-gjenocidit-derisa-beogradi-mban-celesin-banja-lluka-nuk-e-hap-deren-e-se-vertetes","status":"publish","type":"post","link":"https:\/\/veritasinfo.org\/?p=3249","title":{"rendered":"Mohimi i gjenocidit: Derisa Beogradi mban \u00e7el\u00ebsin, Banja Lluka nuk e hap der\u00ebn e s\u00eb v\u00ebrtet\u00ebs"},"content":{"rendered":"<p><strong>Sarajev\u00eb, 10 korrik 2025<\/strong><\/p>\n<p>Tridhjet\u00eb vjet pas gjenocidit n\u00eb Srebrenic\u00eb, Beogradi zyrtar ende refuzon t\u00eb njoh\u00eb qart\u00eb dhe pa m\u00ebdyshje at\u00eb q\u00eb u konfirmua nga gjykatat nd\u00ebrkomb\u00ebtare &#8211; se gjenocidi u krye n\u00eb Srebrenic\u00eb n\u00eb korrik t\u00eb vitit 1995. Edhe pse terminologji t\u00eb tilla si &#8220;krim i tmerrsh\u00ebm&#8221; ose &#8220;tragjedi&#8221; p\u00ebrdoren n\u00eb diskursin publik, udh\u00ebheqja politike e Serbis\u00eb, e udh\u00ebhequr nga Presidenti Aleksandar Vu\u00e7i\u00e7, shmang sistematikisht p\u00ebrdorimin e kualifikimit ligjor t\u00eb gjenocidit. Ky q\u00ebndrim nuk \u00ebsht\u00eb vet\u00ebm \u00e7\u00ebshtje e politik\u00ebs s\u00eb brendshme, por ka edhe pasoja t\u00eb drejtp\u00ebrdrejta n\u00eb dinamik\u00ebn politike n\u00eb Bosnj\u00eb dhe Hercegovin\u00eb, ve\u00e7an\u00ebrisht brenda entitetit Republika Srpska (RS), shkruan Al Jazeera Balkans.<\/p>\n<p>\u201cKa parti n\u00eb opozit\u00eb q\u00eb e njohin gjenocidin dhe theksojn\u00eb nevoj\u00ebn p\u00ebr t\u2019u p\u00ebrballur me t\u00eb kaluar\u00ebn, si\u00e7 jan\u00eb Fronti i Majt\u00eb i Gjelb\u00ebr, Partia e Qytetar\u00ebve t\u00eb Lir\u00eb ose Lidhja e Social Demokrat\u00ebve t\u00eb Vojvodin\u00ebs\u201d, thot\u00eb Markoviq, duke theksuar se \u00ebsht\u00eb vet\u00ebm \u00e7\u00ebshtje kohe para se forca t\u00eb tilla t\u00eb jen\u00eb n\u00eb gjendje t\u00eb formojn\u00eb nj\u00eb qeveri.<\/p>\n<p>Megjithat\u00eb, realiteti i Serbis\u00eb s\u00eb sotme \u00ebsht\u00eb larg k\u00ebsaj perspektive. &#8220;Publiku i sot\u00ebm do t\u00eb reagonte (ndaj njohjes zyrtare t\u00eb gjenocidit) me dhun\u00eb dhe negativitet, ndoshta do t\u00eb kishte disa trazira, sepse vet\u00ebm 15 p\u00ebrqind e qytetar\u00ebve e njohin gjenocidin. Edhe pse e ardhmja \u00ebsht\u00eb e zymt\u00eb, nj\u00eb ndryshim n\u00eb opinionin publik do t\u00eb varet kryesisht nga nj\u00eb ndryshim n\u00eb qeveri. Pavar\u00ebsisht sinjaleve t\u00eb her\u00ebpashershme nga opozita, diskursi n\u00eb Serbi \u00ebsht\u00eb ende i form\u00ebsuar nga narrativat nacionaliste, dhe prania e tyre \u00ebsht\u00eb e dukshme edhe tek brezat e rinj.<\/p>\n<p>Gjat\u00eb protestave studentore q\u00eb nga fundi i vitit t\u00eb kaluar, u regjistruan raste t\u00eb pranis\u00eb s\u00eb simboleve \u00e7etnike dhe retorik\u00ebs s\u00eb krahut t\u00eb djatht\u00eb. Nd\u00ebrsa raste t\u00eb tilla mund t\u00eb konsiderohen si &#8220;incidente&#8221; t\u00eb izoluara dhe se t\u00eb gjith\u00eb kan\u00eb t\u00eb drejt\u00eb t\u00eb marrin pjes\u00eb n\u00eb protesta p\u00ebr nj\u00eb Serbi &#8220;m\u00eb t\u00eb mir\u00eb&#8221;, para dhe gjat\u00eb protestave t\u00eb Vidovdanit, retorika nga drejtimi i student\u00ebve vinte q\u00eb t\u00eb kujtonte shum\u00eb at\u00eb t\u00eb p\u00ebrdorur nga Slobodan Millosheviq, dhe fjalimet u mbajt\u00ebn nga persona q\u00eb mund t\u00eb quhen t\u00eb pakt\u00ebn kontravers, gj\u00eb q\u00eb shkaktoi nj\u00ebfar\u00eb ankthi tek fqinj\u00ebt, t\u00eb cil\u00ebt shpresonin se &#8220;po vijn\u00eb dit\u00eb m\u00eb t\u00eb mira&#8221; me brezat e rinj. Sidomos n\u00eb kontekstin e nj\u00eb njohjeje zyrtare t\u00eb ardhshme t\u00eb gjenocidit n\u00eb Srebrenic\u00eb.<\/p>\n<p>N\u00eb k\u00ebt\u00eb drejtim, \u00ebsht\u00eb ve\u00e7an\u00ebrisht e r\u00ebnd\u00ebsishme t\u00eb analizohet se si q\u00ebndrimet e autoriteteve n\u00eb Beograd ndikojn\u00eb drejtp\u00ebrdrejt n\u00eb autoritetet n\u00eb Bosnj\u00eb dhe Hercegovin\u00eb. entiteti Republika Srpska. &#8220;Politika e zbatuar nga elita politike n\u00eb pushtet n\u00eb entitetin boshnjak Republika Srpska &#8211; e kryesuar nga Milorad Dodik &#8211; nuk \u00ebsht\u00eb autonome dhe \u00ebsht\u00eb plot\u00ebsisht e n\u00ebnshtruar dhe e n\u00ebnshtruar ndaj politik\u00ebs s\u00eb qeveris\u00eb serbe, e cila drejtohet n\u00eb m\u00ebnyr\u00eb dominuese nga Aleksandar Vu\u00e7i\u00e7&#8221;, thot\u00eb politologu Elvis Fejzi\u00e7, profesor n\u00eb Fakultetin e Shkencave Politike t\u00eb Universitetit t\u00eb Sarajev\u00ebs.<\/p>\n<p>\u00cbsht\u00eb e qart\u00eb se q\u00ebndrimi i Serbis\u00eb ndaj gjenocidit n\u00eb Srebrenic\u00eb nuk ka qen\u00eb kurr\u00eb vet\u00ebm nj\u00eb \u00e7\u00ebshtje e brendshme. Ai form\u00ebson marr\u00ebdh\u00ebniet politike brenda Bosnj\u00ebs dhe Hercegovin\u00ebs, ndikon n\u00eb stabilitetin rajonal, por edhe n\u00eb pozicionin nd\u00ebrkomb\u00ebtar t\u00eb Serbis\u00eb. Sa her\u00eb q\u00eb Vu\u00e7i\u00e7 refuzon t\u00eb p\u00ebrdor\u00eb fjal\u00ebn &#8220;gjenocid&#8221;, dhe tabloid\u00ebt dhe mediat e regjimit e njollosin hap\u00ebsir\u00ebn publike duke e relativizuar krimin, d\u00ebrgohet nj\u00eb mesazh i qart\u00eb &#8211; se Serbia ende nuk \u00ebsht\u00eb p\u00ebrballur me t\u00eb kaluar\u00ebn e vet.<\/p>\n<p>Dhe derisa ta b\u00ebj\u00eb k\u00ebt\u00eb, as politika e Republik\u00ebs Srpska nuk do t\u00eb ndryshoj\u00eb. Sepse n\u00eb hap\u00ebsir\u00ebn ku Beogradi mban \u00e7el\u00ebsin, as Banja Lluka nuk mund &#8211; ose nuk duhet &#8211; ta hap\u00eb der\u00ebn drejt s\u00eb v\u00ebrtet\u00ebs.<\/p>\n","protected":false},"excerpt":{"rendered":"<p>Sarajev\u00eb, 10 korrik 2025 Tridhjet\u00eb vjet pas gjenocidit n\u00eb Srebrenic\u00eb, Beogradi zyrtar ende refuzon t\u00eb njoh\u00eb qart\u00eb dhe pa m\u00ebdyshje at\u00eb q\u00eb u konfirmua nga<\/p>\n","protected":false},"author":2,"featured_media":3250,"comment_status":"open","ping_status":"open","sticky":false,"template":"","format":"standard","meta":{"footnotes":""},"categories":[72],"tags":[],"class_list":["post-3249","post","type-post","status-publish","format-standard","has-post-thumbnail","hentry","category-bota"],"yoast_head":"<!-- This site is optimized with the Yoast SEO plugin v25.3.1 - https:\/\/yoast.com\/wordpress\/plugins\/seo\/ -->\n<title>Mohimi i gjenocidit: Derisa Beogradi mban \u00e7el\u00ebsin, Banja Lluka nuk e hap der\u00ebn e s\u00eb v\u00ebrtet\u00ebs -<\/title>\n<meta name=\"robots\" content=\"index, follow, max-snippet:-1, max-image-preview:large, max-video-preview:-1\" \/>\n<link rel=\"canonical\" href=\"https:\/\/veritasinfo.org\/?p=3249\" \/>\n<meta property=\"og:locale\" content=\"en_US\" \/>\n<meta property=\"og:type\" content=\"article\" \/>\n<meta property=\"og:title\" content=\"Mohimi i gjenocidit: Derisa Beogradi mban \u00e7el\u00ebsin, Banja Lluka nuk e hap der\u00ebn e s\u00eb v\u00ebrtet\u00ebs -\" \/>\n<meta property=\"og:description\" content=\"Sarajev\u00eb, 10 korrik 2025 Tridhjet\u00eb vjet pas gjenocidit n\u00eb Srebrenic\u00eb, Beogradi zyrtar ende refuzon t\u00eb njoh\u00eb qart\u00eb dhe pa m\u00ebdyshje at\u00eb q\u00eb u konfirmua nga\" \/>\n<meta property=\"og:url\" content=\"https:\/\/veritasinfo.org\/?p=3249\" \/>\n<meta property=\"article:published_time\" content=\"2025-07-10T06:49:20+00:00\" \/>\n<meta property=\"og:image\" content=\"https:\/\/veritasinfo.org\/wp-content\/uploads\/2025\/07\/potocari.jpeg\" \/>\n\t<meta property=\"og:image:width\" content=\"750\" \/>\n\t<meta property=\"og:image:height\" content=\"422\" \/>\n\t<meta property=\"og:image:type\" content=\"image\/jpeg\" \/>\n<meta name=\"author\" content=\"US1\" \/>\n<meta name=\"twitter:card\" content=\"summary_large_image\" \/>\n<meta name=\"twitter:label1\" content=\"Written by\" \/>\n\t<meta name=\"twitter:data1\" content=\"US1\" \/>\n\t<meta name=\"twitter:label2\" content=\"Est. reading time\" \/>\n\t<meta name=\"twitter:data2\" content=\"3 minutes\" \/>\n<script type=\"application\/ld+json\" class=\"yoast-schema-graph\">{\"@context\":\"https:\/\/schema.org\",\"@graph\":[{\"@type\":\"WebPage\",\"@id\":\"https:\/\/veritasinfo.org\/?p=3249\",\"url\":\"https:\/\/veritasinfo.org\/?p=3249\",\"name\":\"Mohimi i gjenocidit: Derisa Beogradi mban \u00e7el\u00ebsin, Banja Lluka nuk e hap der\u00ebn e s\u00eb v\u00ebrtet\u00ebs -\",\"isPartOf\":{\"@id\":\"https:\/\/veritasinfo.org\/#website\"},\"primaryImageOfPage\":{\"@id\":\"https:\/\/veritasinfo.org\/?p=3249#primaryimage\"},\"image\":{\"@id\":\"https:\/\/veritasinfo.org\/?p=3249#primaryimage\"},\"thumbnailUrl\":\"https:\/\/veritasinfo.org\/wp-content\/uploads\/2025\/07\/potocari.jpeg\",\"datePublished\":\"2025-07-10T06:49:20+00:00\",\"author\":{\"@id\":\"https:\/\/veritasinfo.org\/#\/schema\/person\/c2b8be262ea994d0995addca692c5e98\"},\"breadcrumb\":{\"@id\":\"https:\/\/veritasinfo.org\/?p=3249#breadcrumb\"},\"inLanguage\":\"en-US\",\"potentialAction\":[{\"@type\":\"ReadAction\",\"target\":[\"https:\/\/veritasinfo.org\/?p=3249\"]}]},{\"@type\":\"ImageObject\",\"inLanguage\":\"en-US\",\"@id\":\"https:\/\/veritasinfo.org\/?p=3249#primaryimage\",\"url\":\"https:\/\/veritasinfo.org\/wp-content\/uploads\/2025\/07\/potocari.jpeg\",\"contentUrl\":\"https:\/\/veritasinfo.org\/wp-content\/uploads\/2025\/07\/potocari.jpeg\",\"width\":750,\"height\":422},{\"@type\":\"BreadcrumbList\",\"@id\":\"https:\/\/veritasinfo.org\/?p=3249#breadcrumb\",\"itemListElement\":[{\"@type\":\"ListItem\",\"position\":1,\"name\":\"Home\",\"item\":\"https:\/\/veritasinfo.org\/\"},{\"@type\":\"ListItem\",\"position\":2,\"name\":\"Mohimi i gjenocidit: Derisa Beogradi mban \u00e7el\u00ebsin, Banja Lluka nuk e hap der\u00ebn e s\u00eb v\u00ebrtet\u00ebs\"}]},{\"@type\":\"WebSite\",\"@id\":\"https:\/\/veritasinfo.org\/#website\",\"url\":\"https:\/\/veritasinfo.org\/\",\"name\":\"\",\"description\":\"\",\"potentialAction\":[{\"@type\":\"SearchAction\",\"target\":{\"@type\":\"EntryPoint\",\"urlTemplate\":\"https:\/\/veritasinfo.org\/?s={search_term_string}\"},\"query-input\":{\"@type\":\"PropertyValueSpecification\",\"valueRequired\":true,\"valueName\":\"search_term_string\"}}],\"inLanguage\":\"en-US\"},{\"@type\":\"Person\",\"@id\":\"https:\/\/veritasinfo.org\/#\/schema\/person\/c2b8be262ea994d0995addca692c5e98\",\"name\":\"US1\",\"image\":{\"@type\":\"ImageObject\",\"inLanguage\":\"en-US\",\"@id\":\"https:\/\/veritasinfo.org\/#\/schema\/person\/image\/\",\"url\":\"https:\/\/secure.gravatar.com\/avatar\/4e96a59bd256abf9956eb9963ac891a47461ffb364d47b0e9aab113328fdb75b?s=96&d=mm&r=g\",\"contentUrl\":\"https:\/\/secure.gravatar.com\/avatar\/4e96a59bd256abf9956eb9963ac891a47461ffb364d47b0e9aab113328fdb75b?s=96&d=mm&r=g\",\"caption\":\"US1\"},\"url\":\"https:\/\/veritasinfo.org\/?author=2\"}]}<\/script>\n<!-- \/ Yoast SEO plugin. -->","yoast_head_json":{"title":"Mohimi i gjenocidit: Derisa Beogradi mban \u00e7el\u00ebsin, Banja Lluka nuk e hap der\u00ebn e s\u00eb v\u00ebrtet\u00ebs -","robots":{"index":"index","follow":"follow","max-snippet":"max-snippet:-1","max-image-preview":"max-image-preview:large","max-video-preview":"max-video-preview:-1"},"canonical":"https:\/\/veritasinfo.org\/?p=3249","og_locale":"en_US","og_type":"article","og_title":"Mohimi i gjenocidit: Derisa Beogradi mban \u00e7el\u00ebsin, Banja Lluka nuk e hap der\u00ebn e s\u00eb v\u00ebrtet\u00ebs -","og_description":"Sarajev\u00eb, 10 korrik 2025 Tridhjet\u00eb vjet pas gjenocidit n\u00eb Srebrenic\u00eb, Beogradi zyrtar ende refuzon t\u00eb njoh\u00eb qart\u00eb dhe pa m\u00ebdyshje at\u00eb q\u00eb u konfirmua nga","og_url":"https:\/\/veritasinfo.org\/?p=3249","article_published_time":"2025-07-10T06:49:20+00:00","og_image":[{"width":750,"height":422,"url":"https:\/\/veritasinfo.org\/wp-content\/uploads\/2025\/07\/potocari.jpeg","type":"image\/jpeg"}],"author":"US1","twitter_card":"summary_large_image","twitter_misc":{"Written by":"US1","Est. reading time":"3 minutes"},"schema":{"@context":"https:\/\/schema.org","@graph":[{"@type":"WebPage","@id":"https:\/\/veritasinfo.org\/?p=3249","url":"https:\/\/veritasinfo.org\/?p=3249","name":"Mohimi i gjenocidit: Derisa Beogradi mban \u00e7el\u00ebsin, Banja Lluka nuk e hap der\u00ebn e s\u00eb v\u00ebrtet\u00ebs -","isPartOf":{"@id":"https:\/\/veritasinfo.org\/#website"},"primaryImageOfPage":{"@id":"https:\/\/veritasinfo.org\/?p=3249#primaryimage"},"image":{"@id":"https:\/\/veritasinfo.org\/?p=3249#primaryimage"},"thumbnailUrl":"https:\/\/veritasinfo.org\/wp-content\/uploads\/2025\/07\/potocari.jpeg","datePublished":"2025-07-10T06:49:20+00:00","author":{"@id":"https:\/\/veritasinfo.org\/#\/schema\/person\/c2b8be262ea994d0995addca692c5e98"},"breadcrumb":{"@id":"https:\/\/veritasinfo.org\/?p=3249#breadcrumb"},"inLanguage":"en-US","potentialAction":[{"@type":"ReadAction","target":["https:\/\/veritasinfo.org\/?p=3249"]}]},{"@type":"ImageObject","inLanguage":"en-US","@id":"https:\/\/veritasinfo.org\/?p=3249#primaryimage","url":"https:\/\/veritasinfo.org\/wp-content\/uploads\/2025\/07\/potocari.jpeg","contentUrl":"https:\/\/veritasinfo.org\/wp-content\/uploads\/2025\/07\/potocari.jpeg","width":750,"height":422},{"@type":"BreadcrumbList","@id":"https:\/\/veritasinfo.org\/?p=3249#breadcrumb","itemListElement":[{"@type":"ListItem","position":1,"name":"Home","item":"https:\/\/veritasinfo.org\/"},{"@type":"ListItem","position":2,"name":"Mohimi i gjenocidit: Derisa Beogradi mban \u00e7el\u00ebsin, Banja Lluka nuk e hap der\u00ebn e s\u00eb v\u00ebrtet\u00ebs"}]},{"@type":"WebSite","@id":"https:\/\/veritasinfo.org\/#website","url":"https:\/\/veritasinfo.org\/","name":"","description":"","potentialAction":[{"@type":"SearchAction","target":{"@type":"EntryPoint","urlTemplate":"https:\/\/veritasinfo.org\/?s={search_term_string}"},"query-input":{"@type":"PropertyValueSpecification","valueRequired":true,"valueName":"search_term_string"}}],"inLanguage":"en-US"},{"@type":"Person","@id":"https:\/\/veritasinfo.org\/#\/schema\/person\/c2b8be262ea994d0995addca692c5e98","name":"US1","image":{"@type":"ImageObject","inLanguage":"en-US","@id":"https:\/\/veritasinfo.org\/#\/schema\/person\/image\/","url":"https:\/\/secure.gravatar.com\/avatar\/4e96a59bd256abf9956eb9963ac891a47461ffb364d47b0e9aab113328fdb75b?s=96&d=mm&r=g","contentUrl":"https:\/\/secure.gravatar.com\/avatar\/4e96a59bd256abf9956eb9963ac891a47461ffb364d47b0e9aab113328fdb75b?s=96&d=mm&r=g","caption":"US1"},"url":"https:\/\/veritasinfo.org\/?author=2"}]}},"featured_image_urls":{"full":["https:\/\/veritasinfo.org\/wp-content\/uploads\/2025\/07\/potocari.jpeg",750,422,false],"thumbnail":["https:\/\/veritasinfo.org\/wp-content\/uploads\/2025\/07\/potocari-150x150.jpeg",150,150,true],"medium":["https:\/\/veritasinfo.org\/wp-content\/uploads\/2025\/07\/potocari-300x169.jpeg",300,169,true],"medium_large":["https:\/\/veritasinfo.org\/wp-content\/uploads\/2025\/07\/potocari.jpeg",640,360,false],"large":["https:\/\/veritasinfo.org\/wp-content\/uploads\/2025\/07\/potocari.jpeg",640,360,false],"1536x1536":["https:\/\/veritasinfo.org\/wp-content\/uploads\/2025\/07\/potocari.jpeg",750,422,false],"2048x2048":["https:\/\/veritasinfo.org\/wp-content\/uploads\/2025\/07\/potocari.jpeg",750,422,false],"kreeti-slider-full":["https:\/\/veritasinfo.org\/wp-content\/uploads\/2025\/07\/potocari.jpeg",750,422,false],"kreeti-featured":["https:\/\/veritasinfo.org\/wp-content\/uploads\/2025\/07\/potocari.jpeg",750,422,false],"kreeti-medium":["https:\/\/veritasinfo.org\/wp-content\/uploads\/2025\/07\/potocari.jpeg",720,405,false],"kreeti-medium-square":["https:\/\/veritasinfo.org\/wp-content\/uploads\/2025\/07\/potocari.jpeg",350,197,false]},"author_info":{"info":["US1"]},"category_info":"<a href=\"https:\/\/veritasinfo.org\/?cat=72\" rel=\"category\">Bota<\/a>","tag_info":"Bota","comment_count":"0","_links":{"self":[{"href":"https:\/\/veritasinfo.org\/index.php?rest_route=\/wp\/v2\/posts\/3249","targetHints":{"allow":["GET"]}}],"collection":[{"href":"https:\/\/veritasinfo.org\/index.php?rest_route=\/wp\/v2\/posts"}],"about":[{"href":"https:\/\/veritasinfo.org\/index.php?rest_route=\/wp\/v2\/types\/post"}],"author":[{"embeddable":true,"href":"https:\/\/veritasinfo.org\/index.php?rest_route=\/wp\/v2\/users\/2"}],"replies":[{"embeddable":true,"href":"https:\/\/veritasinfo.org\/index.php?rest_route=%2Fwp%2Fv2%2Fcomments&post=3249"}],"version-history":[{"count":1,"href":"https:\/\/veritasinfo.org\/index.php?rest_route=\/wp\/v2\/posts\/3249\/revisions"}],"predecessor-version":[{"id":3251,"href":"https:\/\/veritasinfo.org\/index.php?rest_route=\/wp\/v2\/posts\/3249\/revisions\/3251"}],"wp:featuredmedia":[{"embeddable":true,"href":"https:\/\/veritasinfo.org\/index.php?rest_route=\/wp\/v2\/media\/3250"}],"wp:attachment":[{"href":"https:\/\/veritasinfo.org\/index.php?rest_route=%2Fwp%2Fv2%2Fmedia&parent=3249"}],"wp:term":[{"taxonomy":"category","embeddable":true,"href":"https:\/\/veritasinfo.org\/index.php?rest_route=%2Fwp%2Fv2%2Fcategories&post=3249"},{"taxonomy":"post_tag","embeddable":true,"href":"https:\/\/veritasinfo.org\/index.php?rest_route=%2Fwp%2Fv2%2Ftags&post=3249"}],"curies":[{"name":"wp","href":"https:\/\/api.w.org\/{rel}","templated":true}]}}