{"id":32448,"date":"2026-02-13T15:11:19","date_gmt":"2026-02-13T14:11:19","guid":{"rendered":"https:\/\/veritasinfo.org\/?p=32448"},"modified":"2026-02-13T15:13:20","modified_gmt":"2026-02-13T14:13:20","slug":"kongresisti-keith-self-rikonfirmon-mbeshtetje-per-osmanin-dhe-vizionin-e-kosoves-per-anetaresim-ne-nato","status":"publish","type":"post","link":"https:\/\/veritasinfo.org\/?p=32448","title":{"rendered":"Kongresisti Keith Self rikonfirmon mb\u00ebshtetje p\u00ebr Osmanin dhe vizionin e Kosov\u00ebs p\u00ebr an\u00ebtar\u00ebsim n\u00eb NATO"},"content":{"rendered":"<p>Prishtin\u00eb, 13 shkurt 2026 15:10<\/p>\n<p>Presidentja e Kosov\u00ebs, Vjosa Osmani, ka marr\u00eb mb\u00ebshtetje nga ana e Kryetarit t\u00eb N\u00ebnkomitetit p\u00ebr Evrop\u00ebn n\u00eb Komitetin p\u00ebr Pun\u00eb t\u00eb Jashtme t\u00eb Dhom\u00ebs s\u00eb P\u00ebrfaq\u00ebsuesve t\u00eb Shteteve t\u00eb Bashkuara t\u00eb Amerik\u00ebs, Kongresisti republikan Keith Self.<\/p>\n<p>\u201cDua t\u00eb n\u00ebnvizoj besimin jasht\u00ebzakonisht t\u00eb fort\u00eb dhe bipartizan t\u00eb Kongresit t\u00eb Shteteve t\u00eb Bashkuara n\u00eb udh\u00ebheqjen tuaj si Presidente e Republik\u00ebs s\u00eb Kosov\u00ebs\u201d, ka shkruar Kongresisti Self n\u00eb letr\u00ebn mb\u00ebshtet\u00ebse.<\/p>\n<p>Duke theksuar momentin vendimtar n\u00ebp\u00ebr t\u00eb cilin po kalon Kosova, ai ka dh\u00ebn\u00eb mb\u00ebshtetje t\u00eb plot\u00eb p\u00ebr vazhdim\u00ebsin\u00eb e k\u00ebtij vizioni t\u00eb Presidentes duke potencuar se \u201cvizioni dhe p\u00ebrkushtimi juaj i pal\u00ebkundur ndaj vlerave demokratike ofrojn\u00eb stabilitet, vazhdim\u00ebsi dhe drejtim t\u00eb qart\u00eb strategjik n\u00eb nj\u00eb moment vendimtar p\u00ebr Kosov\u00ebn dhe rajonin\u201d.<\/p>\n<p>N\u00eb k\u00ebt\u00eb mesazh, rikonfirmohet qart\u00eb se n\u00ebn udh\u00ebheqjen e Osmanit, institucionet e Kosov\u00ebs do t\u00eb vazhdojn\u00eb t\u00eb mbrojn\u00eb normat demokratike, parimet kushtetuese dhe sundimin e ligjit, elemente thelb\u00ebsore p\u00ebr konsolidimin e shtetit dhe forcimin e partneritetit nd\u00ebrkomb\u00ebtar.<\/p>\n<p>\u201cLetra po ashtu thekson se Shtetet e Bashkuara mbeten t\u00eb pal\u00ebkundura n\u00eb mb\u00ebshtetjen p\u00ebr objektivat strategjike dhe ekonomike afatgjata t\u00eb Kosov\u00ebs, me theks t\u00eb ve\u00e7ant\u00eb n\u00eb inkurajimin e an\u00ebtar\u00ebsimit n\u00eb NATO dhe forcimin e partneritetit euroatlantik si shtylla ky\u00e7e p\u00ebr stabilitet t\u00eb q\u00ebndruesh\u00ebm dhe prosperitet n\u00eb Ballkan, objektiva p\u00ebr t\u00eb cilat Presidentja ka punuar p\u00ebrgjat\u00eb gjith\u00eb mandatit t\u00eb saj. Kjo mb\u00ebshtetje e qart\u00eb nga nj\u00eb prej figurave ky\u00e7e t\u00eb politik\u00ebs s\u00eb jashtme n\u00eb Kongresin amerikan p\u00ebrb\u00ebn nj\u00eb konfirmim t\u00eb fuqish\u00ebm t\u00eb besimit n\u00eb lidershipin e Presidentes Osmani dhe n\u00eb drejtimin euroatlantik t\u00eb Republik\u00ebs s\u00eb Kosov\u00ebs\u201d, thuhet nw njoftimin e Presidencws.<\/p>\n","protected":false},"excerpt":{"rendered":"<p>Prishtin\u00eb, 13 shkurt 2026 15:10 Presidentja e Kosov\u00ebs, Vjosa Osmani, ka marr\u00eb mb\u00ebshtetje nga ana e Kryetarit t\u00eb N\u00ebnkomitetit p\u00ebr Evrop\u00ebn n\u00eb Komitetin p\u00ebr Pun\u00eb<\/p>\n","protected":false},"author":7,"featured_media":32449,"comment_status":"open","ping_status":"open","sticky":false,"template":"","format":"standard","meta":{"footnotes":""},"categories":[58],"tags":[],"class_list":["post-32448","post","type-post","status-publish","format-standard","has-post-thumbnail","hentry","category-politike-sq"],"yoast_head":"<!-- This site is optimized with the Yoast SEO plugin v25.3.1 - https:\/\/yoast.com\/wordpress\/plugins\/seo\/ -->\n<title>Kongresisti Keith Self rikonfirmon mb\u00ebshtetje p\u00ebr Osmanin dhe vizionin e Kosov\u00ebs p\u00ebr an\u00ebtar\u00ebsim n\u00eb NATO -<\/title>\n<meta name=\"robots\" content=\"index, follow, max-snippet:-1, max-image-preview:large, max-video-preview:-1\" \/>\n<link rel=\"canonical\" href=\"https:\/\/veritasinfo.org\/?p=32448\" \/>\n<meta property=\"og:locale\" content=\"en_US\" \/>\n<meta property=\"og:type\" content=\"article\" \/>\n<meta property=\"og:title\" content=\"Kongresisti Keith Self rikonfirmon mb\u00ebshtetje p\u00ebr Osmanin dhe vizionin e Kosov\u00ebs p\u00ebr an\u00ebtar\u00ebsim n\u00eb NATO -\" \/>\n<meta property=\"og:description\" content=\"Prishtin\u00eb, 13 shkurt 2026 15:10 Presidentja e Kosov\u00ebs, Vjosa Osmani, ka marr\u00eb mb\u00ebshtetje nga ana e Kryetarit t\u00eb N\u00ebnkomitetit p\u00ebr Evrop\u00ebn n\u00eb Komitetin p\u00ebr Pun\u00eb\" \/>\n<meta property=\"og:url\" content=\"https:\/\/veritasinfo.org\/?p=32448\" \/>\n<meta property=\"article:published_time\" content=\"2026-02-13T14:11:19+00:00\" \/>\n<meta property=\"article:modified_time\" content=\"2026-02-13T14:13:20+00:00\" \/>\n<meta property=\"og:image\" content=\"https:\/\/veritasinfo.org\/wp-content\/uploads\/2026\/02\/Keish-self_1.jpg\" \/>\n\t<meta property=\"og:image:width\" content=\"2048\" \/>\n\t<meta property=\"og:image:height\" content=\"1536\" \/>\n\t<meta property=\"og:image:type\" content=\"image\/jpeg\" \/>\n<meta name=\"author\" content=\"US6\" \/>\n<meta name=\"twitter:card\" content=\"summary_large_image\" \/>\n<meta name=\"twitter:label1\" content=\"Written by\" \/>\n\t<meta name=\"twitter:data1\" content=\"US6\" \/>\n\t<meta name=\"twitter:label2\" content=\"Est. reading time\" \/>\n\t<meta name=\"twitter:data2\" content=\"2 minutes\" \/>\n<script type=\"application\/ld+json\" class=\"yoast-schema-graph\">{\"@context\":\"https:\/\/schema.org\",\"@graph\":[{\"@type\":\"WebPage\",\"@id\":\"https:\/\/veritasinfo.org\/?p=32448\",\"url\":\"https:\/\/veritasinfo.org\/?p=32448\",\"name\":\"Kongresisti Keith Self rikonfirmon mb\u00ebshtetje p\u00ebr Osmanin dhe vizionin e Kosov\u00ebs p\u00ebr an\u00ebtar\u00ebsim n\u00eb NATO -\",\"isPartOf\":{\"@id\":\"https:\/\/veritasinfo.org\/#website\"},\"primaryImageOfPage\":{\"@id\":\"https:\/\/veritasinfo.org\/?p=32448#primaryimage\"},\"image\":{\"@id\":\"https:\/\/veritasinfo.org\/?p=32448#primaryimage\"},\"thumbnailUrl\":\"https:\/\/veritasinfo.org\/wp-content\/uploads\/2026\/02\/Keish-self_1.jpg\",\"datePublished\":\"2026-02-13T14:11:19+00:00\",\"dateModified\":\"2026-02-13T14:13:20+00:00\",\"author\":{\"@id\":\"https:\/\/veritasinfo.org\/#\/schema\/person\/fe199eede04c3937362892b7444747cc\"},\"breadcrumb\":{\"@id\":\"https:\/\/veritasinfo.org\/?p=32448#breadcrumb\"},\"inLanguage\":\"en-US\",\"potentialAction\":[{\"@type\":\"ReadAction\",\"target\":[\"https:\/\/veritasinfo.org\/?p=32448\"]}]},{\"@type\":\"ImageObject\",\"inLanguage\":\"en-US\",\"@id\":\"https:\/\/veritasinfo.org\/?p=32448#primaryimage\",\"url\":\"https:\/\/veritasinfo.org\/wp-content\/uploads\/2026\/02\/Keish-self_1.jpg\",\"contentUrl\":\"https:\/\/veritasinfo.org\/wp-content\/uploads\/2026\/02\/Keish-self_1.jpg\",\"width\":2048,\"height\":1536},{\"@type\":\"BreadcrumbList\",\"@id\":\"https:\/\/veritasinfo.org\/?p=32448#breadcrumb\",\"itemListElement\":[{\"@type\":\"ListItem\",\"position\":1,\"name\":\"Home\",\"item\":\"https:\/\/veritasinfo.org\/\"},{\"@type\":\"ListItem\",\"position\":2,\"name\":\"Kongresisti Keith Self rikonfirmon mb\u00ebshtetje p\u00ebr Osmanin dhe vizionin e Kosov\u00ebs p\u00ebr an\u00ebtar\u00ebsim n\u00eb NATO\"}]},{\"@type\":\"WebSite\",\"@id\":\"https:\/\/veritasinfo.org\/#website\",\"url\":\"https:\/\/veritasinfo.org\/\",\"name\":\"\",\"description\":\"\",\"potentialAction\":[{\"@type\":\"SearchAction\",\"target\":{\"@type\":\"EntryPoint\",\"urlTemplate\":\"https:\/\/veritasinfo.org\/?s={search_term_string}\"},\"query-input\":{\"@type\":\"PropertyValueSpecification\",\"valueRequired\":true,\"valueName\":\"search_term_string\"}}],\"inLanguage\":\"en-US\"},{\"@type\":\"Person\",\"@id\":\"https:\/\/veritasinfo.org\/#\/schema\/person\/fe199eede04c3937362892b7444747cc\",\"name\":\"US6\",\"image\":{\"@type\":\"ImageObject\",\"inLanguage\":\"en-US\",\"@id\":\"https:\/\/veritasinfo.org\/#\/schema\/person\/image\/\",\"url\":\"https:\/\/secure.gravatar.com\/avatar\/cb16c3c31c9d23b9b8c705964598220b3014e42ff51eb540ff23cefa3ae8c15f?s=96&d=mm&r=g\",\"contentUrl\":\"https:\/\/secure.gravatar.com\/avatar\/cb16c3c31c9d23b9b8c705964598220b3014e42ff51eb540ff23cefa3ae8c15f?s=96&d=mm&r=g\",\"caption\":\"US6\"},\"url\":\"https:\/\/veritasinfo.org\/?author=7\"}]}<\/script>\n<!-- \/ Yoast SEO plugin. -->","yoast_head_json":{"title":"Kongresisti Keith Self rikonfirmon mb\u00ebshtetje p\u00ebr Osmanin dhe vizionin e Kosov\u00ebs p\u00ebr an\u00ebtar\u00ebsim n\u00eb NATO -","robots":{"index":"index","follow":"follow","max-snippet":"max-snippet:-1","max-image-preview":"max-image-preview:large","max-video-preview":"max-video-preview:-1"},"canonical":"https:\/\/veritasinfo.org\/?p=32448","og_locale":"en_US","og_type":"article","og_title":"Kongresisti Keith Self rikonfirmon mb\u00ebshtetje p\u00ebr Osmanin dhe vizionin e Kosov\u00ebs p\u00ebr an\u00ebtar\u00ebsim n\u00eb NATO -","og_description":"Prishtin\u00eb, 13 shkurt 2026 15:10 Presidentja e Kosov\u00ebs, Vjosa Osmani, ka marr\u00eb mb\u00ebshtetje nga ana e Kryetarit t\u00eb N\u00ebnkomitetit p\u00ebr Evrop\u00ebn n\u00eb Komitetin p\u00ebr Pun\u00eb","og_url":"https:\/\/veritasinfo.org\/?p=32448","article_published_time":"2026-02-13T14:11:19+00:00","article_modified_time":"2026-02-13T14:13:20+00:00","og_image":[{"width":2048,"height":1536,"url":"https:\/\/veritasinfo.org\/wp-content\/uploads\/2026\/02\/Keish-self_1.jpg","type":"image\/jpeg"}],"author":"US6","twitter_card":"summary_large_image","twitter_misc":{"Written by":"US6","Est. reading time":"2 minutes"},"schema":{"@context":"https:\/\/schema.org","@graph":[{"@type":"WebPage","@id":"https:\/\/veritasinfo.org\/?p=32448","url":"https:\/\/veritasinfo.org\/?p=32448","name":"Kongresisti Keith Self rikonfirmon mb\u00ebshtetje p\u00ebr Osmanin dhe vizionin e Kosov\u00ebs p\u00ebr an\u00ebtar\u00ebsim n\u00eb NATO -","isPartOf":{"@id":"https:\/\/veritasinfo.org\/#website"},"primaryImageOfPage":{"@id":"https:\/\/veritasinfo.org\/?p=32448#primaryimage"},"image":{"@id":"https:\/\/veritasinfo.org\/?p=32448#primaryimage"},"thumbnailUrl":"https:\/\/veritasinfo.org\/wp-content\/uploads\/2026\/02\/Keish-self_1.jpg","datePublished":"2026-02-13T14:11:19+00:00","dateModified":"2026-02-13T14:13:20+00:00","author":{"@id":"https:\/\/veritasinfo.org\/#\/schema\/person\/fe199eede04c3937362892b7444747cc"},"breadcrumb":{"@id":"https:\/\/veritasinfo.org\/?p=32448#breadcrumb"},"inLanguage":"en-US","potentialAction":[{"@type":"ReadAction","target":["https:\/\/veritasinfo.org\/?p=32448"]}]},{"@type":"ImageObject","inLanguage":"en-US","@id":"https:\/\/veritasinfo.org\/?p=32448#primaryimage","url":"https:\/\/veritasinfo.org\/wp-content\/uploads\/2026\/02\/Keish-self_1.jpg","contentUrl":"https:\/\/veritasinfo.org\/wp-content\/uploads\/2026\/02\/Keish-self_1.jpg","width":2048,"height":1536},{"@type":"BreadcrumbList","@id":"https:\/\/veritasinfo.org\/?p=32448#breadcrumb","itemListElement":[{"@type":"ListItem","position":1,"name":"Home","item":"https:\/\/veritasinfo.org\/"},{"@type":"ListItem","position":2,"name":"Kongresisti Keith Self rikonfirmon mb\u00ebshtetje p\u00ebr Osmanin dhe vizionin e Kosov\u00ebs p\u00ebr an\u00ebtar\u00ebsim n\u00eb NATO"}]},{"@type":"WebSite","@id":"https:\/\/veritasinfo.org\/#website","url":"https:\/\/veritasinfo.org\/","name":"","description":"","potentialAction":[{"@type":"SearchAction","target":{"@type":"EntryPoint","urlTemplate":"https:\/\/veritasinfo.org\/?s={search_term_string}"},"query-input":{"@type":"PropertyValueSpecification","valueRequired":true,"valueName":"search_term_string"}}],"inLanguage":"en-US"},{"@type":"Person","@id":"https:\/\/veritasinfo.org\/#\/schema\/person\/fe199eede04c3937362892b7444747cc","name":"US6","image":{"@type":"ImageObject","inLanguage":"en-US","@id":"https:\/\/veritasinfo.org\/#\/schema\/person\/image\/","url":"https:\/\/secure.gravatar.com\/avatar\/cb16c3c31c9d23b9b8c705964598220b3014e42ff51eb540ff23cefa3ae8c15f?s=96&d=mm&r=g","contentUrl":"https:\/\/secure.gravatar.com\/avatar\/cb16c3c31c9d23b9b8c705964598220b3014e42ff51eb540ff23cefa3ae8c15f?s=96&d=mm&r=g","caption":"US6"},"url":"https:\/\/veritasinfo.org\/?author=7"}]}},"featured_image_urls":{"full":["https:\/\/veritasinfo.org\/wp-content\/uploads\/2026\/02\/Keish-self_1.jpg",2048,1536,false],"thumbnail":["https:\/\/veritasinfo.org\/wp-content\/uploads\/2026\/02\/Keish-self_1-150x150.jpg",150,150,true],"medium":["https:\/\/veritasinfo.org\/wp-content\/uploads\/2026\/02\/Keish-self_1-300x225.jpg",300,225,true],"medium_large":["https:\/\/veritasinfo.org\/wp-content\/uploads\/2026\/02\/Keish-self_1-768x576.jpg",640,480,true],"large":["https:\/\/veritasinfo.org\/wp-content\/uploads\/2026\/02\/Keish-self_1-1024x768.jpg",640,480,true],"1536x1536":["https:\/\/veritasinfo.org\/wp-content\/uploads\/2026\/02\/Keish-self_1-1536x1152.jpg",1536,1152,true],"2048x2048":["https:\/\/veritasinfo.org\/wp-content\/uploads\/2026\/02\/Keish-self_1.jpg",2048,1536,false],"kreeti-slider-full":["https:\/\/veritasinfo.org\/wp-content\/uploads\/2026\/02\/Keish-self_1.jpg",960,720,false],"kreeti-featured":["https:\/\/veritasinfo.org\/wp-content\/uploads\/2026\/02\/Keish-self_1.jpg",1024,768,false],"kreeti-medium":["https:\/\/veritasinfo.org\/wp-content\/uploads\/2026\/02\/Keish-self_1.jpg",707,530,false],"kreeti-medium-square":["https:\/\/veritasinfo.org\/wp-content\/uploads\/2026\/02\/Keish-self_1.jpg",350,263,false]},"author_info":{"info":["US6"]},"category_info":"<a href=\"https:\/\/veritasinfo.org\/?cat=58\" rel=\"category\">Politik\u00eb<\/a>","tag_info":"Politik\u00eb","comment_count":"0","_links":{"self":[{"href":"https:\/\/veritasinfo.org\/index.php?rest_route=\/wp\/v2\/posts\/32448","targetHints":{"allow":["GET"]}}],"collection":[{"href":"https:\/\/veritasinfo.org\/index.php?rest_route=\/wp\/v2\/posts"}],"about":[{"href":"https:\/\/veritasinfo.org\/index.php?rest_route=\/wp\/v2\/types\/post"}],"author":[{"embeddable":true,"href":"https:\/\/veritasinfo.org\/index.php?rest_route=\/wp\/v2\/users\/7"}],"replies":[{"embeddable":true,"href":"https:\/\/veritasinfo.org\/index.php?rest_route=%2Fwp%2Fv2%2Fcomments&post=32448"}],"version-history":[{"count":1,"href":"https:\/\/veritasinfo.org\/index.php?rest_route=\/wp\/v2\/posts\/32448\/revisions"}],"predecessor-version":[{"id":32450,"href":"https:\/\/veritasinfo.org\/index.php?rest_route=\/wp\/v2\/posts\/32448\/revisions\/32450"}],"wp:featuredmedia":[{"embeddable":true,"href":"https:\/\/veritasinfo.org\/index.php?rest_route=\/wp\/v2\/media\/32449"}],"wp:attachment":[{"href":"https:\/\/veritasinfo.org\/index.php?rest_route=%2Fwp%2Fv2%2Fmedia&parent=32448"}],"wp:term":[{"taxonomy":"category","embeddable":true,"href":"https:\/\/veritasinfo.org\/index.php?rest_route=%2Fwp%2Fv2%2Fcategories&post=32448"},{"taxonomy":"post_tag","embeddable":true,"href":"https:\/\/veritasinfo.org\/index.php?rest_route=%2Fwp%2Fv2%2Ftags&post=32448"}],"curies":[{"name":"wp","href":"https:\/\/api.w.org\/{rel}","templated":true}]}}