{"id":32431,"date":"2026-02-13T13:33:42","date_gmt":"2026-02-13T12:33:42","guid":{"rendered":"https:\/\/veritasinfo.org\/?p=32431"},"modified":"2026-02-13T13:33:42","modified_gmt":"2026-02-13T12:33:42","slug":"kryetaret-serbe-te-komunave-takohen-me-ministrin-krasniqi","status":"publish","type":"post","link":"https:\/\/veritasinfo.org\/?p=32431","title":{"rendered":"Kryetar\u00ebt serb\u00eb t\u00eb Komunave takohen me ministrin Krasniqi"},"content":{"rendered":"<p>Prishtin\u00eb, 13 shkurt 2026 13:32<\/p>\n<p>Kryetar\u00ebt e dhjet\u00eb komunave me shumic\u00eb serbe n\u00eb Kosov\u00eb u takuan t\u00eb premten n\u00eb Prishtin\u00eb me ministrin e Administrimit t\u00eb Pushtetit Lokal n\u00eb Qeverin\u00eb e Kosov\u00ebs, Elbert Krasniqi, por than\u00eb se \u201cnuk \u00ebsht\u00eb diskutuar p\u00ebr integrimin e institucioneve serbe t\u00eb sh\u00ebndet\u00ebsis\u00eb dhe arsimit n\u00eb sistemin e Kosov\u00ebs\u201d.<\/p>\n<p>&nbsp;<\/p>\n<p>Kryetari i Mitrovic\u00ebs s\u00eb Veriut, Millan Radojeviq, tha se ata nuk jan\u00eb kompetent\u00eb p\u00ebr \u00e7\u00ebshtjen e integrimit dhe se ajo duhet t\u00eb negociohet brenda korniz\u00ebs s\u00eb dialogut p\u00ebr normalizimin e marr\u00ebdh\u00ebnieve mes Kosov\u00ebs dhe Serbis\u00eb.<\/p>\n<p>\u201cNe, si kryetar\u00eb komunash, besojm\u00eb se kjo nuk \u00ebsht\u00eb di\u00e7ka me t\u00eb cil\u00ebn duhet t\u00eb merremi; \u00ebsht\u00eb ekskluzivisht nj\u00eb tem\u00eb p\u00ebr negociata dhe negociator\u00ebt kryesor\u00eb\u201d, tha ai.<\/p>\n<p>Takimi i kryetar\u00ebve t\u00eb dhjet\u00eb komunave me shumic\u00eb serbe dhe ministrit Krasniqi u paralajm\u00ebrua m\u00eb her\u00ebt nga ish-z\u00ebvend\u00ebskryeministri i Kosov\u00ebs, Besnik Bislimi, i cili tha se pes\u00eb-gjasht\u00eb jav\u00ebt e ardhshme jan\u00eb shum\u00eb t\u00eb r\u00ebnd\u00ebsishme p\u00ebr integrimin e institucioneve serbe t\u00eb sh\u00ebndet\u00ebsis\u00eb dhe arsimit dhe se t\u00eb gjith\u00eb duhet t\u00eb jen\u00eb konstruktiv\u00eb p\u00ebr k\u00ebt\u00eb \u00e7\u00ebshtje.<\/p>\n<p>\u201cDo t\u00eb ishte mir\u00eb q\u00eb kryetar\u00ebt e komunave t\u00eb tregonin sa m\u00eb shum\u00eb p\u00ebrgjegj\u00ebsi q\u00eb t\u00eb jet\u00eb e mundur n\u00eb k\u00ebt\u00eb faz\u00eb, sepse mir\u00ebqenia e qytetar\u00ebve t\u00eb tyre varet kryesisht nga qasja q\u00eb do t\u00eb ndjekin n\u00eb jav\u00ebt e ardhshme\u201d, tha Bislimi.<\/p>\n<p>Megjithat\u00eb, Radojeviq tha se ky takim kishte t\u00eb b\u00ebnte me problemet komunale, administrative ose teknike, me t\u00eb cilat po p\u00ebrballen komunat.<\/p>\n<p>\u201cKemi edhe probleme me personelin dhe institucionale, ndryshimin e kufijve t\u00eb komunave&#8230;\u201d, tha ai.<\/p>\n<p>Radojeviq shtoi se nuk ka marr\u00eb ndonj\u00eb p\u00ebrgjigje nga ministri Krasniqi p\u00ebr problemet e ngritura, por se e pret n\u00eb t\u00eb ardhmen.<\/p>\n<p>Nj\u00eb dit\u00eb m\u00eb her\u00ebt, kryetar\u00ebt e komunave me shumic\u00eb serbe n\u00eb Kosov\u00eb miratuan nj\u00eb deklarat\u00eb, me t\u00eb cil\u00ebn hodh\u00ebn posht\u00eb dhe d\u00ebnuan \u00e7do veprim ose aktivitet q\u00eb mund t\u00eb rrezikoj\u00eb pun\u00ebn dhe sh\u00ebrbimet e institucioneve sh\u00ebndet\u00ebsore dhe arsimore, q\u00eb veprojn\u00eb n\u00eb mjediset me shumic\u00eb serbe, brenda sistemit t\u00eb Serbis\u00eb.<\/p>\n<p>Deklarata, e cila u miratua n\u00eb m\u00ebnyr\u00eb unanime n\u00eb Mitrovic\u00eb t\u00eb Veriut, thot\u00eb se \u201cl\u00ebvizjet e nj\u00ebanshme kund\u00ebr institucioneve arsimore dhe sh\u00ebndet\u00ebsore, p\u00ebrtej negociatave n\u00eb Bruksel dhe Asociacionit t\u00eb komunave me shumic\u00eb serbe\u201d dhe zbatimi i Ligjit p\u00ebr t\u00eb Huajt dhe Ligjit p\u00ebr Automjetet, \u201cdo t\u00eb p\u00ebrb\u00ebnin spastrim etnik administrativ t\u00eb popullit serb\u201d.<\/p>\n<p>Subjektet e tjera politike serbe e kan\u00eb akuzuar List\u00ebn Serbe &#8211; partit\u00eb m\u00eb t\u00eb madhe t\u00eb serb\u00ebve n\u00eb Kosov\u00eb &#8211; se tashm\u00eb ka r\u00ebn\u00eb dakord p\u00ebr integrimin dhe se thjesht \u201cpo simulon rezistenc\u00ebn\u201d.<\/p>\n<p>Sipas tyre, kjo \u00ebsht\u00eb nj\u00eb p\u00ebrpjekje p\u00ebr t\u00eb mbuluar \u201cvitet e heshtjes dhe p\u00ebrgjegj\u00ebsis\u00eb politike\u201d.<\/p>\n<p>Paralajm\u00ebrimi p\u00ebr fillimin e integrimit t\u00eb institucioneve arsimore dhe sh\u00ebndet\u00ebsore p\u00ebrkon me fillimin e faz\u00ebs s\u00eb par\u00eb t\u00eb zbatimit t\u00eb plot\u00eb t\u00eb Ligjit p\u00ebr t\u00eb Huajt, q\u00eb zgjat deri m\u00eb 15 mars dhe p\u00ebrfshin periudh\u00ebn e informimit.<\/p>\n<p>Ky ligj mund t\u00eb ndikoj\u00eb n\u00eb funksionimin e institucioneve sh\u00ebndet\u00ebsore dhe arsimore serbe, sepse ata q\u00eb nuk kan\u00eb dokumente t\u00eb Kosov\u00ebs, duhet t\u00eb marrin leje pune ose licenc\u00eb nga Agjencia Kosovare e Pun\u00ebsimit.<\/p>\n<p>N\u00eb praktik\u00eb, marrja e lejes p\u00ebr pun\u00eb ose shkollim mund t\u00eb jet\u00eb problematike, pasi Kosova nuk i njeh institucionet e Serbis\u00eb, duke i konsideruar ato paralele dhe ilegale.<\/p>\n<p>&nbsp;<\/p>\n<p>&nbsp;<\/p>\n<p>&nbsp;<\/p>\n","protected":false},"excerpt":{"rendered":"<p>Prishtin\u00eb, 13 shkurt 2026 13:32 Kryetar\u00ebt e dhjet\u00eb komunave me shumic\u00eb serbe n\u00eb Kosov\u00eb u takuan t\u00eb premten n\u00eb Prishtin\u00eb me ministrin e Administrimit t\u00eb<\/p>\n","protected":false},"author":7,"featured_media":32432,"comment_status":"open","ping_status":"open","sticky":false,"template":"","format":"standard","meta":{"footnotes":""},"categories":[58],"tags":[],"class_list":["post-32431","post","type-post","status-publish","format-standard","has-post-thumbnail","hentry","category-politike-sq"],"yoast_head":"<!-- This site is optimized with the Yoast SEO plugin v25.3.1 - https:\/\/yoast.com\/wordpress\/plugins\/seo\/ -->\n<title>Kryetar\u00ebt serb\u00eb t\u00eb Komunave takohen me ministrin Krasniqi -<\/title>\n<meta name=\"robots\" content=\"index, follow, max-snippet:-1, max-image-preview:large, max-video-preview:-1\" \/>\n<link rel=\"canonical\" href=\"https:\/\/veritasinfo.org\/?p=32431\" \/>\n<meta property=\"og:locale\" content=\"en_US\" \/>\n<meta property=\"og:type\" content=\"article\" \/>\n<meta property=\"og:title\" content=\"Kryetar\u00ebt serb\u00eb t\u00eb Komunave takohen me ministrin Krasniqi -\" \/>\n<meta property=\"og:description\" content=\"Prishtin\u00eb, 13 shkurt 2026 13:32 Kryetar\u00ebt e dhjet\u00eb komunave me shumic\u00eb serbe n\u00eb Kosov\u00eb u takuan t\u00eb premten n\u00eb Prishtin\u00eb me ministrin e Administrimit t\u00eb\" \/>\n<meta property=\"og:url\" content=\"https:\/\/veritasinfo.org\/?p=32431\" \/>\n<meta property=\"article:published_time\" content=\"2026-02-13T12:33:42+00:00\" \/>\n<meta property=\"og:image\" content=\"https:\/\/veritasinfo.org\/wp-content\/uploads\/2026\/02\/67b2f959-2ecf-4364-a081-0ca51767057b.webp\" \/>\n\t<meta property=\"og:image:width\" content=\"853\" \/>\n\t<meta property=\"og:image:height\" content=\"549\" \/>\n\t<meta property=\"og:image:type\" content=\"image\/webp\" \/>\n<meta name=\"author\" content=\"US6\" \/>\n<meta name=\"twitter:card\" content=\"summary_large_image\" \/>\n<meta name=\"twitter:label1\" content=\"Written by\" \/>\n\t<meta name=\"twitter:data1\" content=\"US6\" \/>\n\t<meta name=\"twitter:label2\" content=\"Est. reading time\" \/>\n\t<meta name=\"twitter:data2\" content=\"3 minutes\" \/>\n<script type=\"application\/ld+json\" class=\"yoast-schema-graph\">{\"@context\":\"https:\/\/schema.org\",\"@graph\":[{\"@type\":\"WebPage\",\"@id\":\"https:\/\/veritasinfo.org\/?p=32431\",\"url\":\"https:\/\/veritasinfo.org\/?p=32431\",\"name\":\"Kryetar\u00ebt serb\u00eb t\u00eb Komunave takohen me ministrin Krasniqi -\",\"isPartOf\":{\"@id\":\"https:\/\/veritasinfo.org\/#website\"},\"primaryImageOfPage\":{\"@id\":\"https:\/\/veritasinfo.org\/?p=32431#primaryimage\"},\"image\":{\"@id\":\"https:\/\/veritasinfo.org\/?p=32431#primaryimage\"},\"thumbnailUrl\":\"https:\/\/veritasinfo.org\/wp-content\/uploads\/2026\/02\/67b2f959-2ecf-4364-a081-0ca51767057b.webp\",\"datePublished\":\"2026-02-13T12:33:42+00:00\",\"author\":{\"@id\":\"https:\/\/veritasinfo.org\/#\/schema\/person\/fe199eede04c3937362892b7444747cc\"},\"breadcrumb\":{\"@id\":\"https:\/\/veritasinfo.org\/?p=32431#breadcrumb\"},\"inLanguage\":\"en-US\",\"potentialAction\":[{\"@type\":\"ReadAction\",\"target\":[\"https:\/\/veritasinfo.org\/?p=32431\"]}]},{\"@type\":\"ImageObject\",\"inLanguage\":\"en-US\",\"@id\":\"https:\/\/veritasinfo.org\/?p=32431#primaryimage\",\"url\":\"https:\/\/veritasinfo.org\/wp-content\/uploads\/2026\/02\/67b2f959-2ecf-4364-a081-0ca51767057b.webp\",\"contentUrl\":\"https:\/\/veritasinfo.org\/wp-content\/uploads\/2026\/02\/67b2f959-2ecf-4364-a081-0ca51767057b.webp\",\"width\":853,\"height\":549},{\"@type\":\"BreadcrumbList\",\"@id\":\"https:\/\/veritasinfo.org\/?p=32431#breadcrumb\",\"itemListElement\":[{\"@type\":\"ListItem\",\"position\":1,\"name\":\"Home\",\"item\":\"https:\/\/veritasinfo.org\/\"},{\"@type\":\"ListItem\",\"position\":2,\"name\":\"Kryetar\u00ebt serb\u00eb t\u00eb Komunave takohen me ministrin Krasniqi\"}]},{\"@type\":\"WebSite\",\"@id\":\"https:\/\/veritasinfo.org\/#website\",\"url\":\"https:\/\/veritasinfo.org\/\",\"name\":\"\",\"description\":\"\",\"potentialAction\":[{\"@type\":\"SearchAction\",\"target\":{\"@type\":\"EntryPoint\",\"urlTemplate\":\"https:\/\/veritasinfo.org\/?s={search_term_string}\"},\"query-input\":{\"@type\":\"PropertyValueSpecification\",\"valueRequired\":true,\"valueName\":\"search_term_string\"}}],\"inLanguage\":\"en-US\"},{\"@type\":\"Person\",\"@id\":\"https:\/\/veritasinfo.org\/#\/schema\/person\/fe199eede04c3937362892b7444747cc\",\"name\":\"US6\",\"image\":{\"@type\":\"ImageObject\",\"inLanguage\":\"en-US\",\"@id\":\"https:\/\/veritasinfo.org\/#\/schema\/person\/image\/\",\"url\":\"https:\/\/secure.gravatar.com\/avatar\/cb16c3c31c9d23b9b8c705964598220b3014e42ff51eb540ff23cefa3ae8c15f?s=96&d=mm&r=g\",\"contentUrl\":\"https:\/\/secure.gravatar.com\/avatar\/cb16c3c31c9d23b9b8c705964598220b3014e42ff51eb540ff23cefa3ae8c15f?s=96&d=mm&r=g\",\"caption\":\"US6\"},\"url\":\"https:\/\/veritasinfo.org\/?author=7\"}]}<\/script>\n<!-- \/ Yoast SEO plugin. -->","yoast_head_json":{"title":"Kryetar\u00ebt serb\u00eb t\u00eb Komunave takohen me ministrin Krasniqi -","robots":{"index":"index","follow":"follow","max-snippet":"max-snippet:-1","max-image-preview":"max-image-preview:large","max-video-preview":"max-video-preview:-1"},"canonical":"https:\/\/veritasinfo.org\/?p=32431","og_locale":"en_US","og_type":"article","og_title":"Kryetar\u00ebt serb\u00eb t\u00eb Komunave takohen me ministrin Krasniqi -","og_description":"Prishtin\u00eb, 13 shkurt 2026 13:32 Kryetar\u00ebt e dhjet\u00eb komunave me shumic\u00eb serbe n\u00eb Kosov\u00eb u takuan t\u00eb premten n\u00eb Prishtin\u00eb me ministrin e Administrimit t\u00eb","og_url":"https:\/\/veritasinfo.org\/?p=32431","article_published_time":"2026-02-13T12:33:42+00:00","og_image":[{"width":853,"height":549,"url":"https:\/\/veritasinfo.org\/wp-content\/uploads\/2026\/02\/67b2f959-2ecf-4364-a081-0ca51767057b.webp","type":"image\/webp"}],"author":"US6","twitter_card":"summary_large_image","twitter_misc":{"Written by":"US6","Est. reading time":"3 minutes"},"schema":{"@context":"https:\/\/schema.org","@graph":[{"@type":"WebPage","@id":"https:\/\/veritasinfo.org\/?p=32431","url":"https:\/\/veritasinfo.org\/?p=32431","name":"Kryetar\u00ebt serb\u00eb t\u00eb Komunave takohen me ministrin Krasniqi -","isPartOf":{"@id":"https:\/\/veritasinfo.org\/#website"},"primaryImageOfPage":{"@id":"https:\/\/veritasinfo.org\/?p=32431#primaryimage"},"image":{"@id":"https:\/\/veritasinfo.org\/?p=32431#primaryimage"},"thumbnailUrl":"https:\/\/veritasinfo.org\/wp-content\/uploads\/2026\/02\/67b2f959-2ecf-4364-a081-0ca51767057b.webp","datePublished":"2026-02-13T12:33:42+00:00","author":{"@id":"https:\/\/veritasinfo.org\/#\/schema\/person\/fe199eede04c3937362892b7444747cc"},"breadcrumb":{"@id":"https:\/\/veritasinfo.org\/?p=32431#breadcrumb"},"inLanguage":"en-US","potentialAction":[{"@type":"ReadAction","target":["https:\/\/veritasinfo.org\/?p=32431"]}]},{"@type":"ImageObject","inLanguage":"en-US","@id":"https:\/\/veritasinfo.org\/?p=32431#primaryimage","url":"https:\/\/veritasinfo.org\/wp-content\/uploads\/2026\/02\/67b2f959-2ecf-4364-a081-0ca51767057b.webp","contentUrl":"https:\/\/veritasinfo.org\/wp-content\/uploads\/2026\/02\/67b2f959-2ecf-4364-a081-0ca51767057b.webp","width":853,"height":549},{"@type":"BreadcrumbList","@id":"https:\/\/veritasinfo.org\/?p=32431#breadcrumb","itemListElement":[{"@type":"ListItem","position":1,"name":"Home","item":"https:\/\/veritasinfo.org\/"},{"@type":"ListItem","position":2,"name":"Kryetar\u00ebt serb\u00eb t\u00eb Komunave takohen me ministrin Krasniqi"}]},{"@type":"WebSite","@id":"https:\/\/veritasinfo.org\/#website","url":"https:\/\/veritasinfo.org\/","name":"","description":"","potentialAction":[{"@type":"SearchAction","target":{"@type":"EntryPoint","urlTemplate":"https:\/\/veritasinfo.org\/?s={search_term_string}"},"query-input":{"@type":"PropertyValueSpecification","valueRequired":true,"valueName":"search_term_string"}}],"inLanguage":"en-US"},{"@type":"Person","@id":"https:\/\/veritasinfo.org\/#\/schema\/person\/fe199eede04c3937362892b7444747cc","name":"US6","image":{"@type":"ImageObject","inLanguage":"en-US","@id":"https:\/\/veritasinfo.org\/#\/schema\/person\/image\/","url":"https:\/\/secure.gravatar.com\/avatar\/cb16c3c31c9d23b9b8c705964598220b3014e42ff51eb540ff23cefa3ae8c15f?s=96&d=mm&r=g","contentUrl":"https:\/\/secure.gravatar.com\/avatar\/cb16c3c31c9d23b9b8c705964598220b3014e42ff51eb540ff23cefa3ae8c15f?s=96&d=mm&r=g","caption":"US6"},"url":"https:\/\/veritasinfo.org\/?author=7"}]}},"featured_image_urls":{"full":["https:\/\/veritasinfo.org\/wp-content\/uploads\/2026\/02\/67b2f959-2ecf-4364-a081-0ca51767057b.webp",853,549,false],"thumbnail":["https:\/\/veritasinfo.org\/wp-content\/uploads\/2026\/02\/67b2f959-2ecf-4364-a081-0ca51767057b-150x150.webp",150,150,true],"medium":["https:\/\/veritasinfo.org\/wp-content\/uploads\/2026\/02\/67b2f959-2ecf-4364-a081-0ca51767057b-300x193.webp",300,193,true],"medium_large":["https:\/\/veritasinfo.org\/wp-content\/uploads\/2026\/02\/67b2f959-2ecf-4364-a081-0ca51767057b-768x494.webp",640,412,true],"large":["https:\/\/veritasinfo.org\/wp-content\/uploads\/2026\/02\/67b2f959-2ecf-4364-a081-0ca51767057b.webp",640,412,false],"1536x1536":["https:\/\/veritasinfo.org\/wp-content\/uploads\/2026\/02\/67b2f959-2ecf-4364-a081-0ca51767057b.webp",853,549,false],"2048x2048":["https:\/\/veritasinfo.org\/wp-content\/uploads\/2026\/02\/67b2f959-2ecf-4364-a081-0ca51767057b.webp",853,549,false],"kreeti-slider-full":["https:\/\/veritasinfo.org\/wp-content\/uploads\/2026\/02\/67b2f959-2ecf-4364-a081-0ca51767057b.webp",853,549,false],"kreeti-featured":["https:\/\/veritasinfo.org\/wp-content\/uploads\/2026\/02\/67b2f959-2ecf-4364-a081-0ca51767057b.webp",853,549,false],"kreeti-medium":["https:\/\/veritasinfo.org\/wp-content\/uploads\/2026\/02\/67b2f959-2ecf-4364-a081-0ca51767057b.webp",720,463,false],"kreeti-medium-square":["https:\/\/veritasinfo.org\/wp-content\/uploads\/2026\/02\/67b2f959-2ecf-4364-a081-0ca51767057b.webp",350,225,false]},"author_info":{"info":["US6"]},"category_info":"<a href=\"https:\/\/veritasinfo.org\/?cat=58\" rel=\"category\">Politik\u00eb<\/a>","tag_info":"Politik\u00eb","comment_count":"0","_links":{"self":[{"href":"https:\/\/veritasinfo.org\/index.php?rest_route=\/wp\/v2\/posts\/32431","targetHints":{"allow":["GET"]}}],"collection":[{"href":"https:\/\/veritasinfo.org\/index.php?rest_route=\/wp\/v2\/posts"}],"about":[{"href":"https:\/\/veritasinfo.org\/index.php?rest_route=\/wp\/v2\/types\/post"}],"author":[{"embeddable":true,"href":"https:\/\/veritasinfo.org\/index.php?rest_route=\/wp\/v2\/users\/7"}],"replies":[{"embeddable":true,"href":"https:\/\/veritasinfo.org\/index.php?rest_route=%2Fwp%2Fv2%2Fcomments&post=32431"}],"version-history":[{"count":1,"href":"https:\/\/veritasinfo.org\/index.php?rest_route=\/wp\/v2\/posts\/32431\/revisions"}],"predecessor-version":[{"id":32433,"href":"https:\/\/veritasinfo.org\/index.php?rest_route=\/wp\/v2\/posts\/32431\/revisions\/32433"}],"wp:featuredmedia":[{"embeddable":true,"href":"https:\/\/veritasinfo.org\/index.php?rest_route=\/wp\/v2\/media\/32432"}],"wp:attachment":[{"href":"https:\/\/veritasinfo.org\/index.php?rest_route=%2Fwp%2Fv2%2Fmedia&parent=32431"}],"wp:term":[{"taxonomy":"category","embeddable":true,"href":"https:\/\/veritasinfo.org\/index.php?rest_route=%2Fwp%2Fv2%2Fcategories&post=32431"},{"taxonomy":"post_tag","embeddable":true,"href":"https:\/\/veritasinfo.org\/index.php?rest_route=%2Fwp%2Fv2%2Ftags&post=32431"}],"curies":[{"name":"wp","href":"https:\/\/api.w.org\/{rel}","templated":true}]}}