{"id":32163,"date":"2026-02-12T11:21:29","date_gmt":"2026-02-12T10:21:29","guid":{"rendered":"https:\/\/veritasinfo.org\/?p=32163"},"modified":"2026-02-12T11:21:29","modified_gmt":"2026-02-12T10:21:29","slug":"kiana-kryeziu-garon-sot-ne-lojerat-olimpike-dimerore","status":"publish","type":"post","link":"https:\/\/veritasinfo.org\/?p=32163","title":{"rendered":"Kiana Kryeziu garon sot n\u00eb Loj\u00ebrat Olimpike Dim\u00ebrore"},"content":{"rendered":"<p>Prishtin\u00eb 12 shtator 2026 11:20<\/p>\n<p>Kiana Kryeziu ka arritur ta p\u00ebrmbush\u00eb p\u00ebr her\u00eb t\u00eb dyt\u00eb norm\u00ebn Olimpike dhe do ta p\u00ebrfaq\u00ebsoj shtetin ton\u00eb Kosov\u00ebn n\u00eb disiplinat Alpine me ski.<\/p>\n<p>Kryeziu ka p\u00ebrmbushur kriteret baz\u00eb t\u00eb kualifikimit n\u00eb tri disiplina t\u00eb skijimit alpin: sllallom, sllallom t\u00eb madh dhe super sllallom t\u00eb madh, disiplina n\u00eb t\u00eb cilat do t\u00eb garoj\u00eb n\u00eb Milano Cortina.<\/p>\n<p>Sot me fillim nga ora 11:30, Kiana Kryeziu do t\u00eb garoj\u00eb n\u00eb Loj\u00ebrat Olimpike Dim\u00ebrore n\u00eb Milano.<\/p>\n<p>Kryeziu garon n\u00eb Skijimin Alpin n\u00eb disiplin\u00ebn Super-G (Super Giant Slalom).<\/p>\n","protected":false},"excerpt":{"rendered":"<p>Prishtin\u00eb 12 shtator 2026 11:20 Kiana Kryeziu ka arritur ta p\u00ebrmbush\u00eb p\u00ebr her\u00eb t\u00eb dyt\u00eb norm\u00ebn Olimpike dhe do ta p\u00ebrfaq\u00ebsoj shtetin ton\u00eb Kosov\u00ebn n\u00eb<\/p>\n","protected":false},"author":6,"featured_media":32164,"comment_status":"open","ping_status":"open","sticky":false,"template":"","format":"standard","meta":{"footnotes":""},"categories":[5],"tags":[],"class_list":["post-32163","post","type-post","status-publish","format-standard","has-post-thumbnail","hentry","category-sport-sq"],"yoast_head":"<!-- This site is optimized with the Yoast SEO plugin v25.3.1 - https:\/\/yoast.com\/wordpress\/plugins\/seo\/ -->\n<title>Kiana Kryeziu garon sot n\u00eb Loj\u00ebrat Olimpike Dim\u00ebrore -<\/title>\n<meta name=\"robots\" content=\"index, follow, max-snippet:-1, max-image-preview:large, max-video-preview:-1\" \/>\n<link rel=\"canonical\" href=\"https:\/\/veritasinfo.org\/?p=32163\" \/>\n<meta property=\"og:locale\" content=\"en_US\" \/>\n<meta property=\"og:type\" content=\"article\" \/>\n<meta property=\"og:title\" content=\"Kiana Kryeziu garon sot n\u00eb Loj\u00ebrat Olimpike Dim\u00ebrore -\" \/>\n<meta property=\"og:description\" content=\"Prishtin\u00eb 12 shtator 2026 11:20 Kiana Kryeziu ka arritur ta p\u00ebrmbush\u00eb p\u00ebr her\u00eb t\u00eb dyt\u00eb norm\u00ebn Olimpike dhe do ta p\u00ebrfaq\u00ebsoj shtetin ton\u00eb Kosov\u00ebn n\u00eb\" \/>\n<meta property=\"og:url\" content=\"https:\/\/veritasinfo.org\/?p=32163\" \/>\n<meta property=\"article:published_time\" content=\"2026-02-12T10:21:29+00:00\" \/>\n<meta property=\"og:image\" content=\"https:\/\/veritasinfo.org\/wp-content\/uploads\/2026\/02\/urn-publicid-ap-org-d1d469476f107905cdafb8f6fc42914dKosovo_Kryeziu_Beijing_2022_25196.webp\" \/>\n\t<meta property=\"og:image:width\" content=\"780\" \/>\n\t<meta property=\"og:image:height\" content=\"520\" \/>\n\t<meta property=\"og:image:type\" content=\"image\/webp\" \/>\n<meta name=\"author\" content=\"US5\" \/>\n<meta name=\"twitter:card\" content=\"summary_large_image\" \/>\n<meta name=\"twitter:label1\" content=\"Written by\" \/>\n\t<meta name=\"twitter:data1\" content=\"US5\" \/>\n<script type=\"application\/ld+json\" class=\"yoast-schema-graph\">{\"@context\":\"https:\/\/schema.org\",\"@graph\":[{\"@type\":\"WebPage\",\"@id\":\"https:\/\/veritasinfo.org\/?p=32163\",\"url\":\"https:\/\/veritasinfo.org\/?p=32163\",\"name\":\"Kiana Kryeziu garon sot n\u00eb Loj\u00ebrat Olimpike Dim\u00ebrore -\",\"isPartOf\":{\"@id\":\"https:\/\/veritasinfo.org\/#website\"},\"primaryImageOfPage\":{\"@id\":\"https:\/\/veritasinfo.org\/?p=32163#primaryimage\"},\"image\":{\"@id\":\"https:\/\/veritasinfo.org\/?p=32163#primaryimage\"},\"thumbnailUrl\":\"https:\/\/veritasinfo.org\/wp-content\/uploads\/2026\/02\/urn-publicid-ap-org-d1d469476f107905cdafb8f6fc42914dKosovo_Kryeziu_Beijing_2022_25196.webp\",\"datePublished\":\"2026-02-12T10:21:29+00:00\",\"author\":{\"@id\":\"https:\/\/veritasinfo.org\/#\/schema\/person\/bc442336e35414d04494ab8fb45db4c6\"},\"breadcrumb\":{\"@id\":\"https:\/\/veritasinfo.org\/?p=32163#breadcrumb\"},\"inLanguage\":\"en-US\",\"potentialAction\":[{\"@type\":\"ReadAction\",\"target\":[\"https:\/\/veritasinfo.org\/?p=32163\"]}]},{\"@type\":\"ImageObject\",\"inLanguage\":\"en-US\",\"@id\":\"https:\/\/veritasinfo.org\/?p=32163#primaryimage\",\"url\":\"https:\/\/veritasinfo.org\/wp-content\/uploads\/2026\/02\/urn-publicid-ap-org-d1d469476f107905cdafb8f6fc42914dKosovo_Kryeziu_Beijing_2022_25196.webp\",\"contentUrl\":\"https:\/\/veritasinfo.org\/wp-content\/uploads\/2026\/02\/urn-publicid-ap-org-d1d469476f107905cdafb8f6fc42914dKosovo_Kryeziu_Beijing_2022_25196.webp\",\"width\":780,\"height\":520},{\"@type\":\"BreadcrumbList\",\"@id\":\"https:\/\/veritasinfo.org\/?p=32163#breadcrumb\",\"itemListElement\":[{\"@type\":\"ListItem\",\"position\":1,\"name\":\"Home\",\"item\":\"https:\/\/veritasinfo.org\/\"},{\"@type\":\"ListItem\",\"position\":2,\"name\":\"Kiana Kryeziu garon sot n\u00eb Loj\u00ebrat Olimpike Dim\u00ebrore\"}]},{\"@type\":\"WebSite\",\"@id\":\"https:\/\/veritasinfo.org\/#website\",\"url\":\"https:\/\/veritasinfo.org\/\",\"name\":\"\",\"description\":\"\",\"potentialAction\":[{\"@type\":\"SearchAction\",\"target\":{\"@type\":\"EntryPoint\",\"urlTemplate\":\"https:\/\/veritasinfo.org\/?s={search_term_string}\"},\"query-input\":{\"@type\":\"PropertyValueSpecification\",\"valueRequired\":true,\"valueName\":\"search_term_string\"}}],\"inLanguage\":\"en-US\"},{\"@type\":\"Person\",\"@id\":\"https:\/\/veritasinfo.org\/#\/schema\/person\/bc442336e35414d04494ab8fb45db4c6\",\"name\":\"US5\",\"image\":{\"@type\":\"ImageObject\",\"inLanguage\":\"en-US\",\"@id\":\"https:\/\/veritasinfo.org\/#\/schema\/person\/image\/\",\"url\":\"https:\/\/secure.gravatar.com\/avatar\/16a61e7272a0c5d001121ebb9e60e925d5816e4ac1e443ed3e640d9a6ae55d0c?s=96&d=mm&r=g\",\"contentUrl\":\"https:\/\/secure.gravatar.com\/avatar\/16a61e7272a0c5d001121ebb9e60e925d5816e4ac1e443ed3e640d9a6ae55d0c?s=96&d=mm&r=g\",\"caption\":\"US5\"},\"url\":\"https:\/\/veritasinfo.org\/?author=6\"}]}<\/script>\n<!-- \/ Yoast SEO plugin. -->","yoast_head_json":{"title":"Kiana Kryeziu garon sot n\u00eb Loj\u00ebrat Olimpike Dim\u00ebrore -","robots":{"index":"index","follow":"follow","max-snippet":"max-snippet:-1","max-image-preview":"max-image-preview:large","max-video-preview":"max-video-preview:-1"},"canonical":"https:\/\/veritasinfo.org\/?p=32163","og_locale":"en_US","og_type":"article","og_title":"Kiana Kryeziu garon sot n\u00eb Loj\u00ebrat Olimpike Dim\u00ebrore -","og_description":"Prishtin\u00eb 12 shtator 2026 11:20 Kiana Kryeziu ka arritur ta p\u00ebrmbush\u00eb p\u00ebr her\u00eb t\u00eb dyt\u00eb norm\u00ebn Olimpike dhe do ta p\u00ebrfaq\u00ebsoj shtetin ton\u00eb Kosov\u00ebn n\u00eb","og_url":"https:\/\/veritasinfo.org\/?p=32163","article_published_time":"2026-02-12T10:21:29+00:00","og_image":[{"width":780,"height":520,"url":"https:\/\/veritasinfo.org\/wp-content\/uploads\/2026\/02\/urn-publicid-ap-org-d1d469476f107905cdafb8f6fc42914dKosovo_Kryeziu_Beijing_2022_25196.webp","type":"image\/webp"}],"author":"US5","twitter_card":"summary_large_image","twitter_misc":{"Written by":"US5"},"schema":{"@context":"https:\/\/schema.org","@graph":[{"@type":"WebPage","@id":"https:\/\/veritasinfo.org\/?p=32163","url":"https:\/\/veritasinfo.org\/?p=32163","name":"Kiana Kryeziu garon sot n\u00eb Loj\u00ebrat Olimpike Dim\u00ebrore -","isPartOf":{"@id":"https:\/\/veritasinfo.org\/#website"},"primaryImageOfPage":{"@id":"https:\/\/veritasinfo.org\/?p=32163#primaryimage"},"image":{"@id":"https:\/\/veritasinfo.org\/?p=32163#primaryimage"},"thumbnailUrl":"https:\/\/veritasinfo.org\/wp-content\/uploads\/2026\/02\/urn-publicid-ap-org-d1d469476f107905cdafb8f6fc42914dKosovo_Kryeziu_Beijing_2022_25196.webp","datePublished":"2026-02-12T10:21:29+00:00","author":{"@id":"https:\/\/veritasinfo.org\/#\/schema\/person\/bc442336e35414d04494ab8fb45db4c6"},"breadcrumb":{"@id":"https:\/\/veritasinfo.org\/?p=32163#breadcrumb"},"inLanguage":"en-US","potentialAction":[{"@type":"ReadAction","target":["https:\/\/veritasinfo.org\/?p=32163"]}]},{"@type":"ImageObject","inLanguage":"en-US","@id":"https:\/\/veritasinfo.org\/?p=32163#primaryimage","url":"https:\/\/veritasinfo.org\/wp-content\/uploads\/2026\/02\/urn-publicid-ap-org-d1d469476f107905cdafb8f6fc42914dKosovo_Kryeziu_Beijing_2022_25196.webp","contentUrl":"https:\/\/veritasinfo.org\/wp-content\/uploads\/2026\/02\/urn-publicid-ap-org-d1d469476f107905cdafb8f6fc42914dKosovo_Kryeziu_Beijing_2022_25196.webp","width":780,"height":520},{"@type":"BreadcrumbList","@id":"https:\/\/veritasinfo.org\/?p=32163#breadcrumb","itemListElement":[{"@type":"ListItem","position":1,"name":"Home","item":"https:\/\/veritasinfo.org\/"},{"@type":"ListItem","position":2,"name":"Kiana Kryeziu garon sot n\u00eb Loj\u00ebrat Olimpike Dim\u00ebrore"}]},{"@type":"WebSite","@id":"https:\/\/veritasinfo.org\/#website","url":"https:\/\/veritasinfo.org\/","name":"","description":"","potentialAction":[{"@type":"SearchAction","target":{"@type":"EntryPoint","urlTemplate":"https:\/\/veritasinfo.org\/?s={search_term_string}"},"query-input":{"@type":"PropertyValueSpecification","valueRequired":true,"valueName":"search_term_string"}}],"inLanguage":"en-US"},{"@type":"Person","@id":"https:\/\/veritasinfo.org\/#\/schema\/person\/bc442336e35414d04494ab8fb45db4c6","name":"US5","image":{"@type":"ImageObject","inLanguage":"en-US","@id":"https:\/\/veritasinfo.org\/#\/schema\/person\/image\/","url":"https:\/\/secure.gravatar.com\/avatar\/16a61e7272a0c5d001121ebb9e60e925d5816e4ac1e443ed3e640d9a6ae55d0c?s=96&d=mm&r=g","contentUrl":"https:\/\/secure.gravatar.com\/avatar\/16a61e7272a0c5d001121ebb9e60e925d5816e4ac1e443ed3e640d9a6ae55d0c?s=96&d=mm&r=g","caption":"US5"},"url":"https:\/\/veritasinfo.org\/?author=6"}]}},"featured_image_urls":{"full":["https:\/\/veritasinfo.org\/wp-content\/uploads\/2026\/02\/urn-publicid-ap-org-d1d469476f107905cdafb8f6fc42914dKosovo_Kryeziu_Beijing_2022_25196.webp",780,520,false],"thumbnail":["https:\/\/veritasinfo.org\/wp-content\/uploads\/2026\/02\/urn-publicid-ap-org-d1d469476f107905cdafb8f6fc42914dKosovo_Kryeziu_Beijing_2022_25196-150x150.webp",150,150,true],"medium":["https:\/\/veritasinfo.org\/wp-content\/uploads\/2026\/02\/urn-publicid-ap-org-d1d469476f107905cdafb8f6fc42914dKosovo_Kryeziu_Beijing_2022_25196-300x200.webp",300,200,true],"medium_large":["https:\/\/veritasinfo.org\/wp-content\/uploads\/2026\/02\/urn-publicid-ap-org-d1d469476f107905cdafb8f6fc42914dKosovo_Kryeziu_Beijing_2022_25196-768x512.webp",640,427,true],"large":["https:\/\/veritasinfo.org\/wp-content\/uploads\/2026\/02\/urn-publicid-ap-org-d1d469476f107905cdafb8f6fc42914dKosovo_Kryeziu_Beijing_2022_25196.webp",640,427,false],"1536x1536":["https:\/\/veritasinfo.org\/wp-content\/uploads\/2026\/02\/urn-publicid-ap-org-d1d469476f107905cdafb8f6fc42914dKosovo_Kryeziu_Beijing_2022_25196.webp",780,520,false],"2048x2048":["https:\/\/veritasinfo.org\/wp-content\/uploads\/2026\/02\/urn-publicid-ap-org-d1d469476f107905cdafb8f6fc42914dKosovo_Kryeziu_Beijing_2022_25196.webp",780,520,false],"kreeti-slider-full":["https:\/\/veritasinfo.org\/wp-content\/uploads\/2026\/02\/urn-publicid-ap-org-d1d469476f107905cdafb8f6fc42914dKosovo_Kryeziu_Beijing_2022_25196.webp",780,520,false],"kreeti-featured":["https:\/\/veritasinfo.org\/wp-content\/uploads\/2026\/02\/urn-publicid-ap-org-d1d469476f107905cdafb8f6fc42914dKosovo_Kryeziu_Beijing_2022_25196.webp",780,520,false],"kreeti-medium":["https:\/\/veritasinfo.org\/wp-content\/uploads\/2026\/02\/urn-publicid-ap-org-d1d469476f107905cdafb8f6fc42914dKosovo_Kryeziu_Beijing_2022_25196.webp",720,480,false],"kreeti-medium-square":["https:\/\/veritasinfo.org\/wp-content\/uploads\/2026\/02\/urn-publicid-ap-org-d1d469476f107905cdafb8f6fc42914dKosovo_Kryeziu_Beijing_2022_25196.webp",350,233,false]},"author_info":{"info":["US5"]},"category_info":"<a href=\"https:\/\/veritasinfo.org\/?cat=5\" rel=\"category\">Sport<\/a>","tag_info":"Sport","comment_count":"0","_links":{"self":[{"href":"https:\/\/veritasinfo.org\/index.php?rest_route=\/wp\/v2\/posts\/32163","targetHints":{"allow":["GET"]}}],"collection":[{"href":"https:\/\/veritasinfo.org\/index.php?rest_route=\/wp\/v2\/posts"}],"about":[{"href":"https:\/\/veritasinfo.org\/index.php?rest_route=\/wp\/v2\/types\/post"}],"author":[{"embeddable":true,"href":"https:\/\/veritasinfo.org\/index.php?rest_route=\/wp\/v2\/users\/6"}],"replies":[{"embeddable":true,"href":"https:\/\/veritasinfo.org\/index.php?rest_route=%2Fwp%2Fv2%2Fcomments&post=32163"}],"version-history":[{"count":1,"href":"https:\/\/veritasinfo.org\/index.php?rest_route=\/wp\/v2\/posts\/32163\/revisions"}],"predecessor-version":[{"id":32165,"href":"https:\/\/veritasinfo.org\/index.php?rest_route=\/wp\/v2\/posts\/32163\/revisions\/32165"}],"wp:featuredmedia":[{"embeddable":true,"href":"https:\/\/veritasinfo.org\/index.php?rest_route=\/wp\/v2\/media\/32164"}],"wp:attachment":[{"href":"https:\/\/veritasinfo.org\/index.php?rest_route=%2Fwp%2Fv2%2Fmedia&parent=32163"}],"wp:term":[{"taxonomy":"category","embeddable":true,"href":"https:\/\/veritasinfo.org\/index.php?rest_route=%2Fwp%2Fv2%2Fcategories&post=32163"},{"taxonomy":"post_tag","embeddable":true,"href":"https:\/\/veritasinfo.org\/index.php?rest_route=%2Fwp%2Fv2%2Ftags&post=32163"}],"curies":[{"name":"wp","href":"https:\/\/api.w.org\/{rel}","templated":true}]}}