{"id":32084,"date":"2026-02-12T08:13:40","date_gmt":"2026-02-12T07:13:40","guid":{"rendered":"https:\/\/veritasinfo.org\/?p=32084"},"modified":"2026-02-12T08:13:40","modified_gmt":"2026-02-12T07:13:40","slug":"kallas-pergezon-kurtin-per-rizgjedhjen-si-kryeminister","status":"publish","type":"post","link":"https:\/\/veritasinfo.org\/?p=32084","title":{"rendered":"Kallas p\u00ebrg\u00ebzon Kurtin p\u00ebr rizgjedhjen si kryeminist\u00ebr"},"content":{"rendered":"<p>Prishtin\u00eb 12 shtator 2026 08:12<\/p>\n<p>Pas m\u00eb shum\u00eb se nj\u00eb viti bllokim, formimi i qeveris\u00eb s\u00eb re t\u00eb Kosov\u00ebs \u00ebsht\u00eb mir\u00ebpritur nga p\u00ebrfaq\u00ebsuesja e lart\u00eb e Bashkimit Evropian p\u00ebr Politik\u00eb t\u00eb Jashtme dhe Siguri, Kaja Kallas.<\/p>\n<p>Kallas e cil\u00ebsoi k\u00ebt\u00eb zhvillim si nj\u00eb lajm inkurajues, shkruan IndeksOnline.<\/p>\n<p>P\u00ebrmes nj\u00eb postimi publik, Kallas ka uruar kryeministrin Albin Kurti p\u00ebr formimin e ekzekutivit t\u00eb ri, duke theksuar se tashm\u00eb fokusi duhet t\u00eb jet\u00eb te p\u00ebrshpejtimi i reformave.<\/p>\n<p>Mes t\u00eb tjerash, n\u00eb postimin e Kallas thuhet:<\/p>\n<p>\u201cPas m\u00eb shum\u00eb se nj\u00eb viti bllokim politik, formimi i qeveris\u00eb s\u00eb re t\u00eb Kosov\u00ebs \u00ebsht\u00eb nj\u00eb lajm inkurajues. Urime Albin Kurti!<\/p>\n<p>Tani ajo q\u00eb ka r\u00ebnd\u00ebsi \u00ebsht\u00eb q\u00eb t\u00eb ec\u00eb me shpejt\u00ebsi me reformat. Kjo \u00ebsht\u00eb m\u00ebnyra m\u00eb e shpejt\u00eb p\u00ebr t\u00eb zhbllokuar mb\u00ebshtetjen e BE-s\u00eb me vler\u00eb qindra miliona euro dhe p\u00ebr t\u00eb pasur p\u00ebrparim n\u00eb rrug\u00ebn e saj drejt BE-s\u00eb.<\/p>\n<p>Ky \u00ebsht\u00eb nj\u00eb moment i ri p\u00ebr t\u00eb avancuar marr\u00ebdh\u00ebniet BE-Kosov\u00eb dhe dialogun Beograd-Prishtin\u00eb. Jam gati t\u00eb organizoj nj\u00eb takim t\u00eb nivelit t\u00eb lart\u00eb s\u00eb shpejti.\u201d<\/p>\n","protected":false},"excerpt":{"rendered":"<p>Prishtin\u00eb 12 shtator 2026 08:12 Pas m\u00eb shum\u00eb se nj\u00eb viti bllokim, formimi i qeveris\u00eb s\u00eb re t\u00eb Kosov\u00ebs \u00ebsht\u00eb mir\u00ebpritur nga p\u00ebrfaq\u00ebsuesja e lart\u00eb<\/p>\n","protected":false},"author":6,"featured_media":32085,"comment_status":"open","ping_status":"open","sticky":false,"template":"","format":"standard","meta":{"footnotes":""},"categories":[60],"tags":[],"class_list":["post-32084","post","type-post","status-publish","format-standard","has-post-thumbnail","hentry","category-shoqerore-sq"],"yoast_head":"<!-- This site is optimized with the Yoast SEO plugin v25.3.1 - https:\/\/yoast.com\/wordpress\/plugins\/seo\/ -->\n<title>Kallas p\u00ebrg\u00ebzon Kurtin p\u00ebr rizgjedhjen si kryeminist\u00ebr -<\/title>\n<meta name=\"robots\" content=\"index, follow, max-snippet:-1, max-image-preview:large, max-video-preview:-1\" \/>\n<link rel=\"canonical\" href=\"https:\/\/veritasinfo.org\/?p=32084\" \/>\n<meta property=\"og:locale\" content=\"en_US\" \/>\n<meta property=\"og:type\" content=\"article\" \/>\n<meta property=\"og:title\" content=\"Kallas p\u00ebrg\u00ebzon Kurtin p\u00ebr rizgjedhjen si kryeminist\u00ebr -\" \/>\n<meta property=\"og:description\" content=\"Prishtin\u00eb 12 shtator 2026 08:12 Pas m\u00eb shum\u00eb se nj\u00eb viti bllokim, formimi i qeveris\u00eb s\u00eb re t\u00eb Kosov\u00ebs \u00ebsht\u00eb mir\u00ebpritur nga p\u00ebrfaq\u00ebsuesja e lart\u00eb\" \/>\n<meta property=\"og:url\" content=\"https:\/\/veritasinfo.org\/?p=32084\" \/>\n<meta property=\"article:published_time\" content=\"2026-02-12T07:13:40+00:00\" \/>\n<meta property=\"og:image\" content=\"https:\/\/veritasinfo.org\/wp-content\/uploads\/2026\/02\/bc000e27-224c-4f6a-bfa2-b03eaebdd710-1536x1024-1.jpg\" \/>\n\t<meta property=\"og:image:width\" content=\"1536\" \/>\n\t<meta property=\"og:image:height\" content=\"1024\" \/>\n\t<meta property=\"og:image:type\" content=\"image\/jpeg\" \/>\n<meta name=\"author\" content=\"US5\" \/>\n<meta name=\"twitter:card\" content=\"summary_large_image\" \/>\n<meta name=\"twitter:label1\" content=\"Written by\" \/>\n\t<meta name=\"twitter:data1\" content=\"US5\" \/>\n\t<meta name=\"twitter:label2\" content=\"Est. reading time\" \/>\n\t<meta name=\"twitter:data2\" content=\"1 minute\" \/>\n<script type=\"application\/ld+json\" class=\"yoast-schema-graph\">{\"@context\":\"https:\/\/schema.org\",\"@graph\":[{\"@type\":\"WebPage\",\"@id\":\"https:\/\/veritasinfo.org\/?p=32084\",\"url\":\"https:\/\/veritasinfo.org\/?p=32084\",\"name\":\"Kallas p\u00ebrg\u00ebzon Kurtin p\u00ebr rizgjedhjen si kryeminist\u00ebr -\",\"isPartOf\":{\"@id\":\"https:\/\/veritasinfo.org\/#website\"},\"primaryImageOfPage\":{\"@id\":\"https:\/\/veritasinfo.org\/?p=32084#primaryimage\"},\"image\":{\"@id\":\"https:\/\/veritasinfo.org\/?p=32084#primaryimage\"},\"thumbnailUrl\":\"https:\/\/veritasinfo.org\/wp-content\/uploads\/2026\/02\/bc000e27-224c-4f6a-bfa2-b03eaebdd710-1536x1024-1.jpg\",\"datePublished\":\"2026-02-12T07:13:40+00:00\",\"author\":{\"@id\":\"https:\/\/veritasinfo.org\/#\/schema\/person\/bc442336e35414d04494ab8fb45db4c6\"},\"breadcrumb\":{\"@id\":\"https:\/\/veritasinfo.org\/?p=32084#breadcrumb\"},\"inLanguage\":\"en-US\",\"potentialAction\":[{\"@type\":\"ReadAction\",\"target\":[\"https:\/\/veritasinfo.org\/?p=32084\"]}]},{\"@type\":\"ImageObject\",\"inLanguage\":\"en-US\",\"@id\":\"https:\/\/veritasinfo.org\/?p=32084#primaryimage\",\"url\":\"https:\/\/veritasinfo.org\/wp-content\/uploads\/2026\/02\/bc000e27-224c-4f6a-bfa2-b03eaebdd710-1536x1024-1.jpg\",\"contentUrl\":\"https:\/\/veritasinfo.org\/wp-content\/uploads\/2026\/02\/bc000e27-224c-4f6a-bfa2-b03eaebdd710-1536x1024-1.jpg\",\"width\":1536,\"height\":1024},{\"@type\":\"BreadcrumbList\",\"@id\":\"https:\/\/veritasinfo.org\/?p=32084#breadcrumb\",\"itemListElement\":[{\"@type\":\"ListItem\",\"position\":1,\"name\":\"Home\",\"item\":\"https:\/\/veritasinfo.org\/\"},{\"@type\":\"ListItem\",\"position\":2,\"name\":\"Kallas p\u00ebrg\u00ebzon Kurtin p\u00ebr rizgjedhjen si kryeminist\u00ebr\"}]},{\"@type\":\"WebSite\",\"@id\":\"https:\/\/veritasinfo.org\/#website\",\"url\":\"https:\/\/veritasinfo.org\/\",\"name\":\"\",\"description\":\"\",\"potentialAction\":[{\"@type\":\"SearchAction\",\"target\":{\"@type\":\"EntryPoint\",\"urlTemplate\":\"https:\/\/veritasinfo.org\/?s={search_term_string}\"},\"query-input\":{\"@type\":\"PropertyValueSpecification\",\"valueRequired\":true,\"valueName\":\"search_term_string\"}}],\"inLanguage\":\"en-US\"},{\"@type\":\"Person\",\"@id\":\"https:\/\/veritasinfo.org\/#\/schema\/person\/bc442336e35414d04494ab8fb45db4c6\",\"name\":\"US5\",\"image\":{\"@type\":\"ImageObject\",\"inLanguage\":\"en-US\",\"@id\":\"https:\/\/veritasinfo.org\/#\/schema\/person\/image\/\",\"url\":\"https:\/\/secure.gravatar.com\/avatar\/16a61e7272a0c5d001121ebb9e60e925d5816e4ac1e443ed3e640d9a6ae55d0c?s=96&d=mm&r=g\",\"contentUrl\":\"https:\/\/secure.gravatar.com\/avatar\/16a61e7272a0c5d001121ebb9e60e925d5816e4ac1e443ed3e640d9a6ae55d0c?s=96&d=mm&r=g\",\"caption\":\"US5\"},\"url\":\"https:\/\/veritasinfo.org\/?author=6\"}]}<\/script>\n<!-- \/ Yoast SEO plugin. -->","yoast_head_json":{"title":"Kallas p\u00ebrg\u00ebzon Kurtin p\u00ebr rizgjedhjen si kryeminist\u00ebr -","robots":{"index":"index","follow":"follow","max-snippet":"max-snippet:-1","max-image-preview":"max-image-preview:large","max-video-preview":"max-video-preview:-1"},"canonical":"https:\/\/veritasinfo.org\/?p=32084","og_locale":"en_US","og_type":"article","og_title":"Kallas p\u00ebrg\u00ebzon Kurtin p\u00ebr rizgjedhjen si kryeminist\u00ebr -","og_description":"Prishtin\u00eb 12 shtator 2026 08:12 Pas m\u00eb shum\u00eb se nj\u00eb viti bllokim, formimi i qeveris\u00eb s\u00eb re t\u00eb Kosov\u00ebs \u00ebsht\u00eb mir\u00ebpritur nga p\u00ebrfaq\u00ebsuesja e lart\u00eb","og_url":"https:\/\/veritasinfo.org\/?p=32084","article_published_time":"2026-02-12T07:13:40+00:00","og_image":[{"width":1536,"height":1024,"url":"https:\/\/veritasinfo.org\/wp-content\/uploads\/2026\/02\/bc000e27-224c-4f6a-bfa2-b03eaebdd710-1536x1024-1.jpg","type":"image\/jpeg"}],"author":"US5","twitter_card":"summary_large_image","twitter_misc":{"Written by":"US5","Est. reading time":"1 minute"},"schema":{"@context":"https:\/\/schema.org","@graph":[{"@type":"WebPage","@id":"https:\/\/veritasinfo.org\/?p=32084","url":"https:\/\/veritasinfo.org\/?p=32084","name":"Kallas p\u00ebrg\u00ebzon Kurtin p\u00ebr rizgjedhjen si kryeminist\u00ebr -","isPartOf":{"@id":"https:\/\/veritasinfo.org\/#website"},"primaryImageOfPage":{"@id":"https:\/\/veritasinfo.org\/?p=32084#primaryimage"},"image":{"@id":"https:\/\/veritasinfo.org\/?p=32084#primaryimage"},"thumbnailUrl":"https:\/\/veritasinfo.org\/wp-content\/uploads\/2026\/02\/bc000e27-224c-4f6a-bfa2-b03eaebdd710-1536x1024-1.jpg","datePublished":"2026-02-12T07:13:40+00:00","author":{"@id":"https:\/\/veritasinfo.org\/#\/schema\/person\/bc442336e35414d04494ab8fb45db4c6"},"breadcrumb":{"@id":"https:\/\/veritasinfo.org\/?p=32084#breadcrumb"},"inLanguage":"en-US","potentialAction":[{"@type":"ReadAction","target":["https:\/\/veritasinfo.org\/?p=32084"]}]},{"@type":"ImageObject","inLanguage":"en-US","@id":"https:\/\/veritasinfo.org\/?p=32084#primaryimage","url":"https:\/\/veritasinfo.org\/wp-content\/uploads\/2026\/02\/bc000e27-224c-4f6a-bfa2-b03eaebdd710-1536x1024-1.jpg","contentUrl":"https:\/\/veritasinfo.org\/wp-content\/uploads\/2026\/02\/bc000e27-224c-4f6a-bfa2-b03eaebdd710-1536x1024-1.jpg","width":1536,"height":1024},{"@type":"BreadcrumbList","@id":"https:\/\/veritasinfo.org\/?p=32084#breadcrumb","itemListElement":[{"@type":"ListItem","position":1,"name":"Home","item":"https:\/\/veritasinfo.org\/"},{"@type":"ListItem","position":2,"name":"Kallas p\u00ebrg\u00ebzon Kurtin p\u00ebr rizgjedhjen si kryeminist\u00ebr"}]},{"@type":"WebSite","@id":"https:\/\/veritasinfo.org\/#website","url":"https:\/\/veritasinfo.org\/","name":"","description":"","potentialAction":[{"@type":"SearchAction","target":{"@type":"EntryPoint","urlTemplate":"https:\/\/veritasinfo.org\/?s={search_term_string}"},"query-input":{"@type":"PropertyValueSpecification","valueRequired":true,"valueName":"search_term_string"}}],"inLanguage":"en-US"},{"@type":"Person","@id":"https:\/\/veritasinfo.org\/#\/schema\/person\/bc442336e35414d04494ab8fb45db4c6","name":"US5","image":{"@type":"ImageObject","inLanguage":"en-US","@id":"https:\/\/veritasinfo.org\/#\/schema\/person\/image\/","url":"https:\/\/secure.gravatar.com\/avatar\/16a61e7272a0c5d001121ebb9e60e925d5816e4ac1e443ed3e640d9a6ae55d0c?s=96&d=mm&r=g","contentUrl":"https:\/\/secure.gravatar.com\/avatar\/16a61e7272a0c5d001121ebb9e60e925d5816e4ac1e443ed3e640d9a6ae55d0c?s=96&d=mm&r=g","caption":"US5"},"url":"https:\/\/veritasinfo.org\/?author=6"}]}},"featured_image_urls":{"full":["https:\/\/veritasinfo.org\/wp-content\/uploads\/2026\/02\/bc000e27-224c-4f6a-bfa2-b03eaebdd710-1536x1024-1.jpg",1536,1024,false],"thumbnail":["https:\/\/veritasinfo.org\/wp-content\/uploads\/2026\/02\/bc000e27-224c-4f6a-bfa2-b03eaebdd710-1536x1024-1-150x150.jpg",150,150,true],"medium":["https:\/\/veritasinfo.org\/wp-content\/uploads\/2026\/02\/bc000e27-224c-4f6a-bfa2-b03eaebdd710-1536x1024-1-300x200.jpg",300,200,true],"medium_large":["https:\/\/veritasinfo.org\/wp-content\/uploads\/2026\/02\/bc000e27-224c-4f6a-bfa2-b03eaebdd710-1536x1024-1-768x512.jpg",640,427,true],"large":["https:\/\/veritasinfo.org\/wp-content\/uploads\/2026\/02\/bc000e27-224c-4f6a-bfa2-b03eaebdd710-1536x1024-1-1024x683.jpg",640,427,true],"1536x1536":["https:\/\/veritasinfo.org\/wp-content\/uploads\/2026\/02\/bc000e27-224c-4f6a-bfa2-b03eaebdd710-1536x1024-1.jpg",1536,1024,false],"2048x2048":["https:\/\/veritasinfo.org\/wp-content\/uploads\/2026\/02\/bc000e27-224c-4f6a-bfa2-b03eaebdd710-1536x1024-1.jpg",1536,1024,false],"kreeti-slider-full":["https:\/\/veritasinfo.org\/wp-content\/uploads\/2026\/02\/bc000e27-224c-4f6a-bfa2-b03eaebdd710-1536x1024-1.jpg",1080,720,false],"kreeti-featured":["https:\/\/veritasinfo.org\/wp-content\/uploads\/2026\/02\/bc000e27-224c-4f6a-bfa2-b03eaebdd710-1536x1024-1.jpg",1024,683,false],"kreeti-medium":["https:\/\/veritasinfo.org\/wp-content\/uploads\/2026\/02\/bc000e27-224c-4f6a-bfa2-b03eaebdd710-1536x1024-1.jpg",720,480,false],"kreeti-medium-square":["https:\/\/veritasinfo.org\/wp-content\/uploads\/2026\/02\/bc000e27-224c-4f6a-bfa2-b03eaebdd710-1536x1024-1.jpg",350,233,false]},"author_info":{"info":["US5"]},"category_info":"<a href=\"https:\/\/veritasinfo.org\/?cat=60\" rel=\"category\">Shoq\u00ebrore<\/a>","tag_info":"Shoq\u00ebrore","comment_count":"0","_links":{"self":[{"href":"https:\/\/veritasinfo.org\/index.php?rest_route=\/wp\/v2\/posts\/32084","targetHints":{"allow":["GET"]}}],"collection":[{"href":"https:\/\/veritasinfo.org\/index.php?rest_route=\/wp\/v2\/posts"}],"about":[{"href":"https:\/\/veritasinfo.org\/index.php?rest_route=\/wp\/v2\/types\/post"}],"author":[{"embeddable":true,"href":"https:\/\/veritasinfo.org\/index.php?rest_route=\/wp\/v2\/users\/6"}],"replies":[{"embeddable":true,"href":"https:\/\/veritasinfo.org\/index.php?rest_route=%2Fwp%2Fv2%2Fcomments&post=32084"}],"version-history":[{"count":1,"href":"https:\/\/veritasinfo.org\/index.php?rest_route=\/wp\/v2\/posts\/32084\/revisions"}],"predecessor-version":[{"id":32086,"href":"https:\/\/veritasinfo.org\/index.php?rest_route=\/wp\/v2\/posts\/32084\/revisions\/32086"}],"wp:featuredmedia":[{"embeddable":true,"href":"https:\/\/veritasinfo.org\/index.php?rest_route=\/wp\/v2\/media\/32085"}],"wp:attachment":[{"href":"https:\/\/veritasinfo.org\/index.php?rest_route=%2Fwp%2Fv2%2Fmedia&parent=32084"}],"wp:term":[{"taxonomy":"category","embeddable":true,"href":"https:\/\/veritasinfo.org\/index.php?rest_route=%2Fwp%2Fv2%2Fcategories&post=32084"},{"taxonomy":"post_tag","embeddable":true,"href":"https:\/\/veritasinfo.org\/index.php?rest_route=%2Fwp%2Fv2%2Ftags&post=32084"}],"curies":[{"name":"wp","href":"https:\/\/api.w.org\/{rel}","templated":true}]}}