{"id":3199,"date":"2025-07-10T07:30:06","date_gmt":"2025-07-10T05:30:06","guid":{"rendered":"https:\/\/veritasinfo.org\/?p=3199"},"modified":"2025-07-09T23:41:50","modified_gmt":"2025-07-09T21:41:50","slug":"na-nxirrni-jashte-shqiptaret-bertasin-per-ndihme-ne-aeroportin-e-beogradit-u-bllokuan-ne-autobus-thyejne-xhamin","status":"publish","type":"post","link":"https:\/\/veritasinfo.org\/?p=3199","title":{"rendered":"\u201cNa nxirrni jasht\u00eb!\u201d \u2013 shqiptar\u00ebt b\u00ebrtasin p\u00ebr ndihm\u00eb n\u00eb Aeroportin e Beogradit, u bllokuan n\u00eb autobus \u2013 thyejn\u00eb xhamin"},"content":{"rendered":"<p>Beograd, 10 Korrik 2025<\/p>\n<p><strong>Nj\u00eb ngjarje e pazakont\u00eb ka ndodhur t\u00eb mart\u00ebn n\u00eb aeroportin \u201cNikola Tesla\u201d n\u00eb Beograd, ku disa pasagjer\u00eb shqiptar\u00eb t\u00eb linj\u00ebs Beograd\u2013Tiran\u00eb jan\u00eb mbajtur t\u00eb mbyllur n\u00eb nj\u00eb autobus n\u00eb pist\u00ebn e aeroportit, n\u00eb kushte t\u00eb pap\u00ebrshtatshme.<\/strong><\/p>\n<p>Pamjet e publikuara n\u00eb rrjetet sociale nga gazetari Blendi Fevziu tregojn\u00eb pasagjer\u00ebt duke b\u00ebrtitur dhe k\u00ebrkuar ndihm\u00eb nga autoritetet jasht\u00eb autobusit, nd\u00ebrsa brenda mjetit kishte temperatura shum\u00eb t\u00eb larta dhe mungonte ajrosja apo kondicioneri.<\/p>\n<p>\u201cNj\u00eb sjellje e papranueshme dhe \u00e7njer\u00ebzore ndaj pasagjer\u00ebve shqiptar\u00eb. N\u00ebse keni pamje t\u00eb tjera si k\u00ebto, m\u00eb d\u00ebrgoni personalisht\u201d, shkruan Fevziu n\u00eb postimin e tij, duke b\u00ebr\u00eb apel p\u00ebr m\u00eb shum\u00eb dokumentim t\u00eb rasteve t\u00eb tilla.<\/p>\n<p>Deri n\u00eb k\u00ebt\u00eb moment, nuk ka pasur ndonj\u00eb reagim zyrtar nga autoritetet e aeroportit n\u00eb Beograd lidhur me k\u00ebt\u00eb incident, nd\u00ebrsa nuk dihet ende n\u00ebse pasagjer\u00ebt kan\u00eb marr\u00eb ndonj\u00eb trajtim mjek\u00ebsor apo ndihm\u00eb nga autoritetet serbe.<\/p>\n<p>Ngjarja ka shkaktuar reagime dhe shqet\u00ebsim t\u00eb gjer\u00eb n\u00eb rrjetet sociale, ku shum\u00eb qytetar\u00eb kan\u00eb d\u00ebnuar m\u00ebnyr\u00ebn e trajtimit t\u00eb pasagjer\u00ebve shqiptar\u00eb.<\/p>\n<p>&nbsp;<\/p>\n","protected":false},"excerpt":{"rendered":"<p>Beograd, 10 Korrik 2025 Nj\u00eb ngjarje e pazakont\u00eb ka ndodhur t\u00eb mart\u00ebn n\u00eb aeroportin \u201cNikola Tesla\u201d n\u00eb Beograd, ku disa pasagjer\u00eb shqiptar\u00eb t\u00eb linj\u00ebs Beograd\u2013Tiran\u00eb<\/p>\n","protected":false},"author":1,"featured_media":3200,"comment_status":"open","ping_status":"open","sticky":false,"template":"","format":"standard","meta":{"footnotes":""},"categories":[60],"tags":[],"class_list":["post-3199","post","type-post","status-publish","format-standard","has-post-thumbnail","hentry","category-shoqerore-sq"],"yoast_head":"<!-- This site is optimized with the Yoast SEO plugin v25.3.1 - https:\/\/yoast.com\/wordpress\/plugins\/seo\/ -->\n<title>\u201cNa nxirrni jasht\u00eb!\u201d \u2013 shqiptar\u00ebt b\u00ebrtasin p\u00ebr ndihm\u00eb n\u00eb Aeroportin e Beogradit, u bllokuan n\u00eb autobus \u2013 thyejn\u00eb xhamin -<\/title>\n<meta name=\"robots\" content=\"index, follow, max-snippet:-1, max-image-preview:large, max-video-preview:-1\" \/>\n<link rel=\"canonical\" href=\"https:\/\/veritasinfo.org\/?p=3199\" \/>\n<meta property=\"og:locale\" content=\"en_US\" \/>\n<meta property=\"og:type\" content=\"article\" \/>\n<meta property=\"og:title\" content=\"\u201cNa nxirrni jasht\u00eb!\u201d \u2013 shqiptar\u00ebt b\u00ebrtasin p\u00ebr ndihm\u00eb n\u00eb Aeroportin e Beogradit, u bllokuan n\u00eb autobus \u2013 thyejn\u00eb xhamin -\" \/>\n<meta property=\"og:description\" content=\"Beograd, 10 Korrik 2025 Nj\u00eb ngjarje e pazakont\u00eb ka ndodhur t\u00eb mart\u00ebn n\u00eb aeroportin \u201cNikola Tesla\u201d n\u00eb Beograd, ku disa pasagjer\u00eb shqiptar\u00eb t\u00eb linj\u00ebs Beograd\u2013Tiran\u00eb\" \/>\n<meta property=\"og:url\" content=\"https:\/\/veritasinfo.org\/?p=3199\" \/>\n<meta property=\"article:published_time\" content=\"2025-07-10T05:30:06+00:00\" \/>\n<meta property=\"og:image\" content=\"https:\/\/veritasinfo.org\/wp-content\/uploads\/2025\/07\/IMG_1807.webp\" \/>\n\t<meta property=\"og:image:width\" content=\"780\" \/>\n\t<meta property=\"og:image:height\" content=\"439\" \/>\n\t<meta property=\"og:image:type\" content=\"image\/webp\" \/>\n<meta name=\"author\" content=\"admin\" \/>\n<meta name=\"twitter:card\" content=\"summary_large_image\" \/>\n<meta name=\"twitter:label1\" content=\"Written by\" \/>\n\t<meta name=\"twitter:data1\" content=\"admin\" \/>\n\t<meta name=\"twitter:label2\" content=\"Est. reading time\" \/>\n\t<meta name=\"twitter:data2\" content=\"1 minute\" \/>\n<script type=\"application\/ld+json\" class=\"yoast-schema-graph\">{\"@context\":\"https:\/\/schema.org\",\"@graph\":[{\"@type\":\"WebPage\",\"@id\":\"https:\/\/veritasinfo.org\/?p=3199\",\"url\":\"https:\/\/veritasinfo.org\/?p=3199\",\"name\":\"\u201cNa nxirrni jasht\u00eb!\u201d \u2013 shqiptar\u00ebt b\u00ebrtasin p\u00ebr ndihm\u00eb n\u00eb Aeroportin e Beogradit, u bllokuan n\u00eb autobus \u2013 thyejn\u00eb xhamin -\",\"isPartOf\":{\"@id\":\"https:\/\/veritasinfo.org\/#website\"},\"primaryImageOfPage\":{\"@id\":\"https:\/\/veritasinfo.org\/?p=3199#primaryimage\"},\"image\":{\"@id\":\"https:\/\/veritasinfo.org\/?p=3199#primaryimage\"},\"thumbnailUrl\":\"https:\/\/veritasinfo.org\/wp-content\/uploads\/2025\/07\/IMG_1807.webp\",\"datePublished\":\"2025-07-10T05:30:06+00:00\",\"author\":{\"@id\":\"https:\/\/veritasinfo.org\/#\/schema\/person\/7701f8c088bece422266b100a712374f\"},\"breadcrumb\":{\"@id\":\"https:\/\/veritasinfo.org\/?p=3199#breadcrumb\"},\"inLanguage\":\"en-US\",\"potentialAction\":[{\"@type\":\"ReadAction\",\"target\":[\"https:\/\/veritasinfo.org\/?p=3199\"]}]},{\"@type\":\"ImageObject\",\"inLanguage\":\"en-US\",\"@id\":\"https:\/\/veritasinfo.org\/?p=3199#primaryimage\",\"url\":\"https:\/\/veritasinfo.org\/wp-content\/uploads\/2025\/07\/IMG_1807.webp\",\"contentUrl\":\"https:\/\/veritasinfo.org\/wp-content\/uploads\/2025\/07\/IMG_1807.webp\",\"width\":780,\"height\":439},{\"@type\":\"BreadcrumbList\",\"@id\":\"https:\/\/veritasinfo.org\/?p=3199#breadcrumb\",\"itemListElement\":[{\"@type\":\"ListItem\",\"position\":1,\"name\":\"Home\",\"item\":\"https:\/\/veritasinfo.org\/\"},{\"@type\":\"ListItem\",\"position\":2,\"name\":\"\u201cNa nxirrni jasht\u00eb!\u201d \u2013 shqiptar\u00ebt b\u00ebrtasin p\u00ebr ndihm\u00eb n\u00eb Aeroportin e Beogradit, u bllokuan n\u00eb autobus \u2013 thyejn\u00eb xhamin\"}]},{\"@type\":\"WebSite\",\"@id\":\"https:\/\/veritasinfo.org\/#website\",\"url\":\"https:\/\/veritasinfo.org\/\",\"name\":\"\",\"description\":\"\",\"potentialAction\":[{\"@type\":\"SearchAction\",\"target\":{\"@type\":\"EntryPoint\",\"urlTemplate\":\"https:\/\/veritasinfo.org\/?s={search_term_string}\"},\"query-input\":{\"@type\":\"PropertyValueSpecification\",\"valueRequired\":true,\"valueName\":\"search_term_string\"}}],\"inLanguage\":\"en-US\"},{\"@type\":\"Person\",\"@id\":\"https:\/\/veritasinfo.org\/#\/schema\/person\/7701f8c088bece422266b100a712374f\",\"name\":\"admin\",\"image\":{\"@type\":\"ImageObject\",\"inLanguage\":\"en-US\",\"@id\":\"https:\/\/veritasinfo.org\/#\/schema\/person\/image\/\",\"url\":\"https:\/\/secure.gravatar.com\/avatar\/ea53aa3bf6c9a12d5fde8ce4deff43fef3885ae33cf60184161a50d6987cfd2f?s=96&d=mm&r=g\",\"contentUrl\":\"https:\/\/secure.gravatar.com\/avatar\/ea53aa3bf6c9a12d5fde8ce4deff43fef3885ae33cf60184161a50d6987cfd2f?s=96&d=mm&r=g\",\"caption\":\"admin\"},\"sameAs\":[\"https:\/\/veritasinfo.org\"],\"url\":\"https:\/\/veritasinfo.org\/?author=1\"}]}<\/script>\n<!-- \/ Yoast SEO plugin. -->","yoast_head_json":{"title":"\u201cNa nxirrni jasht\u00eb!\u201d \u2013 shqiptar\u00ebt b\u00ebrtasin p\u00ebr ndihm\u00eb n\u00eb Aeroportin e Beogradit, u bllokuan n\u00eb autobus \u2013 thyejn\u00eb xhamin -","robots":{"index":"index","follow":"follow","max-snippet":"max-snippet:-1","max-image-preview":"max-image-preview:large","max-video-preview":"max-video-preview:-1"},"canonical":"https:\/\/veritasinfo.org\/?p=3199","og_locale":"en_US","og_type":"article","og_title":"\u201cNa nxirrni jasht\u00eb!\u201d \u2013 shqiptar\u00ebt b\u00ebrtasin p\u00ebr ndihm\u00eb n\u00eb Aeroportin e Beogradit, u bllokuan n\u00eb autobus \u2013 thyejn\u00eb xhamin -","og_description":"Beograd, 10 Korrik 2025 Nj\u00eb ngjarje e pazakont\u00eb ka ndodhur t\u00eb mart\u00ebn n\u00eb aeroportin \u201cNikola Tesla\u201d n\u00eb Beograd, ku disa pasagjer\u00eb shqiptar\u00eb t\u00eb linj\u00ebs Beograd\u2013Tiran\u00eb","og_url":"https:\/\/veritasinfo.org\/?p=3199","article_published_time":"2025-07-10T05:30:06+00:00","og_image":[{"width":780,"height":439,"url":"https:\/\/veritasinfo.org\/wp-content\/uploads\/2025\/07\/IMG_1807.webp","type":"image\/webp"}],"author":"admin","twitter_card":"summary_large_image","twitter_misc":{"Written by":"admin","Est. reading time":"1 minute"},"schema":{"@context":"https:\/\/schema.org","@graph":[{"@type":"WebPage","@id":"https:\/\/veritasinfo.org\/?p=3199","url":"https:\/\/veritasinfo.org\/?p=3199","name":"\u201cNa nxirrni jasht\u00eb!\u201d \u2013 shqiptar\u00ebt b\u00ebrtasin p\u00ebr ndihm\u00eb n\u00eb Aeroportin e Beogradit, u bllokuan n\u00eb autobus \u2013 thyejn\u00eb xhamin -","isPartOf":{"@id":"https:\/\/veritasinfo.org\/#website"},"primaryImageOfPage":{"@id":"https:\/\/veritasinfo.org\/?p=3199#primaryimage"},"image":{"@id":"https:\/\/veritasinfo.org\/?p=3199#primaryimage"},"thumbnailUrl":"https:\/\/veritasinfo.org\/wp-content\/uploads\/2025\/07\/IMG_1807.webp","datePublished":"2025-07-10T05:30:06+00:00","author":{"@id":"https:\/\/veritasinfo.org\/#\/schema\/person\/7701f8c088bece422266b100a712374f"},"breadcrumb":{"@id":"https:\/\/veritasinfo.org\/?p=3199#breadcrumb"},"inLanguage":"en-US","potentialAction":[{"@type":"ReadAction","target":["https:\/\/veritasinfo.org\/?p=3199"]}]},{"@type":"ImageObject","inLanguage":"en-US","@id":"https:\/\/veritasinfo.org\/?p=3199#primaryimage","url":"https:\/\/veritasinfo.org\/wp-content\/uploads\/2025\/07\/IMG_1807.webp","contentUrl":"https:\/\/veritasinfo.org\/wp-content\/uploads\/2025\/07\/IMG_1807.webp","width":780,"height":439},{"@type":"BreadcrumbList","@id":"https:\/\/veritasinfo.org\/?p=3199#breadcrumb","itemListElement":[{"@type":"ListItem","position":1,"name":"Home","item":"https:\/\/veritasinfo.org\/"},{"@type":"ListItem","position":2,"name":"\u201cNa nxirrni jasht\u00eb!\u201d \u2013 shqiptar\u00ebt b\u00ebrtasin p\u00ebr ndihm\u00eb n\u00eb Aeroportin e Beogradit, u bllokuan n\u00eb autobus \u2013 thyejn\u00eb xhamin"}]},{"@type":"WebSite","@id":"https:\/\/veritasinfo.org\/#website","url":"https:\/\/veritasinfo.org\/","name":"","description":"","potentialAction":[{"@type":"SearchAction","target":{"@type":"EntryPoint","urlTemplate":"https:\/\/veritasinfo.org\/?s={search_term_string}"},"query-input":{"@type":"PropertyValueSpecification","valueRequired":true,"valueName":"search_term_string"}}],"inLanguage":"en-US"},{"@type":"Person","@id":"https:\/\/veritasinfo.org\/#\/schema\/person\/7701f8c088bece422266b100a712374f","name":"admin","image":{"@type":"ImageObject","inLanguage":"en-US","@id":"https:\/\/veritasinfo.org\/#\/schema\/person\/image\/","url":"https:\/\/secure.gravatar.com\/avatar\/ea53aa3bf6c9a12d5fde8ce4deff43fef3885ae33cf60184161a50d6987cfd2f?s=96&d=mm&r=g","contentUrl":"https:\/\/secure.gravatar.com\/avatar\/ea53aa3bf6c9a12d5fde8ce4deff43fef3885ae33cf60184161a50d6987cfd2f?s=96&d=mm&r=g","caption":"admin"},"sameAs":["https:\/\/veritasinfo.org"],"url":"https:\/\/veritasinfo.org\/?author=1"}]}},"featured_image_urls":{"full":["https:\/\/veritasinfo.org\/wp-content\/uploads\/2025\/07\/IMG_1807.webp",780,439,false],"thumbnail":["https:\/\/veritasinfo.org\/wp-content\/uploads\/2025\/07\/IMG_1807-150x150.webp",150,150,true],"medium":["https:\/\/veritasinfo.org\/wp-content\/uploads\/2025\/07\/IMG_1807-300x169.webp",300,169,true],"medium_large":["https:\/\/veritasinfo.org\/wp-content\/uploads\/2025\/07\/IMG_1807-768x432.webp",640,360,true],"large":["https:\/\/veritasinfo.org\/wp-content\/uploads\/2025\/07\/IMG_1807.webp",640,360,false],"1536x1536":["https:\/\/veritasinfo.org\/wp-content\/uploads\/2025\/07\/IMG_1807.webp",780,439,false],"2048x2048":["https:\/\/veritasinfo.org\/wp-content\/uploads\/2025\/07\/IMG_1807.webp",780,439,false],"kreeti-slider-full":["https:\/\/veritasinfo.org\/wp-content\/uploads\/2025\/07\/IMG_1807.webp",780,439,false],"kreeti-featured":["https:\/\/veritasinfo.org\/wp-content\/uploads\/2025\/07\/IMG_1807.webp",780,439,false],"kreeti-medium":["https:\/\/veritasinfo.org\/wp-content\/uploads\/2025\/07\/IMG_1807.webp",720,405,false],"kreeti-medium-square":["https:\/\/veritasinfo.org\/wp-content\/uploads\/2025\/07\/IMG_1807.webp",350,197,false]},"author_info":{"info":["admin"]},"category_info":"<a href=\"https:\/\/veritasinfo.org\/?cat=60\" rel=\"category\">Shoq\u00ebrore<\/a>","tag_info":"Shoq\u00ebrore","comment_count":"0","_links":{"self":[{"href":"https:\/\/veritasinfo.org\/index.php?rest_route=\/wp\/v2\/posts\/3199","targetHints":{"allow":["GET"]}}],"collection":[{"href":"https:\/\/veritasinfo.org\/index.php?rest_route=\/wp\/v2\/posts"}],"about":[{"href":"https:\/\/veritasinfo.org\/index.php?rest_route=\/wp\/v2\/types\/post"}],"author":[{"embeddable":true,"href":"https:\/\/veritasinfo.org\/index.php?rest_route=\/wp\/v2\/users\/1"}],"replies":[{"embeddable":true,"href":"https:\/\/veritasinfo.org\/index.php?rest_route=%2Fwp%2Fv2%2Fcomments&post=3199"}],"version-history":[{"count":1,"href":"https:\/\/veritasinfo.org\/index.php?rest_route=\/wp\/v2\/posts\/3199\/revisions"}],"predecessor-version":[{"id":3201,"href":"https:\/\/veritasinfo.org\/index.php?rest_route=\/wp\/v2\/posts\/3199\/revisions\/3201"}],"wp:featuredmedia":[{"embeddable":true,"href":"https:\/\/veritasinfo.org\/index.php?rest_route=\/wp\/v2\/media\/3200"}],"wp:attachment":[{"href":"https:\/\/veritasinfo.org\/index.php?rest_route=%2Fwp%2Fv2%2Fmedia&parent=3199"}],"wp:term":[{"taxonomy":"category","embeddable":true,"href":"https:\/\/veritasinfo.org\/index.php?rest_route=%2Fwp%2Fv2%2Fcategories&post=3199"},{"taxonomy":"post_tag","embeddable":true,"href":"https:\/\/veritasinfo.org\/index.php?rest_route=%2Fwp%2Fv2%2Ftags&post=3199"}],"curies":[{"name":"wp","href":"https:\/\/api.w.org\/{rel}","templated":true}]}}