{"id":3191,"date":"2025-07-09T20:59:14","date_gmt":"2025-07-09T18:59:14","guid":{"rendered":"https:\/\/veritasinfo.org\/?p=3191"},"modified":"2025-07-09T20:59:14","modified_gmt":"2025-07-09T18:59:14","slug":"srpske-vlasti-produzile-pritvor-arbnoru-spahijuu-za-jos-30-dana","status":"publish","type":"post","link":"https:\/\/veritasinfo.org\/?p=3191&lang=sr","title":{"rendered":"Srpske vlasti produ\u017eile pritvor Arbnoru Spahijuu za jo\u0161 30 dana"},"content":{"rendered":"<p>Beograd, 09.Jul 2025<\/p>\n<p>Ministarstvo spoljnih poslova i dijaspore, preko Kancelarije za vezu Republike Kosovo u Beogradu, nastavlja napore za institucionalno i pravi\u010dno postupanje u slu\u010daju dr\u017eavljanina Kosova, Arbnora Spahijua, koji je uhap\u0161en od strane srpskih vlasti 7. juna 2025. godine.<\/p>\n<p>Prema saop\u0161tenju MSPD i Kancelarije za vezu, u sredu je zvani\u010dno potvr\u0111eno od strane Spahijuovog branioca da je Vi\u0161i sud u Subotici doneo odluku o produ\u017eenju pritvora za jo\u0161 30 dana.<br \/>\nU saop\u0161tenju se dalje navodi da je Vi\u0161e tu\u017eila\u0161tvo u Subotici pokrenulo krivi\u010dni postupak protiv Spahijua pod sumnjom da je ume\u0161an u slu\u010daj Banjska. Ipak, prema odbrani, do sada nije izneta nijedna konkretna ili verodostojna dokaz koja bi ote\u017eala njegov pravni polo\u017eaj.<br \/>\nAdvokat je sudu dostavio odgovaraju\u0107u dokumentaciju iz institucija Republike Kosovo, uklju\u010duju\u0107i i dokaze da je Spahiju napustio slu\u017ebu u Policiji Kosova znatno pre pomenutog doga\u0111aja.<\/p>\n<p>Kancelarija za vezu je tako\u0111e saop\u0161tila da je ostvarila kontakt sa \u010dlanovima porodice Spahijua, uklju\u010duju\u0107i njegovu suprugu, koji su obave\u0161teni o najnovijoj odluci suda. O\u010dekuje se da \u0107e porodica posetiti Spahijua u \u010detvrtak, 10. jula, u Subotici, a planiraju i zaustavljanje u Beogradu radi sastanka sa predstavnicima Kancelarije za vezu.<\/p>\n<p>Radi obezbe\u0111ivanja direktnog kontakta sa pritvorenim, Kancelarija za vezu je podnela zvani\u010dan zahtev za odobrenje institucionalne posete Spahijuu, koja se o\u010dekuje da bude odobrena tokom ove ili po\u010detkom naredne nedelje.<\/p>\n<p>MSPD nagla\u0161ava da preko svoje kancelarije u Srbiji ostaje trajno anga\u017eovano i transparentno u komunikaciji sa porodicom Spahijua i sa me\u0111unarodnim institucijama, isti\u010du\u0107i posve\u0107enost po\u0161tovanju njegovih prava i punoj primeni normi me\u0111unarodnog prava, u skladu sa obavezama koje proisti\u010du iz dijaloga uz posredovanje Evropske unije.<\/p>\n<p>Razvoj doga\u0111aja u vezi sa ovim slu\u010dajem bi\u0107e redovno i transparentno saop\u0161tavan javnosti, navodi se u saop\u0161tenju MSPD.<\/p>\n","protected":false},"excerpt":{"rendered":"<p>Beograd, 09.Jul 2025 Ministarstvo spoljnih poslova i dijaspore, preko Kancelarije za vezu Republike Kosovo u Beogradu, nastavlja napore za institucionalno i pravi\u010dno postupanje u slu\u010daju<\/p>\n","protected":false},"author":1,"featured_media":3189,"comment_status":"open","ping_status":"open","sticky":false,"template":"","format":"standard","meta":{"footnotes":""},"categories":[30],"tags":[],"class_list":["post-3191","post","type-post","status-publish","format-standard","has-post-thumbnail","hentry","category-drustvo"],"yoast_head":"<!-- This site is optimized with the Yoast SEO plugin v25.3.1 - https:\/\/yoast.com\/wordpress\/plugins\/seo\/ -->\n<title>Srpske vlasti produ\u017eile pritvor Arbnoru Spahijuu za jo\u0161 30 dana -<\/title>\n<meta name=\"robots\" content=\"index, follow, max-snippet:-1, max-image-preview:large, max-video-preview:-1\" \/>\n<link rel=\"canonical\" href=\"https:\/\/veritasinfo.org\/?p=3191&lang=sr\" \/>\n<meta property=\"og:locale\" content=\"en_US\" \/>\n<meta property=\"og:type\" content=\"article\" \/>\n<meta property=\"og:title\" content=\"Srpske vlasti produ\u017eile pritvor Arbnoru Spahijuu za jo\u0161 30 dana -\" \/>\n<meta property=\"og:description\" content=\"Beograd, 09.Jul 2025 Ministarstvo spoljnih poslova i dijaspore, preko Kancelarije za vezu Republike Kosovo u Beogradu, nastavlja napore za institucionalno i pravi\u010dno postupanje u slu\u010daju\" \/>\n<meta property=\"og:url\" content=\"https:\/\/veritasinfo.org\/?p=3191&amp;lang=sr\" \/>\n<meta property=\"article:published_time\" content=\"2025-07-09T18:59:14+00:00\" \/>\n<meta property=\"og:image\" content=\"https:\/\/veritasinfo.org\/wp-content\/uploads\/2025\/07\/IMG_1806.jpeg\" \/>\n\t<meta property=\"og:image:width\" content=\"780\" \/>\n\t<meta property=\"og:image:height\" content=\"500\" \/>\n\t<meta property=\"og:image:type\" content=\"image\/jpeg\" \/>\n<meta name=\"author\" content=\"admin\" \/>\n<meta name=\"twitter:card\" content=\"summary_large_image\" \/>\n<meta name=\"twitter:label1\" content=\"Written by\" \/>\n\t<meta name=\"twitter:data1\" content=\"admin\" \/>\n\t<meta name=\"twitter:label2\" content=\"Est. reading time\" \/>\n\t<meta name=\"twitter:data2\" content=\"2 minutes\" \/>\n<script type=\"application\/ld+json\" class=\"yoast-schema-graph\">{\"@context\":\"https:\/\/schema.org\",\"@graph\":[{\"@type\":\"WebPage\",\"@id\":\"https:\/\/veritasinfo.org\/?p=3191&lang=sr\",\"url\":\"https:\/\/veritasinfo.org\/?p=3191&lang=sr\",\"name\":\"Srpske vlasti produ\u017eile pritvor Arbnoru Spahijuu za jo\u0161 30 dana -\",\"isPartOf\":{\"@id\":\"https:\/\/veritasinfo.org\/#website\"},\"primaryImageOfPage\":{\"@id\":\"https:\/\/veritasinfo.org\/?p=3191&lang=sr#primaryimage\"},\"image\":{\"@id\":\"https:\/\/veritasinfo.org\/?p=3191&lang=sr#primaryimage\"},\"thumbnailUrl\":\"https:\/\/veritasinfo.org\/wp-content\/uploads\/2025\/07\/IMG_1806.jpeg\",\"datePublished\":\"2025-07-09T18:59:14+00:00\",\"author\":{\"@id\":\"https:\/\/veritasinfo.org\/#\/schema\/person\/7701f8c088bece422266b100a712374f\"},\"breadcrumb\":{\"@id\":\"https:\/\/veritasinfo.org\/?p=3191&lang=sr#breadcrumb\"},\"inLanguage\":\"en-US\",\"potentialAction\":[{\"@type\":\"ReadAction\",\"target\":[\"https:\/\/veritasinfo.org\/?p=3191&lang=sr\"]}]},{\"@type\":\"ImageObject\",\"inLanguage\":\"en-US\",\"@id\":\"https:\/\/veritasinfo.org\/?p=3191&lang=sr#primaryimage\",\"url\":\"https:\/\/veritasinfo.org\/wp-content\/uploads\/2025\/07\/IMG_1806.jpeg\",\"contentUrl\":\"https:\/\/veritasinfo.org\/wp-content\/uploads\/2025\/07\/IMG_1806.jpeg\",\"width\":780,\"height\":500},{\"@type\":\"BreadcrumbList\",\"@id\":\"https:\/\/veritasinfo.org\/?p=3191&lang=sr#breadcrumb\",\"itemListElement\":[{\"@type\":\"ListItem\",\"position\":1,\"name\":\"Home\",\"item\":\"https:\/\/veritasinfo.org\/\"},{\"@type\":\"ListItem\",\"position\":2,\"name\":\"Srpske vlasti produ\u017eile pritvor Arbnoru Spahijuu za jo\u0161 30 dana\"}]},{\"@type\":\"WebSite\",\"@id\":\"https:\/\/veritasinfo.org\/#website\",\"url\":\"https:\/\/veritasinfo.org\/\",\"name\":\"\",\"description\":\"\",\"potentialAction\":[{\"@type\":\"SearchAction\",\"target\":{\"@type\":\"EntryPoint\",\"urlTemplate\":\"https:\/\/veritasinfo.org\/?s={search_term_string}\"},\"query-input\":{\"@type\":\"PropertyValueSpecification\",\"valueRequired\":true,\"valueName\":\"search_term_string\"}}],\"inLanguage\":\"en-US\"},{\"@type\":\"Person\",\"@id\":\"https:\/\/veritasinfo.org\/#\/schema\/person\/7701f8c088bece422266b100a712374f\",\"name\":\"admin\",\"image\":{\"@type\":\"ImageObject\",\"inLanguage\":\"en-US\",\"@id\":\"https:\/\/veritasinfo.org\/#\/schema\/person\/image\/\",\"url\":\"https:\/\/secure.gravatar.com\/avatar\/ea53aa3bf6c9a12d5fde8ce4deff43fef3885ae33cf60184161a50d6987cfd2f?s=96&d=mm&r=g\",\"contentUrl\":\"https:\/\/secure.gravatar.com\/avatar\/ea53aa3bf6c9a12d5fde8ce4deff43fef3885ae33cf60184161a50d6987cfd2f?s=96&d=mm&r=g\",\"caption\":\"admin\"},\"sameAs\":[\"https:\/\/veritasinfo.org\"],\"url\":\"https:\/\/veritasinfo.org\/?author=1\"}]}<\/script>\n<!-- \/ Yoast SEO plugin. -->","yoast_head_json":{"title":"Srpske vlasti produ\u017eile pritvor Arbnoru Spahijuu za jo\u0161 30 dana -","robots":{"index":"index","follow":"follow","max-snippet":"max-snippet:-1","max-image-preview":"max-image-preview:large","max-video-preview":"max-video-preview:-1"},"canonical":"https:\/\/veritasinfo.org\/?p=3191&lang=sr","og_locale":"en_US","og_type":"article","og_title":"Srpske vlasti produ\u017eile pritvor Arbnoru Spahijuu za jo\u0161 30 dana -","og_description":"Beograd, 09.Jul 2025 Ministarstvo spoljnih poslova i dijaspore, preko Kancelarije za vezu Republike Kosovo u Beogradu, nastavlja napore za institucionalno i pravi\u010dno postupanje u slu\u010daju","og_url":"https:\/\/veritasinfo.org\/?p=3191&lang=sr","article_published_time":"2025-07-09T18:59:14+00:00","og_image":[{"width":780,"height":500,"url":"https:\/\/veritasinfo.org\/wp-content\/uploads\/2025\/07\/IMG_1806.jpeg","type":"image\/jpeg"}],"author":"admin","twitter_card":"summary_large_image","twitter_misc":{"Written by":"admin","Est. reading time":"2 minutes"},"schema":{"@context":"https:\/\/schema.org","@graph":[{"@type":"WebPage","@id":"https:\/\/veritasinfo.org\/?p=3191&lang=sr","url":"https:\/\/veritasinfo.org\/?p=3191&lang=sr","name":"Srpske vlasti produ\u017eile pritvor Arbnoru Spahijuu za jo\u0161 30 dana -","isPartOf":{"@id":"https:\/\/veritasinfo.org\/#website"},"primaryImageOfPage":{"@id":"https:\/\/veritasinfo.org\/?p=3191&lang=sr#primaryimage"},"image":{"@id":"https:\/\/veritasinfo.org\/?p=3191&lang=sr#primaryimage"},"thumbnailUrl":"https:\/\/veritasinfo.org\/wp-content\/uploads\/2025\/07\/IMG_1806.jpeg","datePublished":"2025-07-09T18:59:14+00:00","author":{"@id":"https:\/\/veritasinfo.org\/#\/schema\/person\/7701f8c088bece422266b100a712374f"},"breadcrumb":{"@id":"https:\/\/veritasinfo.org\/?p=3191&lang=sr#breadcrumb"},"inLanguage":"en-US","potentialAction":[{"@type":"ReadAction","target":["https:\/\/veritasinfo.org\/?p=3191&lang=sr"]}]},{"@type":"ImageObject","inLanguage":"en-US","@id":"https:\/\/veritasinfo.org\/?p=3191&lang=sr#primaryimage","url":"https:\/\/veritasinfo.org\/wp-content\/uploads\/2025\/07\/IMG_1806.jpeg","contentUrl":"https:\/\/veritasinfo.org\/wp-content\/uploads\/2025\/07\/IMG_1806.jpeg","width":780,"height":500},{"@type":"BreadcrumbList","@id":"https:\/\/veritasinfo.org\/?p=3191&lang=sr#breadcrumb","itemListElement":[{"@type":"ListItem","position":1,"name":"Home","item":"https:\/\/veritasinfo.org\/"},{"@type":"ListItem","position":2,"name":"Srpske vlasti produ\u017eile pritvor Arbnoru Spahijuu za jo\u0161 30 dana"}]},{"@type":"WebSite","@id":"https:\/\/veritasinfo.org\/#website","url":"https:\/\/veritasinfo.org\/","name":"","description":"","potentialAction":[{"@type":"SearchAction","target":{"@type":"EntryPoint","urlTemplate":"https:\/\/veritasinfo.org\/?s={search_term_string}"},"query-input":{"@type":"PropertyValueSpecification","valueRequired":true,"valueName":"search_term_string"}}],"inLanguage":"en-US"},{"@type":"Person","@id":"https:\/\/veritasinfo.org\/#\/schema\/person\/7701f8c088bece422266b100a712374f","name":"admin","image":{"@type":"ImageObject","inLanguage":"en-US","@id":"https:\/\/veritasinfo.org\/#\/schema\/person\/image\/","url":"https:\/\/secure.gravatar.com\/avatar\/ea53aa3bf6c9a12d5fde8ce4deff43fef3885ae33cf60184161a50d6987cfd2f?s=96&d=mm&r=g","contentUrl":"https:\/\/secure.gravatar.com\/avatar\/ea53aa3bf6c9a12d5fde8ce4deff43fef3885ae33cf60184161a50d6987cfd2f?s=96&d=mm&r=g","caption":"admin"},"sameAs":["https:\/\/veritasinfo.org"],"url":"https:\/\/veritasinfo.org\/?author=1"}]}},"featured_image_urls":{"full":["https:\/\/veritasinfo.org\/wp-content\/uploads\/2025\/07\/IMG_1806.jpeg",780,500,false],"thumbnail":["https:\/\/veritasinfo.org\/wp-content\/uploads\/2025\/07\/IMG_1806-150x150.jpeg",150,150,true],"medium":["https:\/\/veritasinfo.org\/wp-content\/uploads\/2025\/07\/IMG_1806-300x192.jpeg",300,192,true],"medium_large":["https:\/\/veritasinfo.org\/wp-content\/uploads\/2025\/07\/IMG_1806-768x492.jpeg",640,410,true],"large":["https:\/\/veritasinfo.org\/wp-content\/uploads\/2025\/07\/IMG_1806.jpeg",640,410,false],"1536x1536":["https:\/\/veritasinfo.org\/wp-content\/uploads\/2025\/07\/IMG_1806.jpeg",780,500,false],"2048x2048":["https:\/\/veritasinfo.org\/wp-content\/uploads\/2025\/07\/IMG_1806.jpeg",780,500,false],"kreeti-slider-full":["https:\/\/veritasinfo.org\/wp-content\/uploads\/2025\/07\/IMG_1806.jpeg",780,500,false],"kreeti-featured":["https:\/\/veritasinfo.org\/wp-content\/uploads\/2025\/07\/IMG_1806.jpeg",780,500,false],"kreeti-medium":["https:\/\/veritasinfo.org\/wp-content\/uploads\/2025\/07\/IMG_1806.jpeg",720,462,false],"kreeti-medium-square":["https:\/\/veritasinfo.org\/wp-content\/uploads\/2025\/07\/IMG_1806.jpeg",350,224,false]},"author_info":{"info":["admin"]},"category_info":"<a href=\"https:\/\/veritasinfo.org\/?cat=30&#038;lang=sr\" rel=\"category\">Dru\u0161tvo<\/a>","tag_info":"Dru\u0161tvo","comment_count":"0","_links":{"self":[{"href":"https:\/\/veritasinfo.org\/index.php?rest_route=\/wp\/v2\/posts\/3191","targetHints":{"allow":["GET"]}}],"collection":[{"href":"https:\/\/veritasinfo.org\/index.php?rest_route=\/wp\/v2\/posts"}],"about":[{"href":"https:\/\/veritasinfo.org\/index.php?rest_route=\/wp\/v2\/types\/post"}],"author":[{"embeddable":true,"href":"https:\/\/veritasinfo.org\/index.php?rest_route=\/wp\/v2\/users\/1"}],"replies":[{"embeddable":true,"href":"https:\/\/veritasinfo.org\/index.php?rest_route=%2Fwp%2Fv2%2Fcomments&post=3191"}],"version-history":[{"count":1,"href":"https:\/\/veritasinfo.org\/index.php?rest_route=\/wp\/v2\/posts\/3191\/revisions"}],"predecessor-version":[{"id":3193,"href":"https:\/\/veritasinfo.org\/index.php?rest_route=\/wp\/v2\/posts\/3191\/revisions\/3193"}],"wp:featuredmedia":[{"embeddable":true,"href":"https:\/\/veritasinfo.org\/index.php?rest_route=\/wp\/v2\/media\/3189"}],"wp:attachment":[{"href":"https:\/\/veritasinfo.org\/index.php?rest_route=%2Fwp%2Fv2%2Fmedia&parent=3191"}],"wp:term":[{"taxonomy":"category","embeddable":true,"href":"https:\/\/veritasinfo.org\/index.php?rest_route=%2Fwp%2Fv2%2Fcategories&post=3191"},{"taxonomy":"post_tag","embeddable":true,"href":"https:\/\/veritasinfo.org\/index.php?rest_route=%2Fwp%2Fv2%2Ftags&post=3191"}],"curies":[{"name":"wp","href":"https:\/\/api.w.org\/{rel}","templated":true}]}}