{"id":3188,"date":"2025-07-09T20:53:01","date_gmt":"2025-07-09T18:53:01","guid":{"rendered":"https:\/\/veritasinfo.org\/?p=3188"},"modified":"2025-07-09T20:53:01","modified_gmt":"2025-07-09T18:53:01","slug":"autoritetet-serbe-ia-zgjasin-paraburgimin-arbnor-spahiut-edhe-per-30-dite","status":"publish","type":"post","link":"https:\/\/veritasinfo.org\/?p=3188","title":{"rendered":"Autoritetet serbe ia zgjasin paraburgimin Arbnor Spahiut edhe per 30 dit\u00eb"},"content":{"rendered":"<p>Bbeograd, 09 Korrik 2025<\/p>\n<p><strong>Ministria e Pun\u00ebve t\u00eb Jashtme dhe Diaspor\u00ebs, p\u00ebrmes Zyr\u00ebs Nd\u00ebrlidh\u00ebse t\u00eb Republik\u00ebs s\u00eb Kosov\u00ebs n\u00eb Beograd, po vazhdon p\u00ebrpjekjet p\u00ebr trajtimin institucional dhe t\u00eb drejt\u00eb t\u00eb rastit t\u00eb shtetasit kosovar, Arbnor Spahiu, i arrestuar nga autoritetet serbe m\u00eb 7 qershor 2025.<\/strong><\/p>\n<p>&nbsp;<\/p>\n<p>Sipas njoftimit t\u00eb MPJD-s\u00eb dhe Zyr\u00ebs Nd\u00ebrlidh\u00ebse, t\u00eb m\u00ebrkur\u00ebn,\u00a0\u00ebsht\u00eb konfirmuar zyrtarisht nga avokati mbrojt\u00ebs i Spahiut se Gjykata e Lart\u00eb n\u00eb Subotic\u00eb ka vendosur zgjatjen e mas\u00ebs s\u00eb paraburgimit ndaj tij edhe p\u00ebr 30 dit\u00eb t\u00eb tjera.<\/p>\n<p>N\u00eb njoftim tutje thuhet se Prokuroria e Lart\u00eb e Subotic\u00ebs ka iniciuar procedur\u00eb penale ndaj Spahiu me pretendimin e p\u00ebrfshirjes s\u00eb tij n\u00eb rastin e Banjsk\u00ebs. Megjithat\u00eb, sipas mbrojtjes ligjore, deri m\u00eb tani nuk \u00ebsht\u00eb paraqitur asnj\u00eb prov\u00eb konkrete apo e besueshme q\u00eb do t\u00eb r\u00ebndonte pozit\u00ebn ligjore t\u00eb tij. Avokati ka dor\u00ebzuar n\u00eb gjykat\u00eb dokumentacionin p\u00ebrkat\u00ebs nga institucionet e Republik\u00ebs s\u00eb Kosov\u00ebs, duke p\u00ebrfshir\u00eb edhe d\u00ebshmi se Spahiu ka dal\u00eb nga sh\u00ebrbimi n\u00eb Policin\u00eb e Kosov\u00ebs shum\u00eb koh\u00eb p\u00ebrpara ngjarjes s\u00eb p\u00ebrmendur.<\/p>\n<p>Zyra Nd\u00ebrlidh\u00ebse ka njoftuar gjithashtu se ka komunikuar me familjar\u00ebt e Spahiut, p\u00ebrfshir\u00eb bashk\u00ebshorten e tij, t\u00eb cil\u00ebt jan\u00eb informuar p\u00ebr vendimin e fundit t\u00eb gjykat\u00ebs. Familjar\u00ebt pritet t\u00eb vizitojn\u00eb Spahiun t\u00eb enjten, m\u00eb 10 korrik, n\u00eb Subotic\u00eb dhe planifikojn\u00eb t\u00eb ndalen edhe n\u00eb Beograd p\u00ebr nj\u00eb takim me p\u00ebrfaq\u00ebsuesit e Zyr\u00ebs Nd\u00ebrlidh\u00ebse.<\/p>\n<p>P\u00ebr t\u00eb siguruar nj\u00eb kontakt t\u00eb drejtp\u00ebrdrejt\u00eb me t\u00eb ndaluarin, Zyra Nd\u00ebrlidh\u00ebse ka paraqitur k\u00ebrkes\u00eb zyrtare p\u00ebr lejimin e nj\u00eb vizite institucionale te Spahiu, e cila pritet t\u00eb miratohet brenda jav\u00ebs apo n\u00eb fillim t\u00eb jav\u00ebs s\u00eb ardhshme.<\/p>\n<p>MPJD thekson se\u00a0p\u00ebrmes Zyr\u00ebs s\u00eb saj n\u00eb Serbi, mbetet e angazhuar n\u00eb m\u00ebnyr\u00eb t\u00eb vazhdueshme dhe transparente n\u00eb komunikim me familjen e Spahiut dhe me institucionet nd\u00ebrkomb\u00ebtare, duke theksuar p\u00ebrkushtimin p\u00ebr respektimin e t\u00eb drejtave t\u00eb tij dhe zbatimin e plot\u00eb t\u00eb normave t\u00eb t\u00eb drejt\u00ebs nd\u00ebrkomb\u00ebtare, n\u00eb p\u00ebrputhje me obligimet q\u00eb rrjedhin nga dialogu i nd\u00ebrmjet\u00ebsuar nga Bashkimi Evropian.<\/p>\n<p>Zhvillimet lidhur me k\u00ebt\u00eb rast do t\u00eb vazhdojn\u00eb t\u00eb komunikohen me opinionin publik n\u00eb m\u00ebnyr\u00eb t\u00eb rregullt dhe transparente, thuhet nga MPJD.<\/p>\n<p>&nbsp;<\/p>\n","protected":false},"excerpt":{"rendered":"<p>Bbeograd, 09 Korrik 2025 Ministria e Pun\u00ebve t\u00eb Jashtme dhe Diaspor\u00ebs, p\u00ebrmes Zyr\u00ebs Nd\u00ebrlidh\u00ebse t\u00eb Republik\u00ebs s\u00eb Kosov\u00ebs n\u00eb Beograd, po vazhdon p\u00ebrpjekjet p\u00ebr trajtimin<\/p>\n","protected":false},"author":1,"featured_media":3189,"comment_status":"open","ping_status":"open","sticky":false,"template":"","format":"standard","meta":{"footnotes":""},"categories":[60],"tags":[],"class_list":["post-3188","post","type-post","status-publish","format-standard","has-post-thumbnail","hentry","category-shoqerore-sq"],"yoast_head":"<!-- This site is optimized with the Yoast SEO plugin v25.3.1 - https:\/\/yoast.com\/wordpress\/plugins\/seo\/ -->\n<title>Autoritetet serbe ia zgjasin paraburgimin Arbnor Spahiut edhe per 30 dit\u00eb -<\/title>\n<meta name=\"robots\" content=\"index, follow, max-snippet:-1, max-image-preview:large, max-video-preview:-1\" \/>\n<link rel=\"canonical\" href=\"https:\/\/veritasinfo.org\/?p=3188\" \/>\n<meta property=\"og:locale\" content=\"en_US\" \/>\n<meta property=\"og:type\" content=\"article\" \/>\n<meta property=\"og:title\" content=\"Autoritetet serbe ia zgjasin paraburgimin Arbnor Spahiut edhe per 30 dit\u00eb -\" \/>\n<meta property=\"og:description\" content=\"Bbeograd, 09 Korrik 2025 Ministria e Pun\u00ebve t\u00eb Jashtme dhe Diaspor\u00ebs, p\u00ebrmes Zyr\u00ebs Nd\u00ebrlidh\u00ebse t\u00eb Republik\u00ebs s\u00eb Kosov\u00ebs n\u00eb Beograd, po vazhdon p\u00ebrpjekjet p\u00ebr trajtimin\" \/>\n<meta property=\"og:url\" content=\"https:\/\/veritasinfo.org\/?p=3188\" \/>\n<meta property=\"article:published_time\" content=\"2025-07-09T18:53:01+00:00\" \/>\n<meta property=\"og:image\" content=\"https:\/\/veritasinfo.org\/wp-content\/uploads\/2025\/07\/IMG_1806.jpeg\" \/>\n\t<meta property=\"og:image:width\" content=\"780\" \/>\n\t<meta property=\"og:image:height\" content=\"500\" \/>\n\t<meta property=\"og:image:type\" content=\"image\/jpeg\" \/>\n<meta name=\"author\" content=\"admin\" \/>\n<meta name=\"twitter:card\" content=\"summary_large_image\" \/>\n<meta name=\"twitter:label1\" content=\"Written by\" \/>\n\t<meta name=\"twitter:data1\" content=\"admin\" \/>\n\t<meta name=\"twitter:label2\" content=\"Est. reading time\" \/>\n\t<meta name=\"twitter:data2\" content=\"2 minutes\" \/>\n<script type=\"application\/ld+json\" class=\"yoast-schema-graph\">{\"@context\":\"https:\/\/schema.org\",\"@graph\":[{\"@type\":\"WebPage\",\"@id\":\"https:\/\/veritasinfo.org\/?p=3188\",\"url\":\"https:\/\/veritasinfo.org\/?p=3188\",\"name\":\"Autoritetet serbe ia zgjasin paraburgimin Arbnor Spahiut edhe per 30 dit\u00eb -\",\"isPartOf\":{\"@id\":\"https:\/\/veritasinfo.org\/#website\"},\"primaryImageOfPage\":{\"@id\":\"https:\/\/veritasinfo.org\/?p=3188#primaryimage\"},\"image\":{\"@id\":\"https:\/\/veritasinfo.org\/?p=3188#primaryimage\"},\"thumbnailUrl\":\"https:\/\/veritasinfo.org\/wp-content\/uploads\/2025\/07\/IMG_1806.jpeg\",\"datePublished\":\"2025-07-09T18:53:01+00:00\",\"author\":{\"@id\":\"https:\/\/veritasinfo.org\/#\/schema\/person\/7701f8c088bece422266b100a712374f\"},\"breadcrumb\":{\"@id\":\"https:\/\/veritasinfo.org\/?p=3188#breadcrumb\"},\"inLanguage\":\"en-US\",\"potentialAction\":[{\"@type\":\"ReadAction\",\"target\":[\"https:\/\/veritasinfo.org\/?p=3188\"]}]},{\"@type\":\"ImageObject\",\"inLanguage\":\"en-US\",\"@id\":\"https:\/\/veritasinfo.org\/?p=3188#primaryimage\",\"url\":\"https:\/\/veritasinfo.org\/wp-content\/uploads\/2025\/07\/IMG_1806.jpeg\",\"contentUrl\":\"https:\/\/veritasinfo.org\/wp-content\/uploads\/2025\/07\/IMG_1806.jpeg\",\"width\":780,\"height\":500},{\"@type\":\"BreadcrumbList\",\"@id\":\"https:\/\/veritasinfo.org\/?p=3188#breadcrumb\",\"itemListElement\":[{\"@type\":\"ListItem\",\"position\":1,\"name\":\"Home\",\"item\":\"https:\/\/veritasinfo.org\/\"},{\"@type\":\"ListItem\",\"position\":2,\"name\":\"Autoritetet serbe ia zgjasin paraburgimin Arbnor Spahiut edhe per 30 dit\u00eb\"}]},{\"@type\":\"WebSite\",\"@id\":\"https:\/\/veritasinfo.org\/#website\",\"url\":\"https:\/\/veritasinfo.org\/\",\"name\":\"\",\"description\":\"\",\"potentialAction\":[{\"@type\":\"SearchAction\",\"target\":{\"@type\":\"EntryPoint\",\"urlTemplate\":\"https:\/\/veritasinfo.org\/?s={search_term_string}\"},\"query-input\":{\"@type\":\"PropertyValueSpecification\",\"valueRequired\":true,\"valueName\":\"search_term_string\"}}],\"inLanguage\":\"en-US\"},{\"@type\":\"Person\",\"@id\":\"https:\/\/veritasinfo.org\/#\/schema\/person\/7701f8c088bece422266b100a712374f\",\"name\":\"admin\",\"image\":{\"@type\":\"ImageObject\",\"inLanguage\":\"en-US\",\"@id\":\"https:\/\/veritasinfo.org\/#\/schema\/person\/image\/\",\"url\":\"https:\/\/secure.gravatar.com\/avatar\/ea53aa3bf6c9a12d5fde8ce4deff43fef3885ae33cf60184161a50d6987cfd2f?s=96&d=mm&r=g\",\"contentUrl\":\"https:\/\/secure.gravatar.com\/avatar\/ea53aa3bf6c9a12d5fde8ce4deff43fef3885ae33cf60184161a50d6987cfd2f?s=96&d=mm&r=g\",\"caption\":\"admin\"},\"sameAs\":[\"https:\/\/veritasinfo.org\"],\"url\":\"https:\/\/veritasinfo.org\/?author=1\"}]}<\/script>\n<!-- \/ Yoast SEO plugin. -->","yoast_head_json":{"title":"Autoritetet serbe ia zgjasin paraburgimin Arbnor Spahiut edhe per 30 dit\u00eb -","robots":{"index":"index","follow":"follow","max-snippet":"max-snippet:-1","max-image-preview":"max-image-preview:large","max-video-preview":"max-video-preview:-1"},"canonical":"https:\/\/veritasinfo.org\/?p=3188","og_locale":"en_US","og_type":"article","og_title":"Autoritetet serbe ia zgjasin paraburgimin Arbnor Spahiut edhe per 30 dit\u00eb -","og_description":"Bbeograd, 09 Korrik 2025 Ministria e Pun\u00ebve t\u00eb Jashtme dhe Diaspor\u00ebs, p\u00ebrmes Zyr\u00ebs Nd\u00ebrlidh\u00ebse t\u00eb Republik\u00ebs s\u00eb Kosov\u00ebs n\u00eb Beograd, po vazhdon p\u00ebrpjekjet p\u00ebr trajtimin","og_url":"https:\/\/veritasinfo.org\/?p=3188","article_published_time":"2025-07-09T18:53:01+00:00","og_image":[{"width":780,"height":500,"url":"https:\/\/veritasinfo.org\/wp-content\/uploads\/2025\/07\/IMG_1806.jpeg","type":"image\/jpeg"}],"author":"admin","twitter_card":"summary_large_image","twitter_misc":{"Written by":"admin","Est. reading time":"2 minutes"},"schema":{"@context":"https:\/\/schema.org","@graph":[{"@type":"WebPage","@id":"https:\/\/veritasinfo.org\/?p=3188","url":"https:\/\/veritasinfo.org\/?p=3188","name":"Autoritetet serbe ia zgjasin paraburgimin Arbnor Spahiut edhe per 30 dit\u00eb -","isPartOf":{"@id":"https:\/\/veritasinfo.org\/#website"},"primaryImageOfPage":{"@id":"https:\/\/veritasinfo.org\/?p=3188#primaryimage"},"image":{"@id":"https:\/\/veritasinfo.org\/?p=3188#primaryimage"},"thumbnailUrl":"https:\/\/veritasinfo.org\/wp-content\/uploads\/2025\/07\/IMG_1806.jpeg","datePublished":"2025-07-09T18:53:01+00:00","author":{"@id":"https:\/\/veritasinfo.org\/#\/schema\/person\/7701f8c088bece422266b100a712374f"},"breadcrumb":{"@id":"https:\/\/veritasinfo.org\/?p=3188#breadcrumb"},"inLanguage":"en-US","potentialAction":[{"@type":"ReadAction","target":["https:\/\/veritasinfo.org\/?p=3188"]}]},{"@type":"ImageObject","inLanguage":"en-US","@id":"https:\/\/veritasinfo.org\/?p=3188#primaryimage","url":"https:\/\/veritasinfo.org\/wp-content\/uploads\/2025\/07\/IMG_1806.jpeg","contentUrl":"https:\/\/veritasinfo.org\/wp-content\/uploads\/2025\/07\/IMG_1806.jpeg","width":780,"height":500},{"@type":"BreadcrumbList","@id":"https:\/\/veritasinfo.org\/?p=3188#breadcrumb","itemListElement":[{"@type":"ListItem","position":1,"name":"Home","item":"https:\/\/veritasinfo.org\/"},{"@type":"ListItem","position":2,"name":"Autoritetet serbe ia zgjasin paraburgimin Arbnor Spahiut edhe per 30 dit\u00eb"}]},{"@type":"WebSite","@id":"https:\/\/veritasinfo.org\/#website","url":"https:\/\/veritasinfo.org\/","name":"","description":"","potentialAction":[{"@type":"SearchAction","target":{"@type":"EntryPoint","urlTemplate":"https:\/\/veritasinfo.org\/?s={search_term_string}"},"query-input":{"@type":"PropertyValueSpecification","valueRequired":true,"valueName":"search_term_string"}}],"inLanguage":"en-US"},{"@type":"Person","@id":"https:\/\/veritasinfo.org\/#\/schema\/person\/7701f8c088bece422266b100a712374f","name":"admin","image":{"@type":"ImageObject","inLanguage":"en-US","@id":"https:\/\/veritasinfo.org\/#\/schema\/person\/image\/","url":"https:\/\/secure.gravatar.com\/avatar\/ea53aa3bf6c9a12d5fde8ce4deff43fef3885ae33cf60184161a50d6987cfd2f?s=96&d=mm&r=g","contentUrl":"https:\/\/secure.gravatar.com\/avatar\/ea53aa3bf6c9a12d5fde8ce4deff43fef3885ae33cf60184161a50d6987cfd2f?s=96&d=mm&r=g","caption":"admin"},"sameAs":["https:\/\/veritasinfo.org"],"url":"https:\/\/veritasinfo.org\/?author=1"}]}},"featured_image_urls":{"full":["https:\/\/veritasinfo.org\/wp-content\/uploads\/2025\/07\/IMG_1806.jpeg",780,500,false],"thumbnail":["https:\/\/veritasinfo.org\/wp-content\/uploads\/2025\/07\/IMG_1806-150x150.jpeg",150,150,true],"medium":["https:\/\/veritasinfo.org\/wp-content\/uploads\/2025\/07\/IMG_1806-300x192.jpeg",300,192,true],"medium_large":["https:\/\/veritasinfo.org\/wp-content\/uploads\/2025\/07\/IMG_1806-768x492.jpeg",640,410,true],"large":["https:\/\/veritasinfo.org\/wp-content\/uploads\/2025\/07\/IMG_1806.jpeg",640,410,false],"1536x1536":["https:\/\/veritasinfo.org\/wp-content\/uploads\/2025\/07\/IMG_1806.jpeg",780,500,false],"2048x2048":["https:\/\/veritasinfo.org\/wp-content\/uploads\/2025\/07\/IMG_1806.jpeg",780,500,false],"kreeti-slider-full":["https:\/\/veritasinfo.org\/wp-content\/uploads\/2025\/07\/IMG_1806.jpeg",780,500,false],"kreeti-featured":["https:\/\/veritasinfo.org\/wp-content\/uploads\/2025\/07\/IMG_1806.jpeg",780,500,false],"kreeti-medium":["https:\/\/veritasinfo.org\/wp-content\/uploads\/2025\/07\/IMG_1806.jpeg",720,462,false],"kreeti-medium-square":["https:\/\/veritasinfo.org\/wp-content\/uploads\/2025\/07\/IMG_1806.jpeg",350,224,false]},"author_info":{"info":["admin"]},"category_info":"<a href=\"https:\/\/veritasinfo.org\/?cat=60\" rel=\"category\">Shoq\u00ebrore<\/a>","tag_info":"Shoq\u00ebrore","comment_count":"0","_links":{"self":[{"href":"https:\/\/veritasinfo.org\/index.php?rest_route=\/wp\/v2\/posts\/3188","targetHints":{"allow":["GET"]}}],"collection":[{"href":"https:\/\/veritasinfo.org\/index.php?rest_route=\/wp\/v2\/posts"}],"about":[{"href":"https:\/\/veritasinfo.org\/index.php?rest_route=\/wp\/v2\/types\/post"}],"author":[{"embeddable":true,"href":"https:\/\/veritasinfo.org\/index.php?rest_route=\/wp\/v2\/users\/1"}],"replies":[{"embeddable":true,"href":"https:\/\/veritasinfo.org\/index.php?rest_route=%2Fwp%2Fv2%2Fcomments&post=3188"}],"version-history":[{"count":1,"href":"https:\/\/veritasinfo.org\/index.php?rest_route=\/wp\/v2\/posts\/3188\/revisions"}],"predecessor-version":[{"id":3190,"href":"https:\/\/veritasinfo.org\/index.php?rest_route=\/wp\/v2\/posts\/3188\/revisions\/3190"}],"wp:featuredmedia":[{"embeddable":true,"href":"https:\/\/veritasinfo.org\/index.php?rest_route=\/wp\/v2\/media\/3189"}],"wp:attachment":[{"href":"https:\/\/veritasinfo.org\/index.php?rest_route=%2Fwp%2Fv2%2Fmedia&parent=3188"}],"wp:term":[{"taxonomy":"category","embeddable":true,"href":"https:\/\/veritasinfo.org\/index.php?rest_route=%2Fwp%2Fv2%2Fcategories&post=3188"},{"taxonomy":"post_tag","embeddable":true,"href":"https:\/\/veritasinfo.org\/index.php?rest_route=%2Fwp%2Fv2%2Ftags&post=3188"}],"curies":[{"name":"wp","href":"https:\/\/api.w.org\/{rel}","templated":true}]}}