{"id":31764,"date":"2026-02-11T14:14:28","date_gmt":"2026-02-11T13:14:28","guid":{"rendered":"https:\/\/veritasinfo.org\/?p=31764"},"modified":"2026-02-11T14:14:28","modified_gmt":"2026-02-11T13:14:28","slug":"ministria-e-mjedisit-del-me-udhezime-se-si-te-veprohet-ne-rast-te-termetit","status":"publish","type":"post","link":"https:\/\/veritasinfo.org\/?p=31764","title":{"rendered":"Ministria e Mjedisit del me udh\u00ebzime se si t\u00eb veprohet n\u00eb rast t\u00eb t\u00ebrmetit"},"content":{"rendered":"<p>Prishtin\u00eb, 11 shkurt 2026 14:13<\/p>\n<p>Ministria e Mjedisit, Planifikimit Hap\u00ebsinor dhe Infrastruktur\u00ebs, n\u00eb nj\u00eb postim n\u00eb Facebook t\u00eb m\u00ebrkur\u00ebn, ka udh\u00ebzuar qytetar\u00ebt se di t\u00eb veprohet n\u00eb rast t\u00eb t\u00ebrmetit.<\/p>\n<p>Ministria n\u00eb udh\u00ebzim ka th\u00ebn\u00eb se duhet ruajtur fillimisht qet\u00ebsia n\u00eb rast t\u00eb t\u00ebrmetit dhe t\u00eb futeni n\u00ebn nj\u00eb tavolin\u00eb t\u00eb fort\u00eb ose pran\u00eb nj\u00eb muri mbajt\u00ebs.<\/p>\n<p>T\u00eb mart\u00ebn mbr\u00ebma Kosova u dridh nga nj\u00eb t\u00ebrmet 4.6 ball\u00eb Rihter. Epiqendra ishte n\u00eb Sht\u00ebrpc\u00eb. Nuk \u00ebsht\u00eb raportuar p\u00ebr t\u00eb l\u00ebnduar, nd\u00ebrsa n\u00eb shum\u00eb qytete qytetar\u00ebt kan\u00eb dal\u00eb jasht\u00eb objekteve t\u00eb banimit.<\/p>\n<p>\u201cGjat\u00eb t\u00ebrmetit: Q\u00ebndroni t\u00eb qet\u00eb dhe mos u panikosni; Futuni menj\u00ebher\u00eb n\u00ebn nj\u00eb tavolin\u00eb t\u00eb fort\u00eb ose pran\u00eb nj\u00eb muri mbajt\u00ebs; Mbroni kok\u00ebn dhe qaf\u00ebn me duar; Q\u00ebndroni larg dritareve, rafteve dhe objekteve q\u00eb mund t\u00eb bien; Mos p\u00ebrdorni ashensorin; N\u00ebse jeni jasht\u00eb, q\u00ebndroni larg nd\u00ebrtesave, shtyllave elektrike dhe pem\u00ebve; N\u00ebse jeni duke vozitur, ndaloni n\u00eb nj\u00eb vend t\u00eb sigurt dhe q\u00ebndroni brenda automjetit\u201d, thuhet n\u00eb udh\u00ebzimet e Ministris\u00eb.<\/p>\n<p>Nd\u00ebrsa pas t\u00ebrmetit, Ministria ka udh\u00ebzuar q\u00eb t\u00eb dilet me kujdes nga objekti vet\u00ebm n\u00eb rast se nuk \u00ebsht\u00eb objekti i d\u00ebmtuar e po ashtu ka th\u00ebn\u00eb se duhet p\u00ebrgatitur p\u00ebr l\u00ebkundje pasuese.<\/p>\n<p>\u201cPas t\u00ebrmetit: Dilni me kujdes nga objekti vet\u00ebm n\u00ebse \u00ebsht\u00eb i d\u00ebmtuar; Kontrolloni p\u00ebr t\u00eb l\u00ebnduar dhe njoftoni sh\u00ebrbimet emergjente n\u00ebse \u00ebsht\u00eb e nevojshme; Ndiqni vet\u00ebm njoftimet zyrtare nga institucionet p\u00ebrkat\u00ebse; P\u00ebrgatituni p\u00ebr l\u00ebkundje pasuese. Siguria fillon me vet\u00ebdije dhe veprim t\u00eb shpejt\u00eb. Respektimi i k\u00ebtyre udh\u00ebzimeve ndihmon n\u00eb zvog\u00eblimin e rrezikut p\u00ebr ju dhe familjen tuaj\u201d, ka njoftuar Ministria.<\/p>\n<p>&nbsp;<\/p>\n","protected":false},"excerpt":{"rendered":"<p>Prishtin\u00eb, 11 shkurt 2026 14:13 Ministria e Mjedisit, Planifikimit Hap\u00ebsinor dhe Infrastruktur\u00ebs, n\u00eb nj\u00eb postim n\u00eb Facebook t\u00eb m\u00ebrkur\u00ebn, ka udh\u00ebzuar qytetar\u00ebt se di t\u00eb<\/p>\n","protected":false},"author":7,"featured_media":31765,"comment_status":"open","ping_status":"open","sticky":false,"template":"","format":"standard","meta":{"footnotes":""},"categories":[60],"tags":[],"class_list":["post-31764","post","type-post","status-publish","format-standard","has-post-thumbnail","hentry","category-shoqerore-sq"],"yoast_head":"<!-- This site is optimized with the Yoast SEO plugin v25.3.1 - https:\/\/yoast.com\/wordpress\/plugins\/seo\/ -->\n<title>Ministria e Mjedisit del me udh\u00ebzime se si t\u00eb veprohet n\u00eb rast t\u00eb t\u00ebrmetit -<\/title>\n<meta name=\"robots\" content=\"index, follow, max-snippet:-1, max-image-preview:large, max-video-preview:-1\" \/>\n<link rel=\"canonical\" href=\"https:\/\/veritasinfo.org\/?p=31764\" \/>\n<meta property=\"og:locale\" content=\"en_US\" \/>\n<meta property=\"og:type\" content=\"article\" \/>\n<meta property=\"og:title\" content=\"Ministria e Mjedisit del me udh\u00ebzime se si t\u00eb veprohet n\u00eb rast t\u00eb t\u00ebrmetit -\" \/>\n<meta property=\"og:description\" content=\"Prishtin\u00eb, 11 shkurt 2026 14:13 Ministria e Mjedisit, Planifikimit Hap\u00ebsinor dhe Infrastruktur\u00ebs, n\u00eb nj\u00eb postim n\u00eb Facebook t\u00eb m\u00ebrkur\u00ebn, ka udh\u00ebzuar qytetar\u00ebt se di t\u00eb\" \/>\n<meta property=\"og:url\" content=\"https:\/\/veritasinfo.org\/?p=31764\" \/>\n<meta property=\"article:published_time\" content=\"2026-02-11T13:14:28+00:00\" \/>\n<meta property=\"og:image\" content=\"https:\/\/veritasinfo.org\/wp-content\/uploads\/2026\/02\/termet1699194822.webp\" \/>\n\t<meta property=\"og:image:width\" content=\"600\" \/>\n\t<meta property=\"og:image:height\" content=\"400\" \/>\n\t<meta property=\"og:image:type\" content=\"image\/webp\" \/>\n<meta name=\"author\" content=\"US6\" \/>\n<meta name=\"twitter:card\" content=\"summary_large_image\" \/>\n<meta name=\"twitter:label1\" content=\"Written by\" \/>\n\t<meta name=\"twitter:data1\" content=\"US6\" \/>\n\t<meta name=\"twitter:label2\" content=\"Est. reading time\" \/>\n\t<meta name=\"twitter:data2\" content=\"2 minutes\" \/>\n<script type=\"application\/ld+json\" class=\"yoast-schema-graph\">{\"@context\":\"https:\/\/schema.org\",\"@graph\":[{\"@type\":\"WebPage\",\"@id\":\"https:\/\/veritasinfo.org\/?p=31764\",\"url\":\"https:\/\/veritasinfo.org\/?p=31764\",\"name\":\"Ministria e Mjedisit del me udh\u00ebzime se si t\u00eb veprohet n\u00eb rast t\u00eb t\u00ebrmetit -\",\"isPartOf\":{\"@id\":\"https:\/\/veritasinfo.org\/#website\"},\"primaryImageOfPage\":{\"@id\":\"https:\/\/veritasinfo.org\/?p=31764#primaryimage\"},\"image\":{\"@id\":\"https:\/\/veritasinfo.org\/?p=31764#primaryimage\"},\"thumbnailUrl\":\"https:\/\/veritasinfo.org\/wp-content\/uploads\/2026\/02\/termet1699194822.webp\",\"datePublished\":\"2026-02-11T13:14:28+00:00\",\"author\":{\"@id\":\"https:\/\/veritasinfo.org\/#\/schema\/person\/fe199eede04c3937362892b7444747cc\"},\"breadcrumb\":{\"@id\":\"https:\/\/veritasinfo.org\/?p=31764#breadcrumb\"},\"inLanguage\":\"en-US\",\"potentialAction\":[{\"@type\":\"ReadAction\",\"target\":[\"https:\/\/veritasinfo.org\/?p=31764\"]}]},{\"@type\":\"ImageObject\",\"inLanguage\":\"en-US\",\"@id\":\"https:\/\/veritasinfo.org\/?p=31764#primaryimage\",\"url\":\"https:\/\/veritasinfo.org\/wp-content\/uploads\/2026\/02\/termet1699194822.webp\",\"contentUrl\":\"https:\/\/veritasinfo.org\/wp-content\/uploads\/2026\/02\/termet1699194822.webp\",\"width\":600,\"height\":400},{\"@type\":\"BreadcrumbList\",\"@id\":\"https:\/\/veritasinfo.org\/?p=31764#breadcrumb\",\"itemListElement\":[{\"@type\":\"ListItem\",\"position\":1,\"name\":\"Home\",\"item\":\"https:\/\/veritasinfo.org\/\"},{\"@type\":\"ListItem\",\"position\":2,\"name\":\"Ministria e Mjedisit del me udh\u00ebzime se si t\u00eb veprohet n\u00eb rast t\u00eb t\u00ebrmetit\"}]},{\"@type\":\"WebSite\",\"@id\":\"https:\/\/veritasinfo.org\/#website\",\"url\":\"https:\/\/veritasinfo.org\/\",\"name\":\"\",\"description\":\"\",\"potentialAction\":[{\"@type\":\"SearchAction\",\"target\":{\"@type\":\"EntryPoint\",\"urlTemplate\":\"https:\/\/veritasinfo.org\/?s={search_term_string}\"},\"query-input\":{\"@type\":\"PropertyValueSpecification\",\"valueRequired\":true,\"valueName\":\"search_term_string\"}}],\"inLanguage\":\"en-US\"},{\"@type\":\"Person\",\"@id\":\"https:\/\/veritasinfo.org\/#\/schema\/person\/fe199eede04c3937362892b7444747cc\",\"name\":\"US6\",\"image\":{\"@type\":\"ImageObject\",\"inLanguage\":\"en-US\",\"@id\":\"https:\/\/veritasinfo.org\/#\/schema\/person\/image\/\",\"url\":\"https:\/\/secure.gravatar.com\/avatar\/cb16c3c31c9d23b9b8c705964598220b3014e42ff51eb540ff23cefa3ae8c15f?s=96&d=mm&r=g\",\"contentUrl\":\"https:\/\/secure.gravatar.com\/avatar\/cb16c3c31c9d23b9b8c705964598220b3014e42ff51eb540ff23cefa3ae8c15f?s=96&d=mm&r=g\",\"caption\":\"US6\"},\"url\":\"https:\/\/veritasinfo.org\/?author=7\"}]}<\/script>\n<!-- \/ Yoast SEO plugin. -->","yoast_head_json":{"title":"Ministria e Mjedisit del me udh\u00ebzime se si t\u00eb veprohet n\u00eb rast t\u00eb t\u00ebrmetit -","robots":{"index":"index","follow":"follow","max-snippet":"max-snippet:-1","max-image-preview":"max-image-preview:large","max-video-preview":"max-video-preview:-1"},"canonical":"https:\/\/veritasinfo.org\/?p=31764","og_locale":"en_US","og_type":"article","og_title":"Ministria e Mjedisit del me udh\u00ebzime se si t\u00eb veprohet n\u00eb rast t\u00eb t\u00ebrmetit -","og_description":"Prishtin\u00eb, 11 shkurt 2026 14:13 Ministria e Mjedisit, Planifikimit Hap\u00ebsinor dhe Infrastruktur\u00ebs, n\u00eb nj\u00eb postim n\u00eb Facebook t\u00eb m\u00ebrkur\u00ebn, ka udh\u00ebzuar qytetar\u00ebt se di t\u00eb","og_url":"https:\/\/veritasinfo.org\/?p=31764","article_published_time":"2026-02-11T13:14:28+00:00","og_image":[{"width":600,"height":400,"url":"https:\/\/veritasinfo.org\/wp-content\/uploads\/2026\/02\/termet1699194822.webp","type":"image\/webp"}],"author":"US6","twitter_card":"summary_large_image","twitter_misc":{"Written by":"US6","Est. reading time":"2 minutes"},"schema":{"@context":"https:\/\/schema.org","@graph":[{"@type":"WebPage","@id":"https:\/\/veritasinfo.org\/?p=31764","url":"https:\/\/veritasinfo.org\/?p=31764","name":"Ministria e Mjedisit del me udh\u00ebzime se si t\u00eb veprohet n\u00eb rast t\u00eb t\u00ebrmetit -","isPartOf":{"@id":"https:\/\/veritasinfo.org\/#website"},"primaryImageOfPage":{"@id":"https:\/\/veritasinfo.org\/?p=31764#primaryimage"},"image":{"@id":"https:\/\/veritasinfo.org\/?p=31764#primaryimage"},"thumbnailUrl":"https:\/\/veritasinfo.org\/wp-content\/uploads\/2026\/02\/termet1699194822.webp","datePublished":"2026-02-11T13:14:28+00:00","author":{"@id":"https:\/\/veritasinfo.org\/#\/schema\/person\/fe199eede04c3937362892b7444747cc"},"breadcrumb":{"@id":"https:\/\/veritasinfo.org\/?p=31764#breadcrumb"},"inLanguage":"en-US","potentialAction":[{"@type":"ReadAction","target":["https:\/\/veritasinfo.org\/?p=31764"]}]},{"@type":"ImageObject","inLanguage":"en-US","@id":"https:\/\/veritasinfo.org\/?p=31764#primaryimage","url":"https:\/\/veritasinfo.org\/wp-content\/uploads\/2026\/02\/termet1699194822.webp","contentUrl":"https:\/\/veritasinfo.org\/wp-content\/uploads\/2026\/02\/termet1699194822.webp","width":600,"height":400},{"@type":"BreadcrumbList","@id":"https:\/\/veritasinfo.org\/?p=31764#breadcrumb","itemListElement":[{"@type":"ListItem","position":1,"name":"Home","item":"https:\/\/veritasinfo.org\/"},{"@type":"ListItem","position":2,"name":"Ministria e Mjedisit del me udh\u00ebzime se si t\u00eb veprohet n\u00eb rast t\u00eb t\u00ebrmetit"}]},{"@type":"WebSite","@id":"https:\/\/veritasinfo.org\/#website","url":"https:\/\/veritasinfo.org\/","name":"","description":"","potentialAction":[{"@type":"SearchAction","target":{"@type":"EntryPoint","urlTemplate":"https:\/\/veritasinfo.org\/?s={search_term_string}"},"query-input":{"@type":"PropertyValueSpecification","valueRequired":true,"valueName":"search_term_string"}}],"inLanguage":"en-US"},{"@type":"Person","@id":"https:\/\/veritasinfo.org\/#\/schema\/person\/fe199eede04c3937362892b7444747cc","name":"US6","image":{"@type":"ImageObject","inLanguage":"en-US","@id":"https:\/\/veritasinfo.org\/#\/schema\/person\/image\/","url":"https:\/\/secure.gravatar.com\/avatar\/cb16c3c31c9d23b9b8c705964598220b3014e42ff51eb540ff23cefa3ae8c15f?s=96&d=mm&r=g","contentUrl":"https:\/\/secure.gravatar.com\/avatar\/cb16c3c31c9d23b9b8c705964598220b3014e42ff51eb540ff23cefa3ae8c15f?s=96&d=mm&r=g","caption":"US6"},"url":"https:\/\/veritasinfo.org\/?author=7"}]}},"featured_image_urls":{"full":["https:\/\/veritasinfo.org\/wp-content\/uploads\/2026\/02\/termet1699194822.webp",600,400,false],"thumbnail":["https:\/\/veritasinfo.org\/wp-content\/uploads\/2026\/02\/termet1699194822-150x150.webp",150,150,true],"medium":["https:\/\/veritasinfo.org\/wp-content\/uploads\/2026\/02\/termet1699194822-300x200.webp",300,200,true],"medium_large":["https:\/\/veritasinfo.org\/wp-content\/uploads\/2026\/02\/termet1699194822.webp",600,400,false],"large":["https:\/\/veritasinfo.org\/wp-content\/uploads\/2026\/02\/termet1699194822.webp",600,400,false],"1536x1536":["https:\/\/veritasinfo.org\/wp-content\/uploads\/2026\/02\/termet1699194822.webp",600,400,false],"2048x2048":["https:\/\/veritasinfo.org\/wp-content\/uploads\/2026\/02\/termet1699194822.webp",600,400,false],"kreeti-slider-full":["https:\/\/veritasinfo.org\/wp-content\/uploads\/2026\/02\/termet1699194822.webp",600,400,false],"kreeti-featured":["https:\/\/veritasinfo.org\/wp-content\/uploads\/2026\/02\/termet1699194822.webp",600,400,false],"kreeti-medium":["https:\/\/veritasinfo.org\/wp-content\/uploads\/2026\/02\/termet1699194822.webp",600,400,false],"kreeti-medium-square":["https:\/\/veritasinfo.org\/wp-content\/uploads\/2026\/02\/termet1699194822.webp",350,233,false]},"author_info":{"info":["US6"]},"category_info":"<a href=\"https:\/\/veritasinfo.org\/?cat=60\" rel=\"category\">Shoq\u00ebrore<\/a>","tag_info":"Shoq\u00ebrore","comment_count":"0","_links":{"self":[{"href":"https:\/\/veritasinfo.org\/index.php?rest_route=\/wp\/v2\/posts\/31764","targetHints":{"allow":["GET"]}}],"collection":[{"href":"https:\/\/veritasinfo.org\/index.php?rest_route=\/wp\/v2\/posts"}],"about":[{"href":"https:\/\/veritasinfo.org\/index.php?rest_route=\/wp\/v2\/types\/post"}],"author":[{"embeddable":true,"href":"https:\/\/veritasinfo.org\/index.php?rest_route=\/wp\/v2\/users\/7"}],"replies":[{"embeddable":true,"href":"https:\/\/veritasinfo.org\/index.php?rest_route=%2Fwp%2Fv2%2Fcomments&post=31764"}],"version-history":[{"count":1,"href":"https:\/\/veritasinfo.org\/index.php?rest_route=\/wp\/v2\/posts\/31764\/revisions"}],"predecessor-version":[{"id":31766,"href":"https:\/\/veritasinfo.org\/index.php?rest_route=\/wp\/v2\/posts\/31764\/revisions\/31766"}],"wp:featuredmedia":[{"embeddable":true,"href":"https:\/\/veritasinfo.org\/index.php?rest_route=\/wp\/v2\/media\/31765"}],"wp:attachment":[{"href":"https:\/\/veritasinfo.org\/index.php?rest_route=%2Fwp%2Fv2%2Fmedia&parent=31764"}],"wp:term":[{"taxonomy":"category","embeddable":true,"href":"https:\/\/veritasinfo.org\/index.php?rest_route=%2Fwp%2Fv2%2Fcategories&post=31764"},{"taxonomy":"post_tag","embeddable":true,"href":"https:\/\/veritasinfo.org\/index.php?rest_route=%2Fwp%2Fv2%2Ftags&post=31764"}],"curies":[{"name":"wp","href":"https:\/\/api.w.org\/{rel}","templated":true}]}}