{"id":31750,"date":"2026-02-11T12:47:01","date_gmt":"2026-02-11T11:47:01","guid":{"rendered":"https:\/\/veritasinfo.org\/?p=31750"},"modified":"2026-02-11T12:47:25","modified_gmt":"2026-02-11T11:47:25","slug":"komandanti-i-fsk-se-mori-pjese-ne-takimin-trilateral-me-shefat-e-shtabeve-te-shqiperise-dhe-kroacise","status":"publish","type":"post","link":"https:\/\/veritasinfo.org\/?p=31750","title":{"rendered":"Komandanti i FSK-s\u00eb mori pjes\u00eb n\u00eb takimin trilateral me Shefat e Shtabeve t\u00eb Shqip\u00ebris\u00eb dhe Kroacis\u00eb"},"content":{"rendered":"<p>Prishtin\u00eb 11 Shtator 2026 12:45<br \/>\nTakimi trilateral i cili u mbajt n\u00eb Republik\u00ebn e Shqip\u00ebris\u00eb n\u00eb mes t\u00eb shefave t\u00eb mbrojtjes s\u00eb Kosov\u00ebs, Shqip\u00ebris\u00eb dhe Kroacis\u00eb sh\u00ebnoi nj\u00eb hap t\u00eb r\u00ebnd\u00ebsish\u00ebm n\u00eb forcimin e bashk\u00ebpunimit rajonal dhe koordinimit strategjik n\u00eb fush\u00ebn e siguris\u00eb dhe mbrojtjes.<\/p>\n<p>Gjeneral Jashari, Gjeneral Kingji dhe Gjeneral Kundid zhvilluan nj\u00eb diskutim t\u00eb hapur dhe konstruktiv mbi sfidat aktuale t\u00eb siguris\u00eb, thellimin e bashk\u00ebpunimit ushtarak, rritjen e nd\u00ebrveprueshm\u00ebris\u00eb dhe avancimin e kapaciteteve mbrojt\u00ebse n\u00eb p\u00ebrputhje me standardet euroatlantike.<\/p>\n<p>Takimi konfirmoi p\u00ebrkushtimin e p\u00ebrbashk\u00ebt p\u00ebr paqe, stabilitet dhe siguri t\u00eb q\u00ebndrueshme n\u00eb rajon.<\/p>\n<p>Poashtu ky takim potencoi gatishm\u00ebrin\u00eb p\u00ebr t\u00eb zgjeruar bashk\u00ebpunimin p\u00ebrmes trajnimeve dhe ushtrimeve t\u00eb p\u00ebrbashk\u00ebta, shk\u00ebmbimit t\u00eb p\u00ebrvojave dhe koordinimit strategjik.Kjo iniciativ\u00eb trilaterale p\u00ebrfaq\u00ebson nj\u00eb shembull t\u00eb partneritetit t\u00eb fort\u00eb dhe vizionit t\u00eb p\u00ebrbashk\u00ebt p\u00ebr nj\u00eb rajon m\u00eb t\u00eb sigurt dhe m\u00eb t\u00eb q\u00ebndruesh\u00ebm.<\/p>\n","protected":false},"excerpt":{"rendered":"<p>Prishtin\u00eb 11 Shtator 2026 12:45 Takimi trilateral i cili u mbajt n\u00eb Republik\u00ebn e Shqip\u00ebris\u00eb n\u00eb mes t\u00eb shefave t\u00eb mbrojtjes s\u00eb Kosov\u00ebs, Shqip\u00ebris\u00eb dhe<\/p>\n","protected":false},"author":6,"featured_media":31751,"comment_status":"open","ping_status":"open","sticky":false,"template":"","format":"standard","meta":{"footnotes":""},"categories":[109],"tags":[],"class_list":["post-31750","post","type-post","status-publish","format-standard","has-post-thumbnail","hentry","category-siguri"],"yoast_head":"<!-- This site is optimized with the Yoast SEO plugin v25.3.1 - https:\/\/yoast.com\/wordpress\/plugins\/seo\/ -->\n<title>Komandanti i FSK-s\u00eb mori pjes\u00eb n\u00eb takimin trilateral me Shefat e Shtabeve t\u00eb Shqip\u00ebris\u00eb dhe Kroacis\u00eb -<\/title>\n<meta name=\"robots\" content=\"index, follow, max-snippet:-1, max-image-preview:large, max-video-preview:-1\" \/>\n<link rel=\"canonical\" href=\"https:\/\/veritasinfo.org\/?p=31750\" \/>\n<meta property=\"og:locale\" content=\"en_US\" \/>\n<meta property=\"og:type\" content=\"article\" \/>\n<meta property=\"og:title\" content=\"Komandanti i FSK-s\u00eb mori pjes\u00eb n\u00eb takimin trilateral me Shefat e Shtabeve t\u00eb Shqip\u00ebris\u00eb dhe Kroacis\u00eb -\" \/>\n<meta property=\"og:description\" content=\"Prishtin\u00eb 11 Shtator 2026 12:45 Takimi trilateral i cili u mbajt n\u00eb Republik\u00ebn e Shqip\u00ebris\u00eb n\u00eb mes t\u00eb shefave t\u00eb mbrojtjes s\u00eb Kosov\u00ebs, Shqip\u00ebris\u00eb dhe\" \/>\n<meta property=\"og:url\" content=\"https:\/\/veritasinfo.org\/?p=31750\" \/>\n<meta property=\"article:published_time\" content=\"2026-02-11T11:47:01+00:00\" \/>\n<meta property=\"article:modified_time\" content=\"2026-02-11T11:47:25+00:00\" \/>\n<meta property=\"og:image\" content=\"https:\/\/veritasinfo.org\/wp-content\/uploads\/2026\/02\/fskkk.jpg\" \/>\n\t<meta property=\"og:image:width\" content=\"672\" \/>\n\t<meta property=\"og:image:height\" content=\"426\" \/>\n\t<meta property=\"og:image:type\" content=\"image\/jpeg\" \/>\n<meta name=\"author\" content=\"US5\" \/>\n<meta name=\"twitter:card\" content=\"summary_large_image\" \/>\n<meta name=\"twitter:label1\" content=\"Written by\" \/>\n\t<meta name=\"twitter:data1\" content=\"US5\" \/>\n\t<meta name=\"twitter:label2\" content=\"Est. reading time\" \/>\n\t<meta name=\"twitter:data2\" content=\"1 minute\" \/>\n<script type=\"application\/ld+json\" class=\"yoast-schema-graph\">{\"@context\":\"https:\/\/schema.org\",\"@graph\":[{\"@type\":\"WebPage\",\"@id\":\"https:\/\/veritasinfo.org\/?p=31750\",\"url\":\"https:\/\/veritasinfo.org\/?p=31750\",\"name\":\"Komandanti i FSK-s\u00eb mori pjes\u00eb n\u00eb takimin trilateral me Shefat e Shtabeve t\u00eb Shqip\u00ebris\u00eb dhe Kroacis\u00eb -\",\"isPartOf\":{\"@id\":\"https:\/\/veritasinfo.org\/#website\"},\"primaryImageOfPage\":{\"@id\":\"https:\/\/veritasinfo.org\/?p=31750#primaryimage\"},\"image\":{\"@id\":\"https:\/\/veritasinfo.org\/?p=31750#primaryimage\"},\"thumbnailUrl\":\"https:\/\/veritasinfo.org\/wp-content\/uploads\/2026\/02\/fskkk.jpg\",\"datePublished\":\"2026-02-11T11:47:01+00:00\",\"dateModified\":\"2026-02-11T11:47:25+00:00\",\"author\":{\"@id\":\"https:\/\/veritasinfo.org\/#\/schema\/person\/bc442336e35414d04494ab8fb45db4c6\"},\"breadcrumb\":{\"@id\":\"https:\/\/veritasinfo.org\/?p=31750#breadcrumb\"},\"inLanguage\":\"en-US\",\"potentialAction\":[{\"@type\":\"ReadAction\",\"target\":[\"https:\/\/veritasinfo.org\/?p=31750\"]}]},{\"@type\":\"ImageObject\",\"inLanguage\":\"en-US\",\"@id\":\"https:\/\/veritasinfo.org\/?p=31750#primaryimage\",\"url\":\"https:\/\/veritasinfo.org\/wp-content\/uploads\/2026\/02\/fskkk.jpg\",\"contentUrl\":\"https:\/\/veritasinfo.org\/wp-content\/uploads\/2026\/02\/fskkk.jpg\",\"width\":672,\"height\":426},{\"@type\":\"BreadcrumbList\",\"@id\":\"https:\/\/veritasinfo.org\/?p=31750#breadcrumb\",\"itemListElement\":[{\"@type\":\"ListItem\",\"position\":1,\"name\":\"Home\",\"item\":\"https:\/\/veritasinfo.org\/\"},{\"@type\":\"ListItem\",\"position\":2,\"name\":\"Komandanti i FSK-s\u00eb mori pjes\u00eb n\u00eb takimin trilateral me Shefat e Shtabeve t\u00eb Shqip\u00ebris\u00eb dhe Kroacis\u00eb\"}]},{\"@type\":\"WebSite\",\"@id\":\"https:\/\/veritasinfo.org\/#website\",\"url\":\"https:\/\/veritasinfo.org\/\",\"name\":\"\",\"description\":\"\",\"potentialAction\":[{\"@type\":\"SearchAction\",\"target\":{\"@type\":\"EntryPoint\",\"urlTemplate\":\"https:\/\/veritasinfo.org\/?s={search_term_string}\"},\"query-input\":{\"@type\":\"PropertyValueSpecification\",\"valueRequired\":true,\"valueName\":\"search_term_string\"}}],\"inLanguage\":\"en-US\"},{\"@type\":\"Person\",\"@id\":\"https:\/\/veritasinfo.org\/#\/schema\/person\/bc442336e35414d04494ab8fb45db4c6\",\"name\":\"US5\",\"image\":{\"@type\":\"ImageObject\",\"inLanguage\":\"en-US\",\"@id\":\"https:\/\/veritasinfo.org\/#\/schema\/person\/image\/\",\"url\":\"https:\/\/secure.gravatar.com\/avatar\/16a61e7272a0c5d001121ebb9e60e925d5816e4ac1e443ed3e640d9a6ae55d0c?s=96&d=mm&r=g\",\"contentUrl\":\"https:\/\/secure.gravatar.com\/avatar\/16a61e7272a0c5d001121ebb9e60e925d5816e4ac1e443ed3e640d9a6ae55d0c?s=96&d=mm&r=g\",\"caption\":\"US5\"},\"url\":\"https:\/\/veritasinfo.org\/?author=6\"}]}<\/script>\n<!-- \/ Yoast SEO plugin. -->","yoast_head_json":{"title":"Komandanti i FSK-s\u00eb mori pjes\u00eb n\u00eb takimin trilateral me Shefat e Shtabeve t\u00eb Shqip\u00ebris\u00eb dhe Kroacis\u00eb -","robots":{"index":"index","follow":"follow","max-snippet":"max-snippet:-1","max-image-preview":"max-image-preview:large","max-video-preview":"max-video-preview:-1"},"canonical":"https:\/\/veritasinfo.org\/?p=31750","og_locale":"en_US","og_type":"article","og_title":"Komandanti i FSK-s\u00eb mori pjes\u00eb n\u00eb takimin trilateral me Shefat e Shtabeve t\u00eb Shqip\u00ebris\u00eb dhe Kroacis\u00eb -","og_description":"Prishtin\u00eb 11 Shtator 2026 12:45 Takimi trilateral i cili u mbajt n\u00eb Republik\u00ebn e Shqip\u00ebris\u00eb n\u00eb mes t\u00eb shefave t\u00eb mbrojtjes s\u00eb Kosov\u00ebs, Shqip\u00ebris\u00eb dhe","og_url":"https:\/\/veritasinfo.org\/?p=31750","article_published_time":"2026-02-11T11:47:01+00:00","article_modified_time":"2026-02-11T11:47:25+00:00","og_image":[{"width":672,"height":426,"url":"https:\/\/veritasinfo.org\/wp-content\/uploads\/2026\/02\/fskkk.jpg","type":"image\/jpeg"}],"author":"US5","twitter_card":"summary_large_image","twitter_misc":{"Written by":"US5","Est. reading time":"1 minute"},"schema":{"@context":"https:\/\/schema.org","@graph":[{"@type":"WebPage","@id":"https:\/\/veritasinfo.org\/?p=31750","url":"https:\/\/veritasinfo.org\/?p=31750","name":"Komandanti i FSK-s\u00eb mori pjes\u00eb n\u00eb takimin trilateral me Shefat e Shtabeve t\u00eb Shqip\u00ebris\u00eb dhe Kroacis\u00eb -","isPartOf":{"@id":"https:\/\/veritasinfo.org\/#website"},"primaryImageOfPage":{"@id":"https:\/\/veritasinfo.org\/?p=31750#primaryimage"},"image":{"@id":"https:\/\/veritasinfo.org\/?p=31750#primaryimage"},"thumbnailUrl":"https:\/\/veritasinfo.org\/wp-content\/uploads\/2026\/02\/fskkk.jpg","datePublished":"2026-02-11T11:47:01+00:00","dateModified":"2026-02-11T11:47:25+00:00","author":{"@id":"https:\/\/veritasinfo.org\/#\/schema\/person\/bc442336e35414d04494ab8fb45db4c6"},"breadcrumb":{"@id":"https:\/\/veritasinfo.org\/?p=31750#breadcrumb"},"inLanguage":"en-US","potentialAction":[{"@type":"ReadAction","target":["https:\/\/veritasinfo.org\/?p=31750"]}]},{"@type":"ImageObject","inLanguage":"en-US","@id":"https:\/\/veritasinfo.org\/?p=31750#primaryimage","url":"https:\/\/veritasinfo.org\/wp-content\/uploads\/2026\/02\/fskkk.jpg","contentUrl":"https:\/\/veritasinfo.org\/wp-content\/uploads\/2026\/02\/fskkk.jpg","width":672,"height":426},{"@type":"BreadcrumbList","@id":"https:\/\/veritasinfo.org\/?p=31750#breadcrumb","itemListElement":[{"@type":"ListItem","position":1,"name":"Home","item":"https:\/\/veritasinfo.org\/"},{"@type":"ListItem","position":2,"name":"Komandanti i FSK-s\u00eb mori pjes\u00eb n\u00eb takimin trilateral me Shefat e Shtabeve t\u00eb Shqip\u00ebris\u00eb dhe Kroacis\u00eb"}]},{"@type":"WebSite","@id":"https:\/\/veritasinfo.org\/#website","url":"https:\/\/veritasinfo.org\/","name":"","description":"","potentialAction":[{"@type":"SearchAction","target":{"@type":"EntryPoint","urlTemplate":"https:\/\/veritasinfo.org\/?s={search_term_string}"},"query-input":{"@type":"PropertyValueSpecification","valueRequired":true,"valueName":"search_term_string"}}],"inLanguage":"en-US"},{"@type":"Person","@id":"https:\/\/veritasinfo.org\/#\/schema\/person\/bc442336e35414d04494ab8fb45db4c6","name":"US5","image":{"@type":"ImageObject","inLanguage":"en-US","@id":"https:\/\/veritasinfo.org\/#\/schema\/person\/image\/","url":"https:\/\/secure.gravatar.com\/avatar\/16a61e7272a0c5d001121ebb9e60e925d5816e4ac1e443ed3e640d9a6ae55d0c?s=96&d=mm&r=g","contentUrl":"https:\/\/secure.gravatar.com\/avatar\/16a61e7272a0c5d001121ebb9e60e925d5816e4ac1e443ed3e640d9a6ae55d0c?s=96&d=mm&r=g","caption":"US5"},"url":"https:\/\/veritasinfo.org\/?author=6"}]}},"featured_image_urls":{"full":["https:\/\/veritasinfo.org\/wp-content\/uploads\/2026\/02\/fskkk.jpg",672,426,false],"thumbnail":["https:\/\/veritasinfo.org\/wp-content\/uploads\/2026\/02\/fskkk-150x150.jpg",150,150,true],"medium":["https:\/\/veritasinfo.org\/wp-content\/uploads\/2026\/02\/fskkk-300x190.jpg",300,190,true],"medium_large":["https:\/\/veritasinfo.org\/wp-content\/uploads\/2026\/02\/fskkk.jpg",640,406,false],"large":["https:\/\/veritasinfo.org\/wp-content\/uploads\/2026\/02\/fskkk.jpg",640,406,false],"1536x1536":["https:\/\/veritasinfo.org\/wp-content\/uploads\/2026\/02\/fskkk.jpg",672,426,false],"2048x2048":["https:\/\/veritasinfo.org\/wp-content\/uploads\/2026\/02\/fskkk.jpg",672,426,false],"kreeti-slider-full":["https:\/\/veritasinfo.org\/wp-content\/uploads\/2026\/02\/fskkk.jpg",672,426,false],"kreeti-featured":["https:\/\/veritasinfo.org\/wp-content\/uploads\/2026\/02\/fskkk.jpg",672,426,false],"kreeti-medium":["https:\/\/veritasinfo.org\/wp-content\/uploads\/2026\/02\/fskkk.jpg",672,426,false],"kreeti-medium-square":["https:\/\/veritasinfo.org\/wp-content\/uploads\/2026\/02\/fskkk.jpg",350,222,false]},"author_info":{"info":["US5"]},"category_info":"<a href=\"https:\/\/veritasinfo.org\/?cat=109\" rel=\"category\">Siguri<\/a>","tag_info":"Siguri","comment_count":"0","_links":{"self":[{"href":"https:\/\/veritasinfo.org\/index.php?rest_route=\/wp\/v2\/posts\/31750","targetHints":{"allow":["GET"]}}],"collection":[{"href":"https:\/\/veritasinfo.org\/index.php?rest_route=\/wp\/v2\/posts"}],"about":[{"href":"https:\/\/veritasinfo.org\/index.php?rest_route=\/wp\/v2\/types\/post"}],"author":[{"embeddable":true,"href":"https:\/\/veritasinfo.org\/index.php?rest_route=\/wp\/v2\/users\/6"}],"replies":[{"embeddable":true,"href":"https:\/\/veritasinfo.org\/index.php?rest_route=%2Fwp%2Fv2%2Fcomments&post=31750"}],"version-history":[{"count":1,"href":"https:\/\/veritasinfo.org\/index.php?rest_route=\/wp\/v2\/posts\/31750\/revisions"}],"predecessor-version":[{"id":31752,"href":"https:\/\/veritasinfo.org\/index.php?rest_route=\/wp\/v2\/posts\/31750\/revisions\/31752"}],"wp:featuredmedia":[{"embeddable":true,"href":"https:\/\/veritasinfo.org\/index.php?rest_route=\/wp\/v2\/media\/31751"}],"wp:attachment":[{"href":"https:\/\/veritasinfo.org\/index.php?rest_route=%2Fwp%2Fv2%2Fmedia&parent=31750"}],"wp:term":[{"taxonomy":"category","embeddable":true,"href":"https:\/\/veritasinfo.org\/index.php?rest_route=%2Fwp%2Fv2%2Fcategories&post=31750"},{"taxonomy":"post_tag","embeddable":true,"href":"https:\/\/veritasinfo.org\/index.php?rest_route=%2Fwp%2Fv2%2Ftags&post=31750"}],"curies":[{"name":"wp","href":"https:\/\/api.w.org\/{rel}","templated":true}]}}