{"id":31735,"date":"2026-02-11T12:07:33","date_gmt":"2026-02-11T11:07:33","guid":{"rendered":"https:\/\/veritasinfo.org\/?p=31735"},"modified":"2026-02-11T12:07:33","modified_gmt":"2026-02-11T11:07:33","slug":"ivan-zaporozhac-kryetar-i-ri-i-kuvendit-komunal-te-mitrovices-se-veriut","status":"publish","type":"post","link":"https:\/\/veritasinfo.org\/?p=31735","title":{"rendered":"Ivan Zaporozhac kryetar i ri i Kuvendit Komunal t\u00eb Mitrovic\u00ebs s\u00eb Veriut"},"content":{"rendered":"<p>Mitrovic\u00eb Veriore, 11 shkurt 2026<br \/>\nN\u00eb seanc\u00ebn e sotme t\u00eb jasht\u00ebzakonshme t\u00eb Kuvendit Komunal t\u00eb Mitrovic\u00ebs s\u00eb Veriut, Ivan Zaporozhac u zgjodh Kryetar i Kuvendit, duke pasuar Nemanja Bishevac n\u00eb at\u00eb pozit\u00eb.<br \/>\nSeanca e kuvendit lokal u caktua sipas nj\u00eb procedure emergjente me nj\u00eb pik\u00eb n\u00eb rend t\u00eb dit\u00ebs &#8211; zgjedhjen e Kryetarit t\u00eb Kuvendit Komunal t\u00eb Mitrovic\u00ebs s\u00eb Veriut.<br \/>\nSi\u00e7 thuhet n\u00eb sh\u00ebnimin shpjegues t\u00eb thirrjes, Nemanja Bi\u0161evac, Kryetari i m\u00ebparsh\u00ebm i Kuvendit Komunal t\u00eb Mitrovic\u00ebs s\u00eb Veriut, po kalon n\u00eb nj\u00eb pozit\u00eb tjet\u00ebr, k\u00ebshtu q\u00eb ishte e nevojshme t\u00eb zgjidhej nj\u00eb Kryetar i ri p\u00ebr hir t\u00eb vazhdim\u00ebsis\u00eb n\u00eb pun\u00ebn e Kuvendit Komunal t\u00eb Mitrovic\u00ebs s\u00eb Veriut. Nga 14 k\u00ebshilltar\u00eb, 13 mor\u00ebn pjes\u00eb n\u00eb seanc\u00eb.<br \/>\nSuzana Aleksiq nga Lista Serbe propozoi Ivan Zaporozhacin si Kryetar, nd\u00ebrsa Marko Jakshiq nga Iniciativa Qytetare &#8220;Veriu p\u00ebr t\u00eb Gjith\u00eb&#8221; propozoi veten. P\u00ebr t\u00eb p\u00ebrmbushur procedur\u00ebn, gjat\u00eb pushimit p\u00ebr verifikimin e kandidat\u00ebve t\u00eb propozuar, Bi\u0161evac dha dor\u00ebheqjen nga kjo pozit\u00eb, gj\u00eb q\u00eb krijoi kushtet p\u00ebr zgjedhjen e nj\u00eb kryetari t\u00eb ri. U zhvillua nj\u00eb votim i fsheht\u00eb, n\u00eb t\u00eb cilin Zaporozhac mori 10 vota, nd\u00ebrsa Jakshiq mori nj\u00eb vot\u00eb. Nj\u00eb vot\u00eb ishte kund\u00ebr, nd\u00ebrsa dy flet\u00eb votimi ishin t\u00eb pavlefshme. <\/p>\n","protected":false},"excerpt":{"rendered":"<p>Mitrovic\u00eb Veriore, 11 shkurt 2026 N\u00eb seanc\u00ebn e sotme t\u00eb jasht\u00ebzakonshme t\u00eb Kuvendit Komunal t\u00eb Mitrovic\u00ebs s\u00eb Veriut, Ivan Zaporozhac u zgjodh Kryetar i Kuvendit,<\/p>\n","protected":false},"author":6,"featured_media":31739,"comment_status":"open","ping_status":"open","sticky":false,"template":"","format":"standard","meta":{"footnotes":""},"categories":[52],"tags":[],"class_list":["post-31735","post","type-post","status-publish","format-standard","has-post-thumbnail","hentry","category-komunat-sq"],"yoast_head":"<!-- This site is optimized with the Yoast SEO plugin v25.3.1 - https:\/\/yoast.com\/wordpress\/plugins\/seo\/ -->\n<title>Ivan Zaporozhac kryetar i ri i Kuvendit Komunal t\u00eb Mitrovic\u00ebs s\u00eb Veriut -<\/title>\n<meta name=\"robots\" content=\"index, follow, max-snippet:-1, max-image-preview:large, max-video-preview:-1\" \/>\n<link rel=\"canonical\" href=\"https:\/\/veritasinfo.org\/?p=31735\" \/>\n<meta property=\"og:locale\" content=\"en_US\" \/>\n<meta property=\"og:type\" content=\"article\" \/>\n<meta property=\"og:title\" content=\"Ivan Zaporozhac kryetar i ri i Kuvendit Komunal t\u00eb Mitrovic\u00ebs s\u00eb Veriut -\" \/>\n<meta property=\"og:description\" content=\"Mitrovic\u00eb Veriore, 11 shkurt 2026 N\u00eb seanc\u00ebn e sotme t\u00eb jasht\u00ebzakonshme t\u00eb Kuvendit Komunal t\u00eb Mitrovic\u00ebs s\u00eb Veriut, Ivan Zaporozhac u zgjodh Kryetar i Kuvendit,\" \/>\n<meta property=\"og:url\" content=\"https:\/\/veritasinfo.org\/?p=31735\" \/>\n<meta property=\"article:published_time\" content=\"2026-02-11T11:07:33+00:00\" \/>\n<meta property=\"og:image\" content=\"https:\/\/veritasinfo.org\/wp-content\/uploads\/2026\/02\/IMG-20260211-WA0004.jpg\" \/>\n\t<meta property=\"og:image:width\" content=\"1284\" \/>\n\t<meta property=\"og:image:height\" content=\"778\" \/>\n\t<meta property=\"og:image:type\" content=\"image\/jpeg\" \/>\n<meta name=\"author\" content=\"US5\" \/>\n<meta name=\"twitter:card\" content=\"summary_large_image\" \/>\n<meta name=\"twitter:label1\" content=\"Written by\" \/>\n\t<meta name=\"twitter:data1\" content=\"US5\" \/>\n<script type=\"application\/ld+json\" class=\"yoast-schema-graph\">{\"@context\":\"https:\/\/schema.org\",\"@graph\":[{\"@type\":\"WebPage\",\"@id\":\"https:\/\/veritasinfo.org\/?p=31735\",\"url\":\"https:\/\/veritasinfo.org\/?p=31735\",\"name\":\"Ivan Zaporozhac kryetar i ri i Kuvendit Komunal t\u00eb Mitrovic\u00ebs s\u00eb Veriut -\",\"isPartOf\":{\"@id\":\"https:\/\/veritasinfo.org\/#website\"},\"primaryImageOfPage\":{\"@id\":\"https:\/\/veritasinfo.org\/?p=31735#primaryimage\"},\"image\":{\"@id\":\"https:\/\/veritasinfo.org\/?p=31735#primaryimage\"},\"thumbnailUrl\":\"https:\/\/veritasinfo.org\/wp-content\/uploads\/2026\/02\/IMG-20260211-WA0004.jpg\",\"datePublished\":\"2026-02-11T11:07:33+00:00\",\"author\":{\"@id\":\"https:\/\/veritasinfo.org\/#\/schema\/person\/bc442336e35414d04494ab8fb45db4c6\"},\"breadcrumb\":{\"@id\":\"https:\/\/veritasinfo.org\/?p=31735#breadcrumb\"},\"inLanguage\":\"en-US\",\"potentialAction\":[{\"@type\":\"ReadAction\",\"target\":[\"https:\/\/veritasinfo.org\/?p=31735\"]}]},{\"@type\":\"ImageObject\",\"inLanguage\":\"en-US\",\"@id\":\"https:\/\/veritasinfo.org\/?p=31735#primaryimage\",\"url\":\"https:\/\/veritasinfo.org\/wp-content\/uploads\/2026\/02\/IMG-20260211-WA0004.jpg\",\"contentUrl\":\"https:\/\/veritasinfo.org\/wp-content\/uploads\/2026\/02\/IMG-20260211-WA0004.jpg\",\"width\":1284,\"height\":778},{\"@type\":\"BreadcrumbList\",\"@id\":\"https:\/\/veritasinfo.org\/?p=31735#breadcrumb\",\"itemListElement\":[{\"@type\":\"ListItem\",\"position\":1,\"name\":\"Home\",\"item\":\"https:\/\/veritasinfo.org\/\"},{\"@type\":\"ListItem\",\"position\":2,\"name\":\"Ivan Zaporozhac kryetar i ri i Kuvendit Komunal t\u00eb Mitrovic\u00ebs s\u00eb Veriut\"}]},{\"@type\":\"WebSite\",\"@id\":\"https:\/\/veritasinfo.org\/#website\",\"url\":\"https:\/\/veritasinfo.org\/\",\"name\":\"\",\"description\":\"\",\"potentialAction\":[{\"@type\":\"SearchAction\",\"target\":{\"@type\":\"EntryPoint\",\"urlTemplate\":\"https:\/\/veritasinfo.org\/?s={search_term_string}\"},\"query-input\":{\"@type\":\"PropertyValueSpecification\",\"valueRequired\":true,\"valueName\":\"search_term_string\"}}],\"inLanguage\":\"en-US\"},{\"@type\":\"Person\",\"@id\":\"https:\/\/veritasinfo.org\/#\/schema\/person\/bc442336e35414d04494ab8fb45db4c6\",\"name\":\"US5\",\"image\":{\"@type\":\"ImageObject\",\"inLanguage\":\"en-US\",\"@id\":\"https:\/\/veritasinfo.org\/#\/schema\/person\/image\/\",\"url\":\"https:\/\/secure.gravatar.com\/avatar\/16a61e7272a0c5d001121ebb9e60e925d5816e4ac1e443ed3e640d9a6ae55d0c?s=96&d=mm&r=g\",\"contentUrl\":\"https:\/\/secure.gravatar.com\/avatar\/16a61e7272a0c5d001121ebb9e60e925d5816e4ac1e443ed3e640d9a6ae55d0c?s=96&d=mm&r=g\",\"caption\":\"US5\"},\"url\":\"https:\/\/veritasinfo.org\/?author=6\"}]}<\/script>\n<!-- \/ Yoast SEO plugin. -->","yoast_head_json":{"title":"Ivan Zaporozhac kryetar i ri i Kuvendit Komunal t\u00eb Mitrovic\u00ebs s\u00eb Veriut -","robots":{"index":"index","follow":"follow","max-snippet":"max-snippet:-1","max-image-preview":"max-image-preview:large","max-video-preview":"max-video-preview:-1"},"canonical":"https:\/\/veritasinfo.org\/?p=31735","og_locale":"en_US","og_type":"article","og_title":"Ivan Zaporozhac kryetar i ri i Kuvendit Komunal t\u00eb Mitrovic\u00ebs s\u00eb Veriut -","og_description":"Mitrovic\u00eb Veriore, 11 shkurt 2026 N\u00eb seanc\u00ebn e sotme t\u00eb jasht\u00ebzakonshme t\u00eb Kuvendit Komunal t\u00eb Mitrovic\u00ebs s\u00eb Veriut, Ivan Zaporozhac u zgjodh Kryetar i Kuvendit,","og_url":"https:\/\/veritasinfo.org\/?p=31735","article_published_time":"2026-02-11T11:07:33+00:00","og_image":[{"width":1284,"height":778,"url":"https:\/\/veritasinfo.org\/wp-content\/uploads\/2026\/02\/IMG-20260211-WA0004.jpg","type":"image\/jpeg"}],"author":"US5","twitter_card":"summary_large_image","twitter_misc":{"Written by":"US5"},"schema":{"@context":"https:\/\/schema.org","@graph":[{"@type":"WebPage","@id":"https:\/\/veritasinfo.org\/?p=31735","url":"https:\/\/veritasinfo.org\/?p=31735","name":"Ivan Zaporozhac kryetar i ri i Kuvendit Komunal t\u00eb Mitrovic\u00ebs s\u00eb Veriut -","isPartOf":{"@id":"https:\/\/veritasinfo.org\/#website"},"primaryImageOfPage":{"@id":"https:\/\/veritasinfo.org\/?p=31735#primaryimage"},"image":{"@id":"https:\/\/veritasinfo.org\/?p=31735#primaryimage"},"thumbnailUrl":"https:\/\/veritasinfo.org\/wp-content\/uploads\/2026\/02\/IMG-20260211-WA0004.jpg","datePublished":"2026-02-11T11:07:33+00:00","author":{"@id":"https:\/\/veritasinfo.org\/#\/schema\/person\/bc442336e35414d04494ab8fb45db4c6"},"breadcrumb":{"@id":"https:\/\/veritasinfo.org\/?p=31735#breadcrumb"},"inLanguage":"en-US","potentialAction":[{"@type":"ReadAction","target":["https:\/\/veritasinfo.org\/?p=31735"]}]},{"@type":"ImageObject","inLanguage":"en-US","@id":"https:\/\/veritasinfo.org\/?p=31735#primaryimage","url":"https:\/\/veritasinfo.org\/wp-content\/uploads\/2026\/02\/IMG-20260211-WA0004.jpg","contentUrl":"https:\/\/veritasinfo.org\/wp-content\/uploads\/2026\/02\/IMG-20260211-WA0004.jpg","width":1284,"height":778},{"@type":"BreadcrumbList","@id":"https:\/\/veritasinfo.org\/?p=31735#breadcrumb","itemListElement":[{"@type":"ListItem","position":1,"name":"Home","item":"https:\/\/veritasinfo.org\/"},{"@type":"ListItem","position":2,"name":"Ivan Zaporozhac kryetar i ri i Kuvendit Komunal t\u00eb Mitrovic\u00ebs s\u00eb Veriut"}]},{"@type":"WebSite","@id":"https:\/\/veritasinfo.org\/#website","url":"https:\/\/veritasinfo.org\/","name":"","description":"","potentialAction":[{"@type":"SearchAction","target":{"@type":"EntryPoint","urlTemplate":"https:\/\/veritasinfo.org\/?s={search_term_string}"},"query-input":{"@type":"PropertyValueSpecification","valueRequired":true,"valueName":"search_term_string"}}],"inLanguage":"en-US"},{"@type":"Person","@id":"https:\/\/veritasinfo.org\/#\/schema\/person\/bc442336e35414d04494ab8fb45db4c6","name":"US5","image":{"@type":"ImageObject","inLanguage":"en-US","@id":"https:\/\/veritasinfo.org\/#\/schema\/person\/image\/","url":"https:\/\/secure.gravatar.com\/avatar\/16a61e7272a0c5d001121ebb9e60e925d5816e4ac1e443ed3e640d9a6ae55d0c?s=96&d=mm&r=g","contentUrl":"https:\/\/secure.gravatar.com\/avatar\/16a61e7272a0c5d001121ebb9e60e925d5816e4ac1e443ed3e640d9a6ae55d0c?s=96&d=mm&r=g","caption":"US5"},"url":"https:\/\/veritasinfo.org\/?author=6"}]}},"featured_image_urls":{"full":["https:\/\/veritasinfo.org\/wp-content\/uploads\/2026\/02\/IMG-20260211-WA0004.jpg",1284,778,false],"thumbnail":["https:\/\/veritasinfo.org\/wp-content\/uploads\/2026\/02\/IMG-20260211-WA0004-150x150.jpg",150,150,true],"medium":["https:\/\/veritasinfo.org\/wp-content\/uploads\/2026\/02\/IMG-20260211-WA0004-300x182.jpg",300,182,true],"medium_large":["https:\/\/veritasinfo.org\/wp-content\/uploads\/2026\/02\/IMG-20260211-WA0004-768x465.jpg",640,388,true],"large":["https:\/\/veritasinfo.org\/wp-content\/uploads\/2026\/02\/IMG-20260211-WA0004-1024x620.jpg",640,388,true],"1536x1536":["https:\/\/veritasinfo.org\/wp-content\/uploads\/2026\/02\/IMG-20260211-WA0004.jpg",1284,778,false],"2048x2048":["https:\/\/veritasinfo.org\/wp-content\/uploads\/2026\/02\/IMG-20260211-WA0004.jpg",1284,778,false],"kreeti-slider-full":["https:\/\/veritasinfo.org\/wp-content\/uploads\/2026\/02\/IMG-20260211-WA0004.jpg",1188,720,false],"kreeti-featured":["https:\/\/veritasinfo.org\/wp-content\/uploads\/2026\/02\/IMG-20260211-WA0004.jpg",1024,620,false],"kreeti-medium":["https:\/\/veritasinfo.org\/wp-content\/uploads\/2026\/02\/IMG-20260211-WA0004.jpg",720,436,false],"kreeti-medium-square":["https:\/\/veritasinfo.org\/wp-content\/uploads\/2026\/02\/IMG-20260211-WA0004.jpg",350,212,false]},"author_info":{"info":["US5"]},"category_info":"<a href=\"https:\/\/veritasinfo.org\/?cat=52\" rel=\"category\">Komunat<\/a>","tag_info":"Komunat","comment_count":"0","_links":{"self":[{"href":"https:\/\/veritasinfo.org\/index.php?rest_route=\/wp\/v2\/posts\/31735","targetHints":{"allow":["GET"]}}],"collection":[{"href":"https:\/\/veritasinfo.org\/index.php?rest_route=\/wp\/v2\/posts"}],"about":[{"href":"https:\/\/veritasinfo.org\/index.php?rest_route=\/wp\/v2\/types\/post"}],"author":[{"embeddable":true,"href":"https:\/\/veritasinfo.org\/index.php?rest_route=\/wp\/v2\/users\/6"}],"replies":[{"embeddable":true,"href":"https:\/\/veritasinfo.org\/index.php?rest_route=%2Fwp%2Fv2%2Fcomments&post=31735"}],"version-history":[{"count":1,"href":"https:\/\/veritasinfo.org\/index.php?rest_route=\/wp\/v2\/posts\/31735\/revisions"}],"predecessor-version":[{"id":31741,"href":"https:\/\/veritasinfo.org\/index.php?rest_route=\/wp\/v2\/posts\/31735\/revisions\/31741"}],"wp:featuredmedia":[{"embeddable":true,"href":"https:\/\/veritasinfo.org\/index.php?rest_route=\/wp\/v2\/media\/31739"}],"wp:attachment":[{"href":"https:\/\/veritasinfo.org\/index.php?rest_route=%2Fwp%2Fv2%2Fmedia&parent=31735"}],"wp:term":[{"taxonomy":"category","embeddable":true,"href":"https:\/\/veritasinfo.org\/index.php?rest_route=%2Fwp%2Fv2%2Fcategories&post=31735"},{"taxonomy":"post_tag","embeddable":true,"href":"https:\/\/veritasinfo.org\/index.php?rest_route=%2Fwp%2Fv2%2Ftags&post=31735"}],"curies":[{"name":"wp","href":"https:\/\/api.w.org\/{rel}","templated":true}]}}