{"id":31732,"date":"2026-02-11T12:01:41","date_gmt":"2026-02-11T11:01:41","guid":{"rendered":"https:\/\/veritasinfo.org\/?p=31732"},"modified":"2026-02-11T12:04:27","modified_gmt":"2026-02-11T11:04:27","slug":"ambasadoret-shqiptare-procesi-ne-hage-rrezikon-te-deformoje-realitetin-e-luftes-ne-kosove","status":"publish","type":"post","link":"https:\/\/veritasinfo.org\/?p=31732","title":{"rendered":"Ambasador\u00ebt shqiptar\u00eb: Procesi n\u00eb Hag\u00eb rrezikon t\u00eb deformoj\u00eb realitetin e luft\u00ebs n\u00eb Kosov\u00eb"},"content":{"rendered":"<p>Prishtin\u00eb, 11 shkurt 2026 12:02<\/p>\n<p>K\u00ebshilli i Ambasador\u00ebve Shqiptar\u00eb shprehu shqet\u00ebsim t\u00eb thell\u00eb p\u00ebr zhvillimet e fundit n\u00eb procesin gjyq\u00ebsor q\u00eb po zhvillohet n\u00eb Hag\u00eb kund\u00ebr ish-udh\u00ebheq\u00ebsve t\u00eb U\u00c7K-s\u00eb, duke vler\u00ebsuar se ekziston nj\u00eb \u201crrezik serioz i shtremb\u00ebrimit t\u00eb realitetit historik dhe ligjor t\u00eb luft\u00ebs \u00e7lirimtare n\u00eb Kosov\u00eb\u201d, raportoi Telegrafi.<\/p>\n<p>K\u00ebshilli theksoi se procesi gjyq\u00ebsor, \u201cn\u00eb form\u00ebn dhe narrativ\u00ebn q\u00eb po merr, rrezikon seriozisht t\u00eb shtremb\u00ebroj\u00eb realitetin historik dhe ligjor t\u00eb luft\u00ebs n\u00eb Kosov\u00eb\u201d, duke n\u00ebnvizuar se \u201clufta \u00e7lirimtare e popullit t\u00eb Kosov\u00ebs ishte nj\u00eb reagim legjitim dhe i domosdosh\u00ebm ndaj dhun\u00ebs sistematike, spastrimit etnik dhe krimeve t\u00eb luft\u00ebs t\u00eb kryera nga regjimi i Slobodan Millosheviqit\u201d.<\/p>\n<p>Sipas deklarat\u00ebs, \u201c\u00e7do p\u00ebrpjekje p\u00ebr t\u00eb barazuar shtetin agresor me nj\u00eb popull viktim\u00eb q\u00eb luftoi p\u00ebr mbijetes\u00eb dhe liri \u00ebsht\u00eb nj\u00eb fyerje p\u00ebr popullin e Kosov\u00ebs dhe p\u00ebr vet\u00eb nd\u00ebrhyrjen nd\u00ebrkomb\u00ebtare t\u00eb Per\u00ebndimit, e cila u nd\u00ebrmor p\u00ebr t\u00eb ndaluar krimet e luft\u00ebs dhe gjenocidin\u201d.<\/p>\n<p>Po ashtu, vler\u00ebsohet se nj\u00eb \u201cproces i deformuar\u201d mund t\u00eb relativizoj\u00eb ose edhe t\u00eb amnistoj\u00eb \u201cp\u00ebrgjegj\u00ebsin\u00eb historike dhe politike t\u00eb udh\u00ebheqjes shtet\u00ebrore serbe p\u00ebr krimet e kryera n\u00eb Kosov\u00eb\u201d.<\/p>\n<p>\u201c\u00c7lirimi i Kosov\u00ebs ishte nj\u00eb akt legjitim i nj\u00eb populli t\u00eb shtypur dhe Ushtria \u00c7lirimtare e Kosov\u00ebs mbetet nj\u00eb forc\u00eb \u00e7lirimtare, jo nj\u00eb objekt i revizionizmit politik apo ligjor\u201d, thuhet n\u00eb deklarat\u00ebn e K\u00ebshillit t\u00eb Ambasador\u00ebve Shqiptar\u00eb.<\/p>\n<p>Nd\u00ebrkoh\u00eb, n\u00eb gjyqin e ish-udh\u00ebheq\u00ebsve t\u00eb U\u00c7K-s\u00eb para Dhomave t\u00eb Specializuara n\u00eb Hag\u00eb, sot kan\u00eb nisur argumentet p\u00ebrfundimtare t\u00eb mbrojtjes s\u00eb Hashim Tha\u00e7it. Nj\u00eb dit\u00eb m\u00eb par\u00eb, p\u00ebrfunduan deklaratat p\u00ebrfundimtare t\u00eb Zyr\u00ebs s\u00eb Prokurorit Special n\u00eb \u00e7\u00ebshtjen kund\u00ebr Hashim Tha\u00e7it, Kadri Veselit, Jakup Krasniqit dhe Rexhep Selimit, nd\u00ebrsa deklarat\u00ebn e saj p\u00ebrfundimtare e paraqiti edhe p\u00ebrfaq\u00ebsuesja e viktimave.<\/p>\n<p>Dit\u00ebn e par\u00eb t\u00eb fjal\u00ebve p\u00ebrfundimtare, kryeprokurorja Kim West theksoi se d\u00ebshmit\u00eb dhe provat e paraqitura gjat\u00eb procedur\u00ebs konfirmuan se ishin kryer krime dhe se t\u00eb pandehurit mbanin p\u00ebrgjegj\u00ebsi p\u00ebr to. Ajo k\u00ebrkoi q\u00eb gjykata t\u2019i shpall\u00eb fajtor\u00eb t\u00eb pandehurit p\u00ebr t\u00eb gjitha 10 pikat e aktakuz\u00ebs, duke propozuar d\u00ebnime t\u00eb vetme prej nga 45 vjet\u00ebsh burgim.<\/p>\n<p>Dje, n\u00eb fjal\u00ebn e tij p\u00ebrfundimtare, prokurori Holling theksoi se t\u00eb pandehurit kishin nj\u00eb rol t\u00eb fuqish\u00ebm kolektiv si an\u00ebtar\u00eb ky\u00e7 t\u00eb Shtabit t\u00eb U\u00c7K-s\u00eb, se ekzistonte nj\u00eb q\u00ebllim i p\u00ebrbashk\u00ebt nga ana e tyre, se kishin dijeni p\u00ebr aktet kriminale dhe se ushtronin kontroll efektiv n\u00eb terren.<\/p>\n","protected":false},"excerpt":{"rendered":"<p>Prishtin\u00eb, 11 shkurt 2026 12:02 K\u00ebshilli i Ambasador\u00ebve Shqiptar\u00eb shprehu shqet\u00ebsim t\u00eb thell\u00eb p\u00ebr zhvillimet e fundit n\u00eb procesin gjyq\u00ebsor q\u00eb po zhvillohet n\u00eb Hag\u00eb<\/p>\n","protected":false},"author":7,"featured_media":31141,"comment_status":"open","ping_status":"open","sticky":false,"template":"","format":"standard","meta":{"footnotes":""},"categories":[60],"tags":[],"class_list":["post-31732","post","type-post","status-publish","format-standard","has-post-thumbnail","hentry","category-shoqerore-sq"],"yoast_head":"<!-- This site is optimized with the Yoast SEO plugin v25.3.1 - https:\/\/yoast.com\/wordpress\/plugins\/seo\/ -->\n<title>Ambasador\u00ebt shqiptar\u00eb: Procesi n\u00eb Hag\u00eb rrezikon t\u00eb deformoj\u00eb realitetin e luft\u00ebs n\u00eb Kosov\u00eb -<\/title>\n<meta name=\"robots\" content=\"index, follow, max-snippet:-1, max-image-preview:large, max-video-preview:-1\" \/>\n<link rel=\"canonical\" href=\"https:\/\/veritasinfo.org\/?p=31732\" \/>\n<meta property=\"og:locale\" content=\"en_US\" \/>\n<meta property=\"og:type\" content=\"article\" \/>\n<meta property=\"og:title\" content=\"Ambasador\u00ebt shqiptar\u00eb: Procesi n\u00eb Hag\u00eb rrezikon t\u00eb deformoj\u00eb realitetin e luft\u00ebs n\u00eb Kosov\u00eb -\" \/>\n<meta property=\"og:description\" content=\"Prishtin\u00eb, 11 shkurt 2026 12:02 K\u00ebshilli i Ambasador\u00ebve Shqiptar\u00eb shprehu shqet\u00ebsim t\u00eb thell\u00eb p\u00ebr zhvillimet e fundit n\u00eb procesin gjyq\u00ebsor q\u00eb po zhvillohet n\u00eb Hag\u00eb\" \/>\n<meta property=\"og:url\" content=\"https:\/\/veritasinfo.org\/?p=31732\" \/>\n<meta property=\"article:published_time\" content=\"2026-02-11T11:01:41+00:00\" \/>\n<meta property=\"article:modified_time\" content=\"2026-02-11T11:04:27+00:00\" \/>\n<meta property=\"og:image\" content=\"https:\/\/veritasinfo.org\/wp-content\/uploads\/2026\/02\/640-0-1663686369xdfpng-448-1.png\" \/>\n\t<meta property=\"og:image:width\" content=\"640\" \/>\n\t<meta property=\"og:image:height\" content=\"378\" \/>\n\t<meta property=\"og:image:type\" content=\"image\/png\" \/>\n<meta name=\"author\" content=\"US6\" \/>\n<meta name=\"twitter:card\" content=\"summary_large_image\" \/>\n<meta name=\"twitter:label1\" content=\"Written by\" \/>\n\t<meta name=\"twitter:data1\" content=\"US6\" \/>\n\t<meta name=\"twitter:label2\" content=\"Est. reading time\" \/>\n\t<meta name=\"twitter:data2\" content=\"2 minutes\" \/>\n<script type=\"application\/ld+json\" class=\"yoast-schema-graph\">{\"@context\":\"https:\/\/schema.org\",\"@graph\":[{\"@type\":\"WebPage\",\"@id\":\"https:\/\/veritasinfo.org\/?p=31732\",\"url\":\"https:\/\/veritasinfo.org\/?p=31732\",\"name\":\"Ambasador\u00ebt shqiptar\u00eb: Procesi n\u00eb Hag\u00eb rrezikon t\u00eb deformoj\u00eb realitetin e luft\u00ebs n\u00eb Kosov\u00eb -\",\"isPartOf\":{\"@id\":\"https:\/\/veritasinfo.org\/#website\"},\"primaryImageOfPage\":{\"@id\":\"https:\/\/veritasinfo.org\/?p=31732#primaryimage\"},\"image\":{\"@id\":\"https:\/\/veritasinfo.org\/?p=31732#primaryimage\"},\"thumbnailUrl\":\"https:\/\/veritasinfo.org\/wp-content\/uploads\/2026\/02\/640-0-1663686369xdfpng-448-1.png\",\"datePublished\":\"2026-02-11T11:01:41+00:00\",\"dateModified\":\"2026-02-11T11:04:27+00:00\",\"author\":{\"@id\":\"https:\/\/veritasinfo.org\/#\/schema\/person\/fe199eede04c3937362892b7444747cc\"},\"breadcrumb\":{\"@id\":\"https:\/\/veritasinfo.org\/?p=31732#breadcrumb\"},\"inLanguage\":\"en-US\",\"potentialAction\":[{\"@type\":\"ReadAction\",\"target\":[\"https:\/\/veritasinfo.org\/?p=31732\"]}]},{\"@type\":\"ImageObject\",\"inLanguage\":\"en-US\",\"@id\":\"https:\/\/veritasinfo.org\/?p=31732#primaryimage\",\"url\":\"https:\/\/veritasinfo.org\/wp-content\/uploads\/2026\/02\/640-0-1663686369xdfpng-448-1.png\",\"contentUrl\":\"https:\/\/veritasinfo.org\/wp-content\/uploads\/2026\/02\/640-0-1663686369xdfpng-448-1.png\",\"width\":640,\"height\":378},{\"@type\":\"BreadcrumbList\",\"@id\":\"https:\/\/veritasinfo.org\/?p=31732#breadcrumb\",\"itemListElement\":[{\"@type\":\"ListItem\",\"position\":1,\"name\":\"Home\",\"item\":\"https:\/\/veritasinfo.org\/\"},{\"@type\":\"ListItem\",\"position\":2,\"name\":\"Ambasador\u00ebt shqiptar\u00eb: Procesi n\u00eb Hag\u00eb rrezikon t\u00eb deformoj\u00eb realitetin e luft\u00ebs n\u00eb Kosov\u00eb\"}]},{\"@type\":\"WebSite\",\"@id\":\"https:\/\/veritasinfo.org\/#website\",\"url\":\"https:\/\/veritasinfo.org\/\",\"name\":\"\",\"description\":\"\",\"potentialAction\":[{\"@type\":\"SearchAction\",\"target\":{\"@type\":\"EntryPoint\",\"urlTemplate\":\"https:\/\/veritasinfo.org\/?s={search_term_string}\"},\"query-input\":{\"@type\":\"PropertyValueSpecification\",\"valueRequired\":true,\"valueName\":\"search_term_string\"}}],\"inLanguage\":\"en-US\"},{\"@type\":\"Person\",\"@id\":\"https:\/\/veritasinfo.org\/#\/schema\/person\/fe199eede04c3937362892b7444747cc\",\"name\":\"US6\",\"image\":{\"@type\":\"ImageObject\",\"inLanguage\":\"en-US\",\"@id\":\"https:\/\/veritasinfo.org\/#\/schema\/person\/image\/\",\"url\":\"https:\/\/secure.gravatar.com\/avatar\/cb16c3c31c9d23b9b8c705964598220b3014e42ff51eb540ff23cefa3ae8c15f?s=96&d=mm&r=g\",\"contentUrl\":\"https:\/\/secure.gravatar.com\/avatar\/cb16c3c31c9d23b9b8c705964598220b3014e42ff51eb540ff23cefa3ae8c15f?s=96&d=mm&r=g\",\"caption\":\"US6\"},\"url\":\"https:\/\/veritasinfo.org\/?author=7\"}]}<\/script>\n<!-- \/ Yoast SEO plugin. -->","yoast_head_json":{"title":"Ambasador\u00ebt shqiptar\u00eb: Procesi n\u00eb Hag\u00eb rrezikon t\u00eb deformoj\u00eb realitetin e luft\u00ebs n\u00eb Kosov\u00eb -","robots":{"index":"index","follow":"follow","max-snippet":"max-snippet:-1","max-image-preview":"max-image-preview:large","max-video-preview":"max-video-preview:-1"},"canonical":"https:\/\/veritasinfo.org\/?p=31732","og_locale":"en_US","og_type":"article","og_title":"Ambasador\u00ebt shqiptar\u00eb: Procesi n\u00eb Hag\u00eb rrezikon t\u00eb deformoj\u00eb realitetin e luft\u00ebs n\u00eb Kosov\u00eb -","og_description":"Prishtin\u00eb, 11 shkurt 2026 12:02 K\u00ebshilli i Ambasador\u00ebve Shqiptar\u00eb shprehu shqet\u00ebsim t\u00eb thell\u00eb p\u00ebr zhvillimet e fundit n\u00eb procesin gjyq\u00ebsor q\u00eb po zhvillohet n\u00eb Hag\u00eb","og_url":"https:\/\/veritasinfo.org\/?p=31732","article_published_time":"2026-02-11T11:01:41+00:00","article_modified_time":"2026-02-11T11:04:27+00:00","og_image":[{"width":640,"height":378,"url":"https:\/\/veritasinfo.org\/wp-content\/uploads\/2026\/02\/640-0-1663686369xdfpng-448-1.png","type":"image\/png"}],"author":"US6","twitter_card":"summary_large_image","twitter_misc":{"Written by":"US6","Est. reading time":"2 minutes"},"schema":{"@context":"https:\/\/schema.org","@graph":[{"@type":"WebPage","@id":"https:\/\/veritasinfo.org\/?p=31732","url":"https:\/\/veritasinfo.org\/?p=31732","name":"Ambasador\u00ebt shqiptar\u00eb: Procesi n\u00eb Hag\u00eb rrezikon t\u00eb deformoj\u00eb realitetin e luft\u00ebs n\u00eb Kosov\u00eb -","isPartOf":{"@id":"https:\/\/veritasinfo.org\/#website"},"primaryImageOfPage":{"@id":"https:\/\/veritasinfo.org\/?p=31732#primaryimage"},"image":{"@id":"https:\/\/veritasinfo.org\/?p=31732#primaryimage"},"thumbnailUrl":"https:\/\/veritasinfo.org\/wp-content\/uploads\/2026\/02\/640-0-1663686369xdfpng-448-1.png","datePublished":"2026-02-11T11:01:41+00:00","dateModified":"2026-02-11T11:04:27+00:00","author":{"@id":"https:\/\/veritasinfo.org\/#\/schema\/person\/fe199eede04c3937362892b7444747cc"},"breadcrumb":{"@id":"https:\/\/veritasinfo.org\/?p=31732#breadcrumb"},"inLanguage":"en-US","potentialAction":[{"@type":"ReadAction","target":["https:\/\/veritasinfo.org\/?p=31732"]}]},{"@type":"ImageObject","inLanguage":"en-US","@id":"https:\/\/veritasinfo.org\/?p=31732#primaryimage","url":"https:\/\/veritasinfo.org\/wp-content\/uploads\/2026\/02\/640-0-1663686369xdfpng-448-1.png","contentUrl":"https:\/\/veritasinfo.org\/wp-content\/uploads\/2026\/02\/640-0-1663686369xdfpng-448-1.png","width":640,"height":378},{"@type":"BreadcrumbList","@id":"https:\/\/veritasinfo.org\/?p=31732#breadcrumb","itemListElement":[{"@type":"ListItem","position":1,"name":"Home","item":"https:\/\/veritasinfo.org\/"},{"@type":"ListItem","position":2,"name":"Ambasador\u00ebt shqiptar\u00eb: Procesi n\u00eb Hag\u00eb rrezikon t\u00eb deformoj\u00eb realitetin e luft\u00ebs n\u00eb Kosov\u00eb"}]},{"@type":"WebSite","@id":"https:\/\/veritasinfo.org\/#website","url":"https:\/\/veritasinfo.org\/","name":"","description":"","potentialAction":[{"@type":"SearchAction","target":{"@type":"EntryPoint","urlTemplate":"https:\/\/veritasinfo.org\/?s={search_term_string}"},"query-input":{"@type":"PropertyValueSpecification","valueRequired":true,"valueName":"search_term_string"}}],"inLanguage":"en-US"},{"@type":"Person","@id":"https:\/\/veritasinfo.org\/#\/schema\/person\/fe199eede04c3937362892b7444747cc","name":"US6","image":{"@type":"ImageObject","inLanguage":"en-US","@id":"https:\/\/veritasinfo.org\/#\/schema\/person\/image\/","url":"https:\/\/secure.gravatar.com\/avatar\/cb16c3c31c9d23b9b8c705964598220b3014e42ff51eb540ff23cefa3ae8c15f?s=96&d=mm&r=g","contentUrl":"https:\/\/secure.gravatar.com\/avatar\/cb16c3c31c9d23b9b8c705964598220b3014e42ff51eb540ff23cefa3ae8c15f?s=96&d=mm&r=g","caption":"US6"},"url":"https:\/\/veritasinfo.org\/?author=7"}]}},"featured_image_urls":{"full":["https:\/\/veritasinfo.org\/wp-content\/uploads\/2026\/02\/640-0-1663686369xdfpng-448-1.png",640,378,false],"thumbnail":["https:\/\/veritasinfo.org\/wp-content\/uploads\/2026\/02\/640-0-1663686369xdfpng-448-1-150x150.png",150,150,true],"medium":["https:\/\/veritasinfo.org\/wp-content\/uploads\/2026\/02\/640-0-1663686369xdfpng-448-1-300x177.png",300,177,true],"medium_large":["https:\/\/veritasinfo.org\/wp-content\/uploads\/2026\/02\/640-0-1663686369xdfpng-448-1.png",640,378,false],"large":["https:\/\/veritasinfo.org\/wp-content\/uploads\/2026\/02\/640-0-1663686369xdfpng-448-1.png",640,378,false],"1536x1536":["https:\/\/veritasinfo.org\/wp-content\/uploads\/2026\/02\/640-0-1663686369xdfpng-448-1.png",640,378,false],"2048x2048":["https:\/\/veritasinfo.org\/wp-content\/uploads\/2026\/02\/640-0-1663686369xdfpng-448-1.png",640,378,false],"kreeti-slider-full":["https:\/\/veritasinfo.org\/wp-content\/uploads\/2026\/02\/640-0-1663686369xdfpng-448-1.png",640,378,false],"kreeti-featured":["https:\/\/veritasinfo.org\/wp-content\/uploads\/2026\/02\/640-0-1663686369xdfpng-448-1.png",640,378,false],"kreeti-medium":["https:\/\/veritasinfo.org\/wp-content\/uploads\/2026\/02\/640-0-1663686369xdfpng-448-1.png",640,378,false],"kreeti-medium-square":["https:\/\/veritasinfo.org\/wp-content\/uploads\/2026\/02\/640-0-1663686369xdfpng-448-1.png",350,207,false]},"author_info":{"info":["US6"]},"category_info":"<a href=\"https:\/\/veritasinfo.org\/?cat=60\" rel=\"category\">Shoq\u00ebrore<\/a>","tag_info":"Shoq\u00ebrore","comment_count":"0","_links":{"self":[{"href":"https:\/\/veritasinfo.org\/index.php?rest_route=\/wp\/v2\/posts\/31732","targetHints":{"allow":["GET"]}}],"collection":[{"href":"https:\/\/veritasinfo.org\/index.php?rest_route=\/wp\/v2\/posts"}],"about":[{"href":"https:\/\/veritasinfo.org\/index.php?rest_route=\/wp\/v2\/types\/post"}],"author":[{"embeddable":true,"href":"https:\/\/veritasinfo.org\/index.php?rest_route=\/wp\/v2\/users\/7"}],"replies":[{"embeddable":true,"href":"https:\/\/veritasinfo.org\/index.php?rest_route=%2Fwp%2Fv2%2Fcomments&post=31732"}],"version-history":[{"count":2,"href":"https:\/\/veritasinfo.org\/index.php?rest_route=\/wp\/v2\/posts\/31732\/revisions"}],"predecessor-version":[{"id":31737,"href":"https:\/\/veritasinfo.org\/index.php?rest_route=\/wp\/v2\/posts\/31732\/revisions\/31737"}],"wp:featuredmedia":[{"embeddable":true,"href":"https:\/\/veritasinfo.org\/index.php?rest_route=\/wp\/v2\/media\/31141"}],"wp:attachment":[{"href":"https:\/\/veritasinfo.org\/index.php?rest_route=%2Fwp%2Fv2%2Fmedia&parent=31732"}],"wp:term":[{"taxonomy":"category","embeddable":true,"href":"https:\/\/veritasinfo.org\/index.php?rest_route=%2Fwp%2Fv2%2Fcategories&post=31732"},{"taxonomy":"post_tag","embeddable":true,"href":"https:\/\/veritasinfo.org\/index.php?rest_route=%2Fwp%2Fv2%2Ftags&post=31732"}],"curies":[{"name":"wp","href":"https:\/\/api.w.org\/{rel}","templated":true}]}}