{"id":31681,"date":"2026-02-11T10:29:59","date_gmt":"2026-02-11T09:29:59","guid":{"rendered":"https:\/\/veritasinfo.org\/?p=31681"},"modified":"2026-02-11T10:29:59","modified_gmt":"2026-02-11T09:29:59","slug":"nato-ballkani-perendimor-mbetet-lart-ne-agjenden-e-aleances","status":"publish","type":"post","link":"https:\/\/veritasinfo.org\/?p=31681","title":{"rendered":"NATO: Ballkani Per\u00ebndimor mbetet lart n\u00eb agjend\u00ebn e Aleanc\u00ebs"},"content":{"rendered":"<p>Prishtin\u00eb 11 Shtator 2026 10:28<br \/>\nT\u00eb enjten, m\u00eb 12 shkurt, Ministrat e Mbrojtjes t\u00eb vendeve aleate do t\u00eb mblidhen n\u00eb selin\u00eb e NATO-s n\u00eb Bruksel, n\u00eb kuad\u00ebr t\u00eb takimit t\u00eb radh\u00ebs ministror. Takimi do t\u00eb drejtohet nga Sekretari i P\u00ebrgjithsh\u00ebm i NATO-s, Mark Rutte.<\/p>\n<p>Nj\u00eb zyrtar i NATO-s ka deklaruar se Ballkani Per\u00ebndimor \u00ebsht\u00eb nj\u00eb rajon me r\u00ebnd\u00ebsi strategjike p\u00ebr Aleanc\u00ebn.<\/p>\n<p>N\u00eb nj\u00eb deklarat\u00eb nga NATO thuhet se ministrat pritet t\u00eb shk\u00ebmbejn\u00eb pik\u00ebpamje edhe p\u00ebr zbatimin e t\u00eb gjitha misioneve dhe aktiviteteve t\u00eb udh\u00ebhequra nga Aleanca, p\u00ebrfshir\u00eb KFOR-in.<\/p>\n<p>\u201cNe presim q\u00eb Ministrat e Mbrojtjes t\u00eb shk\u00ebmbejn\u00eb gjithashtu pik\u00ebpamje mbi zbatimin e t\u00eb gjitha misioneve dhe aktiviteteve t\u00eb udh\u00ebhequra nga NATO, p\u00ebrfshir\u00eb KFOR-in. Ballkani Per\u00ebndimor mbetet lart n\u00eb agjend\u00ebn e NATO-s. \u00cbsht\u00eb nj\u00eb rajon me r\u00ebnd\u00ebsi strategjike p\u00ebr Aleanc\u00ebn. NATO punon p\u00ebr t\u00eb promovuar stabilitetin, sigurin\u00eb dhe bashk\u00ebpunimin n\u00eb rajon. Angazhimi yn\u00eb p\u00ebr stabilitetin e rajonit \u00ebsht\u00eb i pal\u00ebkundur dhe nuk do t\u00eb lejojm\u00eb krijimin e nj\u00eb vakumi sigurie\u201d, thuhet n\u00eb deklarat\u00eb.<\/p>\n<p>NATO mblidhet n\u00eb Bruksel &#8211; mbrojtja, Ukraina dhe Ballkani Per\u00ebndimor n\u00eb fokus t\u00eb takimit ministror<\/p>\n<p>KFOR-i \u00ebsht\u00eb i vendosur n\u00eb Kosov\u00eb p\u00ebr t\u00eb garantuar nj\u00eb mjedis t\u00eb sigurt dhe t\u00eb qet\u00eb, lirin\u00eb e l\u00ebvizjes, si dhe p\u00ebr t\u00eb mb\u00ebshtetur pranin\u00eb civile nd\u00ebrkomb\u00ebtare dhe organizatat e tjera nd\u00ebrkomb\u00ebtare.<\/p>\n<p>Af\u00ebrsisht 4,636 trupa nga 33 vende, kontribuojn\u00eb n\u00eb p\u00ebrmbushjen e objektivave t\u00eb misionit.<\/p>\n<p>Italia, Shtetet e Bashkuara t\u00eb Amerik\u00ebs, Hungaria, Turqia dhe Polonia kan\u00eb numrin m\u00eb t\u00eb madh t\u00eb personelit ushtarak n\u00eb kuad\u00ebr t\u00eb misionit t\u00eb KFOR-it n\u00eb Kosov\u00eb.<\/p>\n","protected":false},"excerpt":{"rendered":"<p>Prishtin\u00eb 11 Shtator 2026 10:28 T\u00eb enjten, m\u00eb 12 shkurt, Ministrat e Mbrojtjes t\u00eb vendeve aleate do t\u00eb mblidhen n\u00eb selin\u00eb e NATO-s n\u00eb Bruksel,<\/p>\n","protected":false},"author":6,"featured_media":31682,"comment_status":"open","ping_status":"open","sticky":false,"template":"","format":"standard","meta":{"footnotes":""},"categories":[72],"tags":[],"class_list":["post-31681","post","type-post","status-publish","format-standard","has-post-thumbnail","hentry","category-bota"],"yoast_head":"<!-- This site is optimized with the Yoast SEO plugin v25.3.1 - https:\/\/yoast.com\/wordpress\/plugins\/seo\/ -->\n<title>NATO: Ballkani Per\u00ebndimor mbetet lart n\u00eb agjend\u00ebn e Aleanc\u00ebs -<\/title>\n<meta name=\"robots\" content=\"index, follow, max-snippet:-1, max-image-preview:large, max-video-preview:-1\" \/>\n<link rel=\"canonical\" href=\"https:\/\/veritasinfo.org\/?p=31681\" \/>\n<meta property=\"og:locale\" content=\"en_US\" \/>\n<meta property=\"og:type\" content=\"article\" \/>\n<meta property=\"og:title\" content=\"NATO: Ballkani Per\u00ebndimor mbetet lart n\u00eb agjend\u00ebn e Aleanc\u00ebs -\" \/>\n<meta property=\"og:description\" content=\"Prishtin\u00eb 11 Shtator 2026 10:28 T\u00eb enjten, m\u00eb 12 shkurt, Ministrat e Mbrojtjes t\u00eb vendeve aleate do t\u00eb mblidhen n\u00eb selin\u00eb e NATO-s n\u00eb Bruksel,\" \/>\n<meta property=\"og:url\" content=\"https:\/\/veritasinfo.org\/?p=31681\" \/>\n<meta property=\"article:published_time\" content=\"2026-02-11T09:29:59+00:00\" \/>\n<meta property=\"og:image\" content=\"https:\/\/veritasinfo.org\/wp-content\/uploads\/2026\/02\/image-8-1.webp\" \/>\n\t<meta property=\"og:image:width\" content=\"1245\" \/>\n\t<meta property=\"og:image:height\" content=\"700\" \/>\n\t<meta property=\"og:image:type\" content=\"image\/webp\" \/>\n<meta name=\"author\" content=\"US5\" \/>\n<meta name=\"twitter:card\" content=\"summary_large_image\" \/>\n<meta name=\"twitter:label1\" content=\"Written by\" \/>\n\t<meta name=\"twitter:data1\" content=\"US5\" \/>\n<script type=\"application\/ld+json\" class=\"yoast-schema-graph\">{\"@context\":\"https:\/\/schema.org\",\"@graph\":[{\"@type\":\"WebPage\",\"@id\":\"https:\/\/veritasinfo.org\/?p=31681\",\"url\":\"https:\/\/veritasinfo.org\/?p=31681\",\"name\":\"NATO: Ballkani Per\u00ebndimor mbetet lart n\u00eb agjend\u00ebn e Aleanc\u00ebs -\",\"isPartOf\":{\"@id\":\"https:\/\/veritasinfo.org\/#website\"},\"primaryImageOfPage\":{\"@id\":\"https:\/\/veritasinfo.org\/?p=31681#primaryimage\"},\"image\":{\"@id\":\"https:\/\/veritasinfo.org\/?p=31681#primaryimage\"},\"thumbnailUrl\":\"https:\/\/veritasinfo.org\/wp-content\/uploads\/2026\/02\/image-8-1.webp\",\"datePublished\":\"2026-02-11T09:29:59+00:00\",\"author\":{\"@id\":\"https:\/\/veritasinfo.org\/#\/schema\/person\/bc442336e35414d04494ab8fb45db4c6\"},\"breadcrumb\":{\"@id\":\"https:\/\/veritasinfo.org\/?p=31681#breadcrumb\"},\"inLanguage\":\"en-US\",\"potentialAction\":[{\"@type\":\"ReadAction\",\"target\":[\"https:\/\/veritasinfo.org\/?p=31681\"]}]},{\"@type\":\"ImageObject\",\"inLanguage\":\"en-US\",\"@id\":\"https:\/\/veritasinfo.org\/?p=31681#primaryimage\",\"url\":\"https:\/\/veritasinfo.org\/wp-content\/uploads\/2026\/02\/image-8-1.webp\",\"contentUrl\":\"https:\/\/veritasinfo.org\/wp-content\/uploads\/2026\/02\/image-8-1.webp\",\"width\":1245,\"height\":700},{\"@type\":\"BreadcrumbList\",\"@id\":\"https:\/\/veritasinfo.org\/?p=31681#breadcrumb\",\"itemListElement\":[{\"@type\":\"ListItem\",\"position\":1,\"name\":\"Home\",\"item\":\"https:\/\/veritasinfo.org\/\"},{\"@type\":\"ListItem\",\"position\":2,\"name\":\"NATO: Ballkani Per\u00ebndimor mbetet lart n\u00eb agjend\u00ebn e Aleanc\u00ebs\"}]},{\"@type\":\"WebSite\",\"@id\":\"https:\/\/veritasinfo.org\/#website\",\"url\":\"https:\/\/veritasinfo.org\/\",\"name\":\"\",\"description\":\"\",\"potentialAction\":[{\"@type\":\"SearchAction\",\"target\":{\"@type\":\"EntryPoint\",\"urlTemplate\":\"https:\/\/veritasinfo.org\/?s={search_term_string}\"},\"query-input\":{\"@type\":\"PropertyValueSpecification\",\"valueRequired\":true,\"valueName\":\"search_term_string\"}}],\"inLanguage\":\"en-US\"},{\"@type\":\"Person\",\"@id\":\"https:\/\/veritasinfo.org\/#\/schema\/person\/bc442336e35414d04494ab8fb45db4c6\",\"name\":\"US5\",\"image\":{\"@type\":\"ImageObject\",\"inLanguage\":\"en-US\",\"@id\":\"https:\/\/veritasinfo.org\/#\/schema\/person\/image\/\",\"url\":\"https:\/\/secure.gravatar.com\/avatar\/16a61e7272a0c5d001121ebb9e60e925d5816e4ac1e443ed3e640d9a6ae55d0c?s=96&d=mm&r=g\",\"contentUrl\":\"https:\/\/secure.gravatar.com\/avatar\/16a61e7272a0c5d001121ebb9e60e925d5816e4ac1e443ed3e640d9a6ae55d0c?s=96&d=mm&r=g\",\"caption\":\"US5\"},\"url\":\"https:\/\/veritasinfo.org\/?author=6\"}]}<\/script>\n<!-- \/ Yoast SEO plugin. -->","yoast_head_json":{"title":"NATO: Ballkani Per\u00ebndimor mbetet lart n\u00eb agjend\u00ebn e Aleanc\u00ebs -","robots":{"index":"index","follow":"follow","max-snippet":"max-snippet:-1","max-image-preview":"max-image-preview:large","max-video-preview":"max-video-preview:-1"},"canonical":"https:\/\/veritasinfo.org\/?p=31681","og_locale":"en_US","og_type":"article","og_title":"NATO: Ballkani Per\u00ebndimor mbetet lart n\u00eb agjend\u00ebn e Aleanc\u00ebs -","og_description":"Prishtin\u00eb 11 Shtator 2026 10:28 T\u00eb enjten, m\u00eb 12 shkurt, Ministrat e Mbrojtjes t\u00eb vendeve aleate do t\u00eb mblidhen n\u00eb selin\u00eb e NATO-s n\u00eb Bruksel,","og_url":"https:\/\/veritasinfo.org\/?p=31681","article_published_time":"2026-02-11T09:29:59+00:00","og_image":[{"width":1245,"height":700,"url":"https:\/\/veritasinfo.org\/wp-content\/uploads\/2026\/02\/image-8-1.webp","type":"image\/webp"}],"author":"US5","twitter_card":"summary_large_image","twitter_misc":{"Written by":"US5"},"schema":{"@context":"https:\/\/schema.org","@graph":[{"@type":"WebPage","@id":"https:\/\/veritasinfo.org\/?p=31681","url":"https:\/\/veritasinfo.org\/?p=31681","name":"NATO: Ballkani Per\u00ebndimor mbetet lart n\u00eb agjend\u00ebn e Aleanc\u00ebs -","isPartOf":{"@id":"https:\/\/veritasinfo.org\/#website"},"primaryImageOfPage":{"@id":"https:\/\/veritasinfo.org\/?p=31681#primaryimage"},"image":{"@id":"https:\/\/veritasinfo.org\/?p=31681#primaryimage"},"thumbnailUrl":"https:\/\/veritasinfo.org\/wp-content\/uploads\/2026\/02\/image-8-1.webp","datePublished":"2026-02-11T09:29:59+00:00","author":{"@id":"https:\/\/veritasinfo.org\/#\/schema\/person\/bc442336e35414d04494ab8fb45db4c6"},"breadcrumb":{"@id":"https:\/\/veritasinfo.org\/?p=31681#breadcrumb"},"inLanguage":"en-US","potentialAction":[{"@type":"ReadAction","target":["https:\/\/veritasinfo.org\/?p=31681"]}]},{"@type":"ImageObject","inLanguage":"en-US","@id":"https:\/\/veritasinfo.org\/?p=31681#primaryimage","url":"https:\/\/veritasinfo.org\/wp-content\/uploads\/2026\/02\/image-8-1.webp","contentUrl":"https:\/\/veritasinfo.org\/wp-content\/uploads\/2026\/02\/image-8-1.webp","width":1245,"height":700},{"@type":"BreadcrumbList","@id":"https:\/\/veritasinfo.org\/?p=31681#breadcrumb","itemListElement":[{"@type":"ListItem","position":1,"name":"Home","item":"https:\/\/veritasinfo.org\/"},{"@type":"ListItem","position":2,"name":"NATO: Ballkani Per\u00ebndimor mbetet lart n\u00eb agjend\u00ebn e Aleanc\u00ebs"}]},{"@type":"WebSite","@id":"https:\/\/veritasinfo.org\/#website","url":"https:\/\/veritasinfo.org\/","name":"","description":"","potentialAction":[{"@type":"SearchAction","target":{"@type":"EntryPoint","urlTemplate":"https:\/\/veritasinfo.org\/?s={search_term_string}"},"query-input":{"@type":"PropertyValueSpecification","valueRequired":true,"valueName":"search_term_string"}}],"inLanguage":"en-US"},{"@type":"Person","@id":"https:\/\/veritasinfo.org\/#\/schema\/person\/bc442336e35414d04494ab8fb45db4c6","name":"US5","image":{"@type":"ImageObject","inLanguage":"en-US","@id":"https:\/\/veritasinfo.org\/#\/schema\/person\/image\/","url":"https:\/\/secure.gravatar.com\/avatar\/16a61e7272a0c5d001121ebb9e60e925d5816e4ac1e443ed3e640d9a6ae55d0c?s=96&d=mm&r=g","contentUrl":"https:\/\/secure.gravatar.com\/avatar\/16a61e7272a0c5d001121ebb9e60e925d5816e4ac1e443ed3e640d9a6ae55d0c?s=96&d=mm&r=g","caption":"US5"},"url":"https:\/\/veritasinfo.org\/?author=6"}]}},"featured_image_urls":{"full":["https:\/\/veritasinfo.org\/wp-content\/uploads\/2026\/02\/image-8-1.webp",1245,700,false],"thumbnail":["https:\/\/veritasinfo.org\/wp-content\/uploads\/2026\/02\/image-8-1-150x150.webp",150,150,true],"medium":["https:\/\/veritasinfo.org\/wp-content\/uploads\/2026\/02\/image-8-1-300x169.webp",300,169,true],"medium_large":["https:\/\/veritasinfo.org\/wp-content\/uploads\/2026\/02\/image-8-1-768x432.webp",640,360,true],"large":["https:\/\/veritasinfo.org\/wp-content\/uploads\/2026\/02\/image-8-1-1024x576.webp",640,360,true],"1536x1536":["https:\/\/veritasinfo.org\/wp-content\/uploads\/2026\/02\/image-8-1.webp",1245,700,false],"2048x2048":["https:\/\/veritasinfo.org\/wp-content\/uploads\/2026\/02\/image-8-1.webp",1245,700,false],"kreeti-slider-full":["https:\/\/veritasinfo.org\/wp-content\/uploads\/2026\/02\/image-8-1.webp",1245,700,false],"kreeti-featured":["https:\/\/veritasinfo.org\/wp-content\/uploads\/2026\/02\/image-8-1.webp",1024,576,false],"kreeti-medium":["https:\/\/veritasinfo.org\/wp-content\/uploads\/2026\/02\/image-8-1.webp",720,405,false],"kreeti-medium-square":["https:\/\/veritasinfo.org\/wp-content\/uploads\/2026\/02\/image-8-1.webp",350,197,false]},"author_info":{"info":["US5"]},"category_info":"<a href=\"https:\/\/veritasinfo.org\/?cat=72\" rel=\"category\">Bota<\/a>","tag_info":"Bota","comment_count":"0","_links":{"self":[{"href":"https:\/\/veritasinfo.org\/index.php?rest_route=\/wp\/v2\/posts\/31681","targetHints":{"allow":["GET"]}}],"collection":[{"href":"https:\/\/veritasinfo.org\/index.php?rest_route=\/wp\/v2\/posts"}],"about":[{"href":"https:\/\/veritasinfo.org\/index.php?rest_route=\/wp\/v2\/types\/post"}],"author":[{"embeddable":true,"href":"https:\/\/veritasinfo.org\/index.php?rest_route=\/wp\/v2\/users\/6"}],"replies":[{"embeddable":true,"href":"https:\/\/veritasinfo.org\/index.php?rest_route=%2Fwp%2Fv2%2Fcomments&post=31681"}],"version-history":[{"count":1,"href":"https:\/\/veritasinfo.org\/index.php?rest_route=\/wp\/v2\/posts\/31681\/revisions"}],"predecessor-version":[{"id":31683,"href":"https:\/\/veritasinfo.org\/index.php?rest_route=\/wp\/v2\/posts\/31681\/revisions\/31683"}],"wp:featuredmedia":[{"embeddable":true,"href":"https:\/\/veritasinfo.org\/index.php?rest_route=\/wp\/v2\/media\/31682"}],"wp:attachment":[{"href":"https:\/\/veritasinfo.org\/index.php?rest_route=%2Fwp%2Fv2%2Fmedia&parent=31681"}],"wp:term":[{"taxonomy":"category","embeddable":true,"href":"https:\/\/veritasinfo.org\/index.php?rest_route=%2Fwp%2Fv2%2Fcategories&post=31681"},{"taxonomy":"post_tag","embeddable":true,"href":"https:\/\/veritasinfo.org\/index.php?rest_route=%2Fwp%2Fv2%2Ftags&post=31681"}],"curies":[{"name":"wp","href":"https:\/\/api.w.org\/{rel}","templated":true}]}}