{"id":31551,"date":"2026-02-10T18:26:02","date_gmt":"2026-02-10T17:26:02","guid":{"rendered":"https:\/\/veritasinfo.org\/?p=31551"},"modified":"2026-02-10T18:26:02","modified_gmt":"2026-02-10T17:26:02","slug":"karateistet-kosovare-perjashtohen-nga-evropiani-ne-qipro-per-shkak-te-simboleve-shteterore","status":"publish","type":"post","link":"https:\/\/veritasinfo.org\/?p=31551","title":{"rendered":"Karateist\u00ebt kosovar\u00eb p\u00ebrjashtohen nga Evropiani n\u00eb Qipro p\u00ebr shkak t\u00eb simboleve shtet\u00ebrore"},"content":{"rendered":"<p>Prishtin\u00eb, 10 shkurt 2026 18:24<\/p>\n<p>Ekipi i karates\u00eb s\u00eb Kosov\u00ebs nuk mori pjes\u00eb n\u00eb Kampionatin Evropian p\u00ebr kadet\u00eb, junior\u00eb dhe U21, t\u00eb mbajtur n\u00eb Limasol t\u00eb Qipros, p\u00ebr shkak t\u00eb nj\u00eb akti diskriminues nga shteti organizator, i cili nuk lejonte paraqitjen me simbole shtet\u00ebrore.<\/p>\n<p>Sipas sekretarit t\u00eb Federat\u00ebs s\u00eb Karates\u00eb s\u00eb Kosov\u00ebs (FKK), Nazmi Gashi, autoritetet qipriote, duke mos e njohur shtetin e Kosov\u00ebs, nuk pranuan q\u00eb sportist\u00ebt kosovar\u00eb t\u00eb garonin n\u00eb kushte t\u00eb barabarta me shtetet e tjera, me flamur, himn dhe simbole komb\u00ebtare. Alternativa e ofruar ishte q\u00eb ekipi t\u00eb merrte pjes\u00eb n\u00ebn flamurin e Federat\u00ebs s\u00eb Karates\u00eb, nj\u00eb propozim q\u00eb u cil\u00ebsua si i papranuesh\u00ebm.<\/p>\n<p>\u201cVikendin e kaluar \u00ebsht\u00eb mbajtur kampionati evropian p\u00ebr kadet\u00eb, junior\u00eb dhe U21 n\u00eb Qipro, n\u00eb Limasol. Aty Kosova s&#8217;ka marr\u00eb pjes\u00eb p\u00ebr shkak se n\u00eb komunikimin zyrtar q\u00eb kemi pasur me Federat\u00ebn e Qipros dhe Federat\u00ebn Evropiane, Qipro nuk e njeh shtetin e Kosov\u00ebs dhe nuk ka pranuar q\u00eb ne t\u00eb jemi t\u00eb barabart\u00eb si t\u00eb gjitha shtetet e tjera, q\u00eb atje t\u00eb paraqitemi me himn, me simbole, me flamur. Por ka th\u00ebn\u00eb q\u00eb ju mund t\u00eb vini k\u00ebtu dhe t\u00eb merrni pjes\u00eb n\u00ebn flamurin e Federat\u00ebs s\u00eb Karates\u00eb s\u00eb Kosov\u00ebs, q\u00eb p\u00ebr ne ka qen\u00eb e papranueshme.\u201d, tregon fillimisht Gashi.<\/p>\n<p>Vendimi p\u00ebr t\u00eb mos udh\u00ebtuar fare drejt Qipros u mor nga bordi ekzekutiv i FKK-s\u00eb, duke u bazuar n\u00eb parimin e mospranimit t\u00eb diskriminimit dhe duke respektuar nj\u00eb vendim t\u00eb Ministris\u00eb s\u00eb Kultur\u00ebs, Rinis\u00eb dhe Sportit, i cili p\u00ebrcakton se paraqitja n\u00eb gara zyrtare nd\u00ebrkomb\u00ebtare duhet t\u00eb b\u00ebhet me t\u00eb gjitha simbolet shtet\u00ebrore.<\/p>\n<p>\u201cNe ndihem t\u00eb diskriminuar dhe pa simbole nuk do t\u00eb marrim pjes\u00eb jo vet\u00ebm n\u00eb Qipro, por n\u00eb asnj\u00eb vend ku nuk lejohen si sportist\u00eb t\u00eb barabart\u00eb p\u00ebr t\u00eb marr\u00eb pjes\u00eb n\u00eb kushte t\u00eb barabarta me t\u00eb gjith\u00eb. Prandaj dhe nuk kemi udh\u00ebtuar fare p\u00ebr atje. Kemi njoftuar bordin dhe kuvendin e federat\u00ebs. Ne kemi filluar komunikimin ose kemi d\u00ebrguar letr\u00ebn e par\u00eb qysh me dat\u00ebn 8 tetor t\u00eb vitit 2025, p\u00ebr shkak se e kemi ditur q\u00eb n\u00eb vitin 2023 e kemi pasur problemin e nj\u00ebjt\u00eb n\u00eb Qipro dhe e kemi ditur q\u00eb mund t\u00eb kemi p\u00ebrs\u00ebri probleme. Dhe nuk na \u00ebsht\u00eb kthyer fare p\u00ebrgjigje deri me dat\u00ebn 20 janar. Me dat\u00ebn 20 janar nga Federata e Qipros kemi pranuar nj\u00eb let\u00ebr, nj\u00eb email ku shkruan q\u00eb Qipro nuk e njeh shtetin e Kosov\u00ebs dhe mund t\u00eb merrni pjes\u00eb vet\u00ebm n\u00ebn flamurin e federat\u00ebs\u201d, vijoi m\u00eb tutje Gashi.<\/p>\n<p>Mungesa n\u00eb k\u00ebt\u00eb ngjarje t\u00eb r\u00ebnd\u00ebsishme sportive konsiderohet nj\u00eb humbje e madhe, ve\u00e7an\u00ebrisht p\u00ebr sportist\u00ebt me potencial p\u00ebr t\u00eb fituar medalje.<\/p>\n<p>\u201cNe patjet\u00ebr q\u00eb do t\u00eb shtrojm\u00eb ankes\u00eb dhe n\u00eb kuvendet e radh\u00ebs do t\u00eb ngrisim z\u00ebrin q\u00eb k\u00ebto kampionate mos t&#8217;i jepen n\u00eb vende t\u00eb cilat nuk i njohin shtetet ose nuk iu mund\u00ebsojn\u00eb sportist\u00ebve t\u00eb marrin pjes\u00eb si t\u00eb barabart\u00eb me t\u00eb gjith\u00eb sportist\u00ebt e tjer\u00eb. P\u00ebr shkak se \u00ebsht\u00eb nj\u00eb humbje e madhe e sportist\u00ebve. Ne kemi pasur disa sportist\u00eb potencial q\u00eb n\u00eb k\u00ebt\u00eb gar\u00eb t\u00eb stolisen me medalje evropiane dhe atyre ju pamund\u00ebsohet pjes\u00ebmarrja n\u00eb gar\u00eb\u201d, tha n\u00eb fund Gashi.<\/p>\n<p>Si kund\u00ebrp\u00ebrgjigje ndaj k\u00ebtij akti, Federata e Karates\u00eb s\u00eb Kosov\u00ebs do t\u00eb nd\u00ebrmarr\u00eb hapa konkret\u00eb. Ajo do t\u00eb dor\u00ebzoj\u00eb nj\u00eb ankes\u00eb zyrtare n\u00eb Komitetin Olimpik t\u00eb Kosov\u00ebs, e cila m\u00eb pas do t&#8217;i adresohet Komitetit Olimpik Nd\u00ebrkomb\u00ebtar.<\/p>\n<p>&nbsp;<\/p>\n","protected":false},"excerpt":{"rendered":"<p>Prishtin\u00eb, 10 shkurt 2026 18:24 Ekipi i karates\u00eb s\u00eb Kosov\u00ebs nuk mori pjes\u00eb n\u00eb Kampionatin Evropian p\u00ebr kadet\u00eb, junior\u00eb dhe U21, t\u00eb mbajtur n\u00eb Limasol<\/p>\n","protected":false},"author":7,"featured_media":31552,"comment_status":"open","ping_status":"open","sticky":false,"template":"","format":"standard","meta":{"footnotes":""},"categories":[5],"tags":[],"class_list":["post-31551","post","type-post","status-publish","format-standard","has-post-thumbnail","hentry","category-sport-sq"],"yoast_head":"<!-- This site is optimized with the Yoast SEO plugin v25.3.1 - https:\/\/yoast.com\/wordpress\/plugins\/seo\/ -->\n<title>Karateist\u00ebt kosovar\u00eb p\u00ebrjashtohen nga Evropiani n\u00eb Qipro p\u00ebr shkak t\u00eb simboleve shtet\u00ebrore -<\/title>\n<meta name=\"robots\" content=\"index, follow, max-snippet:-1, max-image-preview:large, max-video-preview:-1\" \/>\n<link rel=\"canonical\" href=\"https:\/\/veritasinfo.org\/?p=31551\" \/>\n<meta property=\"og:locale\" content=\"en_US\" \/>\n<meta property=\"og:type\" content=\"article\" \/>\n<meta property=\"og:title\" content=\"Karateist\u00ebt kosovar\u00eb p\u00ebrjashtohen nga Evropiani n\u00eb Qipro p\u00ebr shkak t\u00eb simboleve shtet\u00ebrore -\" \/>\n<meta property=\"og:description\" content=\"Prishtin\u00eb, 10 shkurt 2026 18:24 Ekipi i karates\u00eb s\u00eb Kosov\u00ebs nuk mori pjes\u00eb n\u00eb Kampionatin Evropian p\u00ebr kadet\u00eb, junior\u00eb dhe U21, t\u00eb mbajtur n\u00eb Limasol\" \/>\n<meta property=\"og:url\" content=\"https:\/\/veritasinfo.org\/?p=31551\" \/>\n<meta property=\"article:published_time\" content=\"2026-02-10T17:26:02+00:00\" \/>\n<meta property=\"og:image\" content=\"https:\/\/veritasinfo.org\/wp-content\/uploads\/2026\/02\/1-23.jpg\" \/>\n\t<meta property=\"og:image:width\" content=\"730\" \/>\n\t<meta property=\"og:image:height\" content=\"488\" \/>\n\t<meta property=\"og:image:type\" content=\"image\/jpeg\" \/>\n<meta name=\"author\" content=\"US6\" \/>\n<meta name=\"twitter:card\" content=\"summary_large_image\" \/>\n<meta name=\"twitter:label1\" content=\"Written by\" \/>\n\t<meta name=\"twitter:data1\" content=\"US6\" \/>\n\t<meta name=\"twitter:label2\" content=\"Est. reading time\" \/>\n\t<meta name=\"twitter:data2\" content=\"3 minutes\" \/>\n<script type=\"application\/ld+json\" class=\"yoast-schema-graph\">{\"@context\":\"https:\/\/schema.org\",\"@graph\":[{\"@type\":\"WebPage\",\"@id\":\"https:\/\/veritasinfo.org\/?p=31551\",\"url\":\"https:\/\/veritasinfo.org\/?p=31551\",\"name\":\"Karateist\u00ebt kosovar\u00eb p\u00ebrjashtohen nga Evropiani n\u00eb Qipro p\u00ebr shkak t\u00eb simboleve shtet\u00ebrore -\",\"isPartOf\":{\"@id\":\"https:\/\/veritasinfo.org\/#website\"},\"primaryImageOfPage\":{\"@id\":\"https:\/\/veritasinfo.org\/?p=31551#primaryimage\"},\"image\":{\"@id\":\"https:\/\/veritasinfo.org\/?p=31551#primaryimage\"},\"thumbnailUrl\":\"https:\/\/veritasinfo.org\/wp-content\/uploads\/2026\/02\/1-23.jpg\",\"datePublished\":\"2026-02-10T17:26:02+00:00\",\"author\":{\"@id\":\"https:\/\/veritasinfo.org\/#\/schema\/person\/fe199eede04c3937362892b7444747cc\"},\"breadcrumb\":{\"@id\":\"https:\/\/veritasinfo.org\/?p=31551#breadcrumb\"},\"inLanguage\":\"en-US\",\"potentialAction\":[{\"@type\":\"ReadAction\",\"target\":[\"https:\/\/veritasinfo.org\/?p=31551\"]}]},{\"@type\":\"ImageObject\",\"inLanguage\":\"en-US\",\"@id\":\"https:\/\/veritasinfo.org\/?p=31551#primaryimage\",\"url\":\"https:\/\/veritasinfo.org\/wp-content\/uploads\/2026\/02\/1-23.jpg\",\"contentUrl\":\"https:\/\/veritasinfo.org\/wp-content\/uploads\/2026\/02\/1-23.jpg\",\"width\":730,\"height\":488},{\"@type\":\"BreadcrumbList\",\"@id\":\"https:\/\/veritasinfo.org\/?p=31551#breadcrumb\",\"itemListElement\":[{\"@type\":\"ListItem\",\"position\":1,\"name\":\"Home\",\"item\":\"https:\/\/veritasinfo.org\/\"},{\"@type\":\"ListItem\",\"position\":2,\"name\":\"Karateist\u00ebt kosovar\u00eb p\u00ebrjashtohen nga Evropiani n\u00eb Qipro p\u00ebr shkak t\u00eb simboleve shtet\u00ebrore\"}]},{\"@type\":\"WebSite\",\"@id\":\"https:\/\/veritasinfo.org\/#website\",\"url\":\"https:\/\/veritasinfo.org\/\",\"name\":\"\",\"description\":\"\",\"potentialAction\":[{\"@type\":\"SearchAction\",\"target\":{\"@type\":\"EntryPoint\",\"urlTemplate\":\"https:\/\/veritasinfo.org\/?s={search_term_string}\"},\"query-input\":{\"@type\":\"PropertyValueSpecification\",\"valueRequired\":true,\"valueName\":\"search_term_string\"}}],\"inLanguage\":\"en-US\"},{\"@type\":\"Person\",\"@id\":\"https:\/\/veritasinfo.org\/#\/schema\/person\/fe199eede04c3937362892b7444747cc\",\"name\":\"US6\",\"image\":{\"@type\":\"ImageObject\",\"inLanguage\":\"en-US\",\"@id\":\"https:\/\/veritasinfo.org\/#\/schema\/person\/image\/\",\"url\":\"https:\/\/secure.gravatar.com\/avatar\/cb16c3c31c9d23b9b8c705964598220b3014e42ff51eb540ff23cefa3ae8c15f?s=96&d=mm&r=g\",\"contentUrl\":\"https:\/\/secure.gravatar.com\/avatar\/cb16c3c31c9d23b9b8c705964598220b3014e42ff51eb540ff23cefa3ae8c15f?s=96&d=mm&r=g\",\"caption\":\"US6\"},\"url\":\"https:\/\/veritasinfo.org\/?author=7\"}]}<\/script>\n<!-- \/ Yoast SEO plugin. -->","yoast_head_json":{"title":"Karateist\u00ebt kosovar\u00eb p\u00ebrjashtohen nga Evropiani n\u00eb Qipro p\u00ebr shkak t\u00eb simboleve shtet\u00ebrore -","robots":{"index":"index","follow":"follow","max-snippet":"max-snippet:-1","max-image-preview":"max-image-preview:large","max-video-preview":"max-video-preview:-1"},"canonical":"https:\/\/veritasinfo.org\/?p=31551","og_locale":"en_US","og_type":"article","og_title":"Karateist\u00ebt kosovar\u00eb p\u00ebrjashtohen nga Evropiani n\u00eb Qipro p\u00ebr shkak t\u00eb simboleve shtet\u00ebrore -","og_description":"Prishtin\u00eb, 10 shkurt 2026 18:24 Ekipi i karates\u00eb s\u00eb Kosov\u00ebs nuk mori pjes\u00eb n\u00eb Kampionatin Evropian p\u00ebr kadet\u00eb, junior\u00eb dhe U21, t\u00eb mbajtur n\u00eb Limasol","og_url":"https:\/\/veritasinfo.org\/?p=31551","article_published_time":"2026-02-10T17:26:02+00:00","og_image":[{"width":730,"height":488,"url":"https:\/\/veritasinfo.org\/wp-content\/uploads\/2026\/02\/1-23.jpg","type":"image\/jpeg"}],"author":"US6","twitter_card":"summary_large_image","twitter_misc":{"Written by":"US6","Est. reading time":"3 minutes"},"schema":{"@context":"https:\/\/schema.org","@graph":[{"@type":"WebPage","@id":"https:\/\/veritasinfo.org\/?p=31551","url":"https:\/\/veritasinfo.org\/?p=31551","name":"Karateist\u00ebt kosovar\u00eb p\u00ebrjashtohen nga Evropiani n\u00eb Qipro p\u00ebr shkak t\u00eb simboleve shtet\u00ebrore -","isPartOf":{"@id":"https:\/\/veritasinfo.org\/#website"},"primaryImageOfPage":{"@id":"https:\/\/veritasinfo.org\/?p=31551#primaryimage"},"image":{"@id":"https:\/\/veritasinfo.org\/?p=31551#primaryimage"},"thumbnailUrl":"https:\/\/veritasinfo.org\/wp-content\/uploads\/2026\/02\/1-23.jpg","datePublished":"2026-02-10T17:26:02+00:00","author":{"@id":"https:\/\/veritasinfo.org\/#\/schema\/person\/fe199eede04c3937362892b7444747cc"},"breadcrumb":{"@id":"https:\/\/veritasinfo.org\/?p=31551#breadcrumb"},"inLanguage":"en-US","potentialAction":[{"@type":"ReadAction","target":["https:\/\/veritasinfo.org\/?p=31551"]}]},{"@type":"ImageObject","inLanguage":"en-US","@id":"https:\/\/veritasinfo.org\/?p=31551#primaryimage","url":"https:\/\/veritasinfo.org\/wp-content\/uploads\/2026\/02\/1-23.jpg","contentUrl":"https:\/\/veritasinfo.org\/wp-content\/uploads\/2026\/02\/1-23.jpg","width":730,"height":488},{"@type":"BreadcrumbList","@id":"https:\/\/veritasinfo.org\/?p=31551#breadcrumb","itemListElement":[{"@type":"ListItem","position":1,"name":"Home","item":"https:\/\/veritasinfo.org\/"},{"@type":"ListItem","position":2,"name":"Karateist\u00ebt kosovar\u00eb p\u00ebrjashtohen nga Evropiani n\u00eb Qipro p\u00ebr shkak t\u00eb simboleve shtet\u00ebrore"}]},{"@type":"WebSite","@id":"https:\/\/veritasinfo.org\/#website","url":"https:\/\/veritasinfo.org\/","name":"","description":"","potentialAction":[{"@type":"SearchAction","target":{"@type":"EntryPoint","urlTemplate":"https:\/\/veritasinfo.org\/?s={search_term_string}"},"query-input":{"@type":"PropertyValueSpecification","valueRequired":true,"valueName":"search_term_string"}}],"inLanguage":"en-US"},{"@type":"Person","@id":"https:\/\/veritasinfo.org\/#\/schema\/person\/fe199eede04c3937362892b7444747cc","name":"US6","image":{"@type":"ImageObject","inLanguage":"en-US","@id":"https:\/\/veritasinfo.org\/#\/schema\/person\/image\/","url":"https:\/\/secure.gravatar.com\/avatar\/cb16c3c31c9d23b9b8c705964598220b3014e42ff51eb540ff23cefa3ae8c15f?s=96&d=mm&r=g","contentUrl":"https:\/\/secure.gravatar.com\/avatar\/cb16c3c31c9d23b9b8c705964598220b3014e42ff51eb540ff23cefa3ae8c15f?s=96&d=mm&r=g","caption":"US6"},"url":"https:\/\/veritasinfo.org\/?author=7"}]}},"featured_image_urls":{"full":["https:\/\/veritasinfo.org\/wp-content\/uploads\/2026\/02\/1-23.jpg",730,488,false],"thumbnail":["https:\/\/veritasinfo.org\/wp-content\/uploads\/2026\/02\/1-23-150x150.jpg",150,150,true],"medium":["https:\/\/veritasinfo.org\/wp-content\/uploads\/2026\/02\/1-23-300x201.jpg",300,201,true],"medium_large":["https:\/\/veritasinfo.org\/wp-content\/uploads\/2026\/02\/1-23.jpg",640,428,false],"large":["https:\/\/veritasinfo.org\/wp-content\/uploads\/2026\/02\/1-23.jpg",640,428,false],"1536x1536":["https:\/\/veritasinfo.org\/wp-content\/uploads\/2026\/02\/1-23.jpg",730,488,false],"2048x2048":["https:\/\/veritasinfo.org\/wp-content\/uploads\/2026\/02\/1-23.jpg",730,488,false],"kreeti-slider-full":["https:\/\/veritasinfo.org\/wp-content\/uploads\/2026\/02\/1-23.jpg",730,488,false],"kreeti-featured":["https:\/\/veritasinfo.org\/wp-content\/uploads\/2026\/02\/1-23.jpg",730,488,false],"kreeti-medium":["https:\/\/veritasinfo.org\/wp-content\/uploads\/2026\/02\/1-23.jpg",720,481,false],"kreeti-medium-square":["https:\/\/veritasinfo.org\/wp-content\/uploads\/2026\/02\/1-23.jpg",350,234,false]},"author_info":{"info":["US6"]},"category_info":"<a href=\"https:\/\/veritasinfo.org\/?cat=5\" rel=\"category\">Sport<\/a>","tag_info":"Sport","comment_count":"0","_links":{"self":[{"href":"https:\/\/veritasinfo.org\/index.php?rest_route=\/wp\/v2\/posts\/31551","targetHints":{"allow":["GET"]}}],"collection":[{"href":"https:\/\/veritasinfo.org\/index.php?rest_route=\/wp\/v2\/posts"}],"about":[{"href":"https:\/\/veritasinfo.org\/index.php?rest_route=\/wp\/v2\/types\/post"}],"author":[{"embeddable":true,"href":"https:\/\/veritasinfo.org\/index.php?rest_route=\/wp\/v2\/users\/7"}],"replies":[{"embeddable":true,"href":"https:\/\/veritasinfo.org\/index.php?rest_route=%2Fwp%2Fv2%2Fcomments&post=31551"}],"version-history":[{"count":1,"href":"https:\/\/veritasinfo.org\/index.php?rest_route=\/wp\/v2\/posts\/31551\/revisions"}],"predecessor-version":[{"id":31553,"href":"https:\/\/veritasinfo.org\/index.php?rest_route=\/wp\/v2\/posts\/31551\/revisions\/31553"}],"wp:featuredmedia":[{"embeddable":true,"href":"https:\/\/veritasinfo.org\/index.php?rest_route=\/wp\/v2\/media\/31552"}],"wp:attachment":[{"href":"https:\/\/veritasinfo.org\/index.php?rest_route=%2Fwp%2Fv2%2Fmedia&parent=31551"}],"wp:term":[{"taxonomy":"category","embeddable":true,"href":"https:\/\/veritasinfo.org\/index.php?rest_route=%2Fwp%2Fv2%2Fcategories&post=31551"},{"taxonomy":"post_tag","embeddable":true,"href":"https:\/\/veritasinfo.org\/index.php?rest_route=%2Fwp%2Fv2%2Ftags&post=31551"}],"curies":[{"name":"wp","href":"https:\/\/api.w.org\/{rel}","templated":true}]}}