{"id":31446,"date":"2026-02-10T11:23:20","date_gmt":"2026-02-10T10:23:20","guid":{"rendered":"https:\/\/veritasinfo.org\/?p=31446"},"modified":"2026-02-10T11:23:20","modified_gmt":"2026-02-10T10:23:20","slug":"kupa-e-kosoves-rikthehet-sot-me-dy-perballje-te-forta-te-1-8-tes","status":"publish","type":"post","link":"https:\/\/veritasinfo.org\/?p=31446","title":{"rendered":"Kupa e Kosov\u00ebs rikthehet sot me dy p\u00ebrballje t\u00eb forta t\u00eb 1\/8-t\u00ebs"},"content":{"rendered":"<p>Prishtin\u00eb 10 shkurt 2026 11:22<\/p>\n<p>Sot (e mart\u00eb) vazhdon gara e Kup\u00ebs s\u00eb Kosov\u00ebs me dy ndeshje t\u00eb faz\u00ebs s\u00eb 1\/8-t\u00ebs s\u00eb finales, nd\u00ebrsa p\u00ebrballjet e tjera t\u00eb k\u00ebsaj faze jan\u00eb planifikuar t\u00eb zhvillohen n\u00eb dit\u00ebt n\u00eb vijim. Me nisjen e edicionit pranveror, v\u00ebmendja e skuadrave \u00ebsht\u00eb rikthyer edhe te Kupa, si nj\u00eb rrug\u00eb e r\u00ebnd\u00ebsishme drejt trofeut dhe kualifikimit evropian.<\/p>\n<p>Sa i p\u00ebrket ndeshjes kryesore t\u00eb dit\u00ebs, n\u00eb stadiumin me bari artificial n\u00eb Gjilan zhvillohet derbi mes Drit\u00ebs dhe Llapit, nj\u00eb p\u00ebrballje q\u00eb pritet t\u00eb sjell\u00eb rivalitet dhe intensitet t\u00eb lart\u00eb mes dy skuadrave t\u00eb Superlig\u00ebs.<\/p>\n<p>N\u00eb ndeshjen tjet\u00ebr t\u00eb programit, Drenica e pret Ferizajn, me takimin q\u00eb do t\u00eb zhvillohet n\u00eb stadiumin \u201cLiman Gegaj\u201d n\u00eb Malishev\u00eb. T\u00eb dyja ndeshjet jan\u00eb t\u00eb planifikuara t\u00eb fillojn\u00eb nga ora 13:00 dhe n\u00eb k\u00ebt\u00eb faz\u00eb luhet vet\u00ebm nj\u00eb takim, ku fituesi siguron kualifikimin n\u00eb \u00e7erekfinale t\u00eb Kup\u00ebs s\u00eb Kosov\u00ebs.<\/p>\n","protected":false},"excerpt":{"rendered":"<p>Prishtin\u00eb 10 shkurt 2026 11:22 Sot (e mart\u00eb) vazhdon gara e Kup\u00ebs s\u00eb Kosov\u00ebs me dy ndeshje t\u00eb faz\u00ebs s\u00eb 1\/8-t\u00ebs s\u00eb finales, nd\u00ebrsa p\u00ebrballjet<\/p>\n","protected":false},"author":6,"featured_media":31447,"comment_status":"open","ping_status":"open","sticky":false,"template":"","format":"standard","meta":{"footnotes":""},"categories":[5],"tags":[],"class_list":["post-31446","post","type-post","status-publish","format-standard","has-post-thumbnail","hentry","category-sport-sq"],"yoast_head":"<!-- This site is optimized with the Yoast SEO plugin v25.3.1 - https:\/\/yoast.com\/wordpress\/plugins\/seo\/ -->\n<title>Kupa e Kosov\u00ebs rikthehet sot me dy p\u00ebrballje t\u00eb forta t\u00eb 1\/8-t\u00ebs -<\/title>\n<meta name=\"robots\" content=\"index, follow, max-snippet:-1, max-image-preview:large, max-video-preview:-1\" \/>\n<link rel=\"canonical\" href=\"https:\/\/veritasinfo.org\/?p=31446\" \/>\n<meta property=\"og:locale\" content=\"en_US\" \/>\n<meta property=\"og:type\" content=\"article\" \/>\n<meta property=\"og:title\" content=\"Kupa e Kosov\u00ebs rikthehet sot me dy p\u00ebrballje t\u00eb forta t\u00eb 1\/8-t\u00ebs -\" \/>\n<meta property=\"og:description\" content=\"Prishtin\u00eb 10 shkurt 2026 11:22 Sot (e mart\u00eb) vazhdon gara e Kup\u00ebs s\u00eb Kosov\u00ebs me dy ndeshje t\u00eb faz\u00ebs s\u00eb 1\/8-t\u00ebs s\u00eb finales, nd\u00ebrsa p\u00ebrballjet\" \/>\n<meta property=\"og:url\" content=\"https:\/\/veritasinfo.org\/?p=31446\" \/>\n<meta property=\"article:published_time\" content=\"2026-02-10T10:23:20+00:00\" \/>\n<meta property=\"og:image\" content=\"https:\/\/veritasinfo.org\/wp-content\/uploads\/2026\/02\/702325_superliga-futboll.webp\" \/>\n\t<meta property=\"og:image:width\" content=\"900\" \/>\n\t<meta property=\"og:image:height\" content=\"600\" \/>\n\t<meta property=\"og:image:type\" content=\"image\/webp\" \/>\n<meta name=\"author\" content=\"US5\" \/>\n<meta name=\"twitter:card\" content=\"summary_large_image\" \/>\n<meta name=\"twitter:label1\" content=\"Written by\" \/>\n\t<meta name=\"twitter:data1\" content=\"US5\" \/>\n<script type=\"application\/ld+json\" class=\"yoast-schema-graph\">{\"@context\":\"https:\/\/schema.org\",\"@graph\":[{\"@type\":\"WebPage\",\"@id\":\"https:\/\/veritasinfo.org\/?p=31446\",\"url\":\"https:\/\/veritasinfo.org\/?p=31446\",\"name\":\"Kupa e Kosov\u00ebs rikthehet sot me dy p\u00ebrballje t\u00eb forta t\u00eb 1\/8-t\u00ebs -\",\"isPartOf\":{\"@id\":\"https:\/\/veritasinfo.org\/#website\"},\"primaryImageOfPage\":{\"@id\":\"https:\/\/veritasinfo.org\/?p=31446#primaryimage\"},\"image\":{\"@id\":\"https:\/\/veritasinfo.org\/?p=31446#primaryimage\"},\"thumbnailUrl\":\"https:\/\/veritasinfo.org\/wp-content\/uploads\/2026\/02\/702325_superliga-futboll.webp\",\"datePublished\":\"2026-02-10T10:23:20+00:00\",\"author\":{\"@id\":\"https:\/\/veritasinfo.org\/#\/schema\/person\/bc442336e35414d04494ab8fb45db4c6\"},\"breadcrumb\":{\"@id\":\"https:\/\/veritasinfo.org\/?p=31446#breadcrumb\"},\"inLanguage\":\"en-US\",\"potentialAction\":[{\"@type\":\"ReadAction\",\"target\":[\"https:\/\/veritasinfo.org\/?p=31446\"]}]},{\"@type\":\"ImageObject\",\"inLanguage\":\"en-US\",\"@id\":\"https:\/\/veritasinfo.org\/?p=31446#primaryimage\",\"url\":\"https:\/\/veritasinfo.org\/wp-content\/uploads\/2026\/02\/702325_superliga-futboll.webp\",\"contentUrl\":\"https:\/\/veritasinfo.org\/wp-content\/uploads\/2026\/02\/702325_superliga-futboll.webp\",\"width\":900,\"height\":600},{\"@type\":\"BreadcrumbList\",\"@id\":\"https:\/\/veritasinfo.org\/?p=31446#breadcrumb\",\"itemListElement\":[{\"@type\":\"ListItem\",\"position\":1,\"name\":\"Home\",\"item\":\"https:\/\/veritasinfo.org\/\"},{\"@type\":\"ListItem\",\"position\":2,\"name\":\"Kupa e Kosov\u00ebs rikthehet sot me dy p\u00ebrballje t\u00eb forta t\u00eb 1\/8-t\u00ebs\"}]},{\"@type\":\"WebSite\",\"@id\":\"https:\/\/veritasinfo.org\/#website\",\"url\":\"https:\/\/veritasinfo.org\/\",\"name\":\"\",\"description\":\"\",\"potentialAction\":[{\"@type\":\"SearchAction\",\"target\":{\"@type\":\"EntryPoint\",\"urlTemplate\":\"https:\/\/veritasinfo.org\/?s={search_term_string}\"},\"query-input\":{\"@type\":\"PropertyValueSpecification\",\"valueRequired\":true,\"valueName\":\"search_term_string\"}}],\"inLanguage\":\"en-US\"},{\"@type\":\"Person\",\"@id\":\"https:\/\/veritasinfo.org\/#\/schema\/person\/bc442336e35414d04494ab8fb45db4c6\",\"name\":\"US5\",\"image\":{\"@type\":\"ImageObject\",\"inLanguage\":\"en-US\",\"@id\":\"https:\/\/veritasinfo.org\/#\/schema\/person\/image\/\",\"url\":\"https:\/\/secure.gravatar.com\/avatar\/16a61e7272a0c5d001121ebb9e60e925d5816e4ac1e443ed3e640d9a6ae55d0c?s=96&d=mm&r=g\",\"contentUrl\":\"https:\/\/secure.gravatar.com\/avatar\/16a61e7272a0c5d001121ebb9e60e925d5816e4ac1e443ed3e640d9a6ae55d0c?s=96&d=mm&r=g\",\"caption\":\"US5\"},\"url\":\"https:\/\/veritasinfo.org\/?author=6\"}]}<\/script>\n<!-- \/ Yoast SEO plugin. -->","yoast_head_json":{"title":"Kupa e Kosov\u00ebs rikthehet sot me dy p\u00ebrballje t\u00eb forta t\u00eb 1\/8-t\u00ebs -","robots":{"index":"index","follow":"follow","max-snippet":"max-snippet:-1","max-image-preview":"max-image-preview:large","max-video-preview":"max-video-preview:-1"},"canonical":"https:\/\/veritasinfo.org\/?p=31446","og_locale":"en_US","og_type":"article","og_title":"Kupa e Kosov\u00ebs rikthehet sot me dy p\u00ebrballje t\u00eb forta t\u00eb 1\/8-t\u00ebs -","og_description":"Prishtin\u00eb 10 shkurt 2026 11:22 Sot (e mart\u00eb) vazhdon gara e Kup\u00ebs s\u00eb Kosov\u00ebs me dy ndeshje t\u00eb faz\u00ebs s\u00eb 1\/8-t\u00ebs s\u00eb finales, nd\u00ebrsa p\u00ebrballjet","og_url":"https:\/\/veritasinfo.org\/?p=31446","article_published_time":"2026-02-10T10:23:20+00:00","og_image":[{"width":900,"height":600,"url":"https:\/\/veritasinfo.org\/wp-content\/uploads\/2026\/02\/702325_superliga-futboll.webp","type":"image\/webp"}],"author":"US5","twitter_card":"summary_large_image","twitter_misc":{"Written by":"US5"},"schema":{"@context":"https:\/\/schema.org","@graph":[{"@type":"WebPage","@id":"https:\/\/veritasinfo.org\/?p=31446","url":"https:\/\/veritasinfo.org\/?p=31446","name":"Kupa e Kosov\u00ebs rikthehet sot me dy p\u00ebrballje t\u00eb forta t\u00eb 1\/8-t\u00ebs -","isPartOf":{"@id":"https:\/\/veritasinfo.org\/#website"},"primaryImageOfPage":{"@id":"https:\/\/veritasinfo.org\/?p=31446#primaryimage"},"image":{"@id":"https:\/\/veritasinfo.org\/?p=31446#primaryimage"},"thumbnailUrl":"https:\/\/veritasinfo.org\/wp-content\/uploads\/2026\/02\/702325_superliga-futboll.webp","datePublished":"2026-02-10T10:23:20+00:00","author":{"@id":"https:\/\/veritasinfo.org\/#\/schema\/person\/bc442336e35414d04494ab8fb45db4c6"},"breadcrumb":{"@id":"https:\/\/veritasinfo.org\/?p=31446#breadcrumb"},"inLanguage":"en-US","potentialAction":[{"@type":"ReadAction","target":["https:\/\/veritasinfo.org\/?p=31446"]}]},{"@type":"ImageObject","inLanguage":"en-US","@id":"https:\/\/veritasinfo.org\/?p=31446#primaryimage","url":"https:\/\/veritasinfo.org\/wp-content\/uploads\/2026\/02\/702325_superliga-futboll.webp","contentUrl":"https:\/\/veritasinfo.org\/wp-content\/uploads\/2026\/02\/702325_superliga-futboll.webp","width":900,"height":600},{"@type":"BreadcrumbList","@id":"https:\/\/veritasinfo.org\/?p=31446#breadcrumb","itemListElement":[{"@type":"ListItem","position":1,"name":"Home","item":"https:\/\/veritasinfo.org\/"},{"@type":"ListItem","position":2,"name":"Kupa e Kosov\u00ebs rikthehet sot me dy p\u00ebrballje t\u00eb forta t\u00eb 1\/8-t\u00ebs"}]},{"@type":"WebSite","@id":"https:\/\/veritasinfo.org\/#website","url":"https:\/\/veritasinfo.org\/","name":"","description":"","potentialAction":[{"@type":"SearchAction","target":{"@type":"EntryPoint","urlTemplate":"https:\/\/veritasinfo.org\/?s={search_term_string}"},"query-input":{"@type":"PropertyValueSpecification","valueRequired":true,"valueName":"search_term_string"}}],"inLanguage":"en-US"},{"@type":"Person","@id":"https:\/\/veritasinfo.org\/#\/schema\/person\/bc442336e35414d04494ab8fb45db4c6","name":"US5","image":{"@type":"ImageObject","inLanguage":"en-US","@id":"https:\/\/veritasinfo.org\/#\/schema\/person\/image\/","url":"https:\/\/secure.gravatar.com\/avatar\/16a61e7272a0c5d001121ebb9e60e925d5816e4ac1e443ed3e640d9a6ae55d0c?s=96&d=mm&r=g","contentUrl":"https:\/\/secure.gravatar.com\/avatar\/16a61e7272a0c5d001121ebb9e60e925d5816e4ac1e443ed3e640d9a6ae55d0c?s=96&d=mm&r=g","caption":"US5"},"url":"https:\/\/veritasinfo.org\/?author=6"}]}},"featured_image_urls":{"full":["https:\/\/veritasinfo.org\/wp-content\/uploads\/2026\/02\/702325_superliga-futboll.webp",900,600,false],"thumbnail":["https:\/\/veritasinfo.org\/wp-content\/uploads\/2026\/02\/702325_superliga-futboll-150x150.webp",150,150,true],"medium":["https:\/\/veritasinfo.org\/wp-content\/uploads\/2026\/02\/702325_superliga-futboll-300x200.webp",300,200,true],"medium_large":["https:\/\/veritasinfo.org\/wp-content\/uploads\/2026\/02\/702325_superliga-futboll-768x512.webp",640,427,true],"large":["https:\/\/veritasinfo.org\/wp-content\/uploads\/2026\/02\/702325_superliga-futboll.webp",640,427,false],"1536x1536":["https:\/\/veritasinfo.org\/wp-content\/uploads\/2026\/02\/702325_superliga-futboll.webp",900,600,false],"2048x2048":["https:\/\/veritasinfo.org\/wp-content\/uploads\/2026\/02\/702325_superliga-futboll.webp",900,600,false],"kreeti-slider-full":["https:\/\/veritasinfo.org\/wp-content\/uploads\/2026\/02\/702325_superliga-futboll.webp",900,600,false],"kreeti-featured":["https:\/\/veritasinfo.org\/wp-content\/uploads\/2026\/02\/702325_superliga-futboll.webp",900,600,false],"kreeti-medium":["https:\/\/veritasinfo.org\/wp-content\/uploads\/2026\/02\/702325_superliga-futboll.webp",720,480,false],"kreeti-medium-square":["https:\/\/veritasinfo.org\/wp-content\/uploads\/2026\/02\/702325_superliga-futboll.webp",350,233,false]},"author_info":{"info":["US5"]},"category_info":"<a href=\"https:\/\/veritasinfo.org\/?cat=5\" rel=\"category\">Sport<\/a>","tag_info":"Sport","comment_count":"0","_links":{"self":[{"href":"https:\/\/veritasinfo.org\/index.php?rest_route=\/wp\/v2\/posts\/31446","targetHints":{"allow":["GET"]}}],"collection":[{"href":"https:\/\/veritasinfo.org\/index.php?rest_route=\/wp\/v2\/posts"}],"about":[{"href":"https:\/\/veritasinfo.org\/index.php?rest_route=\/wp\/v2\/types\/post"}],"author":[{"embeddable":true,"href":"https:\/\/veritasinfo.org\/index.php?rest_route=\/wp\/v2\/users\/6"}],"replies":[{"embeddable":true,"href":"https:\/\/veritasinfo.org\/index.php?rest_route=%2Fwp%2Fv2%2Fcomments&post=31446"}],"version-history":[{"count":1,"href":"https:\/\/veritasinfo.org\/index.php?rest_route=\/wp\/v2\/posts\/31446\/revisions"}],"predecessor-version":[{"id":31448,"href":"https:\/\/veritasinfo.org\/index.php?rest_route=\/wp\/v2\/posts\/31446\/revisions\/31448"}],"wp:featuredmedia":[{"embeddable":true,"href":"https:\/\/veritasinfo.org\/index.php?rest_route=\/wp\/v2\/media\/31447"}],"wp:attachment":[{"href":"https:\/\/veritasinfo.org\/index.php?rest_route=%2Fwp%2Fv2%2Fmedia&parent=31446"}],"wp:term":[{"taxonomy":"category","embeddable":true,"href":"https:\/\/veritasinfo.org\/index.php?rest_route=%2Fwp%2Fv2%2Fcategories&post=31446"},{"taxonomy":"post_tag","embeddable":true,"href":"https:\/\/veritasinfo.org\/index.php?rest_route=%2Fwp%2Fv2%2Ftags&post=31446"}],"curies":[{"name":"wp","href":"https:\/\/api.w.org\/{rel}","templated":true}]}}