{"id":31382,"date":"2026-02-10T08:18:25","date_gmt":"2026-02-10T07:18:25","guid":{"rendered":"https:\/\/veritasinfo.org\/?p=31382"},"modified":"2026-02-10T08:18:25","modified_gmt":"2026-02-10T07:18:25","slug":"projekat-handke-putuje-u-madjarsku-sa-pricom-o-dobitniku-nobelove-nagrade-koji-porice-genocid","status":"publish","type":"post","link":"https:\/\/veritasinfo.org\/?p=31382&lang=sr","title":{"rendered":"Projekat Handke\u201c putuje u Ma\u0111arsku sa pri\u010dom o dobitniku Nobelove nagrade koji pori\u010de genocid"},"content":{"rendered":"<p>Pri\u0161tina, 10. februar 2026. 08:17<\/p>\n<p>Projekat Handke razotkriva dobitnika Nobelove nagrade kao poricatelja i pristalicu genocida Slobodana Milo\u0161evic\u0301a. Predstava, koja je premijerno izvedena u Pri\u0161tini u junu 2022. godine, ide toliko daleko da Handke stoji na grobu i po\u010dinje da izra\u017eava sumnje u to da li je to grob ili ne. Predstava je izvedena u nekoliko evropskih gradova, a tako\u0111e i u Beogradu u Bitef teatru. Produkcija Multimedijalnog centra, koja okuplja me\u0111unarodnu gluma\u010dku ekipu, bic\u0301e izvedena na sceni grada Bank, 50 kilometara severno od Budimpe\u0161te, 21. februara. Predstava, koja je premijerno izvedena na Kosovu u junu 2022. godine, bic\u0301e izvedena u Umetni\u010dkom centru Metrin na obali gradskog jezera. Ova predstava je izazvala alarmantne reakcije. \u010cak je navela i samog Austrijanca Petera Handkea da preti jednom pariskom pozori\u0161tu. Putovanje u Ma\u0111arsku vrac\u0301a predstavu na scenu<br \/>\nPodvigi Petera Handkea kao poricatelja genocida i njegovo prikazivanje kroz predstavu sa Kosova odvijali su se u nekoliko evropskih zemalja. Sada je na redu da se predstava \u201eProjekat Handke\u201c izvede u susednoj zemlji njegove domovine. Ma\u0111arska je sledec\u0301i domac\u0301in drame koja razotkriva nobelovca koji nije pokazao osetljivost na zlo\u010dine protiv \u010dove\u010dnosti, ali ih je poricao. Produkcija Centra \u201eMultimedija\u201c, koja okuplja me\u0111unarodnu gluma\u010dku ekipu, bic\u0301e izvedena na sceni grada Bank, 50 kilometara severno od Budimpe\u0161te, 21. februara. Predstava, koja je premijerno izvedena na Kosovu u junu 2022. godine, bic\u0301e izvedena u umetni\u010dkom centru \u201eMetrin\u201c na obali gradskog jezera.<\/p>\n<p>Ova predstava je izazvala zabrinjavajuc\u0301e reakcije. \u010cak je navela i samog Austrijanca Petera Handkea da preti jednom pariskom pozori\u0161nom radniku. Putovanje u Ma\u0111arsku vrac\u0301a predstavu na scenu.<\/p>\n<p>\u201ePrvi put c\u0301emo nastupati u Ma\u0111arskoj i to nas \u010dini srec\u0301nim. Ali pored toga, srec\u0301ni smo \u0161to izvodimo &#8216;Projekat Handke&#8217;, me\u0111unarodno uspe\u0161nu produkciju koja se nastavlja izvoditi posle skoro pet godina. U Ma\u0111arskoj igramo u novom alternativnom kulturnom prostoru &#8216;Metrin&#8217; u Banku\u201c, rekao je autor predstave, dramaturg Jeton Nezirajte. On je naveo da su ih pozvali nezavisni teatar \u201eMaladipe\u201c sa sedi\u0161tem u Budimpe\u0161ti.<\/p>\n<p>\u201eAmbasada Kosova u Budimpe\u0161ti nam tako\u0111e poma\u017ee u predstavljanju predstave u Ma\u0111arskoj, na \u010demu smo veoma zahvalni\u201c, rekao je Nezirajte.<\/p>\n<p>Predstava je izvedena u vec\u0301ini balkanskih zemalja, uklju\u010dujuc\u0301i Srbiju. Zatim u Italiji, Nema\u010dkoj, Francuskoj. Pored toga, postavljena je u Norve\u0161koj. Osvojila je nekoliko nagrada i izazvala je mnoge reakcije.<\/p>\n<p>Austrijski pisac, dobitnik Nobelove nagrade za knji\u017eevnost 2019. godine, sna\u017eno c\u0301e reagovati 2024. godine kada se predstava u re\u017eiji Blerte Rustemi-Nezirajte izvede u Parizu. Peter Handke \u017eivi na obodu francuske prestonice. \u201eTeatar-studio\u201c je objavio datume predstava na svojim platformama i napravio opise za te produkcije. Sve je to navelo Handkeovog advokata da pi\u0161e pozori\u0161noj instituciji.<\/p>\n<p>\u201eDve predstave pod nazivom &#8216;Projekat Handke&#8217; objavljene su na va\u0161em veb-sajtu, ali i putem e-po\u0161te i nesumnjivo na druge na\u010dine. U ovim saop\u0161tenjima se najavljuje da je predstava &#8216;pozori\u0161na bro\u0161ura, kao reakcija na &#8216;Nobelovu&#8217; nagradu dodeljenu Peteru Handkeu \u2013 ovaj drugi je uvek negirao ili minimizirao Milo\u0161evic\u0301eve zlo\u010dine u biv\u0161oj Jugoslaviji&#8217;. Ovo \u010dini Petera Handkea poricateljem i kao takav se dokazuje kao ozbiljno klevetni\u010dki. Potonji me moli da vas podsetim da je &#8216;Nuvel observator&#8217; osu\u0111en za javnu klevetu protiv njega, zbog \u010dlanka koji je rekao potpuno istu stvar\u201c, napisao je advokat Luk Brosole u \u200b\u200bpismu direktoru \u201eTeatra-studija\u201c, Kristijanu Benedetiju. Ali osoblje Centra \u201eMultimedija\u201c je u\u010dinilo Handkeovo pismo delom predstave.<\/p>\n<p>\u201eProjekat Handke\u201c razotkriva nobelovca kao poricatelja i pristalicu genocida Slobodana Milo\u0161evic\u0301a. Predstava, koja je premijerno izvedena u Pri\u0161tini u junu 2022. godine, ide do tog nivoa da Handke stoji na grobu i po\u010dinje da izra\u017eava sumnje o tome da li je to grob ili ne.<\/p>\n<p>U ovom pozori\u0161nom projektu, svojim pitanjima, Handke dovodi u pitanje da li se masakr u Srebrenici zaista dogodio \u2013 gde je u julu 1995. godine srpska dr\u017eava ubila 8.000 Bo\u0161njaka \u2013 ili je to izmi\u0161ljotina propagande protiv Srbije. Handke poznaje stvarnost, ali se bori da je promeni. Ironija ide toliko daleko da Handke \u010dak menja situacije koje je svet video snimljene. Kao u slu\u010daju kada Srbi prisiljavaju Bosanca po imenu Ramo da pozove svog sina Nermina sa brda \u201ejer je bezbedan sa Srbima\u201c. U predstavi, njegov ideolo\u0161ki u\u010ditelj je desna ruka Adolfa Hitlera, \u0161ef nacisti\u010dke propagande, Jozef Gebels.<\/p>\n<p>Predstava \u201eProjekat Handke\u201c izazvala je burne reakcije u Podgorici 2023. godine.<\/p>\n<p>\u017diri Me\u0111unarodnog festivala alternativnog pozori\u0161ta (FIAT) ocenio je predstavu kao bolnu konfrontaciju u pogledu pozicije.<\/p>\n","protected":false},"excerpt":{"rendered":"<p>Pri\u0161tina, 10. februar 2026. 08:17 Projekat Handke razotkriva dobitnika Nobelove nagrade kao poricatelja i pristalicu genocida Slobodana Milo\u0161evic\u0301a. Predstava, koja je premijerno izvedena u Pri\u0161tini<\/p>\n","protected":false},"author":6,"featured_media":31380,"comment_status":"open","ping_status":"open","sticky":false,"template":"","format":"standard","meta":{"footnotes":""},"categories":[34],"tags":[],"class_list":["post-31382","post","type-post","status-publish","format-standard","has-post-thumbnail","hentry","category-kultura"],"yoast_head":"<!-- This site is optimized with the Yoast SEO plugin v25.3.1 - https:\/\/yoast.com\/wordpress\/plugins\/seo\/ -->\n<title>Projekat Handke\u201c putuje u Ma\u0111arsku sa pri\u010dom o dobitniku Nobelove nagrade koji pori\u010de genocid -<\/title>\n<meta name=\"robots\" content=\"index, follow, max-snippet:-1, max-image-preview:large, max-video-preview:-1\" \/>\n<link rel=\"canonical\" href=\"https:\/\/veritasinfo.org\/?p=31382&lang=sr\" \/>\n<meta property=\"og:locale\" content=\"en_US\" \/>\n<meta property=\"og:type\" content=\"article\" \/>\n<meta property=\"og:title\" content=\"Projekat Handke\u201c putuje u Ma\u0111arsku sa pri\u010dom o dobitniku Nobelove nagrade koji pori\u010de genocid -\" \/>\n<meta property=\"og:description\" content=\"Pri\u0161tina, 10. februar 2026. 08:17 Projekat Handke razotkriva dobitnika Nobelove nagrade kao poricatelja i pristalicu genocida Slobodana Milo\u0161evic\u0301a. Predstava, koja je premijerno izvedena u Pri\u0161tini\" \/>\n<meta property=\"og:url\" content=\"https:\/\/veritasinfo.org\/?p=31382&amp;lang=sr\" \/>\n<meta property=\"article:published_time\" content=\"2026-02-10T07:18:25+00:00\" \/>\n<meta property=\"og:image\" content=\"https:\/\/veritasinfo.org\/wp-content\/uploads\/2026\/02\/70cd7576-8fa7-4112-b650-6c232d927e61.webp\" \/>\n\t<meta property=\"og:image:width\" content=\"1360\" \/>\n\t<meta property=\"og:image:height\" content=\"870\" \/>\n\t<meta property=\"og:image:type\" content=\"image\/webp\" \/>\n<meta name=\"author\" content=\"US5\" \/>\n<meta name=\"twitter:card\" content=\"summary_large_image\" \/>\n<meta name=\"twitter:label1\" content=\"Written by\" \/>\n\t<meta name=\"twitter:data1\" content=\"US5\" \/>\n<script type=\"application\/ld+json\" class=\"yoast-schema-graph\">{\"@context\":\"https:\/\/schema.org\",\"@graph\":[{\"@type\":\"WebPage\",\"@id\":\"https:\/\/veritasinfo.org\/?p=31382&lang=sr\",\"url\":\"https:\/\/veritasinfo.org\/?p=31382&lang=sr\",\"name\":\"Projekat Handke\u201c putuje u Ma\u0111arsku sa pri\u010dom o dobitniku Nobelove nagrade koji pori\u010de genocid -\",\"isPartOf\":{\"@id\":\"https:\/\/veritasinfo.org\/#website\"},\"primaryImageOfPage\":{\"@id\":\"https:\/\/veritasinfo.org\/?p=31382&lang=sr#primaryimage\"},\"image\":{\"@id\":\"https:\/\/veritasinfo.org\/?p=31382&lang=sr#primaryimage\"},\"thumbnailUrl\":\"https:\/\/veritasinfo.org\/wp-content\/uploads\/2026\/02\/70cd7576-8fa7-4112-b650-6c232d927e61.webp\",\"datePublished\":\"2026-02-10T07:18:25+00:00\",\"author\":{\"@id\":\"https:\/\/veritasinfo.org\/#\/schema\/person\/bc442336e35414d04494ab8fb45db4c6\"},\"breadcrumb\":{\"@id\":\"https:\/\/veritasinfo.org\/?p=31382&lang=sr#breadcrumb\"},\"inLanguage\":\"en-US\",\"potentialAction\":[{\"@type\":\"ReadAction\",\"target\":[\"https:\/\/veritasinfo.org\/?p=31382&lang=sr\"]}]},{\"@type\":\"ImageObject\",\"inLanguage\":\"en-US\",\"@id\":\"https:\/\/veritasinfo.org\/?p=31382&lang=sr#primaryimage\",\"url\":\"https:\/\/veritasinfo.org\/wp-content\/uploads\/2026\/02\/70cd7576-8fa7-4112-b650-6c232d927e61.webp\",\"contentUrl\":\"https:\/\/veritasinfo.org\/wp-content\/uploads\/2026\/02\/70cd7576-8fa7-4112-b650-6c232d927e61.webp\",\"width\":1360,\"height\":870},{\"@type\":\"BreadcrumbList\",\"@id\":\"https:\/\/veritasinfo.org\/?p=31382&lang=sr#breadcrumb\",\"itemListElement\":[{\"@type\":\"ListItem\",\"position\":1,\"name\":\"Home\",\"item\":\"https:\/\/veritasinfo.org\/\"},{\"@type\":\"ListItem\",\"position\":2,\"name\":\"Projekat Handke\u201c putuje u Ma\u0111arsku sa pri\u010dom o dobitniku Nobelove nagrade koji pori\u010de genocid\"}]},{\"@type\":\"WebSite\",\"@id\":\"https:\/\/veritasinfo.org\/#website\",\"url\":\"https:\/\/veritasinfo.org\/\",\"name\":\"\",\"description\":\"\",\"potentialAction\":[{\"@type\":\"SearchAction\",\"target\":{\"@type\":\"EntryPoint\",\"urlTemplate\":\"https:\/\/veritasinfo.org\/?s={search_term_string}\"},\"query-input\":{\"@type\":\"PropertyValueSpecification\",\"valueRequired\":true,\"valueName\":\"search_term_string\"}}],\"inLanguage\":\"en-US\"},{\"@type\":\"Person\",\"@id\":\"https:\/\/veritasinfo.org\/#\/schema\/person\/bc442336e35414d04494ab8fb45db4c6\",\"name\":\"US5\",\"image\":{\"@type\":\"ImageObject\",\"inLanguage\":\"en-US\",\"@id\":\"https:\/\/veritasinfo.org\/#\/schema\/person\/image\/\",\"url\":\"https:\/\/secure.gravatar.com\/avatar\/16a61e7272a0c5d001121ebb9e60e925d5816e4ac1e443ed3e640d9a6ae55d0c?s=96&d=mm&r=g\",\"contentUrl\":\"https:\/\/secure.gravatar.com\/avatar\/16a61e7272a0c5d001121ebb9e60e925d5816e4ac1e443ed3e640d9a6ae55d0c?s=96&d=mm&r=g\",\"caption\":\"US5\"},\"url\":\"https:\/\/veritasinfo.org\/?author=6\"}]}<\/script>\n<!-- \/ Yoast SEO plugin. -->","yoast_head_json":{"title":"Projekat Handke\u201c putuje u Ma\u0111arsku sa pri\u010dom o dobitniku Nobelove nagrade koji pori\u010de genocid -","robots":{"index":"index","follow":"follow","max-snippet":"max-snippet:-1","max-image-preview":"max-image-preview:large","max-video-preview":"max-video-preview:-1"},"canonical":"https:\/\/veritasinfo.org\/?p=31382&lang=sr","og_locale":"en_US","og_type":"article","og_title":"Projekat Handke\u201c putuje u Ma\u0111arsku sa pri\u010dom o dobitniku Nobelove nagrade koji pori\u010de genocid -","og_description":"Pri\u0161tina, 10. februar 2026. 08:17 Projekat Handke razotkriva dobitnika Nobelove nagrade kao poricatelja i pristalicu genocida Slobodana Milo\u0161evic\u0301a. Predstava, koja je premijerno izvedena u Pri\u0161tini","og_url":"https:\/\/veritasinfo.org\/?p=31382&lang=sr","article_published_time":"2026-02-10T07:18:25+00:00","og_image":[{"width":1360,"height":870,"url":"https:\/\/veritasinfo.org\/wp-content\/uploads\/2026\/02\/70cd7576-8fa7-4112-b650-6c232d927e61.webp","type":"image\/webp"}],"author":"US5","twitter_card":"summary_large_image","twitter_misc":{"Written by":"US5"},"schema":{"@context":"https:\/\/schema.org","@graph":[{"@type":"WebPage","@id":"https:\/\/veritasinfo.org\/?p=31382&lang=sr","url":"https:\/\/veritasinfo.org\/?p=31382&lang=sr","name":"Projekat Handke\u201c putuje u Ma\u0111arsku sa pri\u010dom o dobitniku Nobelove nagrade koji pori\u010de genocid -","isPartOf":{"@id":"https:\/\/veritasinfo.org\/#website"},"primaryImageOfPage":{"@id":"https:\/\/veritasinfo.org\/?p=31382&lang=sr#primaryimage"},"image":{"@id":"https:\/\/veritasinfo.org\/?p=31382&lang=sr#primaryimage"},"thumbnailUrl":"https:\/\/veritasinfo.org\/wp-content\/uploads\/2026\/02\/70cd7576-8fa7-4112-b650-6c232d927e61.webp","datePublished":"2026-02-10T07:18:25+00:00","author":{"@id":"https:\/\/veritasinfo.org\/#\/schema\/person\/bc442336e35414d04494ab8fb45db4c6"},"breadcrumb":{"@id":"https:\/\/veritasinfo.org\/?p=31382&lang=sr#breadcrumb"},"inLanguage":"en-US","potentialAction":[{"@type":"ReadAction","target":["https:\/\/veritasinfo.org\/?p=31382&lang=sr"]}]},{"@type":"ImageObject","inLanguage":"en-US","@id":"https:\/\/veritasinfo.org\/?p=31382&lang=sr#primaryimage","url":"https:\/\/veritasinfo.org\/wp-content\/uploads\/2026\/02\/70cd7576-8fa7-4112-b650-6c232d927e61.webp","contentUrl":"https:\/\/veritasinfo.org\/wp-content\/uploads\/2026\/02\/70cd7576-8fa7-4112-b650-6c232d927e61.webp","width":1360,"height":870},{"@type":"BreadcrumbList","@id":"https:\/\/veritasinfo.org\/?p=31382&lang=sr#breadcrumb","itemListElement":[{"@type":"ListItem","position":1,"name":"Home","item":"https:\/\/veritasinfo.org\/"},{"@type":"ListItem","position":2,"name":"Projekat Handke\u201c putuje u Ma\u0111arsku sa pri\u010dom o dobitniku Nobelove nagrade koji pori\u010de genocid"}]},{"@type":"WebSite","@id":"https:\/\/veritasinfo.org\/#website","url":"https:\/\/veritasinfo.org\/","name":"","description":"","potentialAction":[{"@type":"SearchAction","target":{"@type":"EntryPoint","urlTemplate":"https:\/\/veritasinfo.org\/?s={search_term_string}"},"query-input":{"@type":"PropertyValueSpecification","valueRequired":true,"valueName":"search_term_string"}}],"inLanguage":"en-US"},{"@type":"Person","@id":"https:\/\/veritasinfo.org\/#\/schema\/person\/bc442336e35414d04494ab8fb45db4c6","name":"US5","image":{"@type":"ImageObject","inLanguage":"en-US","@id":"https:\/\/veritasinfo.org\/#\/schema\/person\/image\/","url":"https:\/\/secure.gravatar.com\/avatar\/16a61e7272a0c5d001121ebb9e60e925d5816e4ac1e443ed3e640d9a6ae55d0c?s=96&d=mm&r=g","contentUrl":"https:\/\/secure.gravatar.com\/avatar\/16a61e7272a0c5d001121ebb9e60e925d5816e4ac1e443ed3e640d9a6ae55d0c?s=96&d=mm&r=g","caption":"US5"},"url":"https:\/\/veritasinfo.org\/?author=6"}]}},"featured_image_urls":{"full":["https:\/\/veritasinfo.org\/wp-content\/uploads\/2026\/02\/70cd7576-8fa7-4112-b650-6c232d927e61.webp",1360,870,false],"thumbnail":["https:\/\/veritasinfo.org\/wp-content\/uploads\/2026\/02\/70cd7576-8fa7-4112-b650-6c232d927e61-150x150.webp",150,150,true],"medium":["https:\/\/veritasinfo.org\/wp-content\/uploads\/2026\/02\/70cd7576-8fa7-4112-b650-6c232d927e61-300x192.webp",300,192,true],"medium_large":["https:\/\/veritasinfo.org\/wp-content\/uploads\/2026\/02\/70cd7576-8fa7-4112-b650-6c232d927e61-768x491.webp",640,409,true],"large":["https:\/\/veritasinfo.org\/wp-content\/uploads\/2026\/02\/70cd7576-8fa7-4112-b650-6c232d927e61-1024x655.webp",640,409,true],"1536x1536":["https:\/\/veritasinfo.org\/wp-content\/uploads\/2026\/02\/70cd7576-8fa7-4112-b650-6c232d927e61.webp",1360,870,false],"2048x2048":["https:\/\/veritasinfo.org\/wp-content\/uploads\/2026\/02\/70cd7576-8fa7-4112-b650-6c232d927e61.webp",1360,870,false],"kreeti-slider-full":["https:\/\/veritasinfo.org\/wp-content\/uploads\/2026\/02\/70cd7576-8fa7-4112-b650-6c232d927e61.webp",1126,720,false],"kreeti-featured":["https:\/\/veritasinfo.org\/wp-content\/uploads\/2026\/02\/70cd7576-8fa7-4112-b650-6c232d927e61.webp",1024,655,false],"kreeti-medium":["https:\/\/veritasinfo.org\/wp-content\/uploads\/2026\/02\/70cd7576-8fa7-4112-b650-6c232d927e61.webp",720,461,false],"kreeti-medium-square":["https:\/\/veritasinfo.org\/wp-content\/uploads\/2026\/02\/70cd7576-8fa7-4112-b650-6c232d927e61.webp",350,224,false]},"author_info":{"info":["US5"]},"category_info":"<a href=\"https:\/\/veritasinfo.org\/?cat=34&#038;lang=sr\" rel=\"category\">Kultura<\/a>","tag_info":"Kultura","comment_count":"0","_links":{"self":[{"href":"https:\/\/veritasinfo.org\/index.php?rest_route=\/wp\/v2\/posts\/31382","targetHints":{"allow":["GET"]}}],"collection":[{"href":"https:\/\/veritasinfo.org\/index.php?rest_route=\/wp\/v2\/posts"}],"about":[{"href":"https:\/\/veritasinfo.org\/index.php?rest_route=\/wp\/v2\/types\/post"}],"author":[{"embeddable":true,"href":"https:\/\/veritasinfo.org\/index.php?rest_route=\/wp\/v2\/users\/6"}],"replies":[{"embeddable":true,"href":"https:\/\/veritasinfo.org\/index.php?rest_route=%2Fwp%2Fv2%2Fcomments&post=31382"}],"version-history":[{"count":1,"href":"https:\/\/veritasinfo.org\/index.php?rest_route=\/wp\/v2\/posts\/31382\/revisions"}],"predecessor-version":[{"id":31386,"href":"https:\/\/veritasinfo.org\/index.php?rest_route=\/wp\/v2\/posts\/31382\/revisions\/31386"}],"wp:featuredmedia":[{"embeddable":true,"href":"https:\/\/veritasinfo.org\/index.php?rest_route=\/wp\/v2\/media\/31380"}],"wp:attachment":[{"href":"https:\/\/veritasinfo.org\/index.php?rest_route=%2Fwp%2Fv2%2Fmedia&parent=31382"}],"wp:term":[{"taxonomy":"category","embeddable":true,"href":"https:\/\/veritasinfo.org\/index.php?rest_route=%2Fwp%2Fv2%2Fcategories&post=31382"},{"taxonomy":"post_tag","embeddable":true,"href":"https:\/\/veritasinfo.org\/index.php?rest_route=%2Fwp%2Fv2%2Ftags&post=31382"}],"curies":[{"name":"wp","href":"https:\/\/api.w.org\/{rel}","templated":true}]}}