{"id":31378,"date":"2026-02-10T08:17:19","date_gmt":"2026-02-10T07:17:19","guid":{"rendered":"https:\/\/veritasinfo.org\/?p=31378"},"modified":"2026-02-10T08:17:19","modified_gmt":"2026-02-10T07:17:19","slug":"si-erdhi-topi-i-pare-ne-kosove-rrefimi-qe-pak-kush-e-di","status":"publish","type":"post","link":"https:\/\/veritasinfo.org\/?p=31378","title":{"rendered":"Si erdhi topi i par\u00eb n\u00eb Kosov\u00eb, rr\u00ebfimi q\u00eb pak kush e di"},"content":{"rendered":"<p>Prishtin\u00eb, 10 shkurt 2026 08:12<\/p>\n<p>Pak kush n\u00eb Kosov\u00eb e ka ditur kur nisi t\u00eb luhet futbolli n\u00eb vendin ton\u00eb. Edhe m\u00eb t\u00eb rrall\u00eb jan\u00eb ata q\u00eb e din\u00eb se kush e solli topin e par\u00eb t\u00eb k\u00ebtij sporti.<\/p>\n<p>Por, ky detaj unik nuk i iku zyrtarit t\u00eb FIFA-s, Rolf Tanner. Ai ishte caktuar t\u00eb vij\u00eb n\u00eb kuvendin zgjedhor t\u00eb FFK-s\u00eb dhe vendosi t\u00eb p\u00ebrgatitet mir\u00eb p\u00ebr fjalimin q\u00eb do ta mbante.<\/p>\n<p>Derisa hulumtonte p\u00ebr historin\u00eb e futbollit n\u00eb Kosov\u00eb, zbuloi kush dhe kur e solli t\u00eb parin top k\u00ebtu.<\/p>\n<p>\u201cFutbolli n\u00eb Kosov\u00eb luhet q\u00eb nj\u00eb koh\u00eb t\u00eb gjat\u00eb. Ju jeni an\u00ebtar t\u00eb FIFA-s q\u00eb nga 10 vjet, por po b\u00ebja pak k\u00ebrkim koh\u00ebve t\u00eb fundit, m\u00eb p\u00eblqen t\u00eb hulumtoj\u00eb se kur ka filluar futbolli t\u00eb luhet n\u00eb nj\u00eb shtet. \u00c7far\u00eb zbulova \u00ebsht\u00eb se futbolli filloi t\u00eb luhej n\u00eb nivel fillestar para 100 viteve, kur nj\u00eb student nga Franca solli nj\u00eb top n\u00eb Prishtin\u00eb kur f\u00ebmij\u00ebt filluan t\u00eb luajn\u00eb n\u00eb nivel amator\u201d, tha ai.<\/p>\n<p>Sipas tij, edhe klubet e para u themeluan n\u00eb Prishtin\u00eb dhe rreth saj, pak vite pas ardhjes s\u00eb topit t\u00eb par\u00eb n\u00eb Kosov\u00eb.<\/p>\n<p>Pra, ju keni luajtur para 100 viteve, \u00ebsht\u00eb nj\u00eb arritje. Ju nuk keni pritur p\u00ebr an\u00ebtar\u00ebsin\u00eb e FIFA-s ose UEFA-s, ju keni luajtur q\u00eb nj\u00eb koh\u00eb t\u00eb gjat\u00eb. Njer\u00ebzit n\u00eb Kosov\u00eb jan\u00eb t\u00eb pasionuar pas futbollit, nuk \u00ebsht\u00eb surpriz\u00eb. Futbollist\u00ebt e Kosov\u00ebs kan\u00eb pasur ndikim jasht\u00eb shtetit t\u00eb tyre\u201d, theksoi Tanner.<\/p>\n<p>Ish-komentatori dhe autori i disa librave p\u00ebr historin\u00eb e futbollit kosovar, Azem Brovina, thot\u00eb p\u00ebr KosovaPress, se nuk ka dokumentacion q\u00eb e v\u00ebrteton hipotez\u00ebn e Tanner, por e pranon se edhe hulumtimet e tij thon\u00eb se viti 1919 p\u00ebrmendet si dat\u00eb e ardhjes s\u00eb topit t\u00eb par\u00eb n\u00eb Kosov\u00ebs dhe se ai u soll nga nj\u00eb grup student\u00ebsh nga qyteti Grenoble i Franc\u00ebs.<\/p>\n<p>&#8220;Po ky \u00ebsht\u00eb i vetmi sh\u00ebnim, e vetmja dat\u00eb q\u00eb p\u00ebrmendet, sepse n\u00eb futbollin e Kosov\u00ebs nuk ka shum\u00eb dokumente t\u00eb asaj kohe kur ka ardhur topi i par\u00eb, kur jan\u00eb formuar klubet e para. K\u00ebshtu q\u00eb data 1919 \u00ebsht\u00eb data kur p\u00ebrmendet se disa student\u00eb q\u00eb kan\u00eb studiuar n\u00eb Franc\u00eb, n\u00eb qytetin e Grenoble, e kan\u00eb sjell\u00eb nj\u00eb top dhe ajo merret si topi i par\u00eb q\u00eb ka ardhur n\u00eb Kosov\u00eb, e kan\u00eb sjell\u00eb n\u00eb Prishtin\u00eb\u201d, tha ai.<\/p>\n<p>Brovina thekson se klubet e para t\u00eb futbollit n\u00eb vend jan\u00eb krijuar para Luft\u00ebs s\u00eb Dyt\u00eb Bot\u00ebrore. Klubi i \u201cPrishtin\u00ebs\u201d u b\u00eb i pari, m\u00eb 1922, nd\u00ebrsa m\u00eb pas lind\u00ebn edhe \u201cVllaznimi\u201d, m\u00eb 1927 dhe \u201cTrep\u00e7a\u201d, m\u00eb 1932.<\/p>\n<p style=\"text-align: left;\">&#8220;Para Luft\u00ebs s\u00eb Dyt\u00eb Bot\u00ebrore, sepse jan\u00eb datat e klubeve kur jan\u00eb formuar, p\u00ebr shembull Prishtina figuron 1922, edhe disa klube t\u00eb tjera, Trep\u00e7a &#8217;32-shin, Vllaznimi 1927. Mir\u00ebpo k\u00ebto kan\u00eb qen\u00eb si shoq\u00ebri sportive, kulturore, kan\u00eb luajtur her\u00eb pas here, por garat e organizuara t\u00eb futbollit nuk ka pasur.\u00a0Garat e organizuara t\u00eb futbollit n\u00eb Kosov\u00eb fillojn\u00eb mbas Luft\u00ebs s\u00eb Dyt\u00eb Bot\u00ebrore, prej vitit 1945 dhe deri tani. Kampioni i par\u00eb ka qen\u00eb Jedinstvo i Prishtin\u00ebs, ashtu \u00ebsht\u00eb quajtur at\u00ebher\u00eb, bile dy her\u00eb me radh\u00eb dhe pastaj t\u00eb tjerat\u201d, thot\u00eb Brovina.<\/p>\n<p>Ndeshjet, n\u00eb at\u00eb koh\u00eb, sipas Brovin\u00ebs luheshin n\u00eb fusha t\u00eb improvizuara. Nj\u00eb tjet\u00ebr problem madhor sipas tij, ishte mungesa e kuadrove t\u00eb kualifikuara, e n\u00eb radh\u00eb t\u00eb par\u00eb trajner\u00ebve, t\u00eb cil\u00ebt, sic thot\u00eb, n\u00eb shum\u00eb raste duhej t\u00eb \u201cimportoheshin\u201d nga vise t\u00eb tjera t\u00eb rajonit.<\/p>\n","protected":false},"excerpt":{"rendered":"<p>Prishtin\u00eb, 10 shkurt 2026 08:12 Pak kush n\u00eb Kosov\u00eb e ka ditur kur nisi t\u00eb luhet futbolli n\u00eb vendin ton\u00eb. Edhe m\u00eb t\u00eb rrall\u00eb jan\u00eb<\/p>\n","protected":false},"author":7,"featured_media":31383,"comment_status":"open","ping_status":"open","sticky":false,"template":"","format":"standard","meta":{"footnotes":""},"categories":[5],"tags":[],"class_list":["post-31378","post","type-post","status-publish","format-standard","has-post-thumbnail","hentry","category-sport-sq"],"yoast_head":"<!-- This site is optimized with the Yoast SEO plugin v25.3.1 - https:\/\/yoast.com\/wordpress\/plugins\/seo\/ -->\n<title>Si erdhi topi i par\u00eb n\u00eb Kosov\u00eb, rr\u00ebfimi q\u00eb pak kush e di -<\/title>\n<meta name=\"robots\" content=\"index, follow, max-snippet:-1, max-image-preview:large, max-video-preview:-1\" \/>\n<link rel=\"canonical\" href=\"https:\/\/veritasinfo.org\/?p=31378\" \/>\n<meta property=\"og:locale\" content=\"en_US\" \/>\n<meta property=\"og:type\" content=\"article\" \/>\n<meta property=\"og:title\" content=\"Si erdhi topi i par\u00eb n\u00eb Kosov\u00eb, rr\u00ebfimi q\u00eb pak kush e di -\" \/>\n<meta property=\"og:description\" content=\"Prishtin\u00eb, 10 shkurt 2026 08:12 Pak kush n\u00eb Kosov\u00eb e ka ditur kur nisi t\u00eb luhet futbolli n\u00eb vendin ton\u00eb. Edhe m\u00eb t\u00eb rrall\u00eb jan\u00eb\" \/>\n<meta property=\"og:url\" content=\"https:\/\/veritasinfo.org\/?p=31378\" \/>\n<meta property=\"article:published_time\" content=\"2026-02-10T07:17:19+00:00\" \/>\n<meta property=\"og:image\" content=\"https:\/\/veritasinfo.org\/wp-content\/uploads\/2026\/02\/702092_Topi.webp\" \/>\n\t<meta property=\"og:image:width\" content=\"900\" \/>\n\t<meta property=\"og:image:height\" content=\"600\" \/>\n\t<meta property=\"og:image:type\" content=\"image\/webp\" \/>\n<meta name=\"author\" content=\"US6\" \/>\n<meta name=\"twitter:card\" content=\"summary_large_image\" \/>\n<meta name=\"twitter:label1\" content=\"Written by\" \/>\n\t<meta name=\"twitter:data1\" content=\"US6\" \/>\n\t<meta name=\"twitter:label2\" content=\"Est. reading time\" \/>\n\t<meta name=\"twitter:data2\" content=\"3 minutes\" \/>\n<script type=\"application\/ld+json\" class=\"yoast-schema-graph\">{\"@context\":\"https:\/\/schema.org\",\"@graph\":[{\"@type\":\"WebPage\",\"@id\":\"https:\/\/veritasinfo.org\/?p=31378\",\"url\":\"https:\/\/veritasinfo.org\/?p=31378\",\"name\":\"Si erdhi topi i par\u00eb n\u00eb Kosov\u00eb, rr\u00ebfimi q\u00eb pak kush e di -\",\"isPartOf\":{\"@id\":\"https:\/\/veritasinfo.org\/#website\"},\"primaryImageOfPage\":{\"@id\":\"https:\/\/veritasinfo.org\/?p=31378#primaryimage\"},\"image\":{\"@id\":\"https:\/\/veritasinfo.org\/?p=31378#primaryimage\"},\"thumbnailUrl\":\"https:\/\/veritasinfo.org\/wp-content\/uploads\/2026\/02\/702092_Topi.webp\",\"datePublished\":\"2026-02-10T07:17:19+00:00\",\"author\":{\"@id\":\"https:\/\/veritasinfo.org\/#\/schema\/person\/fe199eede04c3937362892b7444747cc\"},\"breadcrumb\":{\"@id\":\"https:\/\/veritasinfo.org\/?p=31378#breadcrumb\"},\"inLanguage\":\"en-US\",\"potentialAction\":[{\"@type\":\"ReadAction\",\"target\":[\"https:\/\/veritasinfo.org\/?p=31378\"]}]},{\"@type\":\"ImageObject\",\"inLanguage\":\"en-US\",\"@id\":\"https:\/\/veritasinfo.org\/?p=31378#primaryimage\",\"url\":\"https:\/\/veritasinfo.org\/wp-content\/uploads\/2026\/02\/702092_Topi.webp\",\"contentUrl\":\"https:\/\/veritasinfo.org\/wp-content\/uploads\/2026\/02\/702092_Topi.webp\",\"width\":900,\"height\":600},{\"@type\":\"BreadcrumbList\",\"@id\":\"https:\/\/veritasinfo.org\/?p=31378#breadcrumb\",\"itemListElement\":[{\"@type\":\"ListItem\",\"position\":1,\"name\":\"Home\",\"item\":\"https:\/\/veritasinfo.org\/\"},{\"@type\":\"ListItem\",\"position\":2,\"name\":\"Si erdhi topi i par\u00eb n\u00eb Kosov\u00eb, rr\u00ebfimi q\u00eb pak kush e di\"}]},{\"@type\":\"WebSite\",\"@id\":\"https:\/\/veritasinfo.org\/#website\",\"url\":\"https:\/\/veritasinfo.org\/\",\"name\":\"\",\"description\":\"\",\"potentialAction\":[{\"@type\":\"SearchAction\",\"target\":{\"@type\":\"EntryPoint\",\"urlTemplate\":\"https:\/\/veritasinfo.org\/?s={search_term_string}\"},\"query-input\":{\"@type\":\"PropertyValueSpecification\",\"valueRequired\":true,\"valueName\":\"search_term_string\"}}],\"inLanguage\":\"en-US\"},{\"@type\":\"Person\",\"@id\":\"https:\/\/veritasinfo.org\/#\/schema\/person\/fe199eede04c3937362892b7444747cc\",\"name\":\"US6\",\"image\":{\"@type\":\"ImageObject\",\"inLanguage\":\"en-US\",\"@id\":\"https:\/\/veritasinfo.org\/#\/schema\/person\/image\/\",\"url\":\"https:\/\/secure.gravatar.com\/avatar\/cb16c3c31c9d23b9b8c705964598220b3014e42ff51eb540ff23cefa3ae8c15f?s=96&d=mm&r=g\",\"contentUrl\":\"https:\/\/secure.gravatar.com\/avatar\/cb16c3c31c9d23b9b8c705964598220b3014e42ff51eb540ff23cefa3ae8c15f?s=96&d=mm&r=g\",\"caption\":\"US6\"},\"url\":\"https:\/\/veritasinfo.org\/?author=7\"}]}<\/script>\n<!-- \/ Yoast SEO plugin. -->","yoast_head_json":{"title":"Si erdhi topi i par\u00eb n\u00eb Kosov\u00eb, rr\u00ebfimi q\u00eb pak kush e di -","robots":{"index":"index","follow":"follow","max-snippet":"max-snippet:-1","max-image-preview":"max-image-preview:large","max-video-preview":"max-video-preview:-1"},"canonical":"https:\/\/veritasinfo.org\/?p=31378","og_locale":"en_US","og_type":"article","og_title":"Si erdhi topi i par\u00eb n\u00eb Kosov\u00eb, rr\u00ebfimi q\u00eb pak kush e di -","og_description":"Prishtin\u00eb, 10 shkurt 2026 08:12 Pak kush n\u00eb Kosov\u00eb e ka ditur kur nisi t\u00eb luhet futbolli n\u00eb vendin ton\u00eb. Edhe m\u00eb t\u00eb rrall\u00eb jan\u00eb","og_url":"https:\/\/veritasinfo.org\/?p=31378","article_published_time":"2026-02-10T07:17:19+00:00","og_image":[{"width":900,"height":600,"url":"https:\/\/veritasinfo.org\/wp-content\/uploads\/2026\/02\/702092_Topi.webp","type":"image\/webp"}],"author":"US6","twitter_card":"summary_large_image","twitter_misc":{"Written by":"US6","Est. reading time":"3 minutes"},"schema":{"@context":"https:\/\/schema.org","@graph":[{"@type":"WebPage","@id":"https:\/\/veritasinfo.org\/?p=31378","url":"https:\/\/veritasinfo.org\/?p=31378","name":"Si erdhi topi i par\u00eb n\u00eb Kosov\u00eb, rr\u00ebfimi q\u00eb pak kush e di -","isPartOf":{"@id":"https:\/\/veritasinfo.org\/#website"},"primaryImageOfPage":{"@id":"https:\/\/veritasinfo.org\/?p=31378#primaryimage"},"image":{"@id":"https:\/\/veritasinfo.org\/?p=31378#primaryimage"},"thumbnailUrl":"https:\/\/veritasinfo.org\/wp-content\/uploads\/2026\/02\/702092_Topi.webp","datePublished":"2026-02-10T07:17:19+00:00","author":{"@id":"https:\/\/veritasinfo.org\/#\/schema\/person\/fe199eede04c3937362892b7444747cc"},"breadcrumb":{"@id":"https:\/\/veritasinfo.org\/?p=31378#breadcrumb"},"inLanguage":"en-US","potentialAction":[{"@type":"ReadAction","target":["https:\/\/veritasinfo.org\/?p=31378"]}]},{"@type":"ImageObject","inLanguage":"en-US","@id":"https:\/\/veritasinfo.org\/?p=31378#primaryimage","url":"https:\/\/veritasinfo.org\/wp-content\/uploads\/2026\/02\/702092_Topi.webp","contentUrl":"https:\/\/veritasinfo.org\/wp-content\/uploads\/2026\/02\/702092_Topi.webp","width":900,"height":600},{"@type":"BreadcrumbList","@id":"https:\/\/veritasinfo.org\/?p=31378#breadcrumb","itemListElement":[{"@type":"ListItem","position":1,"name":"Home","item":"https:\/\/veritasinfo.org\/"},{"@type":"ListItem","position":2,"name":"Si erdhi topi i par\u00eb n\u00eb Kosov\u00eb, rr\u00ebfimi q\u00eb pak kush e di"}]},{"@type":"WebSite","@id":"https:\/\/veritasinfo.org\/#website","url":"https:\/\/veritasinfo.org\/","name":"","description":"","potentialAction":[{"@type":"SearchAction","target":{"@type":"EntryPoint","urlTemplate":"https:\/\/veritasinfo.org\/?s={search_term_string}"},"query-input":{"@type":"PropertyValueSpecification","valueRequired":true,"valueName":"search_term_string"}}],"inLanguage":"en-US"},{"@type":"Person","@id":"https:\/\/veritasinfo.org\/#\/schema\/person\/fe199eede04c3937362892b7444747cc","name":"US6","image":{"@type":"ImageObject","inLanguage":"en-US","@id":"https:\/\/veritasinfo.org\/#\/schema\/person\/image\/","url":"https:\/\/secure.gravatar.com\/avatar\/cb16c3c31c9d23b9b8c705964598220b3014e42ff51eb540ff23cefa3ae8c15f?s=96&d=mm&r=g","contentUrl":"https:\/\/secure.gravatar.com\/avatar\/cb16c3c31c9d23b9b8c705964598220b3014e42ff51eb540ff23cefa3ae8c15f?s=96&d=mm&r=g","caption":"US6"},"url":"https:\/\/veritasinfo.org\/?author=7"}]}},"featured_image_urls":{"full":["https:\/\/veritasinfo.org\/wp-content\/uploads\/2026\/02\/702092_Topi.webp",900,600,false],"thumbnail":["https:\/\/veritasinfo.org\/wp-content\/uploads\/2026\/02\/702092_Topi-150x150.webp",150,150,true],"medium":["https:\/\/veritasinfo.org\/wp-content\/uploads\/2026\/02\/702092_Topi-300x200.webp",300,200,true],"medium_large":["https:\/\/veritasinfo.org\/wp-content\/uploads\/2026\/02\/702092_Topi-768x512.webp",640,427,true],"large":["https:\/\/veritasinfo.org\/wp-content\/uploads\/2026\/02\/702092_Topi.webp",640,427,false],"1536x1536":["https:\/\/veritasinfo.org\/wp-content\/uploads\/2026\/02\/702092_Topi.webp",900,600,false],"2048x2048":["https:\/\/veritasinfo.org\/wp-content\/uploads\/2026\/02\/702092_Topi.webp",900,600,false],"kreeti-slider-full":["https:\/\/veritasinfo.org\/wp-content\/uploads\/2026\/02\/702092_Topi.webp",900,600,false],"kreeti-featured":["https:\/\/veritasinfo.org\/wp-content\/uploads\/2026\/02\/702092_Topi.webp",900,600,false],"kreeti-medium":["https:\/\/veritasinfo.org\/wp-content\/uploads\/2026\/02\/702092_Topi.webp",720,480,false],"kreeti-medium-square":["https:\/\/veritasinfo.org\/wp-content\/uploads\/2026\/02\/702092_Topi.webp",350,233,false]},"author_info":{"info":["US6"]},"category_info":"<a href=\"https:\/\/veritasinfo.org\/?cat=5\" rel=\"category\">Sport<\/a>","tag_info":"Sport","comment_count":"0","_links":{"self":[{"href":"https:\/\/veritasinfo.org\/index.php?rest_route=\/wp\/v2\/posts\/31378","targetHints":{"allow":["GET"]}}],"collection":[{"href":"https:\/\/veritasinfo.org\/index.php?rest_route=\/wp\/v2\/posts"}],"about":[{"href":"https:\/\/veritasinfo.org\/index.php?rest_route=\/wp\/v2\/types\/post"}],"author":[{"embeddable":true,"href":"https:\/\/veritasinfo.org\/index.php?rest_route=\/wp\/v2\/users\/7"}],"replies":[{"embeddable":true,"href":"https:\/\/veritasinfo.org\/index.php?rest_route=%2Fwp%2Fv2%2Fcomments&post=31378"}],"version-history":[{"count":1,"href":"https:\/\/veritasinfo.org\/index.php?rest_route=\/wp\/v2\/posts\/31378\/revisions"}],"predecessor-version":[{"id":31384,"href":"https:\/\/veritasinfo.org\/index.php?rest_route=\/wp\/v2\/posts\/31378\/revisions\/31384"}],"wp:featuredmedia":[{"embeddable":true,"href":"https:\/\/veritasinfo.org\/index.php?rest_route=\/wp\/v2\/media\/31383"}],"wp:attachment":[{"href":"https:\/\/veritasinfo.org\/index.php?rest_route=%2Fwp%2Fv2%2Fmedia&parent=31378"}],"wp:term":[{"taxonomy":"category","embeddable":true,"href":"https:\/\/veritasinfo.org\/index.php?rest_route=%2Fwp%2Fv2%2Fcategories&post=31378"},{"taxonomy":"post_tag","embeddable":true,"href":"https:\/\/veritasinfo.org\/index.php?rest_route=%2Fwp%2Fv2%2Ftags&post=31378"}],"curies":[{"name":"wp","href":"https:\/\/api.w.org\/{rel}","templated":true}]}}