{"id":31364,"date":"2026-02-10T08:08:41","date_gmt":"2026-02-10T07:08:41","guid":{"rendered":"https:\/\/veritasinfo.org\/?p=31364"},"modified":"2026-02-10T08:08:41","modified_gmt":"2026-02-10T07:08:41","slug":"presidenti-i-barcelones-jep-doreheqje","status":"publish","type":"post","link":"https:\/\/veritasinfo.org\/?p=31364","title":{"rendered":"Presidenti i Barcelon\u00ebs jep dor\u00ebheqje"},"content":{"rendered":"<p>Prishtin\u00eb, 10 shkurt 2026 08:07<\/p>\n<p>Presidenti i Barcelon\u00ebs, Joan Laporta, ka dh\u00ebn\u00eb dor\u00ebheqjen nga posti i tij p\u00ebr t\u00eb hapur rrug\u00ebn drejt rizgjedhjes, duke nisur zyrtarisht procesin zgjedhor q\u00eb do t\u00eb p\u00ebrfundoj\u00eb m\u00eb 15 mars, b\u00ebri t\u00eb ditur klubi t\u00eb h\u00ebn\u00ebn. Dor\u00ebheqja vjen n\u00eb p\u00ebrputhje me statutet e klubit, nd\u00ebrsa n\u00ebnkryetari Rafa Yuste do t\u00eb ushtroj\u00eb detyr\u00ebn e presidentit t\u00eb p\u00ebrkohsh\u00ebm deri n\u00eb p\u00ebrfundimin e zgjedhjeve raporton Reuters.<\/p>\n<p>Laporta, i cili mori drejtimin e klubit n\u00eb mars 2021 pasi fitoi 54% t\u00eb votave, synon t\u00eb rikthehet n\u00eb detyr\u00eb m\u00eb 1 korrik dhe konsiderohet favorit p\u00ebrball\u00eb rivalit t\u00eb tij t\u00eb hersh\u00ebm Victor Font. N\u00eb gar\u00eb kan\u00eb konfirmuar gjithashtu kandidatur\u00ebn ish-drejtuesi i klubit Xavier Vilajoana dhe ekonomisti Marc Ciria. \u201cZgjedhjet do t\u00eb mbahen n\u00eb disa qendra votimi p\u00ebr t\u00eb rritur pjes\u00ebmarrjen\u201d, njoftoi Barcelona n\u00eb nj\u00eb deklarat\u00eb zyrtare, duke konfirmuar se votimi me post\u00eb nuk do t\u00eb lejohet k\u00ebsaj radhe.<\/p>\n<p>Mandati i fundit i Laport\u00ebs ka p\u00ebrfshir\u00eb nj\u00eb periudh\u00eb t\u00eb trazuar dhe transformuese p\u00ebr Barcelon\u00ebn, nga largimi i Lionel Messit deri te rikthimi n\u00eb majat e futbollit spanjoll dhe nj\u00eb gjysm\u00ebfinale n\u00eb Lig\u00ebn e Kampion\u00ebve sezonin e kaluar. Rikthimi n\u00eb Camp Nou pas rinovimeve dhe puna e trajnerit Hansi Flick, s\u00eb bashku me shp\u00ebrthimin e talenteve si 18-vje\u00e7ari Lamine Yamal, kan\u00eb krijuar nj\u00eb ndjenj\u00eb t\u00eb re optimizmi rreth klubit katalanas.<\/p>\n","protected":false},"excerpt":{"rendered":"<p>Prishtin\u00eb, 10 shkurt 2026 08:07 Presidenti i Barcelon\u00ebs, Joan Laporta, ka dh\u00ebn\u00eb dor\u00ebheqjen nga posti i tij p\u00ebr t\u00eb hapur rrug\u00ebn drejt rizgjedhjes, duke nisur<\/p>\n","protected":false},"author":7,"featured_media":31369,"comment_status":"open","ping_status":"open","sticky":false,"template":"","format":"standard","meta":{"footnotes":""},"categories":[5],"tags":[],"class_list":["post-31364","post","type-post","status-publish","format-standard","has-post-thumbnail","hentry","category-sport-sq"],"yoast_head":"<!-- This site is optimized with the Yoast SEO plugin v25.3.1 - https:\/\/yoast.com\/wordpress\/plugins\/seo\/ -->\n<title>Presidenti i Barcelon\u00ebs jep dor\u00ebheqje -<\/title>\n<meta name=\"robots\" content=\"index, follow, max-snippet:-1, max-image-preview:large, max-video-preview:-1\" \/>\n<link rel=\"canonical\" href=\"https:\/\/veritasinfo.org\/?p=31364\" \/>\n<meta property=\"og:locale\" content=\"en_US\" \/>\n<meta property=\"og:type\" content=\"article\" \/>\n<meta property=\"og:title\" content=\"Presidenti i Barcelon\u00ebs jep dor\u00ebheqje -\" \/>\n<meta property=\"og:description\" content=\"Prishtin\u00eb, 10 shkurt 2026 08:07 Presidenti i Barcelon\u00ebs, Joan Laporta, ka dh\u00ebn\u00eb dor\u00ebheqjen nga posti i tij p\u00ebr t\u00eb hapur rrug\u00ebn drejt rizgjedhjes, duke nisur\" \/>\n<meta property=\"og:url\" content=\"https:\/\/veritasinfo.org\/?p=31364\" \/>\n<meta property=\"article:published_time\" content=\"2026-02-10T07:08:41+00:00\" \/>\n<meta property=\"og:image\" content=\"https:\/\/veritasinfo.org\/wp-content\/uploads\/2026\/02\/702151_Laporta.webp\" \/>\n\t<meta property=\"og:image:width\" content=\"900\" \/>\n\t<meta property=\"og:image:height\" content=\"600\" \/>\n\t<meta property=\"og:image:type\" content=\"image\/webp\" \/>\n<meta name=\"author\" content=\"US6\" \/>\n<meta name=\"twitter:card\" content=\"summary_large_image\" \/>\n<meta name=\"twitter:label1\" content=\"Written by\" \/>\n\t<meta name=\"twitter:data1\" content=\"US6\" \/>\n\t<meta name=\"twitter:label2\" content=\"Est. reading time\" \/>\n\t<meta name=\"twitter:data2\" content=\"1 minute\" \/>\n<script type=\"application\/ld+json\" class=\"yoast-schema-graph\">{\"@context\":\"https:\/\/schema.org\",\"@graph\":[{\"@type\":\"WebPage\",\"@id\":\"https:\/\/veritasinfo.org\/?p=31364\",\"url\":\"https:\/\/veritasinfo.org\/?p=31364\",\"name\":\"Presidenti i Barcelon\u00ebs jep dor\u00ebheqje -\",\"isPartOf\":{\"@id\":\"https:\/\/veritasinfo.org\/#website\"},\"primaryImageOfPage\":{\"@id\":\"https:\/\/veritasinfo.org\/?p=31364#primaryimage\"},\"image\":{\"@id\":\"https:\/\/veritasinfo.org\/?p=31364#primaryimage\"},\"thumbnailUrl\":\"https:\/\/veritasinfo.org\/wp-content\/uploads\/2026\/02\/702151_Laporta.webp\",\"datePublished\":\"2026-02-10T07:08:41+00:00\",\"author\":{\"@id\":\"https:\/\/veritasinfo.org\/#\/schema\/person\/fe199eede04c3937362892b7444747cc\"},\"breadcrumb\":{\"@id\":\"https:\/\/veritasinfo.org\/?p=31364#breadcrumb\"},\"inLanguage\":\"en-US\",\"potentialAction\":[{\"@type\":\"ReadAction\",\"target\":[\"https:\/\/veritasinfo.org\/?p=31364\"]}]},{\"@type\":\"ImageObject\",\"inLanguage\":\"en-US\",\"@id\":\"https:\/\/veritasinfo.org\/?p=31364#primaryimage\",\"url\":\"https:\/\/veritasinfo.org\/wp-content\/uploads\/2026\/02\/702151_Laporta.webp\",\"contentUrl\":\"https:\/\/veritasinfo.org\/wp-content\/uploads\/2026\/02\/702151_Laporta.webp\",\"width\":900,\"height\":600},{\"@type\":\"BreadcrumbList\",\"@id\":\"https:\/\/veritasinfo.org\/?p=31364#breadcrumb\",\"itemListElement\":[{\"@type\":\"ListItem\",\"position\":1,\"name\":\"Home\",\"item\":\"https:\/\/veritasinfo.org\/\"},{\"@type\":\"ListItem\",\"position\":2,\"name\":\"Presidenti i Barcelon\u00ebs jep dor\u00ebheqje\"}]},{\"@type\":\"WebSite\",\"@id\":\"https:\/\/veritasinfo.org\/#website\",\"url\":\"https:\/\/veritasinfo.org\/\",\"name\":\"\",\"description\":\"\",\"potentialAction\":[{\"@type\":\"SearchAction\",\"target\":{\"@type\":\"EntryPoint\",\"urlTemplate\":\"https:\/\/veritasinfo.org\/?s={search_term_string}\"},\"query-input\":{\"@type\":\"PropertyValueSpecification\",\"valueRequired\":true,\"valueName\":\"search_term_string\"}}],\"inLanguage\":\"en-US\"},{\"@type\":\"Person\",\"@id\":\"https:\/\/veritasinfo.org\/#\/schema\/person\/fe199eede04c3937362892b7444747cc\",\"name\":\"US6\",\"image\":{\"@type\":\"ImageObject\",\"inLanguage\":\"en-US\",\"@id\":\"https:\/\/veritasinfo.org\/#\/schema\/person\/image\/\",\"url\":\"https:\/\/secure.gravatar.com\/avatar\/cb16c3c31c9d23b9b8c705964598220b3014e42ff51eb540ff23cefa3ae8c15f?s=96&d=mm&r=g\",\"contentUrl\":\"https:\/\/secure.gravatar.com\/avatar\/cb16c3c31c9d23b9b8c705964598220b3014e42ff51eb540ff23cefa3ae8c15f?s=96&d=mm&r=g\",\"caption\":\"US6\"},\"url\":\"https:\/\/veritasinfo.org\/?author=7\"}]}<\/script>\n<!-- \/ Yoast SEO plugin. -->","yoast_head_json":{"title":"Presidenti i Barcelon\u00ebs jep dor\u00ebheqje -","robots":{"index":"index","follow":"follow","max-snippet":"max-snippet:-1","max-image-preview":"max-image-preview:large","max-video-preview":"max-video-preview:-1"},"canonical":"https:\/\/veritasinfo.org\/?p=31364","og_locale":"en_US","og_type":"article","og_title":"Presidenti i Barcelon\u00ebs jep dor\u00ebheqje -","og_description":"Prishtin\u00eb, 10 shkurt 2026 08:07 Presidenti i Barcelon\u00ebs, Joan Laporta, ka dh\u00ebn\u00eb dor\u00ebheqjen nga posti i tij p\u00ebr t\u00eb hapur rrug\u00ebn drejt rizgjedhjes, duke nisur","og_url":"https:\/\/veritasinfo.org\/?p=31364","article_published_time":"2026-02-10T07:08:41+00:00","og_image":[{"width":900,"height":600,"url":"https:\/\/veritasinfo.org\/wp-content\/uploads\/2026\/02\/702151_Laporta.webp","type":"image\/webp"}],"author":"US6","twitter_card":"summary_large_image","twitter_misc":{"Written by":"US6","Est. reading time":"1 minute"},"schema":{"@context":"https:\/\/schema.org","@graph":[{"@type":"WebPage","@id":"https:\/\/veritasinfo.org\/?p=31364","url":"https:\/\/veritasinfo.org\/?p=31364","name":"Presidenti i Barcelon\u00ebs jep dor\u00ebheqje -","isPartOf":{"@id":"https:\/\/veritasinfo.org\/#website"},"primaryImageOfPage":{"@id":"https:\/\/veritasinfo.org\/?p=31364#primaryimage"},"image":{"@id":"https:\/\/veritasinfo.org\/?p=31364#primaryimage"},"thumbnailUrl":"https:\/\/veritasinfo.org\/wp-content\/uploads\/2026\/02\/702151_Laporta.webp","datePublished":"2026-02-10T07:08:41+00:00","author":{"@id":"https:\/\/veritasinfo.org\/#\/schema\/person\/fe199eede04c3937362892b7444747cc"},"breadcrumb":{"@id":"https:\/\/veritasinfo.org\/?p=31364#breadcrumb"},"inLanguage":"en-US","potentialAction":[{"@type":"ReadAction","target":["https:\/\/veritasinfo.org\/?p=31364"]}]},{"@type":"ImageObject","inLanguage":"en-US","@id":"https:\/\/veritasinfo.org\/?p=31364#primaryimage","url":"https:\/\/veritasinfo.org\/wp-content\/uploads\/2026\/02\/702151_Laporta.webp","contentUrl":"https:\/\/veritasinfo.org\/wp-content\/uploads\/2026\/02\/702151_Laporta.webp","width":900,"height":600},{"@type":"BreadcrumbList","@id":"https:\/\/veritasinfo.org\/?p=31364#breadcrumb","itemListElement":[{"@type":"ListItem","position":1,"name":"Home","item":"https:\/\/veritasinfo.org\/"},{"@type":"ListItem","position":2,"name":"Presidenti i Barcelon\u00ebs jep dor\u00ebheqje"}]},{"@type":"WebSite","@id":"https:\/\/veritasinfo.org\/#website","url":"https:\/\/veritasinfo.org\/","name":"","description":"","potentialAction":[{"@type":"SearchAction","target":{"@type":"EntryPoint","urlTemplate":"https:\/\/veritasinfo.org\/?s={search_term_string}"},"query-input":{"@type":"PropertyValueSpecification","valueRequired":true,"valueName":"search_term_string"}}],"inLanguage":"en-US"},{"@type":"Person","@id":"https:\/\/veritasinfo.org\/#\/schema\/person\/fe199eede04c3937362892b7444747cc","name":"US6","image":{"@type":"ImageObject","inLanguage":"en-US","@id":"https:\/\/veritasinfo.org\/#\/schema\/person\/image\/","url":"https:\/\/secure.gravatar.com\/avatar\/cb16c3c31c9d23b9b8c705964598220b3014e42ff51eb540ff23cefa3ae8c15f?s=96&d=mm&r=g","contentUrl":"https:\/\/secure.gravatar.com\/avatar\/cb16c3c31c9d23b9b8c705964598220b3014e42ff51eb540ff23cefa3ae8c15f?s=96&d=mm&r=g","caption":"US6"},"url":"https:\/\/veritasinfo.org\/?author=7"}]}},"featured_image_urls":{"full":["https:\/\/veritasinfo.org\/wp-content\/uploads\/2026\/02\/702151_Laporta.webp",900,600,false],"thumbnail":["https:\/\/veritasinfo.org\/wp-content\/uploads\/2026\/02\/702151_Laporta-150x150.webp",150,150,true],"medium":["https:\/\/veritasinfo.org\/wp-content\/uploads\/2026\/02\/702151_Laporta-300x200.webp",300,200,true],"medium_large":["https:\/\/veritasinfo.org\/wp-content\/uploads\/2026\/02\/702151_Laporta-768x512.webp",640,427,true],"large":["https:\/\/veritasinfo.org\/wp-content\/uploads\/2026\/02\/702151_Laporta.webp",640,427,false],"1536x1536":["https:\/\/veritasinfo.org\/wp-content\/uploads\/2026\/02\/702151_Laporta.webp",900,600,false],"2048x2048":["https:\/\/veritasinfo.org\/wp-content\/uploads\/2026\/02\/702151_Laporta.webp",900,600,false],"kreeti-slider-full":["https:\/\/veritasinfo.org\/wp-content\/uploads\/2026\/02\/702151_Laporta.webp",900,600,false],"kreeti-featured":["https:\/\/veritasinfo.org\/wp-content\/uploads\/2026\/02\/702151_Laporta.webp",900,600,false],"kreeti-medium":["https:\/\/veritasinfo.org\/wp-content\/uploads\/2026\/02\/702151_Laporta.webp",720,480,false],"kreeti-medium-square":["https:\/\/veritasinfo.org\/wp-content\/uploads\/2026\/02\/702151_Laporta.webp",350,233,false]},"author_info":{"info":["US6"]},"category_info":"<a href=\"https:\/\/veritasinfo.org\/?cat=5\" rel=\"category\">Sport<\/a>","tag_info":"Sport","comment_count":"0","_links":{"self":[{"href":"https:\/\/veritasinfo.org\/index.php?rest_route=\/wp\/v2\/posts\/31364","targetHints":{"allow":["GET"]}}],"collection":[{"href":"https:\/\/veritasinfo.org\/index.php?rest_route=\/wp\/v2\/posts"}],"about":[{"href":"https:\/\/veritasinfo.org\/index.php?rest_route=\/wp\/v2\/types\/post"}],"author":[{"embeddable":true,"href":"https:\/\/veritasinfo.org\/index.php?rest_route=\/wp\/v2\/users\/7"}],"replies":[{"embeddable":true,"href":"https:\/\/veritasinfo.org\/index.php?rest_route=%2Fwp%2Fv2%2Fcomments&post=31364"}],"version-history":[{"count":1,"href":"https:\/\/veritasinfo.org\/index.php?rest_route=\/wp\/v2\/posts\/31364\/revisions"}],"predecessor-version":[{"id":31370,"href":"https:\/\/veritasinfo.org\/index.php?rest_route=\/wp\/v2\/posts\/31364\/revisions\/31370"}],"wp:featuredmedia":[{"embeddable":true,"href":"https:\/\/veritasinfo.org\/index.php?rest_route=\/wp\/v2\/media\/31369"}],"wp:attachment":[{"href":"https:\/\/veritasinfo.org\/index.php?rest_route=%2Fwp%2Fv2%2Fmedia&parent=31364"}],"wp:term":[{"taxonomy":"category","embeddable":true,"href":"https:\/\/veritasinfo.org\/index.php?rest_route=%2Fwp%2Fv2%2Fcategories&post=31364"},{"taxonomy":"post_tag","embeddable":true,"href":"https:\/\/veritasinfo.org\/index.php?rest_route=%2Fwp%2Fv2%2Ftags&post=31364"}],"curies":[{"name":"wp","href":"https:\/\/api.w.org\/{rel}","templated":true}]}}