{"id":3136,"date":"2025-07-09T14:08:28","date_gmt":"2025-07-09T12:08:28","guid":{"rendered":"https:\/\/veritasinfo.org\/?p=3136"},"modified":"2025-07-09T14:08:28","modified_gmt":"2025-07-09T12:08:28","slug":"nje-i-vdekur-dhe-kater-te-lenduar-ne-nje-aksident-trafiku-ne-afersi-te-pejes","status":"publish","type":"post","link":"https:\/\/veritasinfo.org\/?p=3136","title":{"rendered":"Nj\u00eb i vdekur dhe kat\u00ebr t\u00eb l\u00ebnduar n\u00eb nj\u00eb aksident trafiku n\u00eb af\u00ebrsi t\u00eb Pej\u00ebs"},"content":{"rendered":"<p><strong>Nj\u00eb i vdekur dhe kat\u00ebr t\u00eb l\u00ebnduar n\u00eb nj\u00eb aksident trafiku n\u00eb af\u00ebrsi t\u00eb Pej\u00ebs<\/strong><\/p>\n<p>Nab\u00ebrgjan, 9 Korrik 2025<\/p>\n<p>Nj\u00eb aksident i r\u00ebnd\u00eb trafiku ka ndodhur n\u00eb fshatin Nab\u00ebrgjan t\u00eb komun\u00ebs s\u00eb Pej\u00ebs, ku nj\u00eb person ka humbur jet\u00ebn dhe kat\u00ebr t\u00eb tjer\u00eb kan\u00eb p\u00ebsuar l\u00ebndime.<\/p>\n<p>Sipas informacioneve nga Policia, ekipet kan\u00eb dal\u00eb menj\u00ebher\u00eb n\u00eb vendin e ngjarjes dhe hetimet jan\u00eb ende n\u00eb zhvillim. Ende nuk \u00ebsht\u00eb b\u00ebr\u00eb i ditur identiteti i viktim\u00ebs, si dhe gjendja sh\u00ebndet\u00ebsore e t\u00eb l\u00ebnduarve.<\/p>\n<p>Policia u b\u00ebn thirrje ngas\u00ebsve t\u00eb jen\u00eb t\u00eb kujdessh\u00ebm dhe t\u00eb respektojn\u00eb rregullat e komunikacionit, duke p\u00ebrshtatur shpejt\u00ebsin\u00eb me kushtet e rrug\u00ebs.<\/p>\n<p>&nbsp;<\/p>\n<p>&nbsp;<\/p>\n","protected":false},"excerpt":{"rendered":"<p>Nj\u00eb i vdekur dhe kat\u00ebr t\u00eb l\u00ebnduar n\u00eb nj\u00eb aksident trafiku n\u00eb af\u00ebrsi t\u00eb Pej\u00ebs Nab\u00ebrgjan, 9 Korrik 2025 Nj\u00eb aksident i r\u00ebnd\u00eb trafiku ka<\/p>\n","protected":false},"author":1,"featured_media":2829,"comment_status":"open","ping_status":"open","sticky":false,"template":"","format":"standard","meta":{"footnotes":""},"categories":[60],"tags":[],"class_list":["post-3136","post","type-post","status-publish","format-standard","has-post-thumbnail","hentry","category-shoqerore-sq"],"yoast_head":"<!-- This site is optimized with the Yoast SEO plugin v25.3.1 - https:\/\/yoast.com\/wordpress\/plugins\/seo\/ -->\n<title>Nj\u00eb i vdekur dhe kat\u00ebr t\u00eb l\u00ebnduar n\u00eb nj\u00eb aksident trafiku n\u00eb af\u00ebrsi t\u00eb Pej\u00ebs -<\/title>\n<meta name=\"robots\" content=\"index, follow, max-snippet:-1, max-image-preview:large, max-video-preview:-1\" \/>\n<link rel=\"canonical\" href=\"https:\/\/veritasinfo.org\/?p=3136\" \/>\n<meta property=\"og:locale\" content=\"en_US\" \/>\n<meta property=\"og:type\" content=\"article\" \/>\n<meta property=\"og:title\" content=\"Nj\u00eb i vdekur dhe kat\u00ebr t\u00eb l\u00ebnduar n\u00eb nj\u00eb aksident trafiku n\u00eb af\u00ebrsi t\u00eb Pej\u00ebs -\" \/>\n<meta property=\"og:description\" content=\"Nj\u00eb i vdekur dhe kat\u00ebr t\u00eb l\u00ebnduar n\u00eb nj\u00eb aksident trafiku n\u00eb af\u00ebrsi t\u00eb Pej\u00ebs Nab\u00ebrgjan, 9 Korrik 2025 Nj\u00eb aksident i r\u00ebnd\u00eb trafiku ka\" \/>\n<meta property=\"og:url\" content=\"https:\/\/veritasinfo.org\/?p=3136\" \/>\n<meta property=\"article:published_time\" content=\"2025-07-09T12:08:28+00:00\" \/>\n<meta property=\"og:image\" content=\"https:\/\/veritasinfo.org\/wp-content\/uploads\/2025\/07\/6984341d-6c9e-4c51-8d20-696290c8e382.jpeg\" \/>\n\t<meta property=\"og:image:width\" content=\"940\" \/>\n\t<meta property=\"og:image:height\" content=\"788\" \/>\n\t<meta property=\"og:image:type\" content=\"image\/jpeg\" \/>\n<meta name=\"author\" content=\"admin\" \/>\n<meta name=\"twitter:card\" content=\"summary_large_image\" \/>\n<meta name=\"twitter:label1\" content=\"Written by\" \/>\n\t<meta name=\"twitter:data1\" content=\"admin\" \/>\n\t<meta name=\"twitter:label2\" content=\"Est. reading time\" \/>\n\t<meta name=\"twitter:data2\" content=\"1 minute\" \/>\n<script type=\"application\/ld+json\" class=\"yoast-schema-graph\">{\"@context\":\"https:\/\/schema.org\",\"@graph\":[{\"@type\":\"WebPage\",\"@id\":\"https:\/\/veritasinfo.org\/?p=3136\",\"url\":\"https:\/\/veritasinfo.org\/?p=3136\",\"name\":\"Nj\u00eb i vdekur dhe kat\u00ebr t\u00eb l\u00ebnduar n\u00eb nj\u00eb aksident trafiku n\u00eb af\u00ebrsi t\u00eb Pej\u00ebs -\",\"isPartOf\":{\"@id\":\"https:\/\/veritasinfo.org\/#website\"},\"primaryImageOfPage\":{\"@id\":\"https:\/\/veritasinfo.org\/?p=3136#primaryimage\"},\"image\":{\"@id\":\"https:\/\/veritasinfo.org\/?p=3136#primaryimage\"},\"thumbnailUrl\":\"https:\/\/veritasinfo.org\/wp-content\/uploads\/2025\/07\/6984341d-6c9e-4c51-8d20-696290c8e382.jpeg\",\"datePublished\":\"2025-07-09T12:08:28+00:00\",\"author\":{\"@id\":\"https:\/\/veritasinfo.org\/#\/schema\/person\/7701f8c088bece422266b100a712374f\"},\"breadcrumb\":{\"@id\":\"https:\/\/veritasinfo.org\/?p=3136#breadcrumb\"},\"inLanguage\":\"en-US\",\"potentialAction\":[{\"@type\":\"ReadAction\",\"target\":[\"https:\/\/veritasinfo.org\/?p=3136\"]}]},{\"@type\":\"ImageObject\",\"inLanguage\":\"en-US\",\"@id\":\"https:\/\/veritasinfo.org\/?p=3136#primaryimage\",\"url\":\"https:\/\/veritasinfo.org\/wp-content\/uploads\/2025\/07\/6984341d-6c9e-4c51-8d20-696290c8e382.jpeg\",\"contentUrl\":\"https:\/\/veritasinfo.org\/wp-content\/uploads\/2025\/07\/6984341d-6c9e-4c51-8d20-696290c8e382.jpeg\",\"width\":940,\"height\":788},{\"@type\":\"BreadcrumbList\",\"@id\":\"https:\/\/veritasinfo.org\/?p=3136#breadcrumb\",\"itemListElement\":[{\"@type\":\"ListItem\",\"position\":1,\"name\":\"Home\",\"item\":\"https:\/\/veritasinfo.org\/\"},{\"@type\":\"ListItem\",\"position\":2,\"name\":\"Nj\u00eb i vdekur dhe kat\u00ebr t\u00eb l\u00ebnduar n\u00eb nj\u00eb aksident trafiku n\u00eb af\u00ebrsi t\u00eb Pej\u00ebs\"}]},{\"@type\":\"WebSite\",\"@id\":\"https:\/\/veritasinfo.org\/#website\",\"url\":\"https:\/\/veritasinfo.org\/\",\"name\":\"\",\"description\":\"\",\"potentialAction\":[{\"@type\":\"SearchAction\",\"target\":{\"@type\":\"EntryPoint\",\"urlTemplate\":\"https:\/\/veritasinfo.org\/?s={search_term_string}\"},\"query-input\":{\"@type\":\"PropertyValueSpecification\",\"valueRequired\":true,\"valueName\":\"search_term_string\"}}],\"inLanguage\":\"en-US\"},{\"@type\":\"Person\",\"@id\":\"https:\/\/veritasinfo.org\/#\/schema\/person\/7701f8c088bece422266b100a712374f\",\"name\":\"admin\",\"image\":{\"@type\":\"ImageObject\",\"inLanguage\":\"en-US\",\"@id\":\"https:\/\/veritasinfo.org\/#\/schema\/person\/image\/\",\"url\":\"https:\/\/secure.gravatar.com\/avatar\/ea53aa3bf6c9a12d5fde8ce4deff43fef3885ae33cf60184161a50d6987cfd2f?s=96&d=mm&r=g\",\"contentUrl\":\"https:\/\/secure.gravatar.com\/avatar\/ea53aa3bf6c9a12d5fde8ce4deff43fef3885ae33cf60184161a50d6987cfd2f?s=96&d=mm&r=g\",\"caption\":\"admin\"},\"sameAs\":[\"https:\/\/veritasinfo.org\"],\"url\":\"https:\/\/veritasinfo.org\/?author=1\"}]}<\/script>\n<!-- \/ Yoast SEO plugin. -->","yoast_head_json":{"title":"Nj\u00eb i vdekur dhe kat\u00ebr t\u00eb l\u00ebnduar n\u00eb nj\u00eb aksident trafiku n\u00eb af\u00ebrsi t\u00eb Pej\u00ebs -","robots":{"index":"index","follow":"follow","max-snippet":"max-snippet:-1","max-image-preview":"max-image-preview:large","max-video-preview":"max-video-preview:-1"},"canonical":"https:\/\/veritasinfo.org\/?p=3136","og_locale":"en_US","og_type":"article","og_title":"Nj\u00eb i vdekur dhe kat\u00ebr t\u00eb l\u00ebnduar n\u00eb nj\u00eb aksident trafiku n\u00eb af\u00ebrsi t\u00eb Pej\u00ebs -","og_description":"Nj\u00eb i vdekur dhe kat\u00ebr t\u00eb l\u00ebnduar n\u00eb nj\u00eb aksident trafiku n\u00eb af\u00ebrsi t\u00eb Pej\u00ebs Nab\u00ebrgjan, 9 Korrik 2025 Nj\u00eb aksident i r\u00ebnd\u00eb trafiku ka","og_url":"https:\/\/veritasinfo.org\/?p=3136","article_published_time":"2025-07-09T12:08:28+00:00","og_image":[{"width":940,"height":788,"url":"https:\/\/veritasinfo.org\/wp-content\/uploads\/2025\/07\/6984341d-6c9e-4c51-8d20-696290c8e382.jpeg","type":"image\/jpeg"}],"author":"admin","twitter_card":"summary_large_image","twitter_misc":{"Written by":"admin","Est. reading time":"1 minute"},"schema":{"@context":"https:\/\/schema.org","@graph":[{"@type":"WebPage","@id":"https:\/\/veritasinfo.org\/?p=3136","url":"https:\/\/veritasinfo.org\/?p=3136","name":"Nj\u00eb i vdekur dhe kat\u00ebr t\u00eb l\u00ebnduar n\u00eb nj\u00eb aksident trafiku n\u00eb af\u00ebrsi t\u00eb Pej\u00ebs -","isPartOf":{"@id":"https:\/\/veritasinfo.org\/#website"},"primaryImageOfPage":{"@id":"https:\/\/veritasinfo.org\/?p=3136#primaryimage"},"image":{"@id":"https:\/\/veritasinfo.org\/?p=3136#primaryimage"},"thumbnailUrl":"https:\/\/veritasinfo.org\/wp-content\/uploads\/2025\/07\/6984341d-6c9e-4c51-8d20-696290c8e382.jpeg","datePublished":"2025-07-09T12:08:28+00:00","author":{"@id":"https:\/\/veritasinfo.org\/#\/schema\/person\/7701f8c088bece422266b100a712374f"},"breadcrumb":{"@id":"https:\/\/veritasinfo.org\/?p=3136#breadcrumb"},"inLanguage":"en-US","potentialAction":[{"@type":"ReadAction","target":["https:\/\/veritasinfo.org\/?p=3136"]}]},{"@type":"ImageObject","inLanguage":"en-US","@id":"https:\/\/veritasinfo.org\/?p=3136#primaryimage","url":"https:\/\/veritasinfo.org\/wp-content\/uploads\/2025\/07\/6984341d-6c9e-4c51-8d20-696290c8e382.jpeg","contentUrl":"https:\/\/veritasinfo.org\/wp-content\/uploads\/2025\/07\/6984341d-6c9e-4c51-8d20-696290c8e382.jpeg","width":940,"height":788},{"@type":"BreadcrumbList","@id":"https:\/\/veritasinfo.org\/?p=3136#breadcrumb","itemListElement":[{"@type":"ListItem","position":1,"name":"Home","item":"https:\/\/veritasinfo.org\/"},{"@type":"ListItem","position":2,"name":"Nj\u00eb i vdekur dhe kat\u00ebr t\u00eb l\u00ebnduar n\u00eb nj\u00eb aksident trafiku n\u00eb af\u00ebrsi t\u00eb Pej\u00ebs"}]},{"@type":"WebSite","@id":"https:\/\/veritasinfo.org\/#website","url":"https:\/\/veritasinfo.org\/","name":"","description":"","potentialAction":[{"@type":"SearchAction","target":{"@type":"EntryPoint","urlTemplate":"https:\/\/veritasinfo.org\/?s={search_term_string}"},"query-input":{"@type":"PropertyValueSpecification","valueRequired":true,"valueName":"search_term_string"}}],"inLanguage":"en-US"},{"@type":"Person","@id":"https:\/\/veritasinfo.org\/#\/schema\/person\/7701f8c088bece422266b100a712374f","name":"admin","image":{"@type":"ImageObject","inLanguage":"en-US","@id":"https:\/\/veritasinfo.org\/#\/schema\/person\/image\/","url":"https:\/\/secure.gravatar.com\/avatar\/ea53aa3bf6c9a12d5fde8ce4deff43fef3885ae33cf60184161a50d6987cfd2f?s=96&d=mm&r=g","contentUrl":"https:\/\/secure.gravatar.com\/avatar\/ea53aa3bf6c9a12d5fde8ce4deff43fef3885ae33cf60184161a50d6987cfd2f?s=96&d=mm&r=g","caption":"admin"},"sameAs":["https:\/\/veritasinfo.org"],"url":"https:\/\/veritasinfo.org\/?author=1"}]}},"featured_image_urls":{"full":["https:\/\/veritasinfo.org\/wp-content\/uploads\/2025\/07\/6984341d-6c9e-4c51-8d20-696290c8e382.jpeg",940,788,false],"thumbnail":["https:\/\/veritasinfo.org\/wp-content\/uploads\/2025\/07\/6984341d-6c9e-4c51-8d20-696290c8e382-150x150.jpeg",150,150,true],"medium":["https:\/\/veritasinfo.org\/wp-content\/uploads\/2025\/07\/6984341d-6c9e-4c51-8d20-696290c8e382-300x251.jpeg",300,251,true],"medium_large":["https:\/\/veritasinfo.org\/wp-content\/uploads\/2025\/07\/6984341d-6c9e-4c51-8d20-696290c8e382-768x644.jpeg",640,537,true],"large":["https:\/\/veritasinfo.org\/wp-content\/uploads\/2025\/07\/6984341d-6c9e-4c51-8d20-696290c8e382.jpeg",640,537,false],"1536x1536":["https:\/\/veritasinfo.org\/wp-content\/uploads\/2025\/07\/6984341d-6c9e-4c51-8d20-696290c8e382.jpeg",940,788,false],"2048x2048":["https:\/\/veritasinfo.org\/wp-content\/uploads\/2025\/07\/6984341d-6c9e-4c51-8d20-696290c8e382.jpeg",940,788,false],"kreeti-slider-full":["https:\/\/veritasinfo.org\/wp-content\/uploads\/2025\/07\/6984341d-6c9e-4c51-8d20-696290c8e382.jpeg",859,720,false],"kreeti-featured":["https:\/\/veritasinfo.org\/wp-content\/uploads\/2025\/07\/6984341d-6c9e-4c51-8d20-696290c8e382.jpeg",940,788,false],"kreeti-medium":["https:\/\/veritasinfo.org\/wp-content\/uploads\/2025\/07\/6984341d-6c9e-4c51-8d20-696290c8e382.jpeg",632,530,false],"kreeti-medium-square":["https:\/\/veritasinfo.org\/wp-content\/uploads\/2025\/07\/6984341d-6c9e-4c51-8d20-696290c8e382.jpeg",350,293,false]},"author_info":{"info":["admin"]},"category_info":"<a href=\"https:\/\/veritasinfo.org\/?cat=60\" rel=\"category\">Shoq\u00ebrore<\/a>","tag_info":"Shoq\u00ebrore","comment_count":"0","_links":{"self":[{"href":"https:\/\/veritasinfo.org\/index.php?rest_route=\/wp\/v2\/posts\/3136","targetHints":{"allow":["GET"]}}],"collection":[{"href":"https:\/\/veritasinfo.org\/index.php?rest_route=\/wp\/v2\/posts"}],"about":[{"href":"https:\/\/veritasinfo.org\/index.php?rest_route=\/wp\/v2\/types\/post"}],"author":[{"embeddable":true,"href":"https:\/\/veritasinfo.org\/index.php?rest_route=\/wp\/v2\/users\/1"}],"replies":[{"embeddable":true,"href":"https:\/\/veritasinfo.org\/index.php?rest_route=%2Fwp%2Fv2%2Fcomments&post=3136"}],"version-history":[{"count":1,"href":"https:\/\/veritasinfo.org\/index.php?rest_route=\/wp\/v2\/posts\/3136\/revisions"}],"predecessor-version":[{"id":3137,"href":"https:\/\/veritasinfo.org\/index.php?rest_route=\/wp\/v2\/posts\/3136\/revisions\/3137"}],"wp:featuredmedia":[{"embeddable":true,"href":"https:\/\/veritasinfo.org\/index.php?rest_route=\/wp\/v2\/media\/2829"}],"wp:attachment":[{"href":"https:\/\/veritasinfo.org\/index.php?rest_route=%2Fwp%2Fv2%2Fmedia&parent=3136"}],"wp:term":[{"taxonomy":"category","embeddable":true,"href":"https:\/\/veritasinfo.org\/index.php?rest_route=%2Fwp%2Fv2%2Fcategories&post=3136"},{"taxonomy":"post_tag","embeddable":true,"href":"https:\/\/veritasinfo.org\/index.php?rest_route=%2Fwp%2Fv2%2Ftags&post=3136"}],"curies":[{"name":"wp","href":"https:\/\/api.w.org\/{rel}","templated":true}]}}