{"id":31350,"date":"2026-02-10T06:49:04","date_gmt":"2026-02-10T05:49:04","guid":{"rendered":"https:\/\/veritasinfo.org\/?p=31350"},"modified":"2026-02-10T06:49:04","modified_gmt":"2026-02-10T05:49:04","slug":"kurti-mbron-katershen-e-uck-se-denimet-prej-45-vitesh-injorojne-kontekstin-e-luftes","status":"publish","type":"post","link":"https:\/\/veritasinfo.org\/?p=31350","title":{"rendered":"Kurti mbron kat\u00ebrshen e U\u00c7K-s\u00eb: D\u00ebnimet prej 45 vitesh injorojn\u00eb kontekstin e luft\u00ebs"},"content":{"rendered":"<p>Prishtin\u00eb, 10 shkurt 2026 06:45<\/p>\n<p>Prokuroria e Specializuar n\u00eb Hag\u00eb ka k\u00ebrkuar d\u00ebnim prej nga 45 vjet burgim p\u00ebr ish-krer\u00ebt e Ushtris\u00eb \u00c7lirimtare t\u00eb Kosov\u00ebs: Hashim Tha\u00e7in, Kadri Veselin, Jakup Krasniqin dhe Rexhep Selimin. Pas k\u00ebsaj k\u00ebrkese, ka reaguar kryeministri i Kosov\u00ebs, Albin Kurti, i cili e ka cil\u00ebsuar at\u00eb t\u00eb pabazuar dhe t\u00eb shk\u00ebputur nga realiteti historik i luft\u00ebs n\u00eb Kosov\u00eb.<\/p>\n<p>N\u00eb nj\u00eb reagim n\u00eb Facebook, Kurti theksoi se thelbi moral dhe historik i luft\u00ebs \u00e7lirimtare t\u00eb U\u00c7K-s\u00eb q\u00ebndron n\u00eb mbijetes\u00ebn dhe dinjitetin e popullit t\u00eb Kosov\u00ebs.<\/p>\n<p>\u201cU\u00c7K-ja ishte bart\u00ebse e nj\u00eb lufte t\u00eb drejt\u00eb, ruajt\u00ebse dhe mbrojt\u00ebse. Ajo u zhvillua n\u00eb rrethanat e okupimit t\u00eb eg\u00ebr, kur dhuna e apart\u2019heidit po shnd\u00ebrrohej n\u00eb gjenocid shtet\u00ebror,\u201d shkroi Kurti.<\/p>\n<p>Ai shtoi se \u00e7do p\u00ebrpjekje p\u00ebr t\u2019i shk\u00ebputur veprimet individuale nga ky kontekst historik rrezikon t\u00eb deformoj\u00eb t\u00eb v\u00ebrtet\u00ebn e asaj periudhe.<\/p>\n<p>Sipas tij, k\u00ebrkesa e Prokuroris\u00eb p\u00ebr d\u00ebnime kaq t\u00eb larta \u201cnuk mb\u00ebshtetet n\u00eb ndonj\u00eb standard t\u00eb pranuar nd\u00ebrkomb\u00ebtar t\u00eb d\u00ebnimit\u201d dhe \u201cinjoron plot\u00ebsisht kontekstin e luft\u00ebs n\u00eb Kosov\u00eb\u201d.<\/p>\n<p>\u201cNe nuk kemi pasur kurr\u00eb plan shfarosjeje ndaj asnj\u00eb populli tjet\u00ebr apo civil\u00ebve. Prokuroria po p\u00ebrpiqet ta vendos\u00eb k\u00ebt\u00eb \u00e7\u00ebshtje n\u00eb nj\u00eb vakum juridik, duke shk\u00ebputur veprimet nga realiteti i nj\u00eb lufte \u00e7lirimtare,\u201d theksoi Kurti.<\/p>\n<p>Ai deklaroi se institucionet e Kosov\u00ebs mbeten t\u00eb p\u00ebrkushtuara n\u00eb mbrojtjen e s\u00eb v\u00ebrtet\u00ebs historike dhe faktike p\u00ebr luft\u00ebn, duke kund\u00ebrshtuar \u00e7do p\u00ebrpjekje p\u00ebr shtremb\u00ebrimin e saj.<\/p>\n<p>\u201cRepublika e Kosov\u00ebs do t\u00eb vazhdoj\u00eb t\u00eb mbroj\u00eb vler\u00ebn dhe dinjitetin e luft\u00ebs p\u00ebr liri dhe parimet themelore t\u00eb drejt\u00ebsis\u00eb,\u201d p\u00ebrfundoi ai<\/p>\n","protected":false},"excerpt":{"rendered":"<p>Prishtin\u00eb, 10 shkurt 2026 06:45 Prokuroria e Specializuar n\u00eb Hag\u00eb ka k\u00ebrkuar d\u00ebnim prej nga 45 vjet burgim p\u00ebr ish-krer\u00ebt e Ushtris\u00eb \u00c7lirimtare t\u00eb Kosov\u00ebs:<\/p>\n","protected":false},"author":7,"featured_media":31352,"comment_status":"open","ping_status":"open","sticky":false,"template":"","format":"standard","meta":{"footnotes":""},"categories":[60],"tags":[],"class_list":["post-31350","post","type-post","status-publish","format-standard","has-post-thumbnail","hentry","category-shoqerore-sq"],"yoast_head":"<!-- This site is optimized with the Yoast SEO plugin v25.3.1 - https:\/\/yoast.com\/wordpress\/plugins\/seo\/ -->\n<title>Kurti mbron kat\u00ebrshen e U\u00c7K-s\u00eb: D\u00ebnimet prej 45 vitesh injorojn\u00eb kontekstin e luft\u00ebs -<\/title>\n<meta name=\"robots\" content=\"index, follow, max-snippet:-1, max-image-preview:large, max-video-preview:-1\" \/>\n<link rel=\"canonical\" href=\"https:\/\/veritasinfo.org\/?p=31350\" \/>\n<meta property=\"og:locale\" content=\"en_US\" \/>\n<meta property=\"og:type\" content=\"article\" \/>\n<meta property=\"og:title\" content=\"Kurti mbron kat\u00ebrshen e U\u00c7K-s\u00eb: D\u00ebnimet prej 45 vitesh injorojn\u00eb kontekstin e luft\u00ebs -\" \/>\n<meta property=\"og:description\" content=\"Prishtin\u00eb, 10 shkurt 2026 06:45 Prokuroria e Specializuar n\u00eb Hag\u00eb ka k\u00ebrkuar d\u00ebnim prej nga 45 vjet burgim p\u00ebr ish-krer\u00ebt e Ushtris\u00eb \u00c7lirimtare t\u00eb Kosov\u00ebs:\" \/>\n<meta property=\"og:url\" content=\"https:\/\/veritasinfo.org\/?p=31350\" \/>\n<meta property=\"article:published_time\" content=\"2026-02-10T05:49:04+00:00\" \/>\n<meta property=\"og:image\" content=\"https:\/\/veritasinfo.org\/wp-content\/uploads\/2026\/02\/image-8.webp\" \/>\n\t<meta property=\"og:image:width\" content=\"1245\" \/>\n\t<meta property=\"og:image:height\" content=\"700\" \/>\n\t<meta property=\"og:image:type\" content=\"image\/webp\" \/>\n<meta name=\"author\" content=\"US6\" \/>\n<meta name=\"twitter:card\" content=\"summary_large_image\" \/>\n<meta name=\"twitter:label1\" content=\"Written by\" \/>\n\t<meta name=\"twitter:data1\" content=\"US6\" \/>\n\t<meta name=\"twitter:label2\" content=\"Est. reading time\" \/>\n\t<meta name=\"twitter:data2\" content=\"2 minutes\" \/>\n<script type=\"application\/ld+json\" class=\"yoast-schema-graph\">{\"@context\":\"https:\/\/schema.org\",\"@graph\":[{\"@type\":\"WebPage\",\"@id\":\"https:\/\/veritasinfo.org\/?p=31350\",\"url\":\"https:\/\/veritasinfo.org\/?p=31350\",\"name\":\"Kurti mbron kat\u00ebrshen e U\u00c7K-s\u00eb: D\u00ebnimet prej 45 vitesh injorojn\u00eb kontekstin e luft\u00ebs -\",\"isPartOf\":{\"@id\":\"https:\/\/veritasinfo.org\/#website\"},\"primaryImageOfPage\":{\"@id\":\"https:\/\/veritasinfo.org\/?p=31350#primaryimage\"},\"image\":{\"@id\":\"https:\/\/veritasinfo.org\/?p=31350#primaryimage\"},\"thumbnailUrl\":\"https:\/\/veritasinfo.org\/wp-content\/uploads\/2026\/02\/image-8.webp\",\"datePublished\":\"2026-02-10T05:49:04+00:00\",\"author\":{\"@id\":\"https:\/\/veritasinfo.org\/#\/schema\/person\/fe199eede04c3937362892b7444747cc\"},\"breadcrumb\":{\"@id\":\"https:\/\/veritasinfo.org\/?p=31350#breadcrumb\"},\"inLanguage\":\"en-US\",\"potentialAction\":[{\"@type\":\"ReadAction\",\"target\":[\"https:\/\/veritasinfo.org\/?p=31350\"]}]},{\"@type\":\"ImageObject\",\"inLanguage\":\"en-US\",\"@id\":\"https:\/\/veritasinfo.org\/?p=31350#primaryimage\",\"url\":\"https:\/\/veritasinfo.org\/wp-content\/uploads\/2026\/02\/image-8.webp\",\"contentUrl\":\"https:\/\/veritasinfo.org\/wp-content\/uploads\/2026\/02\/image-8.webp\",\"width\":1245,\"height\":700},{\"@type\":\"BreadcrumbList\",\"@id\":\"https:\/\/veritasinfo.org\/?p=31350#breadcrumb\",\"itemListElement\":[{\"@type\":\"ListItem\",\"position\":1,\"name\":\"Home\",\"item\":\"https:\/\/veritasinfo.org\/\"},{\"@type\":\"ListItem\",\"position\":2,\"name\":\"Kurti mbron kat\u00ebrshen e U\u00c7K-s\u00eb: D\u00ebnimet prej 45 vitesh injorojn\u00eb kontekstin e luft\u00ebs\"}]},{\"@type\":\"WebSite\",\"@id\":\"https:\/\/veritasinfo.org\/#website\",\"url\":\"https:\/\/veritasinfo.org\/\",\"name\":\"\",\"description\":\"\",\"potentialAction\":[{\"@type\":\"SearchAction\",\"target\":{\"@type\":\"EntryPoint\",\"urlTemplate\":\"https:\/\/veritasinfo.org\/?s={search_term_string}\"},\"query-input\":{\"@type\":\"PropertyValueSpecification\",\"valueRequired\":true,\"valueName\":\"search_term_string\"}}],\"inLanguage\":\"en-US\"},{\"@type\":\"Person\",\"@id\":\"https:\/\/veritasinfo.org\/#\/schema\/person\/fe199eede04c3937362892b7444747cc\",\"name\":\"US6\",\"image\":{\"@type\":\"ImageObject\",\"inLanguage\":\"en-US\",\"@id\":\"https:\/\/veritasinfo.org\/#\/schema\/person\/image\/\",\"url\":\"https:\/\/secure.gravatar.com\/avatar\/cb16c3c31c9d23b9b8c705964598220b3014e42ff51eb540ff23cefa3ae8c15f?s=96&d=mm&r=g\",\"contentUrl\":\"https:\/\/secure.gravatar.com\/avatar\/cb16c3c31c9d23b9b8c705964598220b3014e42ff51eb540ff23cefa3ae8c15f?s=96&d=mm&r=g\",\"caption\":\"US6\"},\"url\":\"https:\/\/veritasinfo.org\/?author=7\"}]}<\/script>\n<!-- \/ Yoast SEO plugin. -->","yoast_head_json":{"title":"Kurti mbron kat\u00ebrshen e U\u00c7K-s\u00eb: D\u00ebnimet prej 45 vitesh injorojn\u00eb kontekstin e luft\u00ebs -","robots":{"index":"index","follow":"follow","max-snippet":"max-snippet:-1","max-image-preview":"max-image-preview:large","max-video-preview":"max-video-preview:-1"},"canonical":"https:\/\/veritasinfo.org\/?p=31350","og_locale":"en_US","og_type":"article","og_title":"Kurti mbron kat\u00ebrshen e U\u00c7K-s\u00eb: D\u00ebnimet prej 45 vitesh injorojn\u00eb kontekstin e luft\u00ebs -","og_description":"Prishtin\u00eb, 10 shkurt 2026 06:45 Prokuroria e Specializuar n\u00eb Hag\u00eb ka k\u00ebrkuar d\u00ebnim prej nga 45 vjet burgim p\u00ebr ish-krer\u00ebt e Ushtris\u00eb \u00c7lirimtare t\u00eb Kosov\u00ebs:","og_url":"https:\/\/veritasinfo.org\/?p=31350","article_published_time":"2026-02-10T05:49:04+00:00","og_image":[{"width":1245,"height":700,"url":"https:\/\/veritasinfo.org\/wp-content\/uploads\/2026\/02\/image-8.webp","type":"image\/webp"}],"author":"US6","twitter_card":"summary_large_image","twitter_misc":{"Written by":"US6","Est. reading time":"2 minutes"},"schema":{"@context":"https:\/\/schema.org","@graph":[{"@type":"WebPage","@id":"https:\/\/veritasinfo.org\/?p=31350","url":"https:\/\/veritasinfo.org\/?p=31350","name":"Kurti mbron kat\u00ebrshen e U\u00c7K-s\u00eb: D\u00ebnimet prej 45 vitesh injorojn\u00eb kontekstin e luft\u00ebs -","isPartOf":{"@id":"https:\/\/veritasinfo.org\/#website"},"primaryImageOfPage":{"@id":"https:\/\/veritasinfo.org\/?p=31350#primaryimage"},"image":{"@id":"https:\/\/veritasinfo.org\/?p=31350#primaryimage"},"thumbnailUrl":"https:\/\/veritasinfo.org\/wp-content\/uploads\/2026\/02\/image-8.webp","datePublished":"2026-02-10T05:49:04+00:00","author":{"@id":"https:\/\/veritasinfo.org\/#\/schema\/person\/fe199eede04c3937362892b7444747cc"},"breadcrumb":{"@id":"https:\/\/veritasinfo.org\/?p=31350#breadcrumb"},"inLanguage":"en-US","potentialAction":[{"@type":"ReadAction","target":["https:\/\/veritasinfo.org\/?p=31350"]}]},{"@type":"ImageObject","inLanguage":"en-US","@id":"https:\/\/veritasinfo.org\/?p=31350#primaryimage","url":"https:\/\/veritasinfo.org\/wp-content\/uploads\/2026\/02\/image-8.webp","contentUrl":"https:\/\/veritasinfo.org\/wp-content\/uploads\/2026\/02\/image-8.webp","width":1245,"height":700},{"@type":"BreadcrumbList","@id":"https:\/\/veritasinfo.org\/?p=31350#breadcrumb","itemListElement":[{"@type":"ListItem","position":1,"name":"Home","item":"https:\/\/veritasinfo.org\/"},{"@type":"ListItem","position":2,"name":"Kurti mbron kat\u00ebrshen e U\u00c7K-s\u00eb: D\u00ebnimet prej 45 vitesh injorojn\u00eb kontekstin e luft\u00ebs"}]},{"@type":"WebSite","@id":"https:\/\/veritasinfo.org\/#website","url":"https:\/\/veritasinfo.org\/","name":"","description":"","potentialAction":[{"@type":"SearchAction","target":{"@type":"EntryPoint","urlTemplate":"https:\/\/veritasinfo.org\/?s={search_term_string}"},"query-input":{"@type":"PropertyValueSpecification","valueRequired":true,"valueName":"search_term_string"}}],"inLanguage":"en-US"},{"@type":"Person","@id":"https:\/\/veritasinfo.org\/#\/schema\/person\/fe199eede04c3937362892b7444747cc","name":"US6","image":{"@type":"ImageObject","inLanguage":"en-US","@id":"https:\/\/veritasinfo.org\/#\/schema\/person\/image\/","url":"https:\/\/secure.gravatar.com\/avatar\/cb16c3c31c9d23b9b8c705964598220b3014e42ff51eb540ff23cefa3ae8c15f?s=96&d=mm&r=g","contentUrl":"https:\/\/secure.gravatar.com\/avatar\/cb16c3c31c9d23b9b8c705964598220b3014e42ff51eb540ff23cefa3ae8c15f?s=96&d=mm&r=g","caption":"US6"},"url":"https:\/\/veritasinfo.org\/?author=7"}]}},"featured_image_urls":{"full":["https:\/\/veritasinfo.org\/wp-content\/uploads\/2026\/02\/image-8.webp",1245,700,false],"thumbnail":["https:\/\/veritasinfo.org\/wp-content\/uploads\/2026\/02\/image-8-150x150.webp",150,150,true],"medium":["https:\/\/veritasinfo.org\/wp-content\/uploads\/2026\/02\/image-8-300x169.webp",300,169,true],"medium_large":["https:\/\/veritasinfo.org\/wp-content\/uploads\/2026\/02\/image-8-768x432.webp",640,360,true],"large":["https:\/\/veritasinfo.org\/wp-content\/uploads\/2026\/02\/image-8-1024x576.webp",640,360,true],"1536x1536":["https:\/\/veritasinfo.org\/wp-content\/uploads\/2026\/02\/image-8.webp",1245,700,false],"2048x2048":["https:\/\/veritasinfo.org\/wp-content\/uploads\/2026\/02\/image-8.webp",1245,700,false],"kreeti-slider-full":["https:\/\/veritasinfo.org\/wp-content\/uploads\/2026\/02\/image-8.webp",1245,700,false],"kreeti-featured":["https:\/\/veritasinfo.org\/wp-content\/uploads\/2026\/02\/image-8.webp",1024,576,false],"kreeti-medium":["https:\/\/veritasinfo.org\/wp-content\/uploads\/2026\/02\/image-8.webp",720,405,false],"kreeti-medium-square":["https:\/\/veritasinfo.org\/wp-content\/uploads\/2026\/02\/image-8.webp",350,197,false]},"author_info":{"info":["US6"]},"category_info":"<a href=\"https:\/\/veritasinfo.org\/?cat=60\" rel=\"category\">Shoq\u00ebrore<\/a>","tag_info":"Shoq\u00ebrore","comment_count":"0","_links":{"self":[{"href":"https:\/\/veritasinfo.org\/index.php?rest_route=\/wp\/v2\/posts\/31350","targetHints":{"allow":["GET"]}}],"collection":[{"href":"https:\/\/veritasinfo.org\/index.php?rest_route=\/wp\/v2\/posts"}],"about":[{"href":"https:\/\/veritasinfo.org\/index.php?rest_route=\/wp\/v2\/types\/post"}],"author":[{"embeddable":true,"href":"https:\/\/veritasinfo.org\/index.php?rest_route=\/wp\/v2\/users\/7"}],"replies":[{"embeddable":true,"href":"https:\/\/veritasinfo.org\/index.php?rest_route=%2Fwp%2Fv2%2Fcomments&post=31350"}],"version-history":[{"count":1,"href":"https:\/\/veritasinfo.org\/index.php?rest_route=\/wp\/v2\/posts\/31350\/revisions"}],"predecessor-version":[{"id":31353,"href":"https:\/\/veritasinfo.org\/index.php?rest_route=\/wp\/v2\/posts\/31350\/revisions\/31353"}],"wp:featuredmedia":[{"embeddable":true,"href":"https:\/\/veritasinfo.org\/index.php?rest_route=\/wp\/v2\/media\/31352"}],"wp:attachment":[{"href":"https:\/\/veritasinfo.org\/index.php?rest_route=%2Fwp%2Fv2%2Fmedia&parent=31350"}],"wp:term":[{"taxonomy":"category","embeddable":true,"href":"https:\/\/veritasinfo.org\/index.php?rest_route=%2Fwp%2Fv2%2Fcategories&post=31350"},{"taxonomy":"post_tag","embeddable":true,"href":"https:\/\/veritasinfo.org\/index.php?rest_route=%2Fwp%2Fv2%2Ftags&post=31350"}],"curies":[{"name":"wp","href":"https:\/\/api.w.org\/{rel}","templated":true}]}}