{"id":31345,"date":"2026-02-09T21:10:23","date_gmt":"2026-02-09T20:10:23","guid":{"rendered":"https:\/\/veritasinfo.org\/?p=31345"},"modified":"2026-02-09T21:10:23","modified_gmt":"2026-02-09T20:10:23","slug":"rama-reagon-ndaj-kerkeses-se-hages-per-45-vite-burg-e-pakuptueshme-logjika-e-prokurorise-speciale","status":"publish","type":"post","link":"https:\/\/veritasinfo.org\/?p=31345","title":{"rendered":"Rama reagon ndaj k\u00ebrkes\u00ebs s\u00eb Hag\u00ebs p\u00ebr 45 vite burg: E pakuptueshme logjika e Prokuroris\u00eb Speciale"},"content":{"rendered":"<p>Prishtin\u00eb, 9 shkurt 2026 21:05<\/p>\n<p>Kryeministri i Shqip\u00ebris\u00eb Edi Rama ka reaguar pas k\u00ebrkes\u00ebs s\u00eb Prokuroris\u00eb Speciale n\u00eb Hag\u00eb, e cila ka k\u00ebrkuar 45 vite burg p\u00ebr secilin nga ish-krer\u00ebt e U\u00c7K-s\u00eb, Hashim Tha\u00e7i, Kadri Veseli, Rexhep Selimi dhe Jakup Krasniqi.<\/p>\n<p>N\u00eb nj\u00eb postim n\u00eb X, Rama shprehet se nuk arrin t\u00eb kuptoj logjiken e Prokuroris\u00eb Speciale n\u00eb Hag\u00eb \u201cp\u00ebr t\u00eb varrosur t\u00eb gjall\u00eb\u201d ish-krer\u00ebt e U\u00c7K-s\u00eb n\u00eb zem\u00ebr t\u00eb Evrop\u00ebs demokratike.<\/p>\n<p>\u201cM\u00eb pyesin miq nga Prishtina pse nuk po shprehesh p\u00ebr mikun t\u00ebnd q\u00eb sot u ngarkua me 45 vjet burg n\u00eb pretenc\u00ebn e prokuroris\u00eb s\u00eb Hag\u00ebs?! Nuk po shprehem dot, pasi ende po mundohem ta gjej ku buron filli logjik q\u00eb ka ndjekur prokuroria p\u00ebr t\u00eb dal\u00eb me k\u00ebrkes\u00ebn p\u00ebr varrosje p\u00ebr s\u00eb gjalli t\u00eb kat\u00ebr burrave dhe si kurr\u00eb ndonj\u00ebher\u00eb, fjal\u00ebt nuk m\u00eb vijn\u00eb n\u00eb ndihm\u00eb p\u00ebr t\u2019u shprehur\u2026 Ndjes\u00eb, m\u00eb duhet koh\u00eb ta g\u00eblltis gjith\u00eb at\u00eb mal me mut q\u00eb nxori sot ajo prokurori n\u00eb zem\u00ebr t\u00eb Evrop\u00ebs demokratike!\u201d, shkruan Rama.<\/p>\n<p>N\u00eb faz\u00ebn p\u00ebrmbyll\u00ebse t\u00eb gjykimit n\u00eb Dhomat e Specializuara t\u00eb Kosov\u00ebs n\u00eb Hag\u00eb p\u00ebr ish-krer\u00ebt e Ushtris\u00eb \u00c7lirimtare t\u00eb Kosov\u00ebs, kryeprokurorja Kimberly West k\u00ebrkoi 180 vite burg p\u00ebr ish-krer\u00ebt e U\u00c7K-s\u00eb, konkretisht nga 45 vite p\u00ebr secilin.<\/p>\n<p>Gjat\u00eb paraqitjes s\u00eb fjal\u00ebve p\u00ebrfundimtare, West deklaroi se akuzat ndaj kat\u00ebrshes jan\u00eb t\u00eb r\u00ebnda, pasi jan\u00eb krime kund\u00ebr njer\u00ebzimit.<\/p>\n<p>Hashim Tha\u00e7i, Kadri Veseli, Jakup Krasniqi dhe Rexhep Selimi, po p\u00ebrballen me akuza t\u00eb ngritura nga Zyra e Prokurorit t\u00eb Specializuar, t\u00eb cilat ata i kan\u00eb cil\u00ebsuar si t\u00eb pabazuara. Edhe mbrojtja i ka hedhur posht\u00eb k\u00ebto akuza dhe ka argumentuar se U\u00c7K-ja nuk kishte struktur\u00eb t\u00eb organizuar komanduese.<\/p>\n","protected":false},"excerpt":{"rendered":"<p>Prishtin\u00eb, 9 shkurt 2026 21:05 Kryeministri i Shqip\u00ebris\u00eb Edi Rama ka reaguar pas k\u00ebrkes\u00ebs s\u00eb Prokuroris\u00eb Speciale n\u00eb Hag\u00eb, e cila ka k\u00ebrkuar 45 vite<\/p>\n","protected":false},"author":7,"featured_media":31346,"comment_status":"open","ping_status":"open","sticky":false,"template":"","format":"standard","meta":{"footnotes":""},"categories":[60],"tags":[],"class_list":["post-31345","post","type-post","status-publish","format-standard","has-post-thumbnail","hentry","category-shoqerore-sq"],"yoast_head":"<!-- This site is optimized with the Yoast SEO plugin v25.3.1 - https:\/\/yoast.com\/wordpress\/plugins\/seo\/ -->\n<title>Rama reagon ndaj k\u00ebrkes\u00ebs s\u00eb Hag\u00ebs p\u00ebr 45 vite burg: E pakuptueshme logjika e Prokuroris\u00eb Speciale -<\/title>\n<meta name=\"robots\" content=\"index, follow, max-snippet:-1, max-image-preview:large, max-video-preview:-1\" \/>\n<link rel=\"canonical\" href=\"https:\/\/veritasinfo.org\/?p=31345\" \/>\n<meta property=\"og:locale\" content=\"en_US\" \/>\n<meta property=\"og:type\" content=\"article\" \/>\n<meta property=\"og:title\" content=\"Rama reagon ndaj k\u00ebrkes\u00ebs s\u00eb Hag\u00ebs p\u00ebr 45 vite burg: E pakuptueshme logjika e Prokuroris\u00eb Speciale -\" \/>\n<meta property=\"og:description\" content=\"Prishtin\u00eb, 9 shkurt 2026 21:05 Kryeministri i Shqip\u00ebris\u00eb Edi Rama ka reaguar pas k\u00ebrkes\u00ebs s\u00eb Prokuroris\u00eb Speciale n\u00eb Hag\u00eb, e cila ka k\u00ebrkuar 45 vite\" \/>\n<meta property=\"og:url\" content=\"https:\/\/veritasinfo.org\/?p=31345\" \/>\n<meta property=\"article:published_time\" content=\"2026-02-09T20:10:23+00:00\" \/>\n<meta property=\"og:image\" content=\"https:\/\/veritasinfo.org\/wp-content\/uploads\/2026\/02\/1-20.jpg\" \/>\n\t<meta property=\"og:image:width\" content=\"713\" \/>\n\t<meta property=\"og:image:height\" content=\"480\" \/>\n\t<meta property=\"og:image:type\" content=\"image\/jpeg\" \/>\n<meta name=\"author\" content=\"US6\" \/>\n<meta name=\"twitter:card\" content=\"summary_large_image\" \/>\n<meta name=\"twitter:label1\" content=\"Written by\" \/>\n\t<meta name=\"twitter:data1\" content=\"US6\" \/>\n\t<meta name=\"twitter:label2\" content=\"Est. reading time\" \/>\n\t<meta name=\"twitter:data2\" content=\"2 minutes\" \/>\n<script type=\"application\/ld+json\" class=\"yoast-schema-graph\">{\"@context\":\"https:\/\/schema.org\",\"@graph\":[{\"@type\":\"WebPage\",\"@id\":\"https:\/\/veritasinfo.org\/?p=31345\",\"url\":\"https:\/\/veritasinfo.org\/?p=31345\",\"name\":\"Rama reagon ndaj k\u00ebrkes\u00ebs s\u00eb Hag\u00ebs p\u00ebr 45 vite burg: E pakuptueshme logjika e Prokuroris\u00eb Speciale -\",\"isPartOf\":{\"@id\":\"https:\/\/veritasinfo.org\/#website\"},\"primaryImageOfPage\":{\"@id\":\"https:\/\/veritasinfo.org\/?p=31345#primaryimage\"},\"image\":{\"@id\":\"https:\/\/veritasinfo.org\/?p=31345#primaryimage\"},\"thumbnailUrl\":\"https:\/\/veritasinfo.org\/wp-content\/uploads\/2026\/02\/1-20.jpg\",\"datePublished\":\"2026-02-09T20:10:23+00:00\",\"author\":{\"@id\":\"https:\/\/veritasinfo.org\/#\/schema\/person\/fe199eede04c3937362892b7444747cc\"},\"breadcrumb\":{\"@id\":\"https:\/\/veritasinfo.org\/?p=31345#breadcrumb\"},\"inLanguage\":\"en-US\",\"potentialAction\":[{\"@type\":\"ReadAction\",\"target\":[\"https:\/\/veritasinfo.org\/?p=31345\"]}]},{\"@type\":\"ImageObject\",\"inLanguage\":\"en-US\",\"@id\":\"https:\/\/veritasinfo.org\/?p=31345#primaryimage\",\"url\":\"https:\/\/veritasinfo.org\/wp-content\/uploads\/2026\/02\/1-20.jpg\",\"contentUrl\":\"https:\/\/veritasinfo.org\/wp-content\/uploads\/2026\/02\/1-20.jpg\",\"width\":713,\"height\":480},{\"@type\":\"BreadcrumbList\",\"@id\":\"https:\/\/veritasinfo.org\/?p=31345#breadcrumb\",\"itemListElement\":[{\"@type\":\"ListItem\",\"position\":1,\"name\":\"Home\",\"item\":\"https:\/\/veritasinfo.org\/\"},{\"@type\":\"ListItem\",\"position\":2,\"name\":\"Rama reagon ndaj k\u00ebrkes\u00ebs s\u00eb Hag\u00ebs p\u00ebr 45 vite burg: E pakuptueshme logjika e Prokuroris\u00eb Speciale\"}]},{\"@type\":\"WebSite\",\"@id\":\"https:\/\/veritasinfo.org\/#website\",\"url\":\"https:\/\/veritasinfo.org\/\",\"name\":\"\",\"description\":\"\",\"potentialAction\":[{\"@type\":\"SearchAction\",\"target\":{\"@type\":\"EntryPoint\",\"urlTemplate\":\"https:\/\/veritasinfo.org\/?s={search_term_string}\"},\"query-input\":{\"@type\":\"PropertyValueSpecification\",\"valueRequired\":true,\"valueName\":\"search_term_string\"}}],\"inLanguage\":\"en-US\"},{\"@type\":\"Person\",\"@id\":\"https:\/\/veritasinfo.org\/#\/schema\/person\/fe199eede04c3937362892b7444747cc\",\"name\":\"US6\",\"image\":{\"@type\":\"ImageObject\",\"inLanguage\":\"en-US\",\"@id\":\"https:\/\/veritasinfo.org\/#\/schema\/person\/image\/\",\"url\":\"https:\/\/secure.gravatar.com\/avatar\/cb16c3c31c9d23b9b8c705964598220b3014e42ff51eb540ff23cefa3ae8c15f?s=96&d=mm&r=g\",\"contentUrl\":\"https:\/\/secure.gravatar.com\/avatar\/cb16c3c31c9d23b9b8c705964598220b3014e42ff51eb540ff23cefa3ae8c15f?s=96&d=mm&r=g\",\"caption\":\"US6\"},\"url\":\"https:\/\/veritasinfo.org\/?author=7\"}]}<\/script>\n<!-- \/ Yoast SEO plugin. -->","yoast_head_json":{"title":"Rama reagon ndaj k\u00ebrkes\u00ebs s\u00eb Hag\u00ebs p\u00ebr 45 vite burg: E pakuptueshme logjika e Prokuroris\u00eb Speciale -","robots":{"index":"index","follow":"follow","max-snippet":"max-snippet:-1","max-image-preview":"max-image-preview:large","max-video-preview":"max-video-preview:-1"},"canonical":"https:\/\/veritasinfo.org\/?p=31345","og_locale":"en_US","og_type":"article","og_title":"Rama reagon ndaj k\u00ebrkes\u00ebs s\u00eb Hag\u00ebs p\u00ebr 45 vite burg: E pakuptueshme logjika e Prokuroris\u00eb Speciale -","og_description":"Prishtin\u00eb, 9 shkurt 2026 21:05 Kryeministri i Shqip\u00ebris\u00eb Edi Rama ka reaguar pas k\u00ebrkes\u00ebs s\u00eb Prokuroris\u00eb Speciale n\u00eb Hag\u00eb, e cila ka k\u00ebrkuar 45 vite","og_url":"https:\/\/veritasinfo.org\/?p=31345","article_published_time":"2026-02-09T20:10:23+00:00","og_image":[{"width":713,"height":480,"url":"https:\/\/veritasinfo.org\/wp-content\/uploads\/2026\/02\/1-20.jpg","type":"image\/jpeg"}],"author":"US6","twitter_card":"summary_large_image","twitter_misc":{"Written by":"US6","Est. reading time":"2 minutes"},"schema":{"@context":"https:\/\/schema.org","@graph":[{"@type":"WebPage","@id":"https:\/\/veritasinfo.org\/?p=31345","url":"https:\/\/veritasinfo.org\/?p=31345","name":"Rama reagon ndaj k\u00ebrkes\u00ebs s\u00eb Hag\u00ebs p\u00ebr 45 vite burg: E pakuptueshme logjika e Prokuroris\u00eb Speciale -","isPartOf":{"@id":"https:\/\/veritasinfo.org\/#website"},"primaryImageOfPage":{"@id":"https:\/\/veritasinfo.org\/?p=31345#primaryimage"},"image":{"@id":"https:\/\/veritasinfo.org\/?p=31345#primaryimage"},"thumbnailUrl":"https:\/\/veritasinfo.org\/wp-content\/uploads\/2026\/02\/1-20.jpg","datePublished":"2026-02-09T20:10:23+00:00","author":{"@id":"https:\/\/veritasinfo.org\/#\/schema\/person\/fe199eede04c3937362892b7444747cc"},"breadcrumb":{"@id":"https:\/\/veritasinfo.org\/?p=31345#breadcrumb"},"inLanguage":"en-US","potentialAction":[{"@type":"ReadAction","target":["https:\/\/veritasinfo.org\/?p=31345"]}]},{"@type":"ImageObject","inLanguage":"en-US","@id":"https:\/\/veritasinfo.org\/?p=31345#primaryimage","url":"https:\/\/veritasinfo.org\/wp-content\/uploads\/2026\/02\/1-20.jpg","contentUrl":"https:\/\/veritasinfo.org\/wp-content\/uploads\/2026\/02\/1-20.jpg","width":713,"height":480},{"@type":"BreadcrumbList","@id":"https:\/\/veritasinfo.org\/?p=31345#breadcrumb","itemListElement":[{"@type":"ListItem","position":1,"name":"Home","item":"https:\/\/veritasinfo.org\/"},{"@type":"ListItem","position":2,"name":"Rama reagon ndaj k\u00ebrkes\u00ebs s\u00eb Hag\u00ebs p\u00ebr 45 vite burg: E pakuptueshme logjika e Prokuroris\u00eb Speciale"}]},{"@type":"WebSite","@id":"https:\/\/veritasinfo.org\/#website","url":"https:\/\/veritasinfo.org\/","name":"","description":"","potentialAction":[{"@type":"SearchAction","target":{"@type":"EntryPoint","urlTemplate":"https:\/\/veritasinfo.org\/?s={search_term_string}"},"query-input":{"@type":"PropertyValueSpecification","valueRequired":true,"valueName":"search_term_string"}}],"inLanguage":"en-US"},{"@type":"Person","@id":"https:\/\/veritasinfo.org\/#\/schema\/person\/fe199eede04c3937362892b7444747cc","name":"US6","image":{"@type":"ImageObject","inLanguage":"en-US","@id":"https:\/\/veritasinfo.org\/#\/schema\/person\/image\/","url":"https:\/\/secure.gravatar.com\/avatar\/cb16c3c31c9d23b9b8c705964598220b3014e42ff51eb540ff23cefa3ae8c15f?s=96&d=mm&r=g","contentUrl":"https:\/\/secure.gravatar.com\/avatar\/cb16c3c31c9d23b9b8c705964598220b3014e42ff51eb540ff23cefa3ae8c15f?s=96&d=mm&r=g","caption":"US6"},"url":"https:\/\/veritasinfo.org\/?author=7"}]}},"featured_image_urls":{"full":["https:\/\/veritasinfo.org\/wp-content\/uploads\/2026\/02\/1-20.jpg",713,480,false],"thumbnail":["https:\/\/veritasinfo.org\/wp-content\/uploads\/2026\/02\/1-20-150x150.jpg",150,150,true],"medium":["https:\/\/veritasinfo.org\/wp-content\/uploads\/2026\/02\/1-20-300x202.jpg",300,202,true],"medium_large":["https:\/\/veritasinfo.org\/wp-content\/uploads\/2026\/02\/1-20.jpg",640,431,false],"large":["https:\/\/veritasinfo.org\/wp-content\/uploads\/2026\/02\/1-20.jpg",640,431,false],"1536x1536":["https:\/\/veritasinfo.org\/wp-content\/uploads\/2026\/02\/1-20.jpg",713,480,false],"2048x2048":["https:\/\/veritasinfo.org\/wp-content\/uploads\/2026\/02\/1-20.jpg",713,480,false],"kreeti-slider-full":["https:\/\/veritasinfo.org\/wp-content\/uploads\/2026\/02\/1-20.jpg",713,480,false],"kreeti-featured":["https:\/\/veritasinfo.org\/wp-content\/uploads\/2026\/02\/1-20.jpg",713,480,false],"kreeti-medium":["https:\/\/veritasinfo.org\/wp-content\/uploads\/2026\/02\/1-20.jpg",713,480,false],"kreeti-medium-square":["https:\/\/veritasinfo.org\/wp-content\/uploads\/2026\/02\/1-20.jpg",350,236,false]},"author_info":{"info":["US6"]},"category_info":"<a href=\"https:\/\/veritasinfo.org\/?cat=60\" rel=\"category\">Shoq\u00ebrore<\/a>","tag_info":"Shoq\u00ebrore","comment_count":"0","_links":{"self":[{"href":"https:\/\/veritasinfo.org\/index.php?rest_route=\/wp\/v2\/posts\/31345","targetHints":{"allow":["GET"]}}],"collection":[{"href":"https:\/\/veritasinfo.org\/index.php?rest_route=\/wp\/v2\/posts"}],"about":[{"href":"https:\/\/veritasinfo.org\/index.php?rest_route=\/wp\/v2\/types\/post"}],"author":[{"embeddable":true,"href":"https:\/\/veritasinfo.org\/index.php?rest_route=\/wp\/v2\/users\/7"}],"replies":[{"embeddable":true,"href":"https:\/\/veritasinfo.org\/index.php?rest_route=%2Fwp%2Fv2%2Fcomments&post=31345"}],"version-history":[{"count":1,"href":"https:\/\/veritasinfo.org\/index.php?rest_route=\/wp\/v2\/posts\/31345\/revisions"}],"predecessor-version":[{"id":31347,"href":"https:\/\/veritasinfo.org\/index.php?rest_route=\/wp\/v2\/posts\/31345\/revisions\/31347"}],"wp:featuredmedia":[{"embeddable":true,"href":"https:\/\/veritasinfo.org\/index.php?rest_route=\/wp\/v2\/media\/31346"}],"wp:attachment":[{"href":"https:\/\/veritasinfo.org\/index.php?rest_route=%2Fwp%2Fv2%2Fmedia&parent=31345"}],"wp:term":[{"taxonomy":"category","embeddable":true,"href":"https:\/\/veritasinfo.org\/index.php?rest_route=%2Fwp%2Fv2%2Fcategories&post=31345"},{"taxonomy":"post_tag","embeddable":true,"href":"https:\/\/veritasinfo.org\/index.php?rest_route=%2Fwp%2Fv2%2Ftags&post=31345"}],"curies":[{"name":"wp","href":"https:\/\/api.w.org\/{rel}","templated":true}]}}