{"id":31335,"date":"2026-02-09T19:41:29","date_gmt":"2026-02-09T18:41:29","guid":{"rendered":"https:\/\/veritasinfo.org\/?p=31335"},"modified":"2026-02-09T19:41:29","modified_gmt":"2026-02-09T18:41:29","slug":"pese-gjenerale-serbe-u-denuan-vec-89-vjet-per-krimet-ne-kosove-per-4-komandante-te-uck-se-kerkohen-180","status":"publish","type":"post","link":"https:\/\/veritasinfo.org\/?p=31335","title":{"rendered":"Pes\u00eb gjeneral\u00eb serb\u00eb u d\u00ebnuan ve\u00e7 89 vjet p\u00ebr krimet n\u00eb Kosov\u00eb, p\u00ebr 4 komandant\u00eb t\u00eb U\u00c7K-s\u00eb k\u00ebrkohen 180"},"content":{"rendered":"<p>Prishtin\u00eb, 9 shkurt 2026 19:39<\/p>\n<p>M\u00eb shum\u00eb se 10 mij\u00eb shqiptar\u00eb jan\u00eb vrar\u00eb nga forcat policore, ushtarake e paramilitare serbo-jugosllave gjat\u00eb luft\u00ebs s\u00eb Kosov\u00ebs n\u00eb vitet 1998-1999.<\/p>\n<p>M\u00eb shum\u00eb se 1 mij\u00eb veta ende konsiderohen si t\u00eb zhdukur me dhun\u00eb n\u00eb luft\u00eb.<\/p>\n<p>Konsiderohet q\u00eb rreth 20 mij\u00eb gra shqitpre jan\u00eb dhunuar seksualisht n\u00eb k\u00ebt\u00eb periudh\u00eb.<\/p>\n<p>D\u00ebmet dhe shkat\u00ebrrimet mb\u00ebrrijn\u00eb n\u00eb shum\u00eb miliarda euro.<\/p>\n<p>P\u00ebr krejt k\u00ebto krime q\u00eb jan\u00eb kryer n\u00eb Kosov\u00eb, gjykatat nd\u00ebrkomb\u00ebtare kan\u00eb d\u00ebnuar vet\u00ebm pes\u00eb serb\u00eb. N\u00eb total, d\u00ebnimet e tyre nuk mb\u00ebrrijn\u00eb as n\u00eb 100 vjet. N\u00eb fakt, t\u00eb gjith\u00ebve n\u00eb total iu dhan\u00eb vet\u00ebm 89 vjet.<\/p>\n<p>N\u00eb an\u00ebn tjet\u00ebr, Zyra e Prokurorit Special n\u00eb kuad\u00ebr t\u00eb asaj q\u00eb njihet si Gjykata Speciale e Hag\u00ebs, e krijuar nga Kosova dhe e cila operon me ligje t\u00eb Kosov\u00ebs, ka k\u00ebrkuar d\u00ebnim prej hiq m\u00eb pak se 180 vjet p\u00ebr kat\u00ebr komandant\u00ebt e U\u00c7K-s\u00eb n\u00eb rastin Tha\u00e7i dhe tjer\u00ebt. Nga 45 p\u00ebr secilin \u2013 Hashim Tha\u00e7in, Kadri Veselin, Jakup Krasniqin dhe Rexhep Selimin.<\/p>\n<p>N\u00eb rastin e d\u00ebnimeve p\u00ebr serb\u00ebt, m\u00eb i larti, sipas t\u00eb dh\u00ebnave nga Gjykata Nd\u00ebrkomb\u00ebtare p\u00ebr Krime Luft\u00eb n\u00eb ish Jugiosllavi (ICTY) ka qen\u00eb 22 vjet, nd\u00ebrsa askush nuk mori burgim t\u00eb p\u00ebrjetsh\u00ebm. Po ashtu, asnj\u00eb aktgjykim nuk u dha p\u00ebr gjenocid n\u00eb Kosov\u00eb.<\/p>\n<p>Krejt k\u00ebta kan\u00eb qen\u00eb pjes\u00eb e nj\u00eb rasti q\u00eb njihej si \u201cMilutinovi\u0107 et al.\u201d, i em\u00ebrtuar sipas ish presidentit t\u00eb Serbis\u00eb, Milan Milutionoviq, i cili, megjithat\u00eb ishte shpallur i pafajsh\u00ebm n\u00eb k\u00ebt\u00eb akuz\u00eb.<\/p>\n<p>D\u00ebnimin m\u00eb t\u00eb lart\u00eb prej 22 vjet\u00ebve e ka marr\u00eb gjenerali Nebojsha Pavkoviq, i cili ka qen\u00eb komandant i Ushtris\u00eb s\u00eb Jugosllavis\u00eb p\u00ebr Kosov\u00ebn. Ai u shpall fajtor p\u00ebr krimet: vrasje, p\u00ebrndjekje dhe deportime t\u00eb shqiptar\u00ebve.<\/p>\n<p>I dyti zyrtar i Serbis\u00eb q\u00eb u d\u00ebnua isht\u00eb Sreten Lukiq, shef i Policis\u00eb s\u00eb Serbis\u00eb p\u00ebr Kosov\u00ebn. Atij iu dhan\u00eb 20 vjet burg<\/p>\n<p>Serbi i tret\u00eb q\u00eb u gjet fajtor ishte Vlastimir Gjorgjeviq, zyrtar i lart\u00eb i Ministris\u00eb s\u00eb Pun\u00ebve t\u00eb Brendshme t\u00eb Serbis\u00eb. Ai u d\u00ebnua me 18 vjet burg p\u00ebr deportime, vrasje dhe fshehje e trupave t\u00eb civil\u00ebve shqiptar\u00eb n\u00eb varrezat masive n\u00ebp\u00ebr Serbi.<\/p>\n<p>D\u00ebnimi i kat\u00ebrt\u00eb m\u00eb i lart\u00eb p\u00ebr ndonj\u00eb zyrtar t\u00eb aparatit shtet\u00ebror t\u00eb Serbis\u00eb n\u00eb lidhje me luft\u00ebn e Kosov\u00ebs ishte ai p\u00ebr Dragoljub Ojdaniq, shef i Shtabit t\u00eb P\u00ebrgjithsh\u00ebm t\u00eb Ushtris\u00eb Jugosllave. Atij iu dhan\u00eb 15 vjet burg p\u00ebr nsihm\u00eb dhe mb\u00ebshtetje p\u00ebr krimet n\u00eb Kosov\u00eb.<\/p>\n<p>I pesti serb q\u00eb u d\u00ebnua dhe mori 14 vjet burg ishte gjenerali Vladimir Lazareviq, q\u00eb kishte sh\u00ebrbyer si komandant i Korpusit t\u00eb Prishtin\u00ebs n\u00eb Ushtrin\u00eb Jugosllave. Ai u d\u00ebnua p\u00ebr krimet e deportimeve dhe p\u00ebrndjekje t\u00eb shqiptar\u00ebve.<\/p>\n","protected":false},"excerpt":{"rendered":"<p>Prishtin\u00eb, 9 shkurt 2026 19:39 M\u00eb shum\u00eb se 10 mij\u00eb shqiptar\u00eb jan\u00eb vrar\u00eb nga forcat policore, ushtarake e paramilitare serbo-jugosllave gjat\u00eb luft\u00ebs s\u00eb Kosov\u00ebs n\u00eb<\/p>\n","protected":false},"author":7,"featured_media":31336,"comment_status":"open","ping_status":"open","sticky":false,"template":"","format":"standard","meta":{"footnotes":""},"categories":[58],"tags":[],"class_list":["post-31335","post","type-post","status-publish","format-standard","has-post-thumbnail","hentry","category-politike-sq"],"yoast_head":"<!-- This site is optimized with the Yoast SEO plugin v25.3.1 - https:\/\/yoast.com\/wordpress\/plugins\/seo\/ -->\n<title>Pes\u00eb gjeneral\u00eb serb\u00eb u d\u00ebnuan ve\u00e7 89 vjet p\u00ebr krimet n\u00eb Kosov\u00eb, p\u00ebr 4 komandant\u00eb t\u00eb U\u00c7K-s\u00eb k\u00ebrkohen 180 -<\/title>\n<meta name=\"robots\" content=\"index, follow, max-snippet:-1, max-image-preview:large, max-video-preview:-1\" \/>\n<link rel=\"canonical\" href=\"https:\/\/veritasinfo.org\/?p=31335\" \/>\n<meta property=\"og:locale\" content=\"en_US\" \/>\n<meta property=\"og:type\" content=\"article\" \/>\n<meta property=\"og:title\" content=\"Pes\u00eb gjeneral\u00eb serb\u00eb u d\u00ebnuan ve\u00e7 89 vjet p\u00ebr krimet n\u00eb Kosov\u00eb, p\u00ebr 4 komandant\u00eb t\u00eb U\u00c7K-s\u00eb k\u00ebrkohen 180 -\" \/>\n<meta property=\"og:description\" content=\"Prishtin\u00eb, 9 shkurt 2026 19:39 M\u00eb shum\u00eb se 10 mij\u00eb shqiptar\u00eb jan\u00eb vrar\u00eb nga forcat policore, ushtarake e paramilitare serbo-jugosllave gjat\u00eb luft\u00ebs s\u00eb Kosov\u00ebs n\u00eb\" \/>\n<meta property=\"og:url\" content=\"https:\/\/veritasinfo.org\/?p=31335\" \/>\n<meta property=\"article:published_time\" content=\"2026-02-09T18:41:29+00:00\" \/>\n<meta property=\"og:image\" content=\"https:\/\/veritasinfo.org\/wp-content\/uploads\/2026\/02\/1-18.jpg\" \/>\n\t<meta property=\"og:image:width\" content=\"735\" \/>\n\t<meta property=\"og:image:height\" content=\"490\" \/>\n\t<meta property=\"og:image:type\" content=\"image\/jpeg\" \/>\n<meta name=\"author\" content=\"US6\" \/>\n<meta name=\"twitter:card\" content=\"summary_large_image\" \/>\n<meta name=\"twitter:label1\" content=\"Written by\" \/>\n\t<meta name=\"twitter:data1\" content=\"US6\" \/>\n\t<meta name=\"twitter:label2\" content=\"Est. reading time\" \/>\n\t<meta name=\"twitter:data2\" content=\"3 minutes\" \/>\n<script type=\"application\/ld+json\" class=\"yoast-schema-graph\">{\"@context\":\"https:\/\/schema.org\",\"@graph\":[{\"@type\":\"WebPage\",\"@id\":\"https:\/\/veritasinfo.org\/?p=31335\",\"url\":\"https:\/\/veritasinfo.org\/?p=31335\",\"name\":\"Pes\u00eb gjeneral\u00eb serb\u00eb u d\u00ebnuan ve\u00e7 89 vjet p\u00ebr krimet n\u00eb Kosov\u00eb, p\u00ebr 4 komandant\u00eb t\u00eb U\u00c7K-s\u00eb k\u00ebrkohen 180 -\",\"isPartOf\":{\"@id\":\"https:\/\/veritasinfo.org\/#website\"},\"primaryImageOfPage\":{\"@id\":\"https:\/\/veritasinfo.org\/?p=31335#primaryimage\"},\"image\":{\"@id\":\"https:\/\/veritasinfo.org\/?p=31335#primaryimage\"},\"thumbnailUrl\":\"https:\/\/veritasinfo.org\/wp-content\/uploads\/2026\/02\/1-18.jpg\",\"datePublished\":\"2026-02-09T18:41:29+00:00\",\"author\":{\"@id\":\"https:\/\/veritasinfo.org\/#\/schema\/person\/fe199eede04c3937362892b7444747cc\"},\"breadcrumb\":{\"@id\":\"https:\/\/veritasinfo.org\/?p=31335#breadcrumb\"},\"inLanguage\":\"en-US\",\"potentialAction\":[{\"@type\":\"ReadAction\",\"target\":[\"https:\/\/veritasinfo.org\/?p=31335\"]}]},{\"@type\":\"ImageObject\",\"inLanguage\":\"en-US\",\"@id\":\"https:\/\/veritasinfo.org\/?p=31335#primaryimage\",\"url\":\"https:\/\/veritasinfo.org\/wp-content\/uploads\/2026\/02\/1-18.jpg\",\"contentUrl\":\"https:\/\/veritasinfo.org\/wp-content\/uploads\/2026\/02\/1-18.jpg\",\"width\":735,\"height\":490},{\"@type\":\"BreadcrumbList\",\"@id\":\"https:\/\/veritasinfo.org\/?p=31335#breadcrumb\",\"itemListElement\":[{\"@type\":\"ListItem\",\"position\":1,\"name\":\"Home\",\"item\":\"https:\/\/veritasinfo.org\/\"},{\"@type\":\"ListItem\",\"position\":2,\"name\":\"Pes\u00eb gjeneral\u00eb serb\u00eb u d\u00ebnuan ve\u00e7 89 vjet p\u00ebr krimet n\u00eb Kosov\u00eb, p\u00ebr 4 komandant\u00eb t\u00eb U\u00c7K-s\u00eb k\u00ebrkohen 180\"}]},{\"@type\":\"WebSite\",\"@id\":\"https:\/\/veritasinfo.org\/#website\",\"url\":\"https:\/\/veritasinfo.org\/\",\"name\":\"\",\"description\":\"\",\"potentialAction\":[{\"@type\":\"SearchAction\",\"target\":{\"@type\":\"EntryPoint\",\"urlTemplate\":\"https:\/\/veritasinfo.org\/?s={search_term_string}\"},\"query-input\":{\"@type\":\"PropertyValueSpecification\",\"valueRequired\":true,\"valueName\":\"search_term_string\"}}],\"inLanguage\":\"en-US\"},{\"@type\":\"Person\",\"@id\":\"https:\/\/veritasinfo.org\/#\/schema\/person\/fe199eede04c3937362892b7444747cc\",\"name\":\"US6\",\"image\":{\"@type\":\"ImageObject\",\"inLanguage\":\"en-US\",\"@id\":\"https:\/\/veritasinfo.org\/#\/schema\/person\/image\/\",\"url\":\"https:\/\/secure.gravatar.com\/avatar\/cb16c3c31c9d23b9b8c705964598220b3014e42ff51eb540ff23cefa3ae8c15f?s=96&d=mm&r=g\",\"contentUrl\":\"https:\/\/secure.gravatar.com\/avatar\/cb16c3c31c9d23b9b8c705964598220b3014e42ff51eb540ff23cefa3ae8c15f?s=96&d=mm&r=g\",\"caption\":\"US6\"},\"url\":\"https:\/\/veritasinfo.org\/?author=7\"}]}<\/script>\n<!-- \/ Yoast SEO plugin. -->","yoast_head_json":{"title":"Pes\u00eb gjeneral\u00eb serb\u00eb u d\u00ebnuan ve\u00e7 89 vjet p\u00ebr krimet n\u00eb Kosov\u00eb, p\u00ebr 4 komandant\u00eb t\u00eb U\u00c7K-s\u00eb k\u00ebrkohen 180 -","robots":{"index":"index","follow":"follow","max-snippet":"max-snippet:-1","max-image-preview":"max-image-preview:large","max-video-preview":"max-video-preview:-1"},"canonical":"https:\/\/veritasinfo.org\/?p=31335","og_locale":"en_US","og_type":"article","og_title":"Pes\u00eb gjeneral\u00eb serb\u00eb u d\u00ebnuan ve\u00e7 89 vjet p\u00ebr krimet n\u00eb Kosov\u00eb, p\u00ebr 4 komandant\u00eb t\u00eb U\u00c7K-s\u00eb k\u00ebrkohen 180 -","og_description":"Prishtin\u00eb, 9 shkurt 2026 19:39 M\u00eb shum\u00eb se 10 mij\u00eb shqiptar\u00eb jan\u00eb vrar\u00eb nga forcat policore, ushtarake e paramilitare serbo-jugosllave gjat\u00eb luft\u00ebs s\u00eb Kosov\u00ebs n\u00eb","og_url":"https:\/\/veritasinfo.org\/?p=31335","article_published_time":"2026-02-09T18:41:29+00:00","og_image":[{"width":735,"height":490,"url":"https:\/\/veritasinfo.org\/wp-content\/uploads\/2026\/02\/1-18.jpg","type":"image\/jpeg"}],"author":"US6","twitter_card":"summary_large_image","twitter_misc":{"Written by":"US6","Est. reading time":"3 minutes"},"schema":{"@context":"https:\/\/schema.org","@graph":[{"@type":"WebPage","@id":"https:\/\/veritasinfo.org\/?p=31335","url":"https:\/\/veritasinfo.org\/?p=31335","name":"Pes\u00eb gjeneral\u00eb serb\u00eb u d\u00ebnuan ve\u00e7 89 vjet p\u00ebr krimet n\u00eb Kosov\u00eb, p\u00ebr 4 komandant\u00eb t\u00eb U\u00c7K-s\u00eb k\u00ebrkohen 180 -","isPartOf":{"@id":"https:\/\/veritasinfo.org\/#website"},"primaryImageOfPage":{"@id":"https:\/\/veritasinfo.org\/?p=31335#primaryimage"},"image":{"@id":"https:\/\/veritasinfo.org\/?p=31335#primaryimage"},"thumbnailUrl":"https:\/\/veritasinfo.org\/wp-content\/uploads\/2026\/02\/1-18.jpg","datePublished":"2026-02-09T18:41:29+00:00","author":{"@id":"https:\/\/veritasinfo.org\/#\/schema\/person\/fe199eede04c3937362892b7444747cc"},"breadcrumb":{"@id":"https:\/\/veritasinfo.org\/?p=31335#breadcrumb"},"inLanguage":"en-US","potentialAction":[{"@type":"ReadAction","target":["https:\/\/veritasinfo.org\/?p=31335"]}]},{"@type":"ImageObject","inLanguage":"en-US","@id":"https:\/\/veritasinfo.org\/?p=31335#primaryimage","url":"https:\/\/veritasinfo.org\/wp-content\/uploads\/2026\/02\/1-18.jpg","contentUrl":"https:\/\/veritasinfo.org\/wp-content\/uploads\/2026\/02\/1-18.jpg","width":735,"height":490},{"@type":"BreadcrumbList","@id":"https:\/\/veritasinfo.org\/?p=31335#breadcrumb","itemListElement":[{"@type":"ListItem","position":1,"name":"Home","item":"https:\/\/veritasinfo.org\/"},{"@type":"ListItem","position":2,"name":"Pes\u00eb gjeneral\u00eb serb\u00eb u d\u00ebnuan ve\u00e7 89 vjet p\u00ebr krimet n\u00eb Kosov\u00eb, p\u00ebr 4 komandant\u00eb t\u00eb U\u00c7K-s\u00eb k\u00ebrkohen 180"}]},{"@type":"WebSite","@id":"https:\/\/veritasinfo.org\/#website","url":"https:\/\/veritasinfo.org\/","name":"","description":"","potentialAction":[{"@type":"SearchAction","target":{"@type":"EntryPoint","urlTemplate":"https:\/\/veritasinfo.org\/?s={search_term_string}"},"query-input":{"@type":"PropertyValueSpecification","valueRequired":true,"valueName":"search_term_string"}}],"inLanguage":"en-US"},{"@type":"Person","@id":"https:\/\/veritasinfo.org\/#\/schema\/person\/fe199eede04c3937362892b7444747cc","name":"US6","image":{"@type":"ImageObject","inLanguage":"en-US","@id":"https:\/\/veritasinfo.org\/#\/schema\/person\/image\/","url":"https:\/\/secure.gravatar.com\/avatar\/cb16c3c31c9d23b9b8c705964598220b3014e42ff51eb540ff23cefa3ae8c15f?s=96&d=mm&r=g","contentUrl":"https:\/\/secure.gravatar.com\/avatar\/cb16c3c31c9d23b9b8c705964598220b3014e42ff51eb540ff23cefa3ae8c15f?s=96&d=mm&r=g","caption":"US6"},"url":"https:\/\/veritasinfo.org\/?author=7"}]}},"featured_image_urls":{"full":["https:\/\/veritasinfo.org\/wp-content\/uploads\/2026\/02\/1-18.jpg",735,490,false],"thumbnail":["https:\/\/veritasinfo.org\/wp-content\/uploads\/2026\/02\/1-18-150x150.jpg",150,150,true],"medium":["https:\/\/veritasinfo.org\/wp-content\/uploads\/2026\/02\/1-18-300x200.jpg",300,200,true],"medium_large":["https:\/\/veritasinfo.org\/wp-content\/uploads\/2026\/02\/1-18.jpg",640,427,false],"large":["https:\/\/veritasinfo.org\/wp-content\/uploads\/2026\/02\/1-18.jpg",640,427,false],"1536x1536":["https:\/\/veritasinfo.org\/wp-content\/uploads\/2026\/02\/1-18.jpg",735,490,false],"2048x2048":["https:\/\/veritasinfo.org\/wp-content\/uploads\/2026\/02\/1-18.jpg",735,490,false],"kreeti-slider-full":["https:\/\/veritasinfo.org\/wp-content\/uploads\/2026\/02\/1-18.jpg",735,490,false],"kreeti-featured":["https:\/\/veritasinfo.org\/wp-content\/uploads\/2026\/02\/1-18.jpg",735,490,false],"kreeti-medium":["https:\/\/veritasinfo.org\/wp-content\/uploads\/2026\/02\/1-18.jpg",720,480,false],"kreeti-medium-square":["https:\/\/veritasinfo.org\/wp-content\/uploads\/2026\/02\/1-18.jpg",350,233,false]},"author_info":{"info":["US6"]},"category_info":"<a href=\"https:\/\/veritasinfo.org\/?cat=58\" rel=\"category\">Politik\u00eb<\/a>","tag_info":"Politik\u00eb","comment_count":"0","_links":{"self":[{"href":"https:\/\/veritasinfo.org\/index.php?rest_route=\/wp\/v2\/posts\/31335","targetHints":{"allow":["GET"]}}],"collection":[{"href":"https:\/\/veritasinfo.org\/index.php?rest_route=\/wp\/v2\/posts"}],"about":[{"href":"https:\/\/veritasinfo.org\/index.php?rest_route=\/wp\/v2\/types\/post"}],"author":[{"embeddable":true,"href":"https:\/\/veritasinfo.org\/index.php?rest_route=\/wp\/v2\/users\/7"}],"replies":[{"embeddable":true,"href":"https:\/\/veritasinfo.org\/index.php?rest_route=%2Fwp%2Fv2%2Fcomments&post=31335"}],"version-history":[{"count":1,"href":"https:\/\/veritasinfo.org\/index.php?rest_route=\/wp\/v2\/posts\/31335\/revisions"}],"predecessor-version":[{"id":31337,"href":"https:\/\/veritasinfo.org\/index.php?rest_route=\/wp\/v2\/posts\/31335\/revisions\/31337"}],"wp:featuredmedia":[{"embeddable":true,"href":"https:\/\/veritasinfo.org\/index.php?rest_route=\/wp\/v2\/media\/31336"}],"wp:attachment":[{"href":"https:\/\/veritasinfo.org\/index.php?rest_route=%2Fwp%2Fv2%2Fmedia&parent=31335"}],"wp:term":[{"taxonomy":"category","embeddable":true,"href":"https:\/\/veritasinfo.org\/index.php?rest_route=%2Fwp%2Fv2%2Fcategories&post=31335"},{"taxonomy":"post_tag","embeddable":true,"href":"https:\/\/veritasinfo.org\/index.php?rest_route=%2Fwp%2Fv2%2Ftags&post=31335"}],"curies":[{"name":"wp","href":"https:\/\/api.w.org\/{rel}","templated":true}]}}