{"id":31294,"date":"2026-02-09T14:42:15","date_gmt":"2026-02-09T13:42:15","guid":{"rendered":"https:\/\/veritasinfo.org\/?p=31294"},"modified":"2026-02-09T14:42:15","modified_gmt":"2026-02-09T13:42:15","slug":"be-me-arrestimin-e-shtetasve-te-kosoves-serbia-po-shkel-marreveshjen-e-vitit-2015","status":"publish","type":"post","link":"https:\/\/veritasinfo.org\/?p=31294","title":{"rendered":"BE: Me arrestimin e shtetasve t\u00eb Kosov\u00ebs, Serbia po shkel marr\u00ebveshjen e vitit 2015"},"content":{"rendered":"<p>Prishtin\u00eb 9 Shkurt 2026 14:40<\/p>\n<p>Bashkimi Evropian tha se arrestimi i fundit nga Serbia i nj\u00eb veterani t\u00eb Ushtris\u00eb \u00c7lirimtare t\u00eb Kosov\u00ebs \u00ebsht\u00eb \u201cnj\u00eb shkelje tjet\u00ebr\u201d e obligimeve t\u00eb Serbis\u00eb t\u00eb Marr\u00ebveshjes p\u00ebr dialogun dhe drejt\u00ebsin\u00eb t\u00eb vitit 2015.<\/p>\n<p>\u201cSipas k\u00ebsaj marr\u00ebveshjeje, Serbia \u00ebsht\u00eb zotuar q\u00eb t\u00eb mos inicioj\u00eb hetime penale apo ndjeje penale p\u00ebr krimet q\u00eb pretendohet se jan\u00eb kryer n\u00eb Kosov\u00eb, p\u00ebrve\u00e7 n\u00ebse nj\u00eb gj\u00eb e till\u00eb k\u00ebrkohet nga autoritetet e Kosov\u00ebs. Juridiksioni mbi pretendimet p\u00ebr krime t\u00eb luft\u00ebs dhe vepra t\u00eb tjera serioze bie mbi institucionet e Kosov\u00ebs. I b\u00ebjm\u00eb thirrje Serbis\u00eb q\u00eb t\u00eb respektoj\u00eb zotimet e saj\u201d, tha nj\u00eb z\u00ebdh\u00ebn\u00ebs i Komisionit Evropian p\u00ebr Radion Evropa e Lir\u00eb.<\/p>\n<p>M\u00eb 5 shkurt, autoritetet e Serbis\u00eb arrestuan Mitehat Llozhanin me t\u00eb hyr\u00eb n\u00eb terrorin serb nga kufiri me Kroacin\u00eb. Ai, sipas autoriteteve, n\u00eb Beograd dyshohet p\u00ebr krime kund\u00ebr popullat\u00ebs civile.<\/p>\n<p>Ministria e Pun\u00ebve t\u00eb Jashtme dhe Diaspor\u00ebs ka k\u00ebrkuar angazhim t\u00eb bashk\u00ebsis\u00eb nd\u00ebrkomb\u00ebtare lidhur me k\u00ebt\u00eb rast.<\/p>\n<p>Sipas Serbis\u00eb, i arrestuari dyshohet se ka kryer trajnime si pjes\u00ebtar i U\u00c7K-s\u00eb i Zon\u00ebs Operative t\u00eb Dukagjinit m\u00eb 1998 dhe 1999 \u201cpas s\u00eb cilave ka marr\u00eb pjes\u00eb n\u00eb sulme terroriste kund\u00ebr an\u00ebtar\u00ebve t\u00eb MPB-s\u00eb serbe dhe ushtris\u00eb jugosllave\u201d. N\u00eb njoftim thuhet po ashtu se \u201csi an\u00ebtar i grupit t\u00eb komanduar nga Ramush Haradinaj, ai ka marr\u00eb pjes\u00eb n\u00eb rr\u00ebmbim dhe masakrim t\u00eb polic\u00ebve\u201d.<\/p>\n<p>Por, nga Organizata e Veteran\u00ebve t\u00eb Luft\u00ebs s\u00eb Ushtris\u00eb \u00c7lirimtare t\u00eb Kosov\u00ebs i kan\u00eb th\u00ebn\u00eb Radios Evropa e Lir\u00eb se i arrestuari ka marr\u00eb pjes\u00eb n\u00eb disa st\u00ebrvitje n\u00eb Shqip\u00ebri, por nuk ka informacione t\u00eb ket\u00eb qen\u00eb n\u00eb vijat e frontit n\u00eb Kosov\u00eb.<\/p>\n<p>N\u00ebnkryetari i k\u00ebsaj organizate t\u00eb veteran\u00ebve, Gazmend Syla, ka th\u00ebn\u00eb p\u00ebr Radion Evropa e Lir\u00eb se Llozhanit iu gjet kartela e veteranit n\u00eb xhep gjat\u00eb kontrollit nga autoritetet serbe.<\/p>\n<p>Serbia ka arrestuar vazhdimisht shtetas t\u00eb Kosov\u00ebs n\u00ebn pretendime p\u00ebr krime lufte n\u00eb Kosov\u00eb m\u00eb 1998-\u201999, dhe vet\u00ebm n\u00eb vitin 2025 u regjistruan disa arrestime t\u00eb tilla.<\/p>\n<p>Serbia gjat\u00eb viteve \u201990 e karakterizoi U\u00c7K-n\u00eb si organizat\u00eb terroriste, nd\u00ebrsa p\u00ebr Kosov\u00ebn, U\u00c7K-ja \u00ebsht\u00eb organizata q\u00eb mbrojti popullsin\u00eb lokale nga represioni i forcave t\u00eb armatosura jugosllave.<\/p>\n","protected":false},"excerpt":{"rendered":"<p>Prishtin\u00eb 9 Shkurt 2026 14:40 Bashkimi Evropian tha se arrestimi i fundit nga Serbia i nj\u00eb veterani t\u00eb Ushtris\u00eb \u00c7lirimtare t\u00eb Kosov\u00ebs \u00ebsht\u00eb \u201cnj\u00eb shkelje<\/p>\n","protected":false},"author":6,"featured_media":31295,"comment_status":"open","ping_status":"open","sticky":false,"template":"","format":"standard","meta":{"footnotes":""},"categories":[58],"tags":[],"class_list":["post-31294","post","type-post","status-publish","format-standard","has-post-thumbnail","hentry","category-politike-sq"],"yoast_head":"<!-- This site is optimized with the Yoast SEO plugin v25.3.1 - https:\/\/yoast.com\/wordpress\/plugins\/seo\/ -->\n<title>BE: Me arrestimin e shtetasve t\u00eb Kosov\u00ebs, Serbia po shkel marr\u00ebveshjen e vitit 2015 -<\/title>\n<meta name=\"robots\" content=\"index, follow, max-snippet:-1, max-image-preview:large, max-video-preview:-1\" \/>\n<link rel=\"canonical\" href=\"https:\/\/veritasinfo.org\/?p=31294\" \/>\n<meta property=\"og:locale\" content=\"en_US\" \/>\n<meta property=\"og:type\" content=\"article\" \/>\n<meta property=\"og:title\" content=\"BE: Me arrestimin e shtetasve t\u00eb Kosov\u00ebs, Serbia po shkel marr\u00ebveshjen e vitit 2015 -\" \/>\n<meta property=\"og:description\" content=\"Prishtin\u00eb 9 Shkurt 2026 14:40 Bashkimi Evropian tha se arrestimi i fundit nga Serbia i nj\u00eb veterani t\u00eb Ushtris\u00eb \u00c7lirimtare t\u00eb Kosov\u00ebs \u00ebsht\u00eb \u201cnj\u00eb shkelje\" \/>\n<meta property=\"og:url\" content=\"https:\/\/veritasinfo.org\/?p=31294\" \/>\n<meta property=\"article:published_time\" content=\"2026-02-09T13:42:15+00:00\" \/>\n<meta property=\"og:image\" content=\"https:\/\/veritasinfo.org\/wp-content\/uploads\/2026\/02\/IMG_20260209_144113.jpg\" \/>\n\t<meta property=\"og:image:width\" content=\"722\" \/>\n\t<meta property=\"og:image:height\" content=\"639\" \/>\n\t<meta property=\"og:image:type\" content=\"image\/jpeg\" \/>\n<meta name=\"author\" content=\"US5\" \/>\n<meta name=\"twitter:card\" content=\"summary_large_image\" \/>\n<meta name=\"twitter:label1\" content=\"Written by\" \/>\n\t<meta name=\"twitter:data1\" content=\"US5\" \/>\n\t<meta name=\"twitter:label2\" content=\"Est. reading time\" \/>\n\t<meta name=\"twitter:data2\" content=\"1 minute\" \/>\n<script type=\"application\/ld+json\" class=\"yoast-schema-graph\">{\"@context\":\"https:\/\/schema.org\",\"@graph\":[{\"@type\":\"WebPage\",\"@id\":\"https:\/\/veritasinfo.org\/?p=31294\",\"url\":\"https:\/\/veritasinfo.org\/?p=31294\",\"name\":\"BE: Me arrestimin e shtetasve t\u00eb Kosov\u00ebs, Serbia po shkel marr\u00ebveshjen e vitit 2015 -\",\"isPartOf\":{\"@id\":\"https:\/\/veritasinfo.org\/#website\"},\"primaryImageOfPage\":{\"@id\":\"https:\/\/veritasinfo.org\/?p=31294#primaryimage\"},\"image\":{\"@id\":\"https:\/\/veritasinfo.org\/?p=31294#primaryimage\"},\"thumbnailUrl\":\"https:\/\/veritasinfo.org\/wp-content\/uploads\/2026\/02\/IMG_20260209_144113.jpg\",\"datePublished\":\"2026-02-09T13:42:15+00:00\",\"author\":{\"@id\":\"https:\/\/veritasinfo.org\/#\/schema\/person\/bc442336e35414d04494ab8fb45db4c6\"},\"breadcrumb\":{\"@id\":\"https:\/\/veritasinfo.org\/?p=31294#breadcrumb\"},\"inLanguage\":\"en-US\",\"potentialAction\":[{\"@type\":\"ReadAction\",\"target\":[\"https:\/\/veritasinfo.org\/?p=31294\"]}]},{\"@type\":\"ImageObject\",\"inLanguage\":\"en-US\",\"@id\":\"https:\/\/veritasinfo.org\/?p=31294#primaryimage\",\"url\":\"https:\/\/veritasinfo.org\/wp-content\/uploads\/2026\/02\/IMG_20260209_144113.jpg\",\"contentUrl\":\"https:\/\/veritasinfo.org\/wp-content\/uploads\/2026\/02\/IMG_20260209_144113.jpg\",\"width\":722,\"height\":639},{\"@type\":\"BreadcrumbList\",\"@id\":\"https:\/\/veritasinfo.org\/?p=31294#breadcrumb\",\"itemListElement\":[{\"@type\":\"ListItem\",\"position\":1,\"name\":\"Home\",\"item\":\"https:\/\/veritasinfo.org\/\"},{\"@type\":\"ListItem\",\"position\":2,\"name\":\"BE: Me arrestimin e shtetasve t\u00eb Kosov\u00ebs, Serbia po shkel marr\u00ebveshjen e vitit 2015\"}]},{\"@type\":\"WebSite\",\"@id\":\"https:\/\/veritasinfo.org\/#website\",\"url\":\"https:\/\/veritasinfo.org\/\",\"name\":\"\",\"description\":\"\",\"potentialAction\":[{\"@type\":\"SearchAction\",\"target\":{\"@type\":\"EntryPoint\",\"urlTemplate\":\"https:\/\/veritasinfo.org\/?s={search_term_string}\"},\"query-input\":{\"@type\":\"PropertyValueSpecification\",\"valueRequired\":true,\"valueName\":\"search_term_string\"}}],\"inLanguage\":\"en-US\"},{\"@type\":\"Person\",\"@id\":\"https:\/\/veritasinfo.org\/#\/schema\/person\/bc442336e35414d04494ab8fb45db4c6\",\"name\":\"US5\",\"image\":{\"@type\":\"ImageObject\",\"inLanguage\":\"en-US\",\"@id\":\"https:\/\/veritasinfo.org\/#\/schema\/person\/image\/\",\"url\":\"https:\/\/secure.gravatar.com\/avatar\/16a61e7272a0c5d001121ebb9e60e925d5816e4ac1e443ed3e640d9a6ae55d0c?s=96&d=mm&r=g\",\"contentUrl\":\"https:\/\/secure.gravatar.com\/avatar\/16a61e7272a0c5d001121ebb9e60e925d5816e4ac1e443ed3e640d9a6ae55d0c?s=96&d=mm&r=g\",\"caption\":\"US5\"},\"url\":\"https:\/\/veritasinfo.org\/?author=6\"}]}<\/script>\n<!-- \/ Yoast SEO plugin. -->","yoast_head_json":{"title":"BE: Me arrestimin e shtetasve t\u00eb Kosov\u00ebs, Serbia po shkel marr\u00ebveshjen e vitit 2015 -","robots":{"index":"index","follow":"follow","max-snippet":"max-snippet:-1","max-image-preview":"max-image-preview:large","max-video-preview":"max-video-preview:-1"},"canonical":"https:\/\/veritasinfo.org\/?p=31294","og_locale":"en_US","og_type":"article","og_title":"BE: Me arrestimin e shtetasve t\u00eb Kosov\u00ebs, Serbia po shkel marr\u00ebveshjen e vitit 2015 -","og_description":"Prishtin\u00eb 9 Shkurt 2026 14:40 Bashkimi Evropian tha se arrestimi i fundit nga Serbia i nj\u00eb veterani t\u00eb Ushtris\u00eb \u00c7lirimtare t\u00eb Kosov\u00ebs \u00ebsht\u00eb \u201cnj\u00eb shkelje","og_url":"https:\/\/veritasinfo.org\/?p=31294","article_published_time":"2026-02-09T13:42:15+00:00","og_image":[{"width":722,"height":639,"url":"https:\/\/veritasinfo.org\/wp-content\/uploads\/2026\/02\/IMG_20260209_144113.jpg","type":"image\/jpeg"}],"author":"US5","twitter_card":"summary_large_image","twitter_misc":{"Written by":"US5","Est. reading time":"1 minute"},"schema":{"@context":"https:\/\/schema.org","@graph":[{"@type":"WebPage","@id":"https:\/\/veritasinfo.org\/?p=31294","url":"https:\/\/veritasinfo.org\/?p=31294","name":"BE: Me arrestimin e shtetasve t\u00eb Kosov\u00ebs, Serbia po shkel marr\u00ebveshjen e vitit 2015 -","isPartOf":{"@id":"https:\/\/veritasinfo.org\/#website"},"primaryImageOfPage":{"@id":"https:\/\/veritasinfo.org\/?p=31294#primaryimage"},"image":{"@id":"https:\/\/veritasinfo.org\/?p=31294#primaryimage"},"thumbnailUrl":"https:\/\/veritasinfo.org\/wp-content\/uploads\/2026\/02\/IMG_20260209_144113.jpg","datePublished":"2026-02-09T13:42:15+00:00","author":{"@id":"https:\/\/veritasinfo.org\/#\/schema\/person\/bc442336e35414d04494ab8fb45db4c6"},"breadcrumb":{"@id":"https:\/\/veritasinfo.org\/?p=31294#breadcrumb"},"inLanguage":"en-US","potentialAction":[{"@type":"ReadAction","target":["https:\/\/veritasinfo.org\/?p=31294"]}]},{"@type":"ImageObject","inLanguage":"en-US","@id":"https:\/\/veritasinfo.org\/?p=31294#primaryimage","url":"https:\/\/veritasinfo.org\/wp-content\/uploads\/2026\/02\/IMG_20260209_144113.jpg","contentUrl":"https:\/\/veritasinfo.org\/wp-content\/uploads\/2026\/02\/IMG_20260209_144113.jpg","width":722,"height":639},{"@type":"BreadcrumbList","@id":"https:\/\/veritasinfo.org\/?p=31294#breadcrumb","itemListElement":[{"@type":"ListItem","position":1,"name":"Home","item":"https:\/\/veritasinfo.org\/"},{"@type":"ListItem","position":2,"name":"BE: Me arrestimin e shtetasve t\u00eb Kosov\u00ebs, Serbia po shkel marr\u00ebveshjen e vitit 2015"}]},{"@type":"WebSite","@id":"https:\/\/veritasinfo.org\/#website","url":"https:\/\/veritasinfo.org\/","name":"","description":"","potentialAction":[{"@type":"SearchAction","target":{"@type":"EntryPoint","urlTemplate":"https:\/\/veritasinfo.org\/?s={search_term_string}"},"query-input":{"@type":"PropertyValueSpecification","valueRequired":true,"valueName":"search_term_string"}}],"inLanguage":"en-US"},{"@type":"Person","@id":"https:\/\/veritasinfo.org\/#\/schema\/person\/bc442336e35414d04494ab8fb45db4c6","name":"US5","image":{"@type":"ImageObject","inLanguage":"en-US","@id":"https:\/\/veritasinfo.org\/#\/schema\/person\/image\/","url":"https:\/\/secure.gravatar.com\/avatar\/16a61e7272a0c5d001121ebb9e60e925d5816e4ac1e443ed3e640d9a6ae55d0c?s=96&d=mm&r=g","contentUrl":"https:\/\/secure.gravatar.com\/avatar\/16a61e7272a0c5d001121ebb9e60e925d5816e4ac1e443ed3e640d9a6ae55d0c?s=96&d=mm&r=g","caption":"US5"},"url":"https:\/\/veritasinfo.org\/?author=6"}]}},"featured_image_urls":{"full":["https:\/\/veritasinfo.org\/wp-content\/uploads\/2026\/02\/IMG_20260209_144113.jpg",722,639,false],"thumbnail":["https:\/\/veritasinfo.org\/wp-content\/uploads\/2026\/02\/IMG_20260209_144113-150x150.jpg",150,150,true],"medium":["https:\/\/veritasinfo.org\/wp-content\/uploads\/2026\/02\/IMG_20260209_144113-300x266.jpg",300,266,true],"medium_large":["https:\/\/veritasinfo.org\/wp-content\/uploads\/2026\/02\/IMG_20260209_144113.jpg",640,566,false],"large":["https:\/\/veritasinfo.org\/wp-content\/uploads\/2026\/02\/IMG_20260209_144113.jpg",640,566,false],"1536x1536":["https:\/\/veritasinfo.org\/wp-content\/uploads\/2026\/02\/IMG_20260209_144113.jpg",722,639,false],"2048x2048":["https:\/\/veritasinfo.org\/wp-content\/uploads\/2026\/02\/IMG_20260209_144113.jpg",722,639,false],"kreeti-slider-full":["https:\/\/veritasinfo.org\/wp-content\/uploads\/2026\/02\/IMG_20260209_144113.jpg",722,639,false],"kreeti-featured":["https:\/\/veritasinfo.org\/wp-content\/uploads\/2026\/02\/IMG_20260209_144113.jpg",722,639,false],"kreeti-medium":["https:\/\/veritasinfo.org\/wp-content\/uploads\/2026\/02\/IMG_20260209_144113.jpg",599,530,false],"kreeti-medium-square":["https:\/\/veritasinfo.org\/wp-content\/uploads\/2026\/02\/IMG_20260209_144113.jpg",350,310,false]},"author_info":{"info":["US5"]},"category_info":"<a href=\"https:\/\/veritasinfo.org\/?cat=58\" rel=\"category\">Politik\u00eb<\/a>","tag_info":"Politik\u00eb","comment_count":"0","_links":{"self":[{"href":"https:\/\/veritasinfo.org\/index.php?rest_route=\/wp\/v2\/posts\/31294","targetHints":{"allow":["GET"]}}],"collection":[{"href":"https:\/\/veritasinfo.org\/index.php?rest_route=\/wp\/v2\/posts"}],"about":[{"href":"https:\/\/veritasinfo.org\/index.php?rest_route=\/wp\/v2\/types\/post"}],"author":[{"embeddable":true,"href":"https:\/\/veritasinfo.org\/index.php?rest_route=\/wp\/v2\/users\/6"}],"replies":[{"embeddable":true,"href":"https:\/\/veritasinfo.org\/index.php?rest_route=%2Fwp%2Fv2%2Fcomments&post=31294"}],"version-history":[{"count":1,"href":"https:\/\/veritasinfo.org\/index.php?rest_route=\/wp\/v2\/posts\/31294\/revisions"}],"predecessor-version":[{"id":31296,"href":"https:\/\/veritasinfo.org\/index.php?rest_route=\/wp\/v2\/posts\/31294\/revisions\/31296"}],"wp:featuredmedia":[{"embeddable":true,"href":"https:\/\/veritasinfo.org\/index.php?rest_route=\/wp\/v2\/media\/31295"}],"wp:attachment":[{"href":"https:\/\/veritasinfo.org\/index.php?rest_route=%2Fwp%2Fv2%2Fmedia&parent=31294"}],"wp:term":[{"taxonomy":"category","embeddable":true,"href":"https:\/\/veritasinfo.org\/index.php?rest_route=%2Fwp%2Fv2%2Fcategories&post=31294"},{"taxonomy":"post_tag","embeddable":true,"href":"https:\/\/veritasinfo.org\/index.php?rest_route=%2Fwp%2Fv2%2Ftags&post=31294"}],"curies":[{"name":"wp","href":"https:\/\/api.w.org\/{rel}","templated":true}]}}