{"id":31289,"date":"2026-02-09T14:15:44","date_gmt":"2026-02-09T13:15:44","guid":{"rendered":"https:\/\/veritasinfo.org\/?p=31289"},"modified":"2026-02-09T14:15:44","modified_gmt":"2026-02-09T13:15:44","slug":"komuna-e-pejes-hap-dy-pika-te-reja-te-urgjences-ne-boge-dhe-ne-vitomirice","status":"publish","type":"post","link":"https:\/\/veritasinfo.org\/?p=31289","title":{"rendered":"Komuna e Pej\u00ebs hap dy pika t\u00eb reja t\u00eb Urgjenc\u00ebs n\u00eb Bog\u00eb dhe n\u00eb Vitomiric\u00eb"},"content":{"rendered":"<p>Pej\u00eb, 9 shkurt 2026 14:14<\/p>\n<p>Komuna e Pej\u00ebs ka funksionalizuar dy pika t\u00eb reja t\u00eb Urgjenc\u00ebs, respektivisht n\u00eb Bog\u00eb t\u00eb Rugov\u00ebs dhe n\u00eb Vitomiric\u00eb, duke zgjeruar rrjetin e sh\u00ebrbimeve sh\u00ebndet\u00ebsore emergjente dhe duke e afruar ndihm\u00ebn mjek\u00ebsore m\u00eb pran\u00eb qytetar\u00ebve.<ins><\/ins><\/p>\n<p>K\u00ebshtu \u00ebsht\u00eb b\u00ebr\u00eb e ditur p\u00ebrmes nj\u00eb njoftimi p\u00ebr media nga Komuna e Pej\u00ebs.<ins><\/ins><\/p>\n<p>Sipas informacionit nj\u00ebsia e Urgjenc\u00ebs n\u00eb Bog\u00eb u sh\u00ebrben banor\u00ebve t\u00eb zon\u00ebs s\u00eb Rugov\u00ebs dhe fshatrave p\u00ebrreth, duke mund\u00ebsuar nd\u00ebrhyrje t\u00eb shpejt\u00eb mjek\u00ebsore n\u00eb nj\u00eb rajon me qasje m\u00eb t\u00eb v\u00ebshtir\u00eb, ve\u00e7an\u00ebrisht gjat\u00eb sezonit dim\u00ebror dhe fluksit turistik.<\/p>\n<p>Orari i sh\u00ebrbimeve sh\u00ebndet\u00ebsore n\u00eb k\u00ebt\u00eb nj\u00ebsi do t\u00eb jet\u00eb 7 dit\u00eb t\u00eb jav\u00ebs, nga ora 08:00 deri n\u00eb or\u00ebn 18:00.<\/p>\n<p>Nd\u00ebrkaq, pika e Urgjenc\u00ebs n\u00eb Vitomiric\u00eb do t\u00eb mbuloj\u00eb nj\u00eb num\u00ebr t\u00eb madh vendbanimesh, p\u00ebrfshir\u00eb: Vitomiric\u00ebn, Ozdrimin, Dubov\u00ebn, Novosell\u00ebn, Jabllanic\u00ebn, Radavcin, Katundin e Ri, Treboviqin, Nab\u00ebrgjanin, Ruhotin, Lutogllav\u00ebn dhe Trestenikun, duke siguruar sh\u00ebrbime emergjente m\u00eb t\u00eb shpejta dhe m\u00eb t\u00eb qasshme p\u00ebr qytetar\u00ebt.<\/p>\n<p>Orari i sh\u00ebrbimeve sh\u00ebndet\u00ebsore n\u00eb k\u00ebt\u00eb nj\u00ebsi do t\u00eb jet\u00eb 7 dit\u00eb t\u00eb jav\u00ebs, nga ora 07:00 deri n\u00eb or\u00ebn 19:00.<\/p>\n","protected":false},"excerpt":{"rendered":"<p>Pej\u00eb, 9 shkurt 2026 14:14 Komuna e Pej\u00ebs ka funksionalizuar dy pika t\u00eb reja t\u00eb Urgjenc\u00ebs, respektivisht n\u00eb Bog\u00eb t\u00eb Rugov\u00ebs dhe n\u00eb Vitomiric\u00eb, duke<\/p>\n","protected":false},"author":7,"featured_media":31290,"comment_status":"open","ping_status":"open","sticky":false,"template":"","format":"standard","meta":{"footnotes":""},"categories":[52],"tags":[],"class_list":["post-31289","post","type-post","status-publish","format-standard","has-post-thumbnail","hentry","category-komunat-sq"],"yoast_head":"<!-- This site is optimized with the Yoast SEO plugin v25.3.1 - https:\/\/yoast.com\/wordpress\/plugins\/seo\/ -->\n<title>Komuna e Pej\u00ebs hap dy pika t\u00eb reja t\u00eb Urgjenc\u00ebs n\u00eb Bog\u00eb dhe n\u00eb Vitomiric\u00eb -<\/title>\n<meta name=\"robots\" content=\"index, follow, max-snippet:-1, max-image-preview:large, max-video-preview:-1\" \/>\n<link rel=\"canonical\" href=\"https:\/\/veritasinfo.org\/?p=31289\" \/>\n<meta property=\"og:locale\" content=\"en_US\" \/>\n<meta property=\"og:type\" content=\"article\" \/>\n<meta property=\"og:title\" content=\"Komuna e Pej\u00ebs hap dy pika t\u00eb reja t\u00eb Urgjenc\u00ebs n\u00eb Bog\u00eb dhe n\u00eb Vitomiric\u00eb -\" \/>\n<meta property=\"og:description\" content=\"Pej\u00eb, 9 shkurt 2026 14:14 Komuna e Pej\u00ebs ka funksionalizuar dy pika t\u00eb reja t\u00eb Urgjenc\u00ebs, respektivisht n\u00eb Bog\u00eb t\u00eb Rugov\u00ebs dhe n\u00eb Vitomiric\u00eb, duke\" \/>\n<meta property=\"og:url\" content=\"https:\/\/veritasinfo.org\/?p=31289\" \/>\n<meta property=\"article:published_time\" content=\"2026-02-09T13:15:44+00:00\" \/>\n<meta property=\"og:image\" content=\"https:\/\/veritasinfo.org\/wp-content\/uploads\/2026\/02\/1-17.jpg\" \/>\n\t<meta property=\"og:image:width\" content=\"759\" \/>\n\t<meta property=\"og:image:height\" content=\"503\" \/>\n\t<meta property=\"og:image:type\" content=\"image\/jpeg\" \/>\n<meta name=\"author\" content=\"US6\" \/>\n<meta name=\"twitter:card\" content=\"summary_large_image\" \/>\n<meta name=\"twitter:label1\" content=\"Written by\" \/>\n\t<meta name=\"twitter:data1\" content=\"US6\" \/>\n\t<meta name=\"twitter:label2\" content=\"Est. reading time\" \/>\n\t<meta name=\"twitter:data2\" content=\"1 minute\" \/>\n<script type=\"application\/ld+json\" class=\"yoast-schema-graph\">{\"@context\":\"https:\/\/schema.org\",\"@graph\":[{\"@type\":\"WebPage\",\"@id\":\"https:\/\/veritasinfo.org\/?p=31289\",\"url\":\"https:\/\/veritasinfo.org\/?p=31289\",\"name\":\"Komuna e Pej\u00ebs hap dy pika t\u00eb reja t\u00eb Urgjenc\u00ebs n\u00eb Bog\u00eb dhe n\u00eb Vitomiric\u00eb -\",\"isPartOf\":{\"@id\":\"https:\/\/veritasinfo.org\/#website\"},\"primaryImageOfPage\":{\"@id\":\"https:\/\/veritasinfo.org\/?p=31289#primaryimage\"},\"image\":{\"@id\":\"https:\/\/veritasinfo.org\/?p=31289#primaryimage\"},\"thumbnailUrl\":\"https:\/\/veritasinfo.org\/wp-content\/uploads\/2026\/02\/1-17.jpg\",\"datePublished\":\"2026-02-09T13:15:44+00:00\",\"author\":{\"@id\":\"https:\/\/veritasinfo.org\/#\/schema\/person\/fe199eede04c3937362892b7444747cc\"},\"breadcrumb\":{\"@id\":\"https:\/\/veritasinfo.org\/?p=31289#breadcrumb\"},\"inLanguage\":\"en-US\",\"potentialAction\":[{\"@type\":\"ReadAction\",\"target\":[\"https:\/\/veritasinfo.org\/?p=31289\"]}]},{\"@type\":\"ImageObject\",\"inLanguage\":\"en-US\",\"@id\":\"https:\/\/veritasinfo.org\/?p=31289#primaryimage\",\"url\":\"https:\/\/veritasinfo.org\/wp-content\/uploads\/2026\/02\/1-17.jpg\",\"contentUrl\":\"https:\/\/veritasinfo.org\/wp-content\/uploads\/2026\/02\/1-17.jpg\",\"width\":759,\"height\":503},{\"@type\":\"BreadcrumbList\",\"@id\":\"https:\/\/veritasinfo.org\/?p=31289#breadcrumb\",\"itemListElement\":[{\"@type\":\"ListItem\",\"position\":1,\"name\":\"Home\",\"item\":\"https:\/\/veritasinfo.org\/\"},{\"@type\":\"ListItem\",\"position\":2,\"name\":\"Komuna e Pej\u00ebs hap dy pika t\u00eb reja t\u00eb Urgjenc\u00ebs n\u00eb Bog\u00eb dhe n\u00eb Vitomiric\u00eb\"}]},{\"@type\":\"WebSite\",\"@id\":\"https:\/\/veritasinfo.org\/#website\",\"url\":\"https:\/\/veritasinfo.org\/\",\"name\":\"\",\"description\":\"\",\"potentialAction\":[{\"@type\":\"SearchAction\",\"target\":{\"@type\":\"EntryPoint\",\"urlTemplate\":\"https:\/\/veritasinfo.org\/?s={search_term_string}\"},\"query-input\":{\"@type\":\"PropertyValueSpecification\",\"valueRequired\":true,\"valueName\":\"search_term_string\"}}],\"inLanguage\":\"en-US\"},{\"@type\":\"Person\",\"@id\":\"https:\/\/veritasinfo.org\/#\/schema\/person\/fe199eede04c3937362892b7444747cc\",\"name\":\"US6\",\"image\":{\"@type\":\"ImageObject\",\"inLanguage\":\"en-US\",\"@id\":\"https:\/\/veritasinfo.org\/#\/schema\/person\/image\/\",\"url\":\"https:\/\/secure.gravatar.com\/avatar\/cb16c3c31c9d23b9b8c705964598220b3014e42ff51eb540ff23cefa3ae8c15f?s=96&d=mm&r=g\",\"contentUrl\":\"https:\/\/secure.gravatar.com\/avatar\/cb16c3c31c9d23b9b8c705964598220b3014e42ff51eb540ff23cefa3ae8c15f?s=96&d=mm&r=g\",\"caption\":\"US6\"},\"url\":\"https:\/\/veritasinfo.org\/?author=7\"}]}<\/script>\n<!-- \/ Yoast SEO plugin. -->","yoast_head_json":{"title":"Komuna e Pej\u00ebs hap dy pika t\u00eb reja t\u00eb Urgjenc\u00ebs n\u00eb Bog\u00eb dhe n\u00eb Vitomiric\u00eb -","robots":{"index":"index","follow":"follow","max-snippet":"max-snippet:-1","max-image-preview":"max-image-preview:large","max-video-preview":"max-video-preview:-1"},"canonical":"https:\/\/veritasinfo.org\/?p=31289","og_locale":"en_US","og_type":"article","og_title":"Komuna e Pej\u00ebs hap dy pika t\u00eb reja t\u00eb Urgjenc\u00ebs n\u00eb Bog\u00eb dhe n\u00eb Vitomiric\u00eb -","og_description":"Pej\u00eb, 9 shkurt 2026 14:14 Komuna e Pej\u00ebs ka funksionalizuar dy pika t\u00eb reja t\u00eb Urgjenc\u00ebs, respektivisht n\u00eb Bog\u00eb t\u00eb Rugov\u00ebs dhe n\u00eb Vitomiric\u00eb, duke","og_url":"https:\/\/veritasinfo.org\/?p=31289","article_published_time":"2026-02-09T13:15:44+00:00","og_image":[{"width":759,"height":503,"url":"https:\/\/veritasinfo.org\/wp-content\/uploads\/2026\/02\/1-17.jpg","type":"image\/jpeg"}],"author":"US6","twitter_card":"summary_large_image","twitter_misc":{"Written by":"US6","Est. reading time":"1 minute"},"schema":{"@context":"https:\/\/schema.org","@graph":[{"@type":"WebPage","@id":"https:\/\/veritasinfo.org\/?p=31289","url":"https:\/\/veritasinfo.org\/?p=31289","name":"Komuna e Pej\u00ebs hap dy pika t\u00eb reja t\u00eb Urgjenc\u00ebs n\u00eb Bog\u00eb dhe n\u00eb Vitomiric\u00eb -","isPartOf":{"@id":"https:\/\/veritasinfo.org\/#website"},"primaryImageOfPage":{"@id":"https:\/\/veritasinfo.org\/?p=31289#primaryimage"},"image":{"@id":"https:\/\/veritasinfo.org\/?p=31289#primaryimage"},"thumbnailUrl":"https:\/\/veritasinfo.org\/wp-content\/uploads\/2026\/02\/1-17.jpg","datePublished":"2026-02-09T13:15:44+00:00","author":{"@id":"https:\/\/veritasinfo.org\/#\/schema\/person\/fe199eede04c3937362892b7444747cc"},"breadcrumb":{"@id":"https:\/\/veritasinfo.org\/?p=31289#breadcrumb"},"inLanguage":"en-US","potentialAction":[{"@type":"ReadAction","target":["https:\/\/veritasinfo.org\/?p=31289"]}]},{"@type":"ImageObject","inLanguage":"en-US","@id":"https:\/\/veritasinfo.org\/?p=31289#primaryimage","url":"https:\/\/veritasinfo.org\/wp-content\/uploads\/2026\/02\/1-17.jpg","contentUrl":"https:\/\/veritasinfo.org\/wp-content\/uploads\/2026\/02\/1-17.jpg","width":759,"height":503},{"@type":"BreadcrumbList","@id":"https:\/\/veritasinfo.org\/?p=31289#breadcrumb","itemListElement":[{"@type":"ListItem","position":1,"name":"Home","item":"https:\/\/veritasinfo.org\/"},{"@type":"ListItem","position":2,"name":"Komuna e Pej\u00ebs hap dy pika t\u00eb reja t\u00eb Urgjenc\u00ebs n\u00eb Bog\u00eb dhe n\u00eb Vitomiric\u00eb"}]},{"@type":"WebSite","@id":"https:\/\/veritasinfo.org\/#website","url":"https:\/\/veritasinfo.org\/","name":"","description":"","potentialAction":[{"@type":"SearchAction","target":{"@type":"EntryPoint","urlTemplate":"https:\/\/veritasinfo.org\/?s={search_term_string}"},"query-input":{"@type":"PropertyValueSpecification","valueRequired":true,"valueName":"search_term_string"}}],"inLanguage":"en-US"},{"@type":"Person","@id":"https:\/\/veritasinfo.org\/#\/schema\/person\/fe199eede04c3937362892b7444747cc","name":"US6","image":{"@type":"ImageObject","inLanguage":"en-US","@id":"https:\/\/veritasinfo.org\/#\/schema\/person\/image\/","url":"https:\/\/secure.gravatar.com\/avatar\/cb16c3c31c9d23b9b8c705964598220b3014e42ff51eb540ff23cefa3ae8c15f?s=96&d=mm&r=g","contentUrl":"https:\/\/secure.gravatar.com\/avatar\/cb16c3c31c9d23b9b8c705964598220b3014e42ff51eb540ff23cefa3ae8c15f?s=96&d=mm&r=g","caption":"US6"},"url":"https:\/\/veritasinfo.org\/?author=7"}]}},"featured_image_urls":{"full":["https:\/\/veritasinfo.org\/wp-content\/uploads\/2026\/02\/1-17.jpg",759,503,false],"thumbnail":["https:\/\/veritasinfo.org\/wp-content\/uploads\/2026\/02\/1-17-150x150.jpg",150,150,true],"medium":["https:\/\/veritasinfo.org\/wp-content\/uploads\/2026\/02\/1-17-300x199.jpg",300,199,true],"medium_large":["https:\/\/veritasinfo.org\/wp-content\/uploads\/2026\/02\/1-17.jpg",640,424,false],"large":["https:\/\/veritasinfo.org\/wp-content\/uploads\/2026\/02\/1-17.jpg",640,424,false],"1536x1536":["https:\/\/veritasinfo.org\/wp-content\/uploads\/2026\/02\/1-17.jpg",759,503,false],"2048x2048":["https:\/\/veritasinfo.org\/wp-content\/uploads\/2026\/02\/1-17.jpg",759,503,false],"kreeti-slider-full":["https:\/\/veritasinfo.org\/wp-content\/uploads\/2026\/02\/1-17.jpg",759,503,false],"kreeti-featured":["https:\/\/veritasinfo.org\/wp-content\/uploads\/2026\/02\/1-17.jpg",759,503,false],"kreeti-medium":["https:\/\/veritasinfo.org\/wp-content\/uploads\/2026\/02\/1-17.jpg",720,477,false],"kreeti-medium-square":["https:\/\/veritasinfo.org\/wp-content\/uploads\/2026\/02\/1-17.jpg",350,232,false]},"author_info":{"info":["US6"]},"category_info":"<a href=\"https:\/\/veritasinfo.org\/?cat=52\" rel=\"category\">Komunat<\/a>","tag_info":"Komunat","comment_count":"0","_links":{"self":[{"href":"https:\/\/veritasinfo.org\/index.php?rest_route=\/wp\/v2\/posts\/31289","targetHints":{"allow":["GET"]}}],"collection":[{"href":"https:\/\/veritasinfo.org\/index.php?rest_route=\/wp\/v2\/posts"}],"about":[{"href":"https:\/\/veritasinfo.org\/index.php?rest_route=\/wp\/v2\/types\/post"}],"author":[{"embeddable":true,"href":"https:\/\/veritasinfo.org\/index.php?rest_route=\/wp\/v2\/users\/7"}],"replies":[{"embeddable":true,"href":"https:\/\/veritasinfo.org\/index.php?rest_route=%2Fwp%2Fv2%2Fcomments&post=31289"}],"version-history":[{"count":1,"href":"https:\/\/veritasinfo.org\/index.php?rest_route=\/wp\/v2\/posts\/31289\/revisions"}],"predecessor-version":[{"id":31291,"href":"https:\/\/veritasinfo.org\/index.php?rest_route=\/wp\/v2\/posts\/31289\/revisions\/31291"}],"wp:featuredmedia":[{"embeddable":true,"href":"https:\/\/veritasinfo.org\/index.php?rest_route=\/wp\/v2\/media\/31290"}],"wp:attachment":[{"href":"https:\/\/veritasinfo.org\/index.php?rest_route=%2Fwp%2Fv2%2Fmedia&parent=31289"}],"wp:term":[{"taxonomy":"category","embeddable":true,"href":"https:\/\/veritasinfo.org\/index.php?rest_route=%2Fwp%2Fv2%2Fcategories&post=31289"},{"taxonomy":"post_tag","embeddable":true,"href":"https:\/\/veritasinfo.org\/index.php?rest_route=%2Fwp%2Fv2%2Ftags&post=31289"}],"curies":[{"name":"wp","href":"https:\/\/api.w.org\/{rel}","templated":true}]}}